{"id":10340,"date":"2018-01-19T12:15:16","date_gmt":"2018-01-19T11:15:16","guid":{"rendered":"http:\/\/pulskasvakodnevnica.com\/?p=10340"},"modified":"2018-01-19T12:15:16","modified_gmt":"2018-01-19T11:15:16","slug":"demetlika-novim-zakonom-o-upravljanju-drzavnom-imovinom-cine-se-nezadovoljavajuce-mali-pomaci","status":"publish","type":"post","link":"http:\/\/pulskasvakodnevnica.com\/index.php\/2018\/01\/19\/demetlika-novim-zakonom-o-upravljanju-drzavnom-imovinom-cine-se-nezadovoljavajuce-mali-pomaci\/","title":{"rendered":"Demetlika: Novim Zakonom o upravljanju dr\u017eavnom imovinom \u010dine se nezadovoljavaju\u0107e mali pomaci"},"content":{"rendered":"<p>&nbsp;<\/p>\n<p>ZAGREB \u2013 Saborski zastupnik IDS-a i predsjednik Odbora za lokalnu i podru\u010dnu (regionalnu) samoupravu <strong>Tulio Demetlika<\/strong> na saborskoj je raspravi o Zakonu o upravljanju dr\u017eavnom imovinom ocijenio da se ovim prijedlogom Zakona najavljuje dono\u0161enje reda i pozitivni pomaci u upravljanju i stavljanju u funkciju dr\u017eavne imovine, ali novim odredbama \u010dini se minimalni pomak u odnosu na dosada\u0161nji zakon, kao i u odnosu na dosada\u0161nje vi\u0161e nego nezadovoljavaju\u0107e upravljanje dr\u017eavnom imovinom.<\/p>\n<p>&#8211; Od po\u010detka ovoga mandata, ali i ranije, Klub IDS-a, PGS-a i RI-a neprestano nagla\u0161ava va\u017enost dono\u0161enja ovog Zakona i ponavljamo koliko je bitno u\u010dinkovito upravljanje i stavljanje u funkciju neiskori\u0161tene dr\u017eavne imovine, kazao je Demetlika dodaju\u0107i da \u201eiz tog razloga pozdravlja dono\u0161enje novog Zakona jer je dosada\u0161nji bio ko\u010dnica stavljanja u funkciju neiskori\u0161tene dr\u017eavne imovine.\u201c<\/p>\n<p>Naglasio je da u\u010dinkovitim upravljanjem dr\u017eavnom imovinom stvaramo novu vrijednost za zajednicu stavljanjem u pogon postoje\u0107ih neiskori\u0161tenih resursa i tako osiguramo prosperitet lokalnih jedinica na gospodarskom, kulturnom i socijalnom planu bez nepotrebnih daljnjih zadu\u017eivanja.<\/p>\n<p>Me\u0111utim, kazao je Demetlika, niti nakon gotovo tri desetlje\u0107a bezuspje\u0161nih poku\u0161aja da se ovo podru\u010dje zna\u010dajno unaprijedi, Vlada nije smogla dovoljno hrabrosti da to podru\u010dje prepusti jedinicama lokalne i podru\u010dne samouprave koje bi itekako znale kako dr\u017eavnu imovinu privesti funkciji i pritom dodatno puniti dr\u017eavni prora\u010dun.<\/p>\n<p>&#8211; I u ovom prijedlogu zakona je izostala decentralizacija, ustvrdio je saborski zastupnik IDS-a napomenuv\u0161i da \u201eako se ovakav prijedlog zakona usvoji, dr\u017eava \u0107e i dalje provoditi postupke stavljanja neiskori\u0161tene imovine u funkciju, to jest i dalje \u0107e predstavnici lokalnih samouprava, kao i zainteresirani investitori morati tr\u010dati u Zagreb i \u010dekati rje\u0161enja spore i trome dr\u017eavne birokracije.\u201c<\/p>\n<p>Sla\u017eemo se da oni predmeti koji su od strate\u0161kog zna\u010daja za RH trebaju ostati u domeni Ministarstva. Me\u0111utim, ono \u0161to je od strate\u0161kog zna\u010daja za lokalnu i regionalnu samoupravu treba prenijeti na upravljanje njima.<\/p>\n<p>Besmisleno je da se Ministarstvo bavi rje\u0161avanjem pitanja gara\u017ea, stanova, poslovnih prostora, zemlji\u0161tem koje je obuhva\u0107eno prostornim i urbanisti\u010dkim planovima i sli\u010dnim. Tako \u0107e biti sve dok se ne shvati da problem zapravo nije u Zakonu nego u onome tko bi ga trebao provoditi.<\/p>\n<p>Tako\u0111er, Demetlika je ocijenio apsolutno neprihvatljivom odredbu koja propisuje da jedinice lokalne i regionalne samouprave moraju dr\u017eavi nadoknaditi novac koji su stekle prodajom nekretnina koje su u doba kada su prodane bile upisane kao njihovo vlasni\u0161tvo u zemlji\u0161nim knjigama.<\/p>\n<p>&#8211; Ako izglasate ovakav Zakon direktno \u0107ete kazniti lokalne jedinice koje su aktiviranjem imovine radile na razvoju svojeg podru\u010dja ula\u017eu\u0107i u javne potrebe \u2013 grade\u0107i \u0161kole, vrti\u0107e i drugo te \u0107ete ugroziti njihovo funkcioniranje i opstojnost, upozorio je Demetlika dodaju\u0107i da \u201ekao i mnogo puta do sada opet se ka\u017enjavaju oni koji ne\u0161to rade i ula\u017eu. Ispada da bi bilo najbolje da su gradovi i op\u0107ine pustili da imovina propada i gubi na vrijednosti! Bar sad ne bi morali ni\u0161ta vra\u0107ati dr\u017eavi. Ako \u0107emo se voditi takvom logikom dr\u017eim da nam je budu\u0107nost nije obe\u0107avaju\u0107a.\u201c<\/p>\n<p>&#8211; Na\u0161 Klub je stava da je krajnje vrijeme da u\u010dinimo zaokret. Da po\u010dnemo promi\u0161ljati ispravno i to na na\u010din da su dr\u017eavnoj razini op\u0107ine i gradovi partneri, da kao partneri zajedni\u010dki te\u017eimo br\u017eem gospodarskom rastu, ve\u0107em broju investicija, a ne da dr\u017eava na ovakav na\u010din stavlja ogroman teret na le\u0111a lokalnih jedinica i onemogu\u0107ava ih u normalnom funkcioniranju.<\/p>\n<p>Saborski zastupnik IDS-a Tulio Demetlika zaklju\u010dio je da je \u201enovi Prijedlog Zakona o upravljanju dr\u017eavnom imovinom zaista nu\u017ean jer je primjena dosada\u0161njeg Zakona u praksi pokazala\u00a0 niz problema i nedostatka u postupanju s imovinom u vlasni\u0161tvu RH. Me\u0111utim, pojedine njegove odredbe, osobito \u010dlanak 68., toliko je \u0161tetan za jedinice lokalne samouprave da ga u ovom obliku Klub IDS-a, PGS-a i RI-a nikako ne mo\u017ee podr\u017eati.\u201c<\/p>\n","protected":false},"excerpt":{"rendered":"<p>&nbsp; ZAGREB \u2013 Saborski zastupnik IDS-a i predsjednik Odbora za lokalnu i podru\u010dnu (regionalnu) samoupravu Tulio Demetlika na saborskoj je<\/p>\n","protected":false},"author":1,"featured_media":10341,"comment_status":"closed","ping_status":"closed","sticky":false,"template":"","format":"standard","meta":{"_mi_skip_tracking":false,"footnotes":""},"categories":[84,1],"tags":[],"yoast_head":"<!-- This site is optimized with the Yoast SEO plugin v20.4 - https:\/\/yoast.com\/wordpress\/plugins\/seo\/ -->\n<title>Demetlika: Novim Zakonom o upravljanju dr\u017eavnom imovinom \u010dine se nezadovoljavaju\u0107e mali pomaci - Pulska Svakodnevnica<\/title>\n<meta name=\"robots\" content=\"index, follow, max-snippet:-1, max-image-preview:large, max-video-preview:-1\" \/>\n<link rel=\"canonical\" href=\"http:\/\/pulskasvakodnevnica.com\/index.php\/2018\/01\/19\/demetlika-novim-zakonom-o-upravljanju-drzavnom-imovinom-cine-se-nezadovoljavajuce-mali-pomaci\/\" \/>\n<meta property=\"og:locale\" content=\"hr_HR\" \/>\n<meta property=\"og:type\" content=\"article\" \/>\n<meta property=\"og:title\" content=\"Demetlika: Novim Zakonom o upravljanju dr\u017eavnom imovinom \u010dine se nezadovoljavaju\u0107e mali pomaci - Pulska Svakodnevnica\" \/>\n<meta property=\"og:description\" content=\"&nbsp; ZAGREB \u2013 Saborski zastupnik IDS-a i predsjednik Odbora za lokalnu i podru\u010dnu (regionalnu) samoupravu Tulio Demetlika na saborskoj je\" \/>\n<meta property=\"og:url\" content=\"http:\/\/pulskasvakodnevnica.com\/index.php\/2018\/01\/19\/demetlika-novim-zakonom-o-upravljanju-drzavnom-imovinom-cine-se-nezadovoljavajuce-mali-pomaci\/\" \/>\n<meta property=\"og:site_name\" content=\"Pulska Svakodnevnica\" \/>\n<meta property=\"article:publisher\" content=\"https:\/\/www.facebook.com\/PulskaSvakodnevnicaNews\" \/>\n<meta property=\"article:published_time\" content=\"2018-01-19T11:15:16+00:00\" \/>\n<meta property=\"og:image\" content=\"http:\/\/pulskasvakodnevnica.com\/wp-content\/uploads\/2018\/01\/Press-IDS-Tulio-Demetlika-Sabor-21.09.2017..jpg\" \/>\n\t<meta property=\"og:image:width\" content=\"750\" \/>\n\t<meta property=\"og:image:height\" content=\"421\" \/>\n\t<meta property=\"og:image:type\" content=\"image\/jpeg\" \/>\n<meta name=\"author\" content=\"Pulska Svakodnevnica\" \/>\n<meta name=\"twitter:card\" content=\"summary_large_image\" \/>\n<meta name=\"twitter:label1\" content=\"Napisao\/la\" \/>\n\t<meta name=\"twitter:data1\" content=\"Pulska Svakodnevnica\" \/>\n\t<meta name=\"twitter:label2\" content=\"Procijenjeno vrijeme \u010ditanja\" \/>\n\t<meta name=\"twitter:data2\" content=\"3 minute\" \/>\n<script type=\"application\/ld+json\" class=\"yoast-schema-graph\">{\"@context\":\"https:\/\/schema.org\",\"@graph\":[{\"@type\":\"WebPage\",\"@id\":\"http:\/\/pulskasvakodnevnica.com\/index.php\/2018\/01\/19\/demetlika-novim-zakonom-o-upravljanju-drzavnom-imovinom-cine-se-nezadovoljavajuce-mali-pomaci\/\",\"url\":\"http:\/\/pulskasvakodnevnica.com\/index.php\/2018\/01\/19\/demetlika-novim-zakonom-o-upravljanju-drzavnom-imovinom-cine-se-nezadovoljavajuce-mali-pomaci\/\",\"name\":\"Demetlika: Novim Zakonom o upravljanju dr\u017eavnom imovinom \u010dine se nezadovoljavaju\u0107e mali pomaci - Pulska Svakodnevnica\",\"isPartOf\":{\"@id\":\"http:\/\/pulskasvakodnevnica.com\/#website\"},\"datePublished\":\"2018-01-19T11:15:16+00:00\",\"dateModified\":\"2018-01-19T11:15:16+00:00\",\"author\":{\"@id\":\"http:\/\/pulskasvakodnevnica.com\/#\/schema\/person\/95941daf7dfab0e8fd012b0d88608a3f\"},\"breadcrumb\":{\"@id\":\"http:\/\/pulskasvakodnevnica.com\/index.php\/2018\/01\/19\/demetlika-novim-zakonom-o-upravljanju-drzavnom-imovinom-cine-se-nezadovoljavajuce-mali-pomaci\/#breadcrumb\"},\"inLanguage\":\"hr\",\"potentialAction\":[{\"@type\":\"ReadAction\",\"target\":[\"http:\/\/pulskasvakodnevnica.com\/index.php\/2018\/01\/19\/demetlika-novim-zakonom-o-upravljanju-drzavnom-imovinom-cine-se-nezadovoljavajuce-mali-pomaci\/\"]}]},{\"@type\":\"BreadcrumbList\",\"@id\":\"http:\/\/pulskasvakodnevnica.com\/index.php\/2018\/01\/19\/demetlika-novim-zakonom-o-upravljanju-drzavnom-imovinom-cine-se-nezadovoljavajuce-mali-pomaci\/#breadcrumb\",\"itemListElement\":[{\"@type\":\"ListItem\",\"position\":1,\"name\":\"Po\u010detna stranica\",\"item\":\"http:\/\/pulskasvakodnevnica.com\/\"},{\"@type\":\"ListItem\",\"position\":2,\"name\":\"Demetlika: Novim Zakonom o upravljanju dr\u017eavnom imovinom \u010dine se nezadovoljavaju\u0107e mali pomaci\"}]},{\"@type\":\"WebSite\",\"@id\":\"http:\/\/pulskasvakodnevnica.com\/#website\",\"url\":\"http:\/\/pulskasvakodnevnica.com\/\",\"name\":\"Pulska Svakodnevnica\",\"description\":\"Vijesti iz Pule i Istre\",\"potentialAction\":[{\"@type\":\"SearchAction\",\"target\":{\"@type\":\"EntryPoint\",\"urlTemplate\":\"http:\/\/pulskasvakodnevnica.com\/?s={search_term_string}\"},\"query-input\":\"required name=search_term_string\"}],\"inLanguage\":\"hr\"},{\"@type\":\"Person\",\"@id\":\"http:\/\/pulskasvakodnevnica.com\/#\/schema\/person\/95941daf7dfab0e8fd012b0d88608a3f\",\"name\":\"Pulska Svakodnevnica\"}]}<\/script>\n<!-- \/ Yoast SEO plugin. -->","yoast_head_json":{"title":"Demetlika: Novim Zakonom o upravljanju dr\u017eavnom imovinom \u010dine se nezadovoljavaju\u0107e mali pomaci - Pulska Svakodnevnica","robots":{"index":"index","follow":"follow","max-snippet":"max-snippet:-1","max-image-preview":"max-image-preview:large","max-video-preview":"max-video-preview:-1"},"canonical":"http:\/\/pulskasvakodnevnica.com\/index.php\/2018\/01\/19\/demetlika-novim-zakonom-o-upravljanju-drzavnom-imovinom-cine-se-nezadovoljavajuce-mali-pomaci\/","og_locale":"hr_HR","og_type":"article","og_title":"Demetlika: Novim Zakonom o upravljanju dr\u017eavnom imovinom \u010dine se nezadovoljavaju\u0107e mali pomaci - Pulska Svakodnevnica","og_description":"&nbsp; ZAGREB \u2013 Saborski zastupnik IDS-a i predsjednik Odbora za lokalnu i podru\u010dnu (regionalnu) samoupravu Tulio Demetlika na saborskoj je","og_url":"http:\/\/pulskasvakodnevnica.com\/index.php\/2018\/01\/19\/demetlika-novim-zakonom-o-upravljanju-drzavnom-imovinom-cine-se-nezadovoljavajuce-mali-pomaci\/","og_site_name":"Pulska Svakodnevnica","article_publisher":"https:\/\/www.facebook.com\/PulskaSvakodnevnicaNews","article_published_time":"2018-01-19T11:15:16+00:00","og_image":[{"width":750,"height":421,"url":"http:\/\/pulskasvakodnevnica.com\/wp-content\/uploads\/2018\/01\/Press-IDS-Tulio-Demetlika-Sabor-21.09.2017..jpg","type":"image\/jpeg"}],"author":"Pulska Svakodnevnica","twitter_card":"summary_large_image","twitter_misc":{"Napisao\/la":"Pulska Svakodnevnica","Procijenjeno vrijeme \u010ditanja":"3 minute"},"schema":{"@context":"https:\/\/schema.org","@graph":[{"@type":"WebPage","@id":"http:\/\/pulskasvakodnevnica.com\/index.php\/2018\/01\/19\/demetlika-novim-zakonom-o-upravljanju-drzavnom-imovinom-cine-se-nezadovoljavajuce-mali-pomaci\/","url":"http:\/\/pulskasvakodnevnica.com\/index.php\/2018\/01\/19\/demetlika-novim-zakonom-o-upravljanju-drzavnom-imovinom-cine-se-nezadovoljavajuce-mali-pomaci\/","name":"Demetlika: Novim Zakonom o upravljanju dr\u017eavnom imovinom \u010dine se nezadovoljavaju\u0107e mali pomaci - Pulska Svakodnevnica","isPartOf":{"@id":"http:\/\/pulskasvakodnevnica.com\/#website"},"datePublished":"2018-01-19T11:15:16+00:00","dateModified":"2018-01-19T11:15:16+00:00","author":{"@id":"http:\/\/pulskasvakodnevnica.com\/#\/schema\/person\/95941daf7dfab0e8fd012b0d88608a3f"},"breadcrumb":{"@id":"http:\/\/pulskasvakodnevnica.com\/index.php\/2018\/01\/19\/demetlika-novim-zakonom-o-upravljanju-drzavnom-imovinom-cine-se-nezadovoljavajuce-mali-pomaci\/#breadcrumb"},"inLanguage":"hr","potentialAction":[{"@type":"ReadAction","target":["http:\/\/pulskasvakodnevnica.com\/index.php\/2018\/01\/19\/demetlika-novim-zakonom-o-upravljanju-drzavnom-imovinom-cine-se-nezadovoljavajuce-mali-pomaci\/"]}]},{"@type":"BreadcrumbList","@id":"http:\/\/pulskasvakodnevnica.com\/index.php\/2018\/01\/19\/demetlika-novim-zakonom-o-upravljanju-drzavnom-imovinom-cine-se-nezadovoljavajuce-mali-pomaci\/#breadcrumb","itemListElement":[{"@type":"ListItem","position":1,"name":"Po\u010detna stranica","item":"http:\/\/pulskasvakodnevnica.com\/"},{"@type":"ListItem","position":2,"name":"Demetlika: Novim Zakonom o upravljanju dr\u017eavnom imovinom \u010dine se nezadovoljavaju\u0107e mali pomaci"}]},{"@type":"WebSite","@id":"http:\/\/pulskasvakodnevnica.com\/#website","url":"http:\/\/pulskasvakodnevnica.com\/","name":"Pulska Svakodnevnica","description":"Vijesti iz Pule i Istre","potentialAction":[{"@type":"SearchAction","target":{"@type":"EntryPoint","urlTemplate":"http:\/\/pulskasvakodnevnica.com\/?s={search_term_string}"},"query-input":"required name=search_term_string"}],"inLanguage":"hr"},{"@type":"Person","@id":"http:\/\/pulskasvakodnevnica.com\/#\/schema\/person\/95941daf7dfab0e8fd012b0d88608a3f","name":"Pulska Svakodnevnica"}]}},"_links":{"self":[{"href":"http:\/\/pulskasvakodnevnica.com\/index.php\/wp-json\/wp\/v2\/posts\/10340"}],"collection":[{"href":"http:\/\/pulskasvakodnevnica.com\/index.php\/wp-json\/wp\/v2\/posts"}],"about":[{"href":"http:\/\/pulskasvakodnevnica.com\/index.php\/wp-json\/wp\/v2\/types\/post"}],"author":[{"embeddable":true,"href":"http:\/\/pulskasvakodnevnica.com\/index.php\/wp-json\/wp\/v2\/users\/1"}],"replies":[{"embeddable":true,"href":"http:\/\/pulskasvakodnevnica.com\/index.php\/wp-json\/wp\/v2\/comments?post=10340"}],"version-history":[{"count":1,"href":"http:\/\/pulskasvakodnevnica.com\/index.php\/wp-json\/wp\/v2\/posts\/10340\/revisions"}],"predecessor-version":[{"id":10342,"href":"http:\/\/pulskasvakodnevnica.com\/index.php\/wp-json\/wp\/v2\/posts\/10340\/revisions\/10342"}],"wp:featuredmedia":[{"embeddable":true,"href":"http:\/\/pulskasvakodnevnica.com\/index.php\/wp-json\/wp\/v2\/media\/10341"}],"wp:attachment":[{"href":"http:\/\/pulskasvakodnevnica.com\/index.php\/wp-json\/wp\/v2\/media?parent=10340"}],"wp:term":[{"taxonomy":"category","embeddable":true,"href":"http:\/\/pulskasvakodnevnica.com\/index.php\/wp-json\/wp\/v2\/categories?post=10340"},{"taxonomy":"post_tag","embeddable":true,"href":"http:\/\/pulskasvakodnevnica.com\/index.php\/wp-json\/wp\/v2\/tags?post=10340"}],"curies":[{"name":"wp","href":"https:\/\/api.w.org\/{rel}","templated":true}]}}