{"id":13085,"date":"2018-07-11T14:46:13","date_gmt":"2018-07-11T12:46:13","guid":{"rendered":"http:\/\/pulskasvakodnevnica.com\/?p=13085"},"modified":"2018-07-11T14:46:13","modified_gmt":"2018-07-11T12:46:13","slug":"otvoren-ljetni-sportski-kamp-u-vodnjanu","status":"publish","type":"post","link":"http:\/\/pulskasvakodnevnica.com\/index.php\/2018\/07\/11\/otvoren-ljetni-sportski-kamp-u-vodnjanu\/","title":{"rendered":"Otvoren Ljetni sportski kamp u Vodnjanu"},"content":{"rendered":"<p>U ponedjeljak, 09. srpnja, u Gradu Vodnjan-Dignano zapo\u010deo je s radom \u201eLjetni sportski kamp\u201c namijenjen djeci osnovno\u0161kolskog uzrasta. Ljetni sportski kamp je u organizaciji sportsko-rekreativne udruge \u201eD.S.C.\u201c, a pod pokroviteljstvom i sponzorstvom Grada Vodnjan-Dignano.<\/p>\n<p>Aktivnosti kampa odvijaju se u Barbarigi, na dijelu pla\u017ee koja je okru\u017eena gustom borovom \u0161umom. Kamp poha\u0111a 30-tak polaznika sa \u010ditavog podru\u010dja Grada Vodnjan &#8211; Dignano, dje\u010daka i djevoj\u010dica u dobi od 8 do 14 godina, kojima je Grad Vodnjan \u2013 Dignano osigurao prijevoz minibusom do lokacije kampa.<\/p>\n<p>Aktivnosti u ljetnom sportskom kampu odvijaju se svakodnevno, od ponedjeljka do petka, sve do 20. srpnja, od 08:00 do 18:00 sati. Bogati sportski, zabavni i edukativni program kampa, prilago\u0111en je interesima djece. Realizacija programa izvodi se u skupinama a prema potrebi prilago\u0111ava se individualnim zahtjevima svakog pojedinog djeteta. Posebno su nagla\u0161ene aktivnosti vezane uz sportove na vodi, i to sea kayaking, wind surf (jedrenje na dasci), S.U.P. (veslanje na dasci), plivanje, skokovi u vodu, ronjenje na dah, scubadiving (ronjenje s bocama), a zastupljeni su i ostali sportovi, nogomet, odbojka, badminton, vortex, frizbi, ga\u0111anje lukom i strijelom, pu\u0161tanje zmajeva i dr.<\/p>\n<p><a href=\"http:\/\/pulskasvakodnevnica.com\/wp-content\/uploads\/2018\/07\/Ljetni-kamp4.jpg\"><img loading=\"lazy\" decoding=\"async\" class=\" wp-image-13086 alignleft\" src=\"http:\/\/pulskasvakodnevnica.com\/wp-content\/uploads\/2018\/07\/Ljetni-kamp4.jpg\" alt=\"\" width=\"299\" height=\"224\" srcset=\"http:\/\/pulskasvakodnevnica.com\/wp-content\/uploads\/2018\/07\/Ljetni-kamp4.jpg 400w, http:\/\/pulskasvakodnevnica.com\/wp-content\/uploads\/2018\/07\/Ljetni-kamp4-150x113.jpg 150w, http:\/\/pulskasvakodnevnica.com\/wp-content\/uploads\/2018\/07\/Ljetni-kamp4-300x225.jpg 300w\" sizes=\"(max-width: 299px) 100vw, 299px\" \/><\/a><\/p>\n<p>Voditelji kampa su diplomirani kineziolozi s vi\u0161egodi\u0161njem iskustvom u radu sa djecom, koji su kvalificirani i osposobljeni za obavljanje ovakve vrste djelatnosti, a dio programa i edukacije voditi \u0107e i stru\u010dni kadar iz nekoliko klubova\/udruga \u010dlanica Sportske zajednice Grada Vodnjan-Dignano.<\/p>\n<p>Polaznici kampa imaju na raspolaganju dnevno \u010detiri obroka, i to doru\u010dak, marendu, ru\u010dak i u\u017einu. \u201cLjetni sportski kamp\u201d je zajedni\u010dki sufinanciran od strane roditelja polaznika kampa i Grada Vodnjan \u2013 Dignano, a zami\u0161ljen je kao spoj zabave, edukacije i sporta, sa \u017eeljom da polaznici kroz dru\u017eenje i sklapanje novih prijateljstava, steknu nova znanja i vje\u0161tine.<\/p>\n<p>Ljetni sportski kamp posjetio je Gradona\u010delnik Grada Vodnjan-Dignano Klaudio Vitasovi\u0107 zajedno sa zamjenikom Eneom Codacci i pro\u010delnicom Upravnog odjela za dru\u0161tvene djelatnosti i op\u0107u upravu Nensi Giachin Marseti\u010d koji su svim polaznicima i voditeljima Kampa za\u017eelili ugodno dru\u017eenje i zabavu.<\/p>\n","protected":false},"excerpt":{"rendered":"<p>U ponedjeljak, 09. srpnja, u Gradu Vodnjan-Dignano zapo\u010deo je s radom \u201eLjetni sportski kamp\u201c namijenjen djeci osnovno\u0161kolskog uzrasta. Ljetni sportski<\/p>\n","protected":false},"author":1,"featured_media":13087,"comment_status":"closed","ping_status":"closed","sticky":false,"template":"","format":"standard","meta":{"_mi_skip_tracking":false,"footnotes":""},"categories":[84,1],"tags":[],"yoast_head":"<!-- This site is optimized with the Yoast SEO plugin v20.4 - https:\/\/yoast.com\/wordpress\/plugins\/seo\/ -->\n<title>Otvoren Ljetni sportski kamp u Vodnjanu - Pulska Svakodnevnica<\/title>\n<meta name=\"robots\" content=\"index, follow, max-snippet:-1, max-image-preview:large, max-video-preview:-1\" \/>\n<link rel=\"canonical\" href=\"http:\/\/pulskasvakodnevnica.com\/index.php\/2018\/07\/11\/otvoren-ljetni-sportski-kamp-u-vodnjanu\/\" \/>\n<meta property=\"og:locale\" content=\"hr_HR\" \/>\n<meta property=\"og:type\" content=\"article\" \/>\n<meta property=\"og:title\" content=\"Otvoren Ljetni sportski kamp u Vodnjanu - Pulska Svakodnevnica\" \/>\n<meta property=\"og:description\" content=\"U ponedjeljak, 09. srpnja, u Gradu Vodnjan-Dignano zapo\u010deo je s radom \u201eLjetni sportski kamp\u201c namijenjen djeci osnovno\u0161kolskog uzrasta. Ljetni sportski\" \/>\n<meta property=\"og:url\" content=\"http:\/\/pulskasvakodnevnica.com\/index.php\/2018\/07\/11\/otvoren-ljetni-sportski-kamp-u-vodnjanu\/\" \/>\n<meta property=\"og:site_name\" content=\"Pulska Svakodnevnica\" \/>\n<meta property=\"article:publisher\" content=\"https:\/\/www.facebook.com\/PulskaSvakodnevnicaNews\" \/>\n<meta property=\"article:published_time\" content=\"2018-07-11T12:46:13+00:00\" \/>\n<meta property=\"og:image\" content=\"http:\/\/pulskasvakodnevnica.com\/wp-content\/uploads\/2018\/07\/Ljetni-kamp1.jpg\" \/>\n\t<meta property=\"og:image:width\" content=\"750\" \/>\n\t<meta property=\"og:image:height\" content=\"420\" \/>\n\t<meta property=\"og:image:type\" content=\"image\/jpeg\" \/>\n<meta name=\"author\" content=\"Pulska Svakodnevnica\" \/>\n<meta name=\"twitter:card\" content=\"summary_large_image\" \/>\n<meta name=\"twitter:label1\" content=\"Napisao\/la\" \/>\n\t<meta name=\"twitter:data1\" content=\"Pulska Svakodnevnica\" \/>\n\t<meta name=\"twitter:label2\" content=\"Procijenjeno vrijeme \u010ditanja\" \/>\n\t<meta name=\"twitter:data2\" content=\"2 minute\" \/>\n<script type=\"application\/ld+json\" class=\"yoast-schema-graph\">{\"@context\":\"https:\/\/schema.org\",\"@graph\":[{\"@type\":\"WebPage\",\"@id\":\"http:\/\/pulskasvakodnevnica.com\/index.php\/2018\/07\/11\/otvoren-ljetni-sportski-kamp-u-vodnjanu\/\",\"url\":\"http:\/\/pulskasvakodnevnica.com\/index.php\/2018\/07\/11\/otvoren-ljetni-sportski-kamp-u-vodnjanu\/\",\"name\":\"Otvoren Ljetni sportski kamp u Vodnjanu - Pulska Svakodnevnica\",\"isPartOf\":{\"@id\":\"http:\/\/pulskasvakodnevnica.com\/#website\"},\"datePublished\":\"2018-07-11T12:46:13+00:00\",\"dateModified\":\"2018-07-11T12:46:13+00:00\",\"author\":{\"@id\":\"http:\/\/pulskasvakodnevnica.com\/#\/schema\/person\/95941daf7dfab0e8fd012b0d88608a3f\"},\"breadcrumb\":{\"@id\":\"http:\/\/pulskasvakodnevnica.com\/index.php\/2018\/07\/11\/otvoren-ljetni-sportski-kamp-u-vodnjanu\/#breadcrumb\"},\"inLanguage\":\"hr\",\"potentialAction\":[{\"@type\":\"ReadAction\",\"target\":[\"http:\/\/pulskasvakodnevnica.com\/index.php\/2018\/07\/11\/otvoren-ljetni-sportski-kamp-u-vodnjanu\/\"]}]},{\"@type\":\"BreadcrumbList\",\"@id\":\"http:\/\/pulskasvakodnevnica.com\/index.php\/2018\/07\/11\/otvoren-ljetni-sportski-kamp-u-vodnjanu\/#breadcrumb\",\"itemListElement\":[{\"@type\":\"ListItem\",\"position\":1,\"name\":\"Po\u010detna stranica\",\"item\":\"http:\/\/pulskasvakodnevnica.com\/\"},{\"@type\":\"ListItem\",\"position\":2,\"name\":\"Otvoren Ljetni sportski kamp u Vodnjanu\"}]},{\"@type\":\"WebSite\",\"@id\":\"http:\/\/pulskasvakodnevnica.com\/#website\",\"url\":\"http:\/\/pulskasvakodnevnica.com\/\",\"name\":\"Pulska Svakodnevnica\",\"description\":\"Vijesti iz Pule i Istre\",\"potentialAction\":[{\"@type\":\"SearchAction\",\"target\":{\"@type\":\"EntryPoint\",\"urlTemplate\":\"http:\/\/pulskasvakodnevnica.com\/?s={search_term_string}\"},\"query-input\":\"required name=search_term_string\"}],\"inLanguage\":\"hr\"},{\"@type\":\"Person\",\"@id\":\"http:\/\/pulskasvakodnevnica.com\/#\/schema\/person\/95941daf7dfab0e8fd012b0d88608a3f\",\"name\":\"Pulska Svakodnevnica\"}]}<\/script>\n<!-- \/ Yoast SEO plugin. -->","yoast_head_json":{"title":"Otvoren Ljetni sportski kamp u Vodnjanu - Pulska Svakodnevnica","robots":{"index":"index","follow":"follow","max-snippet":"max-snippet:-1","max-image-preview":"max-image-preview:large","max-video-preview":"max-video-preview:-1"},"canonical":"http:\/\/pulskasvakodnevnica.com\/index.php\/2018\/07\/11\/otvoren-ljetni-sportski-kamp-u-vodnjanu\/","og_locale":"hr_HR","og_type":"article","og_title":"Otvoren Ljetni sportski kamp u Vodnjanu - Pulska Svakodnevnica","og_description":"U ponedjeljak, 09. srpnja, u Gradu Vodnjan-Dignano zapo\u010deo je s radom \u201eLjetni sportski kamp\u201c namijenjen djeci osnovno\u0161kolskog uzrasta. Ljetni sportski","og_url":"http:\/\/pulskasvakodnevnica.com\/index.php\/2018\/07\/11\/otvoren-ljetni-sportski-kamp-u-vodnjanu\/","og_site_name":"Pulska Svakodnevnica","article_publisher":"https:\/\/www.facebook.com\/PulskaSvakodnevnicaNews","article_published_time":"2018-07-11T12:46:13+00:00","og_image":[{"width":750,"height":420,"url":"http:\/\/pulskasvakodnevnica.com\/wp-content\/uploads\/2018\/07\/Ljetni-kamp1.jpg","type":"image\/jpeg"}],"author":"Pulska Svakodnevnica","twitter_card":"summary_large_image","twitter_misc":{"Napisao\/la":"Pulska Svakodnevnica","Procijenjeno vrijeme \u010ditanja":"2 minute"},"schema":{"@context":"https:\/\/schema.org","@graph":[{"@type":"WebPage","@id":"http:\/\/pulskasvakodnevnica.com\/index.php\/2018\/07\/11\/otvoren-ljetni-sportski-kamp-u-vodnjanu\/","url":"http:\/\/pulskasvakodnevnica.com\/index.php\/2018\/07\/11\/otvoren-ljetni-sportski-kamp-u-vodnjanu\/","name":"Otvoren Ljetni sportski kamp u Vodnjanu - Pulska Svakodnevnica","isPartOf":{"@id":"http:\/\/pulskasvakodnevnica.com\/#website"},"datePublished":"2018-07-11T12:46:13+00:00","dateModified":"2018-07-11T12:46:13+00:00","author":{"@id":"http:\/\/pulskasvakodnevnica.com\/#\/schema\/person\/95941daf7dfab0e8fd012b0d88608a3f"},"breadcrumb":{"@id":"http:\/\/pulskasvakodnevnica.com\/index.php\/2018\/07\/11\/otvoren-ljetni-sportski-kamp-u-vodnjanu\/#breadcrumb"},"inLanguage":"hr","potentialAction":[{"@type":"ReadAction","target":["http:\/\/pulskasvakodnevnica.com\/index.php\/2018\/07\/11\/otvoren-ljetni-sportski-kamp-u-vodnjanu\/"]}]},{"@type":"BreadcrumbList","@id":"http:\/\/pulskasvakodnevnica.com\/index.php\/2018\/07\/11\/otvoren-ljetni-sportski-kamp-u-vodnjanu\/#breadcrumb","itemListElement":[{"@type":"ListItem","position":1,"name":"Po\u010detna stranica","item":"http:\/\/pulskasvakodnevnica.com\/"},{"@type":"ListItem","position":2,"name":"Otvoren Ljetni sportski kamp u Vodnjanu"}]},{"@type":"WebSite","@id":"http:\/\/pulskasvakodnevnica.com\/#website","url":"http:\/\/pulskasvakodnevnica.com\/","name":"Pulska Svakodnevnica","description":"Vijesti iz Pule i Istre","potentialAction":[{"@type":"SearchAction","target":{"@type":"EntryPoint","urlTemplate":"http:\/\/pulskasvakodnevnica.com\/?s={search_term_string}"},"query-input":"required name=search_term_string"}],"inLanguage":"hr"},{"@type":"Person","@id":"http:\/\/pulskasvakodnevnica.com\/#\/schema\/person\/95941daf7dfab0e8fd012b0d88608a3f","name":"Pulska Svakodnevnica"}]}},"_links":{"self":[{"href":"http:\/\/pulskasvakodnevnica.com\/index.php\/wp-json\/wp\/v2\/posts\/13085"}],"collection":[{"href":"http:\/\/pulskasvakodnevnica.com\/index.php\/wp-json\/wp\/v2\/posts"}],"about":[{"href":"http:\/\/pulskasvakodnevnica.com\/index.php\/wp-json\/wp\/v2\/types\/post"}],"author":[{"embeddable":true,"href":"http:\/\/pulskasvakodnevnica.com\/index.php\/wp-json\/wp\/v2\/users\/1"}],"replies":[{"embeddable":true,"href":"http:\/\/pulskasvakodnevnica.com\/index.php\/wp-json\/wp\/v2\/comments?post=13085"}],"version-history":[{"count":1,"href":"http:\/\/pulskasvakodnevnica.com\/index.php\/wp-json\/wp\/v2\/posts\/13085\/revisions"}],"predecessor-version":[{"id":13088,"href":"http:\/\/pulskasvakodnevnica.com\/index.php\/wp-json\/wp\/v2\/posts\/13085\/revisions\/13088"}],"wp:featuredmedia":[{"embeddable":true,"href":"http:\/\/pulskasvakodnevnica.com\/index.php\/wp-json\/wp\/v2\/media\/13087"}],"wp:attachment":[{"href":"http:\/\/pulskasvakodnevnica.com\/index.php\/wp-json\/wp\/v2\/media?parent=13085"}],"wp:term":[{"taxonomy":"category","embeddable":true,"href":"http:\/\/pulskasvakodnevnica.com\/index.php\/wp-json\/wp\/v2\/categories?post=13085"},{"taxonomy":"post_tag","embeddable":true,"href":"http:\/\/pulskasvakodnevnica.com\/index.php\/wp-json\/wp\/v2\/tags?post=13085"}],"curies":[{"name":"wp","href":"https:\/\/api.w.org\/{rel}","templated":true}]}}