{"id":14241,"date":"2018-09-24T16:32:21","date_gmt":"2018-09-24T14:32:21","guid":{"rendered":"http:\/\/pulskasvakodnevnica.com\/?p=14241"},"modified":"2018-09-24T16:32:21","modified_gmt":"2018-09-24T14:32:21","slug":"stanje-sigurnosti-cestovnog-prometa-tijekom-vikenda-2","status":"publish","type":"post","link":"http:\/\/pulskasvakodnevnica.com\/index.php\/2018\/09\/24\/stanje-sigurnosti-cestovnog-prometa-tijekom-vikenda-2\/","title":{"rendered":"Stanje sigurnosti cestovnog prometa tijekom vikenda"},"content":{"rendered":"<p>Tijekom proteklog vikenda, od 21. do 23. rujna 2018. godine je na podru\u010dju PU istarske evidentirana 21 prometna nesre\u0107a od kojih jedna prometna nesre\u0107a s poginulom osobom, devet s ozlije\u0111enim osobama i 11 s materijalnom \u0161tetom.<\/p>\n<p>U prometnim nesre\u0107ama jedna je osoba smrtno stradala, tri su osobe te\u0161ko, a devet lak\u0161e ozlije\u0111eno.<\/p>\n<p>Alkohol kao uzrok evidentiran je u pet prometnih nesre\u0107a. Nepropisna brzina kao gre\u0161ka evidentirana je u devet prometnih nesre\u0107a.<\/p>\n<p><u>Utvr\u0111en je 191 prekr\u0161aj, od kojih izdvajamo:<\/u><\/p>\n<ul>\n<li>nepropisna brzina \u2013 61 prekr\u0161aj<\/li>\n<li>vo\u017enja pod utjecajem alkohola \u2013 21 prekr\u0161aj<\/li>\n<li>nekori\u0161tenje sigurnosnog pojasa \u2013 23 prekr\u0161aja<\/li>\n<li>kori\u0161tenje mobitela za vrijeme vo\u017enje \u2013 15 prekr\u0161aja<\/li>\n<li>nepropisno pretjecanje \u2013 17 prekr\u0161aja<\/li>\n<li>vo\u017enja neregistriranim vozilom \u2013 4 prekr\u0161aja<\/li>\n<li>ostali prekr\u0161aji \u2013 50 prekr\u0161aja<\/li>\n<\/ul>\n<p>Tijekom vikenda kontrolirano je ukupno 420 voza\u010da\/vozila. Iz prometa su isklju\u010dena 23 voza\u010da i tri vozila.<\/p>\n","protected":false},"excerpt":{"rendered":"<p>Tijekom proteklog vikenda, od 21. do 23. rujna 2018. godine je na podru\u010dju PU istarske evidentirana 21 prometna nesre\u0107a od<\/p>\n","protected":false},"author":1,"featured_media":13726,"comment_status":"closed","ping_status":"closed","sticky":false,"template":"","format":"standard","meta":{"_mi_skip_tracking":false,"footnotes":""},"categories":[105,1],"tags":[],"yoast_head":"<!-- This site is optimized with the Yoast SEO plugin v20.4 - https:\/\/yoast.com\/wordpress\/plugins\/seo\/ -->\n<title>Stanje sigurnosti cestovnog prometa tijekom vikenda - Pulska Svakodnevnica<\/title>\n<meta name=\"robots\" content=\"index, follow, max-snippet:-1, max-image-preview:large, max-video-preview:-1\" \/>\n<link rel=\"canonical\" href=\"http:\/\/pulskasvakodnevnica.com\/index.php\/2018\/09\/24\/stanje-sigurnosti-cestovnog-prometa-tijekom-vikenda-2\/\" \/>\n<meta property=\"og:locale\" content=\"hr_HR\" \/>\n<meta property=\"og:type\" content=\"article\" \/>\n<meta property=\"og:title\" content=\"Stanje sigurnosti cestovnog prometa tijekom vikenda - Pulska Svakodnevnica\" \/>\n<meta property=\"og:description\" content=\"Tijekom proteklog vikenda, od 21. do 23. rujna 2018. godine je na podru\u010dju PU istarske evidentirana 21 prometna nesre\u0107a od\" \/>\n<meta property=\"og:url\" content=\"http:\/\/pulskasvakodnevnica.com\/index.php\/2018\/09\/24\/stanje-sigurnosti-cestovnog-prometa-tijekom-vikenda-2\/\" \/>\n<meta property=\"og:site_name\" content=\"Pulska Svakodnevnica\" \/>\n<meta property=\"article:publisher\" content=\"https:\/\/www.facebook.com\/PulskaSvakodnevnicaNews\" \/>\n<meta property=\"article:published_time\" content=\"2018-09-24T14:32:21+00:00\" \/>\n<meta property=\"og:image\" content=\"http:\/\/pulskasvakodnevnica.com\/wp-content\/uploads\/2018\/08\/policija.jpg\" \/>\n\t<meta property=\"og:image:width\" content=\"750\" \/>\n\t<meta property=\"og:image:height\" content=\"419\" \/>\n\t<meta property=\"og:image:type\" content=\"image\/jpeg\" \/>\n<meta name=\"author\" content=\"Pulska Svakodnevnica\" \/>\n<meta name=\"twitter:card\" content=\"summary_large_image\" \/>\n<meta name=\"twitter:label1\" content=\"Napisao\/la\" \/>\n\t<meta name=\"twitter:data1\" content=\"Pulska Svakodnevnica\" \/>\n\t<meta name=\"twitter:label2\" content=\"Procijenjeno vrijeme \u010ditanja\" \/>\n\t<meta name=\"twitter:data2\" content=\"1 minuta\" \/>\n<script type=\"application\/ld+json\" class=\"yoast-schema-graph\">{\"@context\":\"https:\/\/schema.org\",\"@graph\":[{\"@type\":\"WebPage\",\"@id\":\"http:\/\/pulskasvakodnevnica.com\/index.php\/2018\/09\/24\/stanje-sigurnosti-cestovnog-prometa-tijekom-vikenda-2\/\",\"url\":\"http:\/\/pulskasvakodnevnica.com\/index.php\/2018\/09\/24\/stanje-sigurnosti-cestovnog-prometa-tijekom-vikenda-2\/\",\"name\":\"Stanje sigurnosti cestovnog prometa tijekom vikenda - Pulska Svakodnevnica\",\"isPartOf\":{\"@id\":\"http:\/\/pulskasvakodnevnica.com\/#website\"},\"datePublished\":\"2018-09-24T14:32:21+00:00\",\"dateModified\":\"2018-09-24T14:32:21+00:00\",\"author\":{\"@id\":\"http:\/\/pulskasvakodnevnica.com\/#\/schema\/person\/95941daf7dfab0e8fd012b0d88608a3f\"},\"breadcrumb\":{\"@id\":\"http:\/\/pulskasvakodnevnica.com\/index.php\/2018\/09\/24\/stanje-sigurnosti-cestovnog-prometa-tijekom-vikenda-2\/#breadcrumb\"},\"inLanguage\":\"hr\",\"potentialAction\":[{\"@type\":\"ReadAction\",\"target\":[\"http:\/\/pulskasvakodnevnica.com\/index.php\/2018\/09\/24\/stanje-sigurnosti-cestovnog-prometa-tijekom-vikenda-2\/\"]}]},{\"@type\":\"BreadcrumbList\",\"@id\":\"http:\/\/pulskasvakodnevnica.com\/index.php\/2018\/09\/24\/stanje-sigurnosti-cestovnog-prometa-tijekom-vikenda-2\/#breadcrumb\",\"itemListElement\":[{\"@type\":\"ListItem\",\"position\":1,\"name\":\"Po\u010detna stranica\",\"item\":\"http:\/\/pulskasvakodnevnica.com\/\"},{\"@type\":\"ListItem\",\"position\":2,\"name\":\"Stanje sigurnosti cestovnog prometa tijekom vikenda\"}]},{\"@type\":\"WebSite\",\"@id\":\"http:\/\/pulskasvakodnevnica.com\/#website\",\"url\":\"http:\/\/pulskasvakodnevnica.com\/\",\"name\":\"Pulska Svakodnevnica\",\"description\":\"Vijesti iz Pule i Istre\",\"potentialAction\":[{\"@type\":\"SearchAction\",\"target\":{\"@type\":\"EntryPoint\",\"urlTemplate\":\"http:\/\/pulskasvakodnevnica.com\/?s={search_term_string}\"},\"query-input\":\"required name=search_term_string\"}],\"inLanguage\":\"hr\"},{\"@type\":\"Person\",\"@id\":\"http:\/\/pulskasvakodnevnica.com\/#\/schema\/person\/95941daf7dfab0e8fd012b0d88608a3f\",\"name\":\"Pulska Svakodnevnica\"}]}<\/script>\n<!-- \/ Yoast SEO plugin. -->","yoast_head_json":{"title":"Stanje sigurnosti cestovnog prometa tijekom vikenda - Pulska Svakodnevnica","robots":{"index":"index","follow":"follow","max-snippet":"max-snippet:-1","max-image-preview":"max-image-preview:large","max-video-preview":"max-video-preview:-1"},"canonical":"http:\/\/pulskasvakodnevnica.com\/index.php\/2018\/09\/24\/stanje-sigurnosti-cestovnog-prometa-tijekom-vikenda-2\/","og_locale":"hr_HR","og_type":"article","og_title":"Stanje sigurnosti cestovnog prometa tijekom vikenda - Pulska Svakodnevnica","og_description":"Tijekom proteklog vikenda, od 21. do 23. rujna 2018. godine je na podru\u010dju PU istarske evidentirana 21 prometna nesre\u0107a od","og_url":"http:\/\/pulskasvakodnevnica.com\/index.php\/2018\/09\/24\/stanje-sigurnosti-cestovnog-prometa-tijekom-vikenda-2\/","og_site_name":"Pulska Svakodnevnica","article_publisher":"https:\/\/www.facebook.com\/PulskaSvakodnevnicaNews","article_published_time":"2018-09-24T14:32:21+00:00","og_image":[{"width":750,"height":419,"url":"http:\/\/pulskasvakodnevnica.com\/wp-content\/uploads\/2018\/08\/policija.jpg","type":"image\/jpeg"}],"author":"Pulska Svakodnevnica","twitter_card":"summary_large_image","twitter_misc":{"Napisao\/la":"Pulska Svakodnevnica","Procijenjeno vrijeme \u010ditanja":"1 minuta"},"schema":{"@context":"https:\/\/schema.org","@graph":[{"@type":"WebPage","@id":"http:\/\/pulskasvakodnevnica.com\/index.php\/2018\/09\/24\/stanje-sigurnosti-cestovnog-prometa-tijekom-vikenda-2\/","url":"http:\/\/pulskasvakodnevnica.com\/index.php\/2018\/09\/24\/stanje-sigurnosti-cestovnog-prometa-tijekom-vikenda-2\/","name":"Stanje sigurnosti cestovnog prometa tijekom vikenda - Pulska Svakodnevnica","isPartOf":{"@id":"http:\/\/pulskasvakodnevnica.com\/#website"},"datePublished":"2018-09-24T14:32:21+00:00","dateModified":"2018-09-24T14:32:21+00:00","author":{"@id":"http:\/\/pulskasvakodnevnica.com\/#\/schema\/person\/95941daf7dfab0e8fd012b0d88608a3f"},"breadcrumb":{"@id":"http:\/\/pulskasvakodnevnica.com\/index.php\/2018\/09\/24\/stanje-sigurnosti-cestovnog-prometa-tijekom-vikenda-2\/#breadcrumb"},"inLanguage":"hr","potentialAction":[{"@type":"ReadAction","target":["http:\/\/pulskasvakodnevnica.com\/index.php\/2018\/09\/24\/stanje-sigurnosti-cestovnog-prometa-tijekom-vikenda-2\/"]}]},{"@type":"BreadcrumbList","@id":"http:\/\/pulskasvakodnevnica.com\/index.php\/2018\/09\/24\/stanje-sigurnosti-cestovnog-prometa-tijekom-vikenda-2\/#breadcrumb","itemListElement":[{"@type":"ListItem","position":1,"name":"Po\u010detna stranica","item":"http:\/\/pulskasvakodnevnica.com\/"},{"@type":"ListItem","position":2,"name":"Stanje sigurnosti cestovnog prometa tijekom vikenda"}]},{"@type":"WebSite","@id":"http:\/\/pulskasvakodnevnica.com\/#website","url":"http:\/\/pulskasvakodnevnica.com\/","name":"Pulska Svakodnevnica","description":"Vijesti iz Pule i Istre","potentialAction":[{"@type":"SearchAction","target":{"@type":"EntryPoint","urlTemplate":"http:\/\/pulskasvakodnevnica.com\/?s={search_term_string}"},"query-input":"required name=search_term_string"}],"inLanguage":"hr"},{"@type":"Person","@id":"http:\/\/pulskasvakodnevnica.com\/#\/schema\/person\/95941daf7dfab0e8fd012b0d88608a3f","name":"Pulska Svakodnevnica"}]}},"_links":{"self":[{"href":"http:\/\/pulskasvakodnevnica.com\/index.php\/wp-json\/wp\/v2\/posts\/14241"}],"collection":[{"href":"http:\/\/pulskasvakodnevnica.com\/index.php\/wp-json\/wp\/v2\/posts"}],"about":[{"href":"http:\/\/pulskasvakodnevnica.com\/index.php\/wp-json\/wp\/v2\/types\/post"}],"author":[{"embeddable":true,"href":"http:\/\/pulskasvakodnevnica.com\/index.php\/wp-json\/wp\/v2\/users\/1"}],"replies":[{"embeddable":true,"href":"http:\/\/pulskasvakodnevnica.com\/index.php\/wp-json\/wp\/v2\/comments?post=14241"}],"version-history":[{"count":1,"href":"http:\/\/pulskasvakodnevnica.com\/index.php\/wp-json\/wp\/v2\/posts\/14241\/revisions"}],"predecessor-version":[{"id":14242,"href":"http:\/\/pulskasvakodnevnica.com\/index.php\/wp-json\/wp\/v2\/posts\/14241\/revisions\/14242"}],"wp:featuredmedia":[{"embeddable":true,"href":"http:\/\/pulskasvakodnevnica.com\/index.php\/wp-json\/wp\/v2\/media\/13726"}],"wp:attachment":[{"href":"http:\/\/pulskasvakodnevnica.com\/index.php\/wp-json\/wp\/v2\/media?parent=14241"}],"wp:term":[{"taxonomy":"category","embeddable":true,"href":"http:\/\/pulskasvakodnevnica.com\/index.php\/wp-json\/wp\/v2\/categories?post=14241"},{"taxonomy":"post_tag","embeddable":true,"href":"http:\/\/pulskasvakodnevnica.com\/index.php\/wp-json\/wp\/v2\/tags?post=14241"}],"curies":[{"name":"wp","href":"https:\/\/api.w.org\/{rel}","templated":true}]}}