{"id":17117,"date":"2019-03-05T15:36:00","date_gmt":"2019-03-05T14:36:00","guid":{"rendered":"http:\/\/pulskasvakodnevnica.com\/?p=17117"},"modified":"2019-03-05T15:36:00","modified_gmt":"2019-03-05T14:36:00","slug":"zahvaljujuci-e-vrticu-proces-upisa-djece-znatno-je-jednostavniji-i-transparentniji","status":"publish","type":"post","link":"http:\/\/pulskasvakodnevnica.com\/index.php\/2019\/03\/05\/zahvaljujuci-e-vrticu-proces-upisa-djece-znatno-je-jednostavniji-i-transparentniji\/","title":{"rendered":"Zahvaljuju\u0107i e-Vrti\u0107u proces upisa djece znatno je  jednostavniji i transparentniji"},"content":{"rendered":"\n<p>Zamjenica gradona\u010delnika Pule Elena Puh Belci zajedno s pro\u010delnicom Upravnog odjela za dru\u0161tvene djelatnosti Elvirom Krizmani\u0107 Marjanovi\u0107 i suradnicima, primila je danas u prostorijama Komunalne pala\u010de predstavnike Ministarstva uprave Republike Hrvatske i CARNET-a koji su posjetili Grad Pulu kako bi se dodatno upoznali s procesom elektroni\u010dkog upisa djece u dje\u010dje vrti\u0107e kojeg Pula koristi ve\u0107 dugi niz godina.<\/p>\n\n\n\n<figure class=\"wp-block-image\"><img loading=\"lazy\" decoding=\"async\" width=\"400\" height=\"266\" src=\"http:\/\/pulskasvakodnevnica.com\/wp-content\/uploads\/2019\/03\/DSC_0660.jpg\" alt=\"\" class=\"wp-image-17118\" srcset=\"http:\/\/pulskasvakodnevnica.com\/wp-content\/uploads\/2019\/03\/DSC_0660.jpg 400w, http:\/\/pulskasvakodnevnica.com\/wp-content\/uploads\/2019\/03\/DSC_0660-150x100.jpg 150w, http:\/\/pulskasvakodnevnica.com\/wp-content\/uploads\/2019\/03\/DSC_0660-300x200.jpg 300w\" sizes=\"(max-width: 400px) 100vw, 400px\" \/><\/figure>\n\n\n\n<p>Zamjenica je istaknula kako Grad Pula ima dugogodi\u0161nje iskustvo u digitalizaciji poslovnih procesa dje\u010djih vrti\u0107a na vlastitoj informati\u010dkoj platformi koja se razvijala u fazama tijekom nekoliko godina. \u201eGrad Pula osniva\u010d je tri dje\u010dja vrti\u0107a i sufinancira rad 22 privatna vrti\u0107a. Sam po\u010detak procesa objedinjenih upisa u vrti\u0107e na po\u010detku je bio veoma izazovan, no danas zahvaljuju\u0107i sustavnom radu na tome, imamo postupak upisa koji je znatno jednostavniji i transparentniji, a roditeljima su sni\u017eeni tro\u0161kovi upisa. Prvi smo grad u Hrvatskoj koji je svoj informacijski sustav povezao sa sustavom Ministarstva unutra\u0161njih poslova. Na taj na\u010din &nbsp;omogu\u0107eno je automatsko i besplatno provjeravanje OIB-a i podataka o prebivali\u0161tu djece i roditelja\u201c, kazala je zamjenica gradona\u010delnika Pule Elena Puh Belci.<\/p>\n\n\n\n<p>Voditelj Slu\u017ebe za e-Hrvatsku Ministarstva Uprave Igor Ljubi istaknuo je kako je proces upisa u vrti\u0107e kojeg Pula provodi pozitivan primjer u Hrvatskoj te kako su Ministarstvo uprave i CARNET do sad obi\u0161li nekoliko jedinica lokalne samouprave, u kojima je kroz razgovore s osniva\u010dima dje\u010djih vrti\u0107a potvr\u0111en velik interes za razvojem aplikacije za upise u dje\u010dje vrti\u0107e pri \u010demu \u0107e iskustva Pule biti iznimno dragocjena.<\/p>\n","protected":false},"excerpt":{"rendered":"<p>Zamjenica gradona\u010delnika Pule Elena Puh Belci zajedno s pro\u010delnicom Upravnog odjela za dru\u0161tvene djelatnosti Elvirom Krizmani\u0107 Marjanovi\u0107 i suradnicima, primila<\/p>\n","protected":false},"author":1,"featured_media":17119,"comment_status":"closed","ping_status":"closed","sticky":false,"template":"","format":"standard","meta":{"_mi_skip_tracking":false,"footnotes":""},"categories":[1,99],"tags":[],"yoast_head":"<!-- This site is optimized with the Yoast SEO plugin v20.4 - https:\/\/yoast.com\/wordpress\/plugins\/seo\/ -->\n<title>Zahvaljuju\u0107i e-Vrti\u0107u proces upisa djece znatno je jednostavniji i transparentniji - Pulska Svakodnevnica<\/title>\n<meta name=\"robots\" content=\"index, follow, max-snippet:-1, max-image-preview:large, max-video-preview:-1\" \/>\n<link rel=\"canonical\" href=\"http:\/\/pulskasvakodnevnica.com\/index.php\/2019\/03\/05\/zahvaljujuci-e-vrticu-proces-upisa-djece-znatno-je-jednostavniji-i-transparentniji\/\" \/>\n<meta property=\"og:locale\" content=\"hr_HR\" \/>\n<meta property=\"og:type\" content=\"article\" \/>\n<meta property=\"og:title\" content=\"Zahvaljuju\u0107i e-Vrti\u0107u proces upisa djece znatno je jednostavniji i transparentniji - Pulska Svakodnevnica\" \/>\n<meta property=\"og:description\" content=\"Zamjenica gradona\u010delnika Pule Elena Puh Belci zajedno s pro\u010delnicom Upravnog odjela za dru\u0161tvene djelatnosti Elvirom Krizmani\u0107 Marjanovi\u0107 i suradnicima, primila\" \/>\n<meta property=\"og:url\" content=\"http:\/\/pulskasvakodnevnica.com\/index.php\/2019\/03\/05\/zahvaljujuci-e-vrticu-proces-upisa-djece-znatno-je-jednostavniji-i-transparentniji\/\" \/>\n<meta property=\"og:site_name\" content=\"Pulska Svakodnevnica\" \/>\n<meta property=\"article:publisher\" content=\"https:\/\/www.facebook.com\/PulskaSvakodnevnicaNews\" \/>\n<meta property=\"article:published_time\" content=\"2019-03-05T14:36:00+00:00\" \/>\n<meta property=\"og:image\" content=\"http:\/\/pulskasvakodnevnica.com\/wp-content\/uploads\/2019\/03\/DSC_0655.jpg\" \/>\n\t<meta property=\"og:image:width\" content=\"750\" \/>\n\t<meta property=\"og:image:height\" content=\"420\" \/>\n\t<meta property=\"og:image:type\" content=\"image\/jpeg\" \/>\n<meta name=\"author\" content=\"Pulska Svakodnevnica\" \/>\n<meta name=\"twitter:card\" content=\"summary_large_image\" \/>\n<meta name=\"twitter:label1\" content=\"Napisao\/la\" \/>\n\t<meta name=\"twitter:data1\" content=\"Pulska Svakodnevnica\" \/>\n\t<meta name=\"twitter:label2\" content=\"Procijenjeno vrijeme \u010ditanja\" \/>\n\t<meta name=\"twitter:data2\" content=\"1 minuta\" \/>\n<script type=\"application\/ld+json\" class=\"yoast-schema-graph\">{\"@context\":\"https:\/\/schema.org\",\"@graph\":[{\"@type\":\"WebPage\",\"@id\":\"http:\/\/pulskasvakodnevnica.com\/index.php\/2019\/03\/05\/zahvaljujuci-e-vrticu-proces-upisa-djece-znatno-je-jednostavniji-i-transparentniji\/\",\"url\":\"http:\/\/pulskasvakodnevnica.com\/index.php\/2019\/03\/05\/zahvaljujuci-e-vrticu-proces-upisa-djece-znatno-je-jednostavniji-i-transparentniji\/\",\"name\":\"Zahvaljuju\u0107i e-Vrti\u0107u proces upisa djece znatno je jednostavniji i transparentniji - Pulska Svakodnevnica\",\"isPartOf\":{\"@id\":\"http:\/\/pulskasvakodnevnica.com\/#website\"},\"datePublished\":\"2019-03-05T14:36:00+00:00\",\"dateModified\":\"2019-03-05T14:36:00+00:00\",\"author\":{\"@id\":\"http:\/\/pulskasvakodnevnica.com\/#\/schema\/person\/95941daf7dfab0e8fd012b0d88608a3f\"},\"breadcrumb\":{\"@id\":\"http:\/\/pulskasvakodnevnica.com\/index.php\/2019\/03\/05\/zahvaljujuci-e-vrticu-proces-upisa-djece-znatno-je-jednostavniji-i-transparentniji\/#breadcrumb\"},\"inLanguage\":\"hr\",\"potentialAction\":[{\"@type\":\"ReadAction\",\"target\":[\"http:\/\/pulskasvakodnevnica.com\/index.php\/2019\/03\/05\/zahvaljujuci-e-vrticu-proces-upisa-djece-znatno-je-jednostavniji-i-transparentniji\/\"]}]},{\"@type\":\"BreadcrumbList\",\"@id\":\"http:\/\/pulskasvakodnevnica.com\/index.php\/2019\/03\/05\/zahvaljujuci-e-vrticu-proces-upisa-djece-znatno-je-jednostavniji-i-transparentniji\/#breadcrumb\",\"itemListElement\":[{\"@type\":\"ListItem\",\"position\":1,\"name\":\"Po\u010detna stranica\",\"item\":\"http:\/\/pulskasvakodnevnica.com\/\"},{\"@type\":\"ListItem\",\"position\":2,\"name\":\"Zahvaljuju\u0107i e-Vrti\u0107u proces upisa djece znatno je jednostavniji i transparentniji\"}]},{\"@type\":\"WebSite\",\"@id\":\"http:\/\/pulskasvakodnevnica.com\/#website\",\"url\":\"http:\/\/pulskasvakodnevnica.com\/\",\"name\":\"Pulska Svakodnevnica\",\"description\":\"Vijesti iz Pule i Istre\",\"potentialAction\":[{\"@type\":\"SearchAction\",\"target\":{\"@type\":\"EntryPoint\",\"urlTemplate\":\"http:\/\/pulskasvakodnevnica.com\/?s={search_term_string}\"},\"query-input\":\"required name=search_term_string\"}],\"inLanguage\":\"hr\"},{\"@type\":\"Person\",\"@id\":\"http:\/\/pulskasvakodnevnica.com\/#\/schema\/person\/95941daf7dfab0e8fd012b0d88608a3f\",\"name\":\"Pulska Svakodnevnica\"}]}<\/script>\n<!-- \/ Yoast SEO plugin. -->","yoast_head_json":{"title":"Zahvaljuju\u0107i e-Vrti\u0107u proces upisa djece znatno je jednostavniji i transparentniji - Pulska Svakodnevnica","robots":{"index":"index","follow":"follow","max-snippet":"max-snippet:-1","max-image-preview":"max-image-preview:large","max-video-preview":"max-video-preview:-1"},"canonical":"http:\/\/pulskasvakodnevnica.com\/index.php\/2019\/03\/05\/zahvaljujuci-e-vrticu-proces-upisa-djece-znatno-je-jednostavniji-i-transparentniji\/","og_locale":"hr_HR","og_type":"article","og_title":"Zahvaljuju\u0107i e-Vrti\u0107u proces upisa djece znatno je jednostavniji i transparentniji - Pulska Svakodnevnica","og_description":"Zamjenica gradona\u010delnika Pule Elena Puh Belci zajedno s pro\u010delnicom Upravnog odjela za dru\u0161tvene djelatnosti Elvirom Krizmani\u0107 Marjanovi\u0107 i suradnicima, primila","og_url":"http:\/\/pulskasvakodnevnica.com\/index.php\/2019\/03\/05\/zahvaljujuci-e-vrticu-proces-upisa-djece-znatno-je-jednostavniji-i-transparentniji\/","og_site_name":"Pulska Svakodnevnica","article_publisher":"https:\/\/www.facebook.com\/PulskaSvakodnevnicaNews","article_published_time":"2019-03-05T14:36:00+00:00","og_image":[{"width":750,"height":420,"url":"http:\/\/pulskasvakodnevnica.com\/wp-content\/uploads\/2019\/03\/DSC_0655.jpg","type":"image\/jpeg"}],"author":"Pulska Svakodnevnica","twitter_card":"summary_large_image","twitter_misc":{"Napisao\/la":"Pulska Svakodnevnica","Procijenjeno vrijeme \u010ditanja":"1 minuta"},"schema":{"@context":"https:\/\/schema.org","@graph":[{"@type":"WebPage","@id":"http:\/\/pulskasvakodnevnica.com\/index.php\/2019\/03\/05\/zahvaljujuci-e-vrticu-proces-upisa-djece-znatno-je-jednostavniji-i-transparentniji\/","url":"http:\/\/pulskasvakodnevnica.com\/index.php\/2019\/03\/05\/zahvaljujuci-e-vrticu-proces-upisa-djece-znatno-je-jednostavniji-i-transparentniji\/","name":"Zahvaljuju\u0107i e-Vrti\u0107u proces upisa djece znatno je jednostavniji i transparentniji - Pulska Svakodnevnica","isPartOf":{"@id":"http:\/\/pulskasvakodnevnica.com\/#website"},"datePublished":"2019-03-05T14:36:00+00:00","dateModified":"2019-03-05T14:36:00+00:00","author":{"@id":"http:\/\/pulskasvakodnevnica.com\/#\/schema\/person\/95941daf7dfab0e8fd012b0d88608a3f"},"breadcrumb":{"@id":"http:\/\/pulskasvakodnevnica.com\/index.php\/2019\/03\/05\/zahvaljujuci-e-vrticu-proces-upisa-djece-znatno-je-jednostavniji-i-transparentniji\/#breadcrumb"},"inLanguage":"hr","potentialAction":[{"@type":"ReadAction","target":["http:\/\/pulskasvakodnevnica.com\/index.php\/2019\/03\/05\/zahvaljujuci-e-vrticu-proces-upisa-djece-znatno-je-jednostavniji-i-transparentniji\/"]}]},{"@type":"BreadcrumbList","@id":"http:\/\/pulskasvakodnevnica.com\/index.php\/2019\/03\/05\/zahvaljujuci-e-vrticu-proces-upisa-djece-znatno-je-jednostavniji-i-transparentniji\/#breadcrumb","itemListElement":[{"@type":"ListItem","position":1,"name":"Po\u010detna stranica","item":"http:\/\/pulskasvakodnevnica.com\/"},{"@type":"ListItem","position":2,"name":"Zahvaljuju\u0107i e-Vrti\u0107u proces upisa djece znatno je jednostavniji i transparentniji"}]},{"@type":"WebSite","@id":"http:\/\/pulskasvakodnevnica.com\/#website","url":"http:\/\/pulskasvakodnevnica.com\/","name":"Pulska Svakodnevnica","description":"Vijesti iz Pule i Istre","potentialAction":[{"@type":"SearchAction","target":{"@type":"EntryPoint","urlTemplate":"http:\/\/pulskasvakodnevnica.com\/?s={search_term_string}"},"query-input":"required name=search_term_string"}],"inLanguage":"hr"},{"@type":"Person","@id":"http:\/\/pulskasvakodnevnica.com\/#\/schema\/person\/95941daf7dfab0e8fd012b0d88608a3f","name":"Pulska Svakodnevnica"}]}},"_links":{"self":[{"href":"http:\/\/pulskasvakodnevnica.com\/index.php\/wp-json\/wp\/v2\/posts\/17117"}],"collection":[{"href":"http:\/\/pulskasvakodnevnica.com\/index.php\/wp-json\/wp\/v2\/posts"}],"about":[{"href":"http:\/\/pulskasvakodnevnica.com\/index.php\/wp-json\/wp\/v2\/types\/post"}],"author":[{"embeddable":true,"href":"http:\/\/pulskasvakodnevnica.com\/index.php\/wp-json\/wp\/v2\/users\/1"}],"replies":[{"embeddable":true,"href":"http:\/\/pulskasvakodnevnica.com\/index.php\/wp-json\/wp\/v2\/comments?post=17117"}],"version-history":[{"count":1,"href":"http:\/\/pulskasvakodnevnica.com\/index.php\/wp-json\/wp\/v2\/posts\/17117\/revisions"}],"predecessor-version":[{"id":17120,"href":"http:\/\/pulskasvakodnevnica.com\/index.php\/wp-json\/wp\/v2\/posts\/17117\/revisions\/17120"}],"wp:featuredmedia":[{"embeddable":true,"href":"http:\/\/pulskasvakodnevnica.com\/index.php\/wp-json\/wp\/v2\/media\/17119"}],"wp:attachment":[{"href":"http:\/\/pulskasvakodnevnica.com\/index.php\/wp-json\/wp\/v2\/media?parent=17117"}],"wp:term":[{"taxonomy":"category","embeddable":true,"href":"http:\/\/pulskasvakodnevnica.com\/index.php\/wp-json\/wp\/v2\/categories?post=17117"},{"taxonomy":"post_tag","embeddable":true,"href":"http:\/\/pulskasvakodnevnica.com\/index.php\/wp-json\/wp\/v2\/tags?post=17117"}],"curies":[{"name":"wp","href":"https:\/\/api.w.org\/{rel}","templated":true}]}}