{"id":17617,"date":"2019-03-29T09:06:02","date_gmt":"2019-03-29T08:06:02","guid":{"rendered":"http:\/\/pulskasvakodnevnica.com\/?p=17617"},"modified":"2019-03-29T09:06:03","modified_gmt":"2019-03-29T08:06:03","slug":"uredena-prometnica-s-pratecom-infrastrukturom-u-ulici-jasne-crnobori","status":"publish","type":"post","link":"http:\/\/pulskasvakodnevnica.com\/index.php\/2019\/03\/29\/uredena-prometnica-s-pratecom-infrastrukturom-u-ulici-jasne-crnobori\/","title":{"rendered":"Ure\u0111ena prometnica s prate\u0107om infrastrukturom u Ulici Jasne Crnobori"},"content":{"rendered":"\n<p> Ovotjednim postavljanjem habaju\u0107eg sloja asfalta i iscrtavanjem prometne signalizacije okon\u010dan je projekt izgradnje prometnice s oborinskom odvodnjom, javnom rasvjetom i EKK u dijelu Ulice Jasne Crnobori nakon \u010dega je prometnica otvorena za prometovanje. <\/p>\n\n\n\n<p>\u00a0<\/p>\n\n\n\n<figure class=\"wp-block-image\"><img loading=\"lazy\" decoding=\"async\" width=\"400\" height=\"225\" src=\"http:\/\/pulskasvakodnevnica.com\/wp-content\/uploads\/2019\/03\/3_20190326_114248.jpg\" alt=\"\" class=\"wp-image-17618\" srcset=\"http:\/\/pulskasvakodnevnica.com\/wp-content\/uploads\/2019\/03\/3_20190326_114248.jpg 400w, http:\/\/pulskasvakodnevnica.com\/wp-content\/uploads\/2019\/03\/3_20190326_114248-150x84.jpg 150w, http:\/\/pulskasvakodnevnica.com\/wp-content\/uploads\/2019\/03\/3_20190326_114248-300x169.jpg 300w\" sizes=\"(max-width: 400px) 100vw, 400px\" \/><\/figure>\n\n\n\n<p>Zahvat je izveden u duljini od 190 metara, od raskri\u017eja s Ulicom \u0160kokovica do raskri\u017eja s Ivan\u010di\u0107evom ulicom. Grad Pula je u navedenu investiciju, radovi koji su zapo\u010deli krajem studenog pro\u0161le godine, ulo\u017eio 2,2 milijuna kuna \u010dime je pove\u0107ana kvaliteta \u017eivota stanovnika predmetne ulice. Radove je izvelo dru\u0161tvo Cesta d.o.o. izabrano kao najpovoljniji ponuditelj na provedenom javnom natje\u010daju.<\/p>\n\n\n\n<figure class=\"wp-block-image\"><img loading=\"lazy\" decoding=\"async\" width=\"400\" height=\"225\" src=\"http:\/\/pulskasvakodnevnica.com\/wp-content\/uploads\/2019\/03\/4_20190326_114244.jpg\" alt=\"\" class=\"wp-image-17619\" srcset=\"http:\/\/pulskasvakodnevnica.com\/wp-content\/uploads\/2019\/03\/4_20190326_114244.jpg 400w, http:\/\/pulskasvakodnevnica.com\/wp-content\/uploads\/2019\/03\/4_20190326_114244-150x84.jpg 150w, http:\/\/pulskasvakodnevnica.com\/wp-content\/uploads\/2019\/03\/4_20190326_114244-300x169.jpg 300w\" sizes=\"(max-width: 400px) 100vw, 400px\" \/><\/figure>\n\n\n\n<p>Podsjetimo, dio Ulice Jasne Crnobori, uz Medulinsku cestu, ure\u0111en je prije dvije godine. Uz izgradnju prometnice s oborinskom odvodnjom i javnom rasvjetom rekonstruirana je i vodovodna mre\u017ea, odnosno stanovnicima se osigurala cjelokupna komunalna infrastruktura.\n\n<\/p>\n","protected":false},"excerpt":{"rendered":"<p>Ovotjednim postavljanjem habaju\u0107eg sloja asfalta i iscrtavanjem prometne signalizacije okon\u010dan je projekt izgradnje prometnice s oborinskom odvodnjom, javnom rasvjetom i<\/p>\n","protected":false},"author":1,"featured_media":17620,"comment_status":"closed","ping_status":"closed","sticky":false,"template":"","format":"standard","meta":{"_mi_skip_tracking":false,"footnotes":""},"categories":[1,99],"tags":[],"yoast_head":"<!-- This site is optimized with the Yoast SEO plugin v20.4 - https:\/\/yoast.com\/wordpress\/plugins\/seo\/ -->\n<title>Ure\u0111ena prometnica s prate\u0107om infrastrukturom u Ulici Jasne Crnobori - Pulska Svakodnevnica<\/title>\n<meta name=\"robots\" content=\"index, follow, max-snippet:-1, max-image-preview:large, max-video-preview:-1\" \/>\n<link rel=\"canonical\" href=\"http:\/\/pulskasvakodnevnica.com\/index.php\/2019\/03\/29\/uredena-prometnica-s-pratecom-infrastrukturom-u-ulici-jasne-crnobori\/\" \/>\n<meta property=\"og:locale\" content=\"hr_HR\" \/>\n<meta property=\"og:type\" content=\"article\" \/>\n<meta property=\"og:title\" content=\"Ure\u0111ena prometnica s prate\u0107om infrastrukturom u Ulici Jasne Crnobori - Pulska Svakodnevnica\" \/>\n<meta property=\"og:description\" content=\"Ovotjednim postavljanjem habaju\u0107eg sloja asfalta i iscrtavanjem prometne signalizacije okon\u010dan je projekt izgradnje prometnice s oborinskom odvodnjom, javnom rasvjetom i\" \/>\n<meta property=\"og:url\" content=\"http:\/\/pulskasvakodnevnica.com\/index.php\/2019\/03\/29\/uredena-prometnica-s-pratecom-infrastrukturom-u-ulici-jasne-crnobori\/\" \/>\n<meta property=\"og:site_name\" content=\"Pulska Svakodnevnica\" \/>\n<meta property=\"article:publisher\" content=\"https:\/\/www.facebook.com\/PulskaSvakodnevnicaNews\" \/>\n<meta property=\"article:published_time\" content=\"2019-03-29T08:06:02+00:00\" \/>\n<meta property=\"article:modified_time\" content=\"2019-03-29T08:06:03+00:00\" \/>\n<meta property=\"og:image\" content=\"http:\/\/pulskasvakodnevnica.com\/wp-content\/uploads\/2019\/03\/2_DSC_0705.jpg\" \/>\n\t<meta property=\"og:image:width\" content=\"750\" \/>\n\t<meta property=\"og:image:height\" content=\"419\" \/>\n\t<meta property=\"og:image:type\" content=\"image\/jpeg\" \/>\n<meta name=\"author\" content=\"Pulska Svakodnevnica\" \/>\n<meta name=\"twitter:card\" content=\"summary_large_image\" \/>\n<meta name=\"twitter:label1\" content=\"Napisao\/la\" \/>\n\t<meta name=\"twitter:data1\" content=\"Pulska Svakodnevnica\" \/>\n\t<meta name=\"twitter:label2\" content=\"Procijenjeno vrijeme \u010ditanja\" \/>\n\t<meta name=\"twitter:data2\" content=\"1 minuta\" \/>\n<script type=\"application\/ld+json\" class=\"yoast-schema-graph\">{\"@context\":\"https:\/\/schema.org\",\"@graph\":[{\"@type\":\"WebPage\",\"@id\":\"http:\/\/pulskasvakodnevnica.com\/index.php\/2019\/03\/29\/uredena-prometnica-s-pratecom-infrastrukturom-u-ulici-jasne-crnobori\/\",\"url\":\"http:\/\/pulskasvakodnevnica.com\/index.php\/2019\/03\/29\/uredena-prometnica-s-pratecom-infrastrukturom-u-ulici-jasne-crnobori\/\",\"name\":\"Ure\u0111ena prometnica s prate\u0107om infrastrukturom u Ulici Jasne Crnobori - Pulska Svakodnevnica\",\"isPartOf\":{\"@id\":\"http:\/\/pulskasvakodnevnica.com\/#website\"},\"datePublished\":\"2019-03-29T08:06:02+00:00\",\"dateModified\":\"2019-03-29T08:06:03+00:00\",\"author\":{\"@id\":\"http:\/\/pulskasvakodnevnica.com\/#\/schema\/person\/95941daf7dfab0e8fd012b0d88608a3f\"},\"breadcrumb\":{\"@id\":\"http:\/\/pulskasvakodnevnica.com\/index.php\/2019\/03\/29\/uredena-prometnica-s-pratecom-infrastrukturom-u-ulici-jasne-crnobori\/#breadcrumb\"},\"inLanguage\":\"hr\",\"potentialAction\":[{\"@type\":\"ReadAction\",\"target\":[\"http:\/\/pulskasvakodnevnica.com\/index.php\/2019\/03\/29\/uredena-prometnica-s-pratecom-infrastrukturom-u-ulici-jasne-crnobori\/\"]}]},{\"@type\":\"BreadcrumbList\",\"@id\":\"http:\/\/pulskasvakodnevnica.com\/index.php\/2019\/03\/29\/uredena-prometnica-s-pratecom-infrastrukturom-u-ulici-jasne-crnobori\/#breadcrumb\",\"itemListElement\":[{\"@type\":\"ListItem\",\"position\":1,\"name\":\"Po\u010detna stranica\",\"item\":\"http:\/\/pulskasvakodnevnica.com\/\"},{\"@type\":\"ListItem\",\"position\":2,\"name\":\"Ure\u0111ena prometnica s prate\u0107om infrastrukturom u Ulici Jasne Crnobori\"}]},{\"@type\":\"WebSite\",\"@id\":\"http:\/\/pulskasvakodnevnica.com\/#website\",\"url\":\"http:\/\/pulskasvakodnevnica.com\/\",\"name\":\"Pulska Svakodnevnica\",\"description\":\"Vijesti iz Pule i Istre\",\"potentialAction\":[{\"@type\":\"SearchAction\",\"target\":{\"@type\":\"EntryPoint\",\"urlTemplate\":\"http:\/\/pulskasvakodnevnica.com\/?s={search_term_string}\"},\"query-input\":\"required name=search_term_string\"}],\"inLanguage\":\"hr\"},{\"@type\":\"Person\",\"@id\":\"http:\/\/pulskasvakodnevnica.com\/#\/schema\/person\/95941daf7dfab0e8fd012b0d88608a3f\",\"name\":\"Pulska Svakodnevnica\"}]}<\/script>\n<!-- \/ Yoast SEO plugin. -->","yoast_head_json":{"title":"Ure\u0111ena prometnica s prate\u0107om infrastrukturom u Ulici Jasne Crnobori - Pulska Svakodnevnica","robots":{"index":"index","follow":"follow","max-snippet":"max-snippet:-1","max-image-preview":"max-image-preview:large","max-video-preview":"max-video-preview:-1"},"canonical":"http:\/\/pulskasvakodnevnica.com\/index.php\/2019\/03\/29\/uredena-prometnica-s-pratecom-infrastrukturom-u-ulici-jasne-crnobori\/","og_locale":"hr_HR","og_type":"article","og_title":"Ure\u0111ena prometnica s prate\u0107om infrastrukturom u Ulici Jasne Crnobori - Pulska Svakodnevnica","og_description":"Ovotjednim postavljanjem habaju\u0107eg sloja asfalta i iscrtavanjem prometne signalizacije okon\u010dan je projekt izgradnje prometnice s oborinskom odvodnjom, javnom rasvjetom i","og_url":"http:\/\/pulskasvakodnevnica.com\/index.php\/2019\/03\/29\/uredena-prometnica-s-pratecom-infrastrukturom-u-ulici-jasne-crnobori\/","og_site_name":"Pulska Svakodnevnica","article_publisher":"https:\/\/www.facebook.com\/PulskaSvakodnevnicaNews","article_published_time":"2019-03-29T08:06:02+00:00","article_modified_time":"2019-03-29T08:06:03+00:00","og_image":[{"width":750,"height":419,"url":"http:\/\/pulskasvakodnevnica.com\/wp-content\/uploads\/2019\/03\/2_DSC_0705.jpg","type":"image\/jpeg"}],"author":"Pulska Svakodnevnica","twitter_card":"summary_large_image","twitter_misc":{"Napisao\/la":"Pulska Svakodnevnica","Procijenjeno vrijeme \u010ditanja":"1 minuta"},"schema":{"@context":"https:\/\/schema.org","@graph":[{"@type":"WebPage","@id":"http:\/\/pulskasvakodnevnica.com\/index.php\/2019\/03\/29\/uredena-prometnica-s-pratecom-infrastrukturom-u-ulici-jasne-crnobori\/","url":"http:\/\/pulskasvakodnevnica.com\/index.php\/2019\/03\/29\/uredena-prometnica-s-pratecom-infrastrukturom-u-ulici-jasne-crnobori\/","name":"Ure\u0111ena prometnica s prate\u0107om infrastrukturom u Ulici Jasne Crnobori - Pulska Svakodnevnica","isPartOf":{"@id":"http:\/\/pulskasvakodnevnica.com\/#website"},"datePublished":"2019-03-29T08:06:02+00:00","dateModified":"2019-03-29T08:06:03+00:00","author":{"@id":"http:\/\/pulskasvakodnevnica.com\/#\/schema\/person\/95941daf7dfab0e8fd012b0d88608a3f"},"breadcrumb":{"@id":"http:\/\/pulskasvakodnevnica.com\/index.php\/2019\/03\/29\/uredena-prometnica-s-pratecom-infrastrukturom-u-ulici-jasne-crnobori\/#breadcrumb"},"inLanguage":"hr","potentialAction":[{"@type":"ReadAction","target":["http:\/\/pulskasvakodnevnica.com\/index.php\/2019\/03\/29\/uredena-prometnica-s-pratecom-infrastrukturom-u-ulici-jasne-crnobori\/"]}]},{"@type":"BreadcrumbList","@id":"http:\/\/pulskasvakodnevnica.com\/index.php\/2019\/03\/29\/uredena-prometnica-s-pratecom-infrastrukturom-u-ulici-jasne-crnobori\/#breadcrumb","itemListElement":[{"@type":"ListItem","position":1,"name":"Po\u010detna stranica","item":"http:\/\/pulskasvakodnevnica.com\/"},{"@type":"ListItem","position":2,"name":"Ure\u0111ena prometnica s prate\u0107om infrastrukturom u Ulici Jasne Crnobori"}]},{"@type":"WebSite","@id":"http:\/\/pulskasvakodnevnica.com\/#website","url":"http:\/\/pulskasvakodnevnica.com\/","name":"Pulska Svakodnevnica","description":"Vijesti iz Pule i Istre","potentialAction":[{"@type":"SearchAction","target":{"@type":"EntryPoint","urlTemplate":"http:\/\/pulskasvakodnevnica.com\/?s={search_term_string}"},"query-input":"required name=search_term_string"}],"inLanguage":"hr"},{"@type":"Person","@id":"http:\/\/pulskasvakodnevnica.com\/#\/schema\/person\/95941daf7dfab0e8fd012b0d88608a3f","name":"Pulska Svakodnevnica"}]}},"_links":{"self":[{"href":"http:\/\/pulskasvakodnevnica.com\/index.php\/wp-json\/wp\/v2\/posts\/17617"}],"collection":[{"href":"http:\/\/pulskasvakodnevnica.com\/index.php\/wp-json\/wp\/v2\/posts"}],"about":[{"href":"http:\/\/pulskasvakodnevnica.com\/index.php\/wp-json\/wp\/v2\/types\/post"}],"author":[{"embeddable":true,"href":"http:\/\/pulskasvakodnevnica.com\/index.php\/wp-json\/wp\/v2\/users\/1"}],"replies":[{"embeddable":true,"href":"http:\/\/pulskasvakodnevnica.com\/index.php\/wp-json\/wp\/v2\/comments?post=17617"}],"version-history":[{"count":1,"href":"http:\/\/pulskasvakodnevnica.com\/index.php\/wp-json\/wp\/v2\/posts\/17617\/revisions"}],"predecessor-version":[{"id":17621,"href":"http:\/\/pulskasvakodnevnica.com\/index.php\/wp-json\/wp\/v2\/posts\/17617\/revisions\/17621"}],"wp:featuredmedia":[{"embeddable":true,"href":"http:\/\/pulskasvakodnevnica.com\/index.php\/wp-json\/wp\/v2\/media\/17620"}],"wp:attachment":[{"href":"http:\/\/pulskasvakodnevnica.com\/index.php\/wp-json\/wp\/v2\/media?parent=17617"}],"wp:term":[{"taxonomy":"category","embeddable":true,"href":"http:\/\/pulskasvakodnevnica.com\/index.php\/wp-json\/wp\/v2\/categories?post=17617"},{"taxonomy":"post_tag","embeddable":true,"href":"http:\/\/pulskasvakodnevnica.com\/index.php\/wp-json\/wp\/v2\/tags?post=17617"}],"curies":[{"name":"wp","href":"https:\/\/api.w.org\/{rel}","templated":true}]}}