{"id":19851,"date":"2019-07-29T16:16:56","date_gmt":"2019-07-29T14:16:56","guid":{"rendered":"http:\/\/pulskasvakodnevnica.com\/?p=19851"},"modified":"2019-07-29T16:16:56","modified_gmt":"2019-07-29T14:16:56","slug":"putovanje-u-srednjovjekovni-svetvincenat-proslost-koju-mozete-dozivjeti","status":"publish","type":"post","link":"http:\/\/pulskasvakodnevnica.com\/index.php\/2019\/07\/29\/putovanje-u-srednjovjekovni-svetvincenat-proslost-koju-mozete-dozivjeti\/","title":{"rendered":"Putovanje u srednjovjekovni Svetvin\u010denat \u2013 pro\u0161lost koju mo\u017eete do\u017eivjeti"},"content":{"rendered":"\n<p><strong>9. Srednjovjekovni festival &#8211; Svetvin\u010denat &#8211; 2.- 4. kolovoz 2019.<\/strong><\/p>\n\n\n\n<p>Svetvin\u010denat, 29. srpanj 2019. \u2013 Danas je u Ka\u0161telu Morosini-Grimani u Svetvin\u010dentu najavljen 9. Srednjovjekovni festival. Medijima su se obratili Dalibor Macan, na\u010delnik Op\u0107ine Svetvin\u010denat, Igor Macan, voditelj razvojnih programa i projekata te Dean Pustijanac, direktor Turisti\u010dke zajednice Op\u0107ine Svetvin\u010denat. Ovogodi\u0161nji program festivala tako\u0111er je podijeljen u tri tematska dana: petak kao Obiteljski dan, subota Dan vite\u0161tva i nedjelja kao Dan legendi <em>(detaljan program u privitku).<\/em><br \/><\/p>\n\n\n\n<p>Uvodne rije\u010di uputio je predstavnicima medija na\u010delnik Op\u0107ine Svetvin\u010denat Dalibor Macan: \u201eSrednjovjekovni festival je trenutno najva\u017enija manifestacija u na\u0161oj op\u0107ini te je postala i vrlo va\u017ean motiv dolaska na godi\u0161nji odmor u na\u0161 kraj. Tijekom razdoblja odr\u017eavanja Srednjovjekovnog festivala smje\u0161tajni kapaciteti su gotovo u potpunosti popunjeni. Kompletna turisti\u010dka ponuda na\u0161e op\u0107ine pro\u017eima se motivima koje ovaj Festival isti\u010de od ostalih manifestacija. Ponajvi\u0161e se moramo zahvaliti na\u0161im gospodarstvenicima, poduzetnicima koji su se maksimalno uklju\u010dili u stvaranje ove prepoznatljivosti te svojim uklju\u010divanjem kreirali dodatne atraktivne sadr\u017eaje za sve na\u0161e goste ali i za doma\u0107e posjetitelje.\u201c\u00a0\u00a0<\/p>\n\n\n\n<p>\u00a0\u00a0<\/p>\n\n\n\n<figure class=\"wp-block-image\"><img loading=\"lazy\" decoding=\"async\" width=\"400\" height=\"266\" src=\"http:\/\/pulskasvakodnevnica.com\/wp-content\/uploads\/2019\/07\/29072019_Srednjovjekovni-festival-Svetvincenat_DeanPustijanac_DaliborMacan_IgorMacan.jpg\" alt=\"\" class=\"wp-image-19852\" srcset=\"http:\/\/pulskasvakodnevnica.com\/wp-content\/uploads\/2019\/07\/29072019_Srednjovjekovni-festival-Svetvincenat_DeanPustijanac_DaliborMacan_IgorMacan.jpg 400w, http:\/\/pulskasvakodnevnica.com\/wp-content\/uploads\/2019\/07\/29072019_Srednjovjekovni-festival-Svetvincenat_DeanPustijanac_DaliborMacan_IgorMacan-150x100.jpg 150w, http:\/\/pulskasvakodnevnica.com\/wp-content\/uploads\/2019\/07\/29072019_Srednjovjekovni-festival-Svetvincenat_DeanPustijanac_DaliborMacan_IgorMacan-300x200.jpg 300w\" sizes=\"(max-width: 400px) 100vw, 400px\" \/><\/figure>\n\n\n\n<p>Progam je vrlo bogat i uklju\u010duje veliki broj sudionika iz raznih udruga i dru\u0161tava koji njeguju tradicije i kulturu srednjovjekovnih majstora, animatora, vitezova, umjetnika te ostalih \u201euloga\u201c koje na tri dana o\u017eive srednji vijek u Svetvin\u010dentu.\u00a0 Neke od udruga su sudionici u programu od prve manifestacije, a uvijek se nastoji osvije\u017eiti program i s novitetima kao \u0161to je najavio za ovu godinu Igor Macan: \u201eNastavljamo s podjelom na tri tematska dana te najavljujemo dje\u010dju vite\u0161ku borbu koja je vrlo interesantna za djecu ali i njihove roditelje te \u0107e se odr\u017eat u petak. Drugi dan je naglasak na vite\u0161ke borbe, borila\u010dke vje\u0161tine, predstavljanje sve mogu\u0107e artiljerije i srednjovjekovnih borbenih rekvizita i vje\u0161tina. A tre\u0107i dan je posve\u0107en legendama gdje kulminira program s prikazom Legende o vje\u0161tici Mare te sam kraj Festivala kada se scenski do\u010dara \u201espaljivanje\u201c Ka\u0161tela.\u201c<\/p>\n\n\n\n<figure class=\"wp-block-image\"><img loading=\"lazy\" decoding=\"async\" width=\"400\" height=\"266\" src=\"http:\/\/pulskasvakodnevnica.com\/wp-content\/uploads\/2019\/07\/Srednjovjekovni-festival-u-Svetvincentu_Zavrsetak-festivala-uprilicenjem-spaljivanja-Kastela-Morosini_Grimani.jpg\" alt=\"\" class=\"wp-image-19853\" srcset=\"http:\/\/pulskasvakodnevnica.com\/wp-content\/uploads\/2019\/07\/Srednjovjekovni-festival-u-Svetvincentu_Zavrsetak-festivala-uprilicenjem-spaljivanja-Kastela-Morosini_Grimani.jpg 400w, http:\/\/pulskasvakodnevnica.com\/wp-content\/uploads\/2019\/07\/Srednjovjekovni-festival-u-Svetvincentu_Zavrsetak-festivala-uprilicenjem-spaljivanja-Kastela-Morosini_Grimani-150x100.jpg 150w, http:\/\/pulskasvakodnevnica.com\/wp-content\/uploads\/2019\/07\/Srednjovjekovni-festival-u-Svetvincentu_Zavrsetak-festivala-uprilicenjem-spaljivanja-Kastela-Morosini_Grimani-300x200.jpg 300w\" sizes=\"(max-width: 400px) 100vw, 400px\" \/><\/figure>\n\n\n\n<p>Kao novitet ovogodi\u0161nje gastro ponude je mogu\u0107nost kupnje festivalske bire Campagnola u posebnoj pivskoj krigli koje dolazi na festival u limited edition izdanju.&nbsp; Festivalske krigle bit \u0107e dostupne u ograni\u010denom broju te se pozivaju ljubitelji pive da na vrijeme do\u0111u u Svetvin\u010denat i kupe svoju srednjovjekovnu kriglu. Bit \u0107e tu i animacija kroz mini tematski park St. Michael koji \u0107e vam predstaviti sve aktivnosti koje ina\u010de mo\u017eete isprobati u Tematskom srednjovjekovnom parku st. Michael iz Raponji pored Svetvin\u010denta.&nbsp;&nbsp;&nbsp;<\/p>\n\n\n\n<p>Novitet programa je gostovanje grupe Toi Ahi Danza del Fuoco iz Italije koji \u0107e u nedjelju odu\u0161eviti posjetitelje svojim vatrenim nastupom. Njihov nastup po\u010dinje u 23 sata kao uvertira zavr\u0161nog programa festivala. Dio programa su i ove godine atraktivni nastupi udruge Hector iz Slova\u010dke koji su drugi put u Svetvin\u010dentu. Svakoga dana s po\u010detkom u 19 sati pogledajte veli\u010danstveni nastup udruge Sokolary iz grada Sv. Bavona iz Slova\u010dke koji \u0107e pokazati drevnu vje\u0161tinu i ljepotu suradnje \u010dovjeka i sokolova. Gostuju jo\u0161: iz Donje Stubice dolazi Dru\u017eba vitezova Zlatnog kale\u017ea i Tahyjevi pu\u0161kari, doma\u0107ini su Povijesna udruga Ka\u0161tel iz Svetvin\u010denta, gosti su i Vitezovi Zelingradski iz Svetog Ivana Zelina, a dolaze i La compagnia d&#8217;arme Malleus iz Trsta, Ursus iz Bratislave (Slova\u010dka), Vitezi Belega Volka iz Celja (Slovenija), Halloenek Hungarica iz Ma\u0111arske, Corpo di guardia di Gradara iz Gradare (Italija), Vodorige iz Zagreba te Gruppo storico musici e sbandieratori Saletto. U programu Srednjovjekovnog festivala u Svetvin\u010dentu sudjeluje oko 250 kostimiranih sudionika iz doma\u0107ih i inozemnih udruga.&nbsp;<br \/><\/p>\n\n\n\n<p>U sklopu brojnih aktivnosti i ponuda iz programa, isti\u010demo izbor najbolje fotografije sa Srednjovjekovnog festivala u organizaciji Turisti\u010dke zajednice Op\u0107ine Svetvin\u010denat. Pravila Foto natje\u010daja potra\u017eite i prijaviti se mo\u017ee na stranici <a href=\"http:\/\/www.foto.svetvincenat.hr\">www.foto.svetvincenat.hr<\/a> . \u201eFotografije koje pristignu ocjenjuju se kroz tri kategorije, akcijska, portretna i no\u0107na fotografija. Najbolje \u0107e odabrati stru\u010dni \u017eiri u sastavu: &nbsp;Barbara Ban, novinarka, Manuel Angelini<strong>,<\/strong> profesionalni fotograf, Andi Ban\u010di\u0107, profesor likovne kulture (Pu\u010dko otvoreno u\u010dili\u0161te Pore\u010d) i Hassan Abdelghani, profesionalni fotograf i Giordano Cellich, profesionalni fotograf,\u201c najavio je foto natje\u010daj direktor Turisti\u010dke zajednice Pustijanac.<br \/><\/p>\n\n\n\n<p><strong>Ulaznice u pretprodaji se mogu kupiti do \u010detvrtka nave\u010der (1.8.2019.) u Visitor centru po cijeni od 30 kuna. Za vrijeme trajanja Festivala cijena ulaznice bit \u0107e 40 kuna. Djeca do 115 centimetara visine imat \u0107e besplatan ulaz, za djecu vi\u0161u od 115 centimetara i do 14 godina cijena ulaznice bit \u0107e 10 kuna.&nbsp;<\/strong><br \/><\/p>\n\n\n\n<p>Srednjovjekovni festival u Svetvin\u010dentu donosi \u010daroliju drugih vremena pred va\u0161im o\u010dima. Upoznajte obi\u010daje, na\u010din \u017eivota, misti\u010dnost i posebnost tog davnog doba uprizorenog i \u017eivog od 2. do 4. kolovoza 2019. godine podno i oko ka\u0161tela Morosini-Grimani.<br \/><\/p>\n\n\n\n<p><em>Vi\u0161e o festivalu pratite na:<\/em><\/p>\n\n\n\n<p><em>Facebook profilu, Twitteru, Instagramu te na web stranicama Op\u0107ine Svetvin\u010denat i Turisti\u010dke zajednice Op\u0107ine Svetvin\u010denat.<\/em><br \/><\/p>\n","protected":false},"excerpt":{"rendered":"<p>9. Srednjovjekovni festival &#8211; Svetvin\u010denat &#8211; 2.- 4. kolovoz 2019. Svetvin\u010denat, 29. srpanj 2019. \u2013 Danas je u Ka\u0161telu Morosini-Grimani<\/p>\n","protected":false},"author":1,"featured_media":19854,"comment_status":"closed","ping_status":"closed","sticky":false,"template":"","format":"standard","meta":{"_mi_skip_tracking":false,"footnotes":""},"categories":[84,1],"tags":[],"yoast_head":"<!-- This site is optimized with the Yoast SEO plugin v20.4 - https:\/\/yoast.com\/wordpress\/plugins\/seo\/ -->\n<title>Putovanje u srednjovjekovni Svetvin\u010denat \u2013 pro\u0161lost koju mo\u017eete do\u017eivjeti - Pulska Svakodnevnica<\/title>\n<meta name=\"robots\" content=\"index, follow, max-snippet:-1, max-image-preview:large, max-video-preview:-1\" \/>\n<link rel=\"canonical\" href=\"http:\/\/pulskasvakodnevnica.com\/index.php\/2019\/07\/29\/putovanje-u-srednjovjekovni-svetvincenat-proslost-koju-mozete-dozivjeti\/\" \/>\n<meta property=\"og:locale\" content=\"hr_HR\" \/>\n<meta property=\"og:type\" content=\"article\" \/>\n<meta property=\"og:title\" content=\"Putovanje u srednjovjekovni Svetvin\u010denat \u2013 pro\u0161lost koju mo\u017eete do\u017eivjeti - Pulska Svakodnevnica\" \/>\n<meta property=\"og:description\" content=\"9. Srednjovjekovni festival &#8211; Svetvin\u010denat &#8211; 2.- 4. kolovoz 2019. Svetvin\u010denat, 29. srpanj 2019. \u2013 Danas je u Ka\u0161telu Morosini-Grimani\" \/>\n<meta property=\"og:url\" content=\"http:\/\/pulskasvakodnevnica.com\/index.php\/2019\/07\/29\/putovanje-u-srednjovjekovni-svetvincenat-proslost-koju-mozete-dozivjeti\/\" \/>\n<meta property=\"og:site_name\" content=\"Pulska Svakodnevnica\" \/>\n<meta property=\"article:publisher\" content=\"https:\/\/www.facebook.com\/PulskaSvakodnevnicaNews\" \/>\n<meta property=\"article:published_time\" content=\"2019-07-29T14:16:56+00:00\" \/>\n<meta property=\"og:image\" content=\"http:\/\/pulskasvakodnevnica.com\/wp-content\/uploads\/2019\/07\/Srednjovjekovni-festival-u-Svetvincentu_Nastup-vitezova-Hector-iz-Slovacke.jpg\" \/>\n\t<meta property=\"og:image:width\" content=\"750\" \/>\n\t<meta property=\"og:image:height\" content=\"420\" \/>\n\t<meta property=\"og:image:type\" content=\"image\/jpeg\" \/>\n<meta name=\"author\" content=\"Pulska Svakodnevnica\" \/>\n<meta name=\"twitter:card\" content=\"summary_large_image\" \/>\n<meta name=\"twitter:label1\" content=\"Napisao\/la\" \/>\n\t<meta name=\"twitter:data1\" content=\"Pulska Svakodnevnica\" \/>\n\t<meta name=\"twitter:label2\" content=\"Procijenjeno vrijeme \u010ditanja\" \/>\n\t<meta name=\"twitter:data2\" content=\"4 minute\" \/>\n<script type=\"application\/ld+json\" class=\"yoast-schema-graph\">{\"@context\":\"https:\/\/schema.org\",\"@graph\":[{\"@type\":\"WebPage\",\"@id\":\"http:\/\/pulskasvakodnevnica.com\/index.php\/2019\/07\/29\/putovanje-u-srednjovjekovni-svetvincenat-proslost-koju-mozete-dozivjeti\/\",\"url\":\"http:\/\/pulskasvakodnevnica.com\/index.php\/2019\/07\/29\/putovanje-u-srednjovjekovni-svetvincenat-proslost-koju-mozete-dozivjeti\/\",\"name\":\"Putovanje u srednjovjekovni Svetvin\u010denat \u2013 pro\u0161lost koju mo\u017eete do\u017eivjeti - Pulska Svakodnevnica\",\"isPartOf\":{\"@id\":\"http:\/\/pulskasvakodnevnica.com\/#website\"},\"datePublished\":\"2019-07-29T14:16:56+00:00\",\"dateModified\":\"2019-07-29T14:16:56+00:00\",\"author\":{\"@id\":\"http:\/\/pulskasvakodnevnica.com\/#\/schema\/person\/95941daf7dfab0e8fd012b0d88608a3f\"},\"breadcrumb\":{\"@id\":\"http:\/\/pulskasvakodnevnica.com\/index.php\/2019\/07\/29\/putovanje-u-srednjovjekovni-svetvincenat-proslost-koju-mozete-dozivjeti\/#breadcrumb\"},\"inLanguage\":\"hr\",\"potentialAction\":[{\"@type\":\"ReadAction\",\"target\":[\"http:\/\/pulskasvakodnevnica.com\/index.php\/2019\/07\/29\/putovanje-u-srednjovjekovni-svetvincenat-proslost-koju-mozete-dozivjeti\/\"]}]},{\"@type\":\"BreadcrumbList\",\"@id\":\"http:\/\/pulskasvakodnevnica.com\/index.php\/2019\/07\/29\/putovanje-u-srednjovjekovni-svetvincenat-proslost-koju-mozete-dozivjeti\/#breadcrumb\",\"itemListElement\":[{\"@type\":\"ListItem\",\"position\":1,\"name\":\"Po\u010detna stranica\",\"item\":\"http:\/\/pulskasvakodnevnica.com\/\"},{\"@type\":\"ListItem\",\"position\":2,\"name\":\"Putovanje u srednjovjekovni Svetvin\u010denat \u2013 pro\u0161lost koju mo\u017eete do\u017eivjeti\"}]},{\"@type\":\"WebSite\",\"@id\":\"http:\/\/pulskasvakodnevnica.com\/#website\",\"url\":\"http:\/\/pulskasvakodnevnica.com\/\",\"name\":\"Pulska Svakodnevnica\",\"description\":\"Vijesti iz Pule i Istre\",\"potentialAction\":[{\"@type\":\"SearchAction\",\"target\":{\"@type\":\"EntryPoint\",\"urlTemplate\":\"http:\/\/pulskasvakodnevnica.com\/?s={search_term_string}\"},\"query-input\":\"required name=search_term_string\"}],\"inLanguage\":\"hr\"},{\"@type\":\"Person\",\"@id\":\"http:\/\/pulskasvakodnevnica.com\/#\/schema\/person\/95941daf7dfab0e8fd012b0d88608a3f\",\"name\":\"Pulska Svakodnevnica\"}]}<\/script>\n<!-- \/ Yoast SEO plugin. -->","yoast_head_json":{"title":"Putovanje u srednjovjekovni Svetvin\u010denat \u2013 pro\u0161lost koju mo\u017eete do\u017eivjeti - Pulska Svakodnevnica","robots":{"index":"index","follow":"follow","max-snippet":"max-snippet:-1","max-image-preview":"max-image-preview:large","max-video-preview":"max-video-preview:-1"},"canonical":"http:\/\/pulskasvakodnevnica.com\/index.php\/2019\/07\/29\/putovanje-u-srednjovjekovni-svetvincenat-proslost-koju-mozete-dozivjeti\/","og_locale":"hr_HR","og_type":"article","og_title":"Putovanje u srednjovjekovni Svetvin\u010denat \u2013 pro\u0161lost koju mo\u017eete do\u017eivjeti - Pulska Svakodnevnica","og_description":"9. Srednjovjekovni festival &#8211; Svetvin\u010denat &#8211; 2.- 4. kolovoz 2019. Svetvin\u010denat, 29. srpanj 2019. \u2013 Danas je u Ka\u0161telu Morosini-Grimani","og_url":"http:\/\/pulskasvakodnevnica.com\/index.php\/2019\/07\/29\/putovanje-u-srednjovjekovni-svetvincenat-proslost-koju-mozete-dozivjeti\/","og_site_name":"Pulska Svakodnevnica","article_publisher":"https:\/\/www.facebook.com\/PulskaSvakodnevnicaNews","article_published_time":"2019-07-29T14:16:56+00:00","og_image":[{"width":750,"height":420,"url":"http:\/\/pulskasvakodnevnica.com\/wp-content\/uploads\/2019\/07\/Srednjovjekovni-festival-u-Svetvincentu_Nastup-vitezova-Hector-iz-Slovacke.jpg","type":"image\/jpeg"}],"author":"Pulska Svakodnevnica","twitter_card":"summary_large_image","twitter_misc":{"Napisao\/la":"Pulska Svakodnevnica","Procijenjeno vrijeme \u010ditanja":"4 minute"},"schema":{"@context":"https:\/\/schema.org","@graph":[{"@type":"WebPage","@id":"http:\/\/pulskasvakodnevnica.com\/index.php\/2019\/07\/29\/putovanje-u-srednjovjekovni-svetvincenat-proslost-koju-mozete-dozivjeti\/","url":"http:\/\/pulskasvakodnevnica.com\/index.php\/2019\/07\/29\/putovanje-u-srednjovjekovni-svetvincenat-proslost-koju-mozete-dozivjeti\/","name":"Putovanje u srednjovjekovni Svetvin\u010denat \u2013 pro\u0161lost koju mo\u017eete do\u017eivjeti - Pulska Svakodnevnica","isPartOf":{"@id":"http:\/\/pulskasvakodnevnica.com\/#website"},"datePublished":"2019-07-29T14:16:56+00:00","dateModified":"2019-07-29T14:16:56+00:00","author":{"@id":"http:\/\/pulskasvakodnevnica.com\/#\/schema\/person\/95941daf7dfab0e8fd012b0d88608a3f"},"breadcrumb":{"@id":"http:\/\/pulskasvakodnevnica.com\/index.php\/2019\/07\/29\/putovanje-u-srednjovjekovni-svetvincenat-proslost-koju-mozete-dozivjeti\/#breadcrumb"},"inLanguage":"hr","potentialAction":[{"@type":"ReadAction","target":["http:\/\/pulskasvakodnevnica.com\/index.php\/2019\/07\/29\/putovanje-u-srednjovjekovni-svetvincenat-proslost-koju-mozete-dozivjeti\/"]}]},{"@type":"BreadcrumbList","@id":"http:\/\/pulskasvakodnevnica.com\/index.php\/2019\/07\/29\/putovanje-u-srednjovjekovni-svetvincenat-proslost-koju-mozete-dozivjeti\/#breadcrumb","itemListElement":[{"@type":"ListItem","position":1,"name":"Po\u010detna stranica","item":"http:\/\/pulskasvakodnevnica.com\/"},{"@type":"ListItem","position":2,"name":"Putovanje u srednjovjekovni Svetvin\u010denat \u2013 pro\u0161lost koju mo\u017eete do\u017eivjeti"}]},{"@type":"WebSite","@id":"http:\/\/pulskasvakodnevnica.com\/#website","url":"http:\/\/pulskasvakodnevnica.com\/","name":"Pulska Svakodnevnica","description":"Vijesti iz Pule i Istre","potentialAction":[{"@type":"SearchAction","target":{"@type":"EntryPoint","urlTemplate":"http:\/\/pulskasvakodnevnica.com\/?s={search_term_string}"},"query-input":"required name=search_term_string"}],"inLanguage":"hr"},{"@type":"Person","@id":"http:\/\/pulskasvakodnevnica.com\/#\/schema\/person\/95941daf7dfab0e8fd012b0d88608a3f","name":"Pulska Svakodnevnica"}]}},"_links":{"self":[{"href":"http:\/\/pulskasvakodnevnica.com\/index.php\/wp-json\/wp\/v2\/posts\/19851"}],"collection":[{"href":"http:\/\/pulskasvakodnevnica.com\/index.php\/wp-json\/wp\/v2\/posts"}],"about":[{"href":"http:\/\/pulskasvakodnevnica.com\/index.php\/wp-json\/wp\/v2\/types\/post"}],"author":[{"embeddable":true,"href":"http:\/\/pulskasvakodnevnica.com\/index.php\/wp-json\/wp\/v2\/users\/1"}],"replies":[{"embeddable":true,"href":"http:\/\/pulskasvakodnevnica.com\/index.php\/wp-json\/wp\/v2\/comments?post=19851"}],"version-history":[{"count":1,"href":"http:\/\/pulskasvakodnevnica.com\/index.php\/wp-json\/wp\/v2\/posts\/19851\/revisions"}],"predecessor-version":[{"id":19855,"href":"http:\/\/pulskasvakodnevnica.com\/index.php\/wp-json\/wp\/v2\/posts\/19851\/revisions\/19855"}],"wp:featuredmedia":[{"embeddable":true,"href":"http:\/\/pulskasvakodnevnica.com\/index.php\/wp-json\/wp\/v2\/media\/19854"}],"wp:attachment":[{"href":"http:\/\/pulskasvakodnevnica.com\/index.php\/wp-json\/wp\/v2\/media?parent=19851"}],"wp:term":[{"taxonomy":"category","embeddable":true,"href":"http:\/\/pulskasvakodnevnica.com\/index.php\/wp-json\/wp\/v2\/categories?post=19851"},{"taxonomy":"post_tag","embeddable":true,"href":"http:\/\/pulskasvakodnevnica.com\/index.php\/wp-json\/wp\/v2\/tags?post=19851"}],"curies":[{"name":"wp","href":"https:\/\/api.w.org\/{rel}","templated":true}]}}