{"id":23947,"date":"2020-06-22T11:26:48","date_gmt":"2020-06-22T09:26:48","guid":{"rendered":"http:\/\/pulskasvakodnevnica.com\/?p=23947"},"modified":"2020-06-22T11:26:48","modified_gmt":"2020-06-22T09:26:48","slug":"poznajemo-i-volimo-se-50-godina","status":"publish","type":"post","link":"http:\/\/pulskasvakodnevnica.com\/index.php\/2020\/06\/22\/poznajemo-i-volimo-se-50-godina\/","title":{"rendered":"Poznajemo i volimo se 50 godina"},"content":{"rendered":"\n<p>Nekada\u0161nji u\u010denici i u\u010denice, generacije 1971.\/72. godine, Osnovne \u0161kole &#8220;43. Istarske divizije&#8221;, koja danas nosi naziv Osnovna \u0161kola Vidikovac, okupili su se u subotu, 20. lipnja 2020., kako bi proslavili 50 godina od polaska u \u0161kolu. <\/p>\n\n\n\n<p>U\u010diteljica od 1. do 4. razreda\u00a0 im je bila Lucija Mladenovi\u0107, a od 5. do 8. bio je Klaudio Prelac. <\/p>\n\n\n\n<p>Ina\u010de se sastaju svake godine.Dru\u017eenje su zapo\u010deli u restoranu &#8220;Sopravento&#8221;, u ACI marini u Pomeru, a nastavili u diskoteci &#8220;Barracuda&#8221;, u Medulinu, do ranih jutarnjih sati.\u00a0 <\/p>\n\n\n\n<p>Proslava 50. obljetnice od polaska u \u0161kolu bila je odli\u010dna prilika za ponovni susret i prisje\u0107anje na dane djetinjstva i vremena provedenog u osnovnoj \u0161koli.\u00a0\u00a0<\/p>\n\n\n\n<figure class=\"wp-block-image size-large\"><img loading=\"lazy\" decoding=\"async\" width=\"400\" height=\"189\" src=\"http:\/\/pulskasvakodnevnica.com\/wp-content\/uploads\/2020\/06\/1slika.jpg\" alt=\"\" class=\"wp-image-23948\" srcset=\"http:\/\/pulskasvakodnevnica.com\/wp-content\/uploads\/2020\/06\/1slika.jpg 400w, http:\/\/pulskasvakodnevnica.com\/wp-content\/uploads\/2020\/06\/1slika-300x142.jpg 300w, http:\/\/pulskasvakodnevnica.com\/wp-content\/uploads\/2020\/06\/1slika-150x71.jpg 150w\" sizes=\"(max-width: 400px) 100vw, 400px\" \/><\/figure>\n\n\n\n<figure class=\"wp-block-image size-large\"><img loading=\"lazy\" decoding=\"async\" width=\"400\" height=\"299\" src=\"http:\/\/pulskasvakodnevnica.com\/wp-content\/uploads\/2020\/06\/2slika.jpg\" alt=\"\" class=\"wp-image-23949\" srcset=\"http:\/\/pulskasvakodnevnica.com\/wp-content\/uploads\/2020\/06\/2slika.jpg 400w, http:\/\/pulskasvakodnevnica.com\/wp-content\/uploads\/2020\/06\/2slika-300x224.jpg 300w, http:\/\/pulskasvakodnevnica.com\/wp-content\/uploads\/2020\/06\/2slika-150x112.jpg 150w\" sizes=\"(max-width: 400px) 100vw, 400px\" \/><\/figure>\n\n\n\n<figure class=\"wp-block-image size-large\"><img loading=\"lazy\" decoding=\"async\" width=\"400\" height=\"234\" src=\"http:\/\/pulskasvakodnevnica.com\/wp-content\/uploads\/2020\/06\/3slika.jpg\" alt=\"\" class=\"wp-image-23950\" srcset=\"http:\/\/pulskasvakodnevnica.com\/wp-content\/uploads\/2020\/06\/3slika.jpg 400w, http:\/\/pulskasvakodnevnica.com\/wp-content\/uploads\/2020\/06\/3slika-300x176.jpg 300w, http:\/\/pulskasvakodnevnica.com\/wp-content\/uploads\/2020\/06\/3slika-150x88.jpg 150w\" sizes=\"(max-width: 400px) 100vw, 400px\" \/><\/figure>\n\n\n\n<figure class=\"wp-block-image size-large\"><img loading=\"lazy\" decoding=\"async\" width=\"400\" height=\"285\" src=\"http:\/\/pulskasvakodnevnica.com\/wp-content\/uploads\/2020\/06\/5-slika.jpg\" alt=\"\" class=\"wp-image-23951\" srcset=\"http:\/\/pulskasvakodnevnica.com\/wp-content\/uploads\/2020\/06\/5-slika.jpg 400w, http:\/\/pulskasvakodnevnica.com\/wp-content\/uploads\/2020\/06\/5-slika-300x214.jpg 300w, http:\/\/pulskasvakodnevnica.com\/wp-content\/uploads\/2020\/06\/5-slika-150x107.jpg 150w\" sizes=\"(max-width: 400px) 100vw, 400px\" \/><\/figure>\n","protected":false},"excerpt":{"rendered":"<p>Nekada\u0161nji u\u010denici i u\u010denice, generacije 1971.\/72. godine, Osnovne \u0161kole &#8220;43. Istarske divizije&#8221;, koja danas nosi naziv Osnovna \u0161kola Vidikovac, okupili<\/p>\n","protected":false},"author":1,"featured_media":23952,"comment_status":"closed","ping_status":"closed","sticky":false,"template":"","format":"standard","meta":{"_mi_skip_tracking":false,"footnotes":""},"categories":[1,99],"tags":[],"yoast_head":"<!-- This site is optimized with the Yoast SEO plugin v20.4 - https:\/\/yoast.com\/wordpress\/plugins\/seo\/ -->\n<title>Poznajemo i volimo se 50 godina - Pulska Svakodnevnica<\/title>\n<meta name=\"robots\" content=\"index, follow, max-snippet:-1, max-image-preview:large, max-video-preview:-1\" \/>\n<link rel=\"canonical\" href=\"http:\/\/pulskasvakodnevnica.com\/index.php\/2020\/06\/22\/poznajemo-i-volimo-se-50-godina\/\" \/>\n<meta property=\"og:locale\" content=\"hr_HR\" \/>\n<meta property=\"og:type\" content=\"article\" \/>\n<meta property=\"og:title\" content=\"Poznajemo i volimo se 50 godina - Pulska Svakodnevnica\" \/>\n<meta property=\"og:description\" content=\"Nekada\u0161nji u\u010denici i u\u010denice, generacije 1971.\/72. godine, Osnovne \u0161kole &#8220;43. Istarske divizije&#8221;, koja danas nosi naziv Osnovna \u0161kola Vidikovac, okupili\" \/>\n<meta property=\"og:url\" content=\"http:\/\/pulskasvakodnevnica.com\/index.php\/2020\/06\/22\/poznajemo-i-volimo-se-50-godina\/\" \/>\n<meta property=\"og:site_name\" content=\"Pulska Svakodnevnica\" \/>\n<meta property=\"article:publisher\" content=\"https:\/\/www.facebook.com\/PulskaSvakodnevnicaNews\" \/>\n<meta property=\"article:published_time\" content=\"2020-06-22T09:26:48+00:00\" \/>\n<meta property=\"og:image\" content=\"http:\/\/pulskasvakodnevnica.com\/wp-content\/uploads\/2020\/06\/4-slika.jpg\" \/>\n\t<meta property=\"og:image:width\" content=\"750\" \/>\n\t<meta property=\"og:image:height\" content=\"420\" \/>\n\t<meta property=\"og:image:type\" content=\"image\/jpeg\" \/>\n<meta name=\"author\" content=\"Pulska Svakodnevnica\" \/>\n<meta name=\"twitter:card\" content=\"summary_large_image\" \/>\n<meta name=\"twitter:label1\" content=\"Napisao\/la\" \/>\n\t<meta name=\"twitter:data1\" content=\"Pulska Svakodnevnica\" \/>\n\t<meta name=\"twitter:label2\" content=\"Procijenjeno vrijeme \u010ditanja\" \/>\n\t<meta name=\"twitter:data2\" content=\"1 minuta\" \/>\n<script type=\"application\/ld+json\" class=\"yoast-schema-graph\">{\"@context\":\"https:\/\/schema.org\",\"@graph\":[{\"@type\":\"WebPage\",\"@id\":\"http:\/\/pulskasvakodnevnica.com\/index.php\/2020\/06\/22\/poznajemo-i-volimo-se-50-godina\/\",\"url\":\"http:\/\/pulskasvakodnevnica.com\/index.php\/2020\/06\/22\/poznajemo-i-volimo-se-50-godina\/\",\"name\":\"Poznajemo i volimo se 50 godina - Pulska Svakodnevnica\",\"isPartOf\":{\"@id\":\"http:\/\/pulskasvakodnevnica.com\/#website\"},\"datePublished\":\"2020-06-22T09:26:48+00:00\",\"dateModified\":\"2020-06-22T09:26:48+00:00\",\"author\":{\"@id\":\"http:\/\/pulskasvakodnevnica.com\/#\/schema\/person\/95941daf7dfab0e8fd012b0d88608a3f\"},\"breadcrumb\":{\"@id\":\"http:\/\/pulskasvakodnevnica.com\/index.php\/2020\/06\/22\/poznajemo-i-volimo-se-50-godina\/#breadcrumb\"},\"inLanguage\":\"hr\",\"potentialAction\":[{\"@type\":\"ReadAction\",\"target\":[\"http:\/\/pulskasvakodnevnica.com\/index.php\/2020\/06\/22\/poznajemo-i-volimo-se-50-godina\/\"]}]},{\"@type\":\"BreadcrumbList\",\"@id\":\"http:\/\/pulskasvakodnevnica.com\/index.php\/2020\/06\/22\/poznajemo-i-volimo-se-50-godina\/#breadcrumb\",\"itemListElement\":[{\"@type\":\"ListItem\",\"position\":1,\"name\":\"Po\u010detna stranica\",\"item\":\"http:\/\/pulskasvakodnevnica.com\/\"},{\"@type\":\"ListItem\",\"position\":2,\"name\":\"Poznajemo i volimo se 50 godina\"}]},{\"@type\":\"WebSite\",\"@id\":\"http:\/\/pulskasvakodnevnica.com\/#website\",\"url\":\"http:\/\/pulskasvakodnevnica.com\/\",\"name\":\"Pulska Svakodnevnica\",\"description\":\"Vijesti iz Pule i Istre\",\"potentialAction\":[{\"@type\":\"SearchAction\",\"target\":{\"@type\":\"EntryPoint\",\"urlTemplate\":\"http:\/\/pulskasvakodnevnica.com\/?s={search_term_string}\"},\"query-input\":\"required name=search_term_string\"}],\"inLanguage\":\"hr\"},{\"@type\":\"Person\",\"@id\":\"http:\/\/pulskasvakodnevnica.com\/#\/schema\/person\/95941daf7dfab0e8fd012b0d88608a3f\",\"name\":\"Pulska Svakodnevnica\"}]}<\/script>\n<!-- \/ Yoast SEO plugin. -->","yoast_head_json":{"title":"Poznajemo i volimo se 50 godina - Pulska Svakodnevnica","robots":{"index":"index","follow":"follow","max-snippet":"max-snippet:-1","max-image-preview":"max-image-preview:large","max-video-preview":"max-video-preview:-1"},"canonical":"http:\/\/pulskasvakodnevnica.com\/index.php\/2020\/06\/22\/poznajemo-i-volimo-se-50-godina\/","og_locale":"hr_HR","og_type":"article","og_title":"Poznajemo i volimo se 50 godina - Pulska Svakodnevnica","og_description":"Nekada\u0161nji u\u010denici i u\u010denice, generacije 1971.\/72. godine, Osnovne \u0161kole &#8220;43. Istarske divizije&#8221;, koja danas nosi naziv Osnovna \u0161kola Vidikovac, okupili","og_url":"http:\/\/pulskasvakodnevnica.com\/index.php\/2020\/06\/22\/poznajemo-i-volimo-se-50-godina\/","og_site_name":"Pulska Svakodnevnica","article_publisher":"https:\/\/www.facebook.com\/PulskaSvakodnevnicaNews","article_published_time":"2020-06-22T09:26:48+00:00","og_image":[{"width":750,"height":420,"url":"http:\/\/pulskasvakodnevnica.com\/wp-content\/uploads\/2020\/06\/4-slika.jpg","type":"image\/jpeg"}],"author":"Pulska Svakodnevnica","twitter_card":"summary_large_image","twitter_misc":{"Napisao\/la":"Pulska Svakodnevnica","Procijenjeno vrijeme \u010ditanja":"1 minuta"},"schema":{"@context":"https:\/\/schema.org","@graph":[{"@type":"WebPage","@id":"http:\/\/pulskasvakodnevnica.com\/index.php\/2020\/06\/22\/poznajemo-i-volimo-se-50-godina\/","url":"http:\/\/pulskasvakodnevnica.com\/index.php\/2020\/06\/22\/poznajemo-i-volimo-se-50-godina\/","name":"Poznajemo i volimo se 50 godina - Pulska Svakodnevnica","isPartOf":{"@id":"http:\/\/pulskasvakodnevnica.com\/#website"},"datePublished":"2020-06-22T09:26:48+00:00","dateModified":"2020-06-22T09:26:48+00:00","author":{"@id":"http:\/\/pulskasvakodnevnica.com\/#\/schema\/person\/95941daf7dfab0e8fd012b0d88608a3f"},"breadcrumb":{"@id":"http:\/\/pulskasvakodnevnica.com\/index.php\/2020\/06\/22\/poznajemo-i-volimo-se-50-godina\/#breadcrumb"},"inLanguage":"hr","potentialAction":[{"@type":"ReadAction","target":["http:\/\/pulskasvakodnevnica.com\/index.php\/2020\/06\/22\/poznajemo-i-volimo-se-50-godina\/"]}]},{"@type":"BreadcrumbList","@id":"http:\/\/pulskasvakodnevnica.com\/index.php\/2020\/06\/22\/poznajemo-i-volimo-se-50-godina\/#breadcrumb","itemListElement":[{"@type":"ListItem","position":1,"name":"Po\u010detna stranica","item":"http:\/\/pulskasvakodnevnica.com\/"},{"@type":"ListItem","position":2,"name":"Poznajemo i volimo se 50 godina"}]},{"@type":"WebSite","@id":"http:\/\/pulskasvakodnevnica.com\/#website","url":"http:\/\/pulskasvakodnevnica.com\/","name":"Pulska Svakodnevnica","description":"Vijesti iz Pule i Istre","potentialAction":[{"@type":"SearchAction","target":{"@type":"EntryPoint","urlTemplate":"http:\/\/pulskasvakodnevnica.com\/?s={search_term_string}"},"query-input":"required name=search_term_string"}],"inLanguage":"hr"},{"@type":"Person","@id":"http:\/\/pulskasvakodnevnica.com\/#\/schema\/person\/95941daf7dfab0e8fd012b0d88608a3f","name":"Pulska Svakodnevnica"}]}},"_links":{"self":[{"href":"http:\/\/pulskasvakodnevnica.com\/index.php\/wp-json\/wp\/v2\/posts\/23947"}],"collection":[{"href":"http:\/\/pulskasvakodnevnica.com\/index.php\/wp-json\/wp\/v2\/posts"}],"about":[{"href":"http:\/\/pulskasvakodnevnica.com\/index.php\/wp-json\/wp\/v2\/types\/post"}],"author":[{"embeddable":true,"href":"http:\/\/pulskasvakodnevnica.com\/index.php\/wp-json\/wp\/v2\/users\/1"}],"replies":[{"embeddable":true,"href":"http:\/\/pulskasvakodnevnica.com\/index.php\/wp-json\/wp\/v2\/comments?post=23947"}],"version-history":[{"count":1,"href":"http:\/\/pulskasvakodnevnica.com\/index.php\/wp-json\/wp\/v2\/posts\/23947\/revisions"}],"predecessor-version":[{"id":23953,"href":"http:\/\/pulskasvakodnevnica.com\/index.php\/wp-json\/wp\/v2\/posts\/23947\/revisions\/23953"}],"wp:featuredmedia":[{"embeddable":true,"href":"http:\/\/pulskasvakodnevnica.com\/index.php\/wp-json\/wp\/v2\/media\/23952"}],"wp:attachment":[{"href":"http:\/\/pulskasvakodnevnica.com\/index.php\/wp-json\/wp\/v2\/media?parent=23947"}],"wp:term":[{"taxonomy":"category","embeddable":true,"href":"http:\/\/pulskasvakodnevnica.com\/index.php\/wp-json\/wp\/v2\/categories?post=23947"},{"taxonomy":"post_tag","embeddable":true,"href":"http:\/\/pulskasvakodnevnica.com\/index.php\/wp-json\/wp\/v2\/tags?post=23947"}],"curies":[{"name":"wp","href":"https:\/\/api.w.org\/{rel}","templated":true}]}}