{"id":24241,"date":"2020-07-15T14:40:48","date_gmt":"2020-07-15T12:40:48","guid":{"rendered":"http:\/\/pulskasvakodnevnica.com\/?p=24241"},"modified":"2020-07-15T14:40:48","modified_gmt":"2020-07-15T12:40:48","slug":"virtualna-modna-revija","status":"publish","type":"post","link":"http:\/\/pulskasvakodnevnica.com\/index.php\/2020\/07\/15\/virtualna-modna-revija\/","title":{"rendered":"Virtualna modna revija"},"content":{"rendered":"\n<p><em>Projekt LOOK @ ME predstavlja jedanaestu po redu modnu manifestaciju na podru\u010dju rimskog kamenoloma Cave Romane&nbsp; u&nbsp; Vinkuranu &#8211; Op\u0107ina Medulin.<\/em><\/p>\n\n\n\n<p><em>Kreativni uradak u virtualnom obliku pod organizacijom Marka Mavije ,Kristine Brki\u0107 I podr\u0161ke u organizaciji Ingrid Rojc, predstavit \u0107e deset modnih dizajnera s podru\u010dja Istarske \u017eupanije:<\/em><\/p>\n\n\n\n<p><em>Ingrid Rojc Design<\/em><\/p>\n\n\n\n<p><em>Antonela Gregorovi\u0107<\/em><\/p>\n\n\n\n<p><em>Stehlik by Anja Stehlik<\/em><\/p>\n\n\n\n<p><em>Iva Kuzmanovi\u0107<\/em><\/p>\n\n\n\n<p><em>Ivana Tomi\u0107<\/em><\/p>\n\n\n\n<p><em>Laardesign<\/em><\/p>\n\n\n\n<p><em>Anima M<\/em><\/p>\n\n\n\n<p><em>Martina Herak<\/em><\/p>\n\n\n\n<p><em>Katja Kliba<\/em><\/p>\n\n\n\n<p><em>Kristina Nefat.<\/em><\/p>\n\n\n\n<figure class=\"wp-block-embed-youtube wp-block-embed is-type-video is-provider-youtube wp-embed-aspect-16-9 wp-has-aspect-ratio\"><div class=\"wp-block-embed__wrapper\">\n<iframe loading=\"lazy\" title=\"Virtualna modna revija 2020\" width=\"800\" height=\"450\" src=\"https:\/\/www.youtube.com\/embed\/OIt1IR2NCZs?feature=oembed\" frameborder=\"0\" allow=\"accelerometer; autoplay; encrypted-media; gyroscope; picture-in-picture\" allowfullscreen><\/iframe>\n<\/div><\/figure>\n\n\n\n<p><em>Svatko od njih iz aktualnih kolekcija prestavit \u0107e se s pet odjevnih predmeta slave\u0107i prakti\u010dnost, slobodu izra\u017eavanja i \u017eenstvenost, pomno odabranim materijalima ,bojama i tehnikama obrade. Vo\u0111eni svojom intuicijom, znanjem i dizajnom nude nam&nbsp; svoj pogled na \u017eenu danas.<\/em><\/p>\n\n\n\n<p><em>Ova virtualna revija sponzorirana od Zajednice talijana iz Buja u suradnji sa Festivalom Istrovenetskog narje\u010dja nastaje u mjesecu epidemiolo\u0161kih razmjera gdje je po\u0161tivanje preventivnih mjera bilo nu\u017eno kako bi se ova manifestacija mogla realizirati.<\/em><\/p>\n\n\n\n<p><em>Posebna zahvala ide cijelom timu koji je omogu\u0107io nastanak ovog videoprojekta:<\/em><\/p>\n\n\n\n<p><em>Frizura: Frizerski salon Artistic<\/em><\/p>\n\n\n\n<p><em>Make-up: Elle beauty, Klara Sosi\u0107<\/em><\/p>\n\n\n\n<p><em>Lash academy: Studio Be a Diva<\/em><\/p>\n\n\n\n<p><em>Stage artist: Leona Wedding &amp; Flowers<\/em><\/p>\n\n\n\n<p><em>Fotograf: Giordano Cellich, Iva Kuzmanovi\u0107<\/em><\/p>\n\n\n\n<p><em>Videouradak: Alen Hudoletnjak<\/em><\/p>\n\n\n\n<figure class=\"wp-block-image size-large\"><img loading=\"lazy\" decoding=\"async\" width=\"433\" height=\"650\" src=\"http:\/\/pulskasvakodnevnica.com\/wp-content\/uploads\/2020\/07\/web.jpg\" alt=\"\" class=\"wp-image-24242\" srcset=\"http:\/\/pulskasvakodnevnica.com\/wp-content\/uploads\/2020\/07\/web.jpg 433w, http:\/\/pulskasvakodnevnica.com\/wp-content\/uploads\/2020\/07\/web-200x300.jpg 200w, http:\/\/pulskasvakodnevnica.com\/wp-content\/uploads\/2020\/07\/web-100x150.jpg 100w\" sizes=\"(max-width: 433px) 100vw, 433px\" \/><\/figure>\n\n\n\n<figure class=\"wp-block-image size-large\"><img loading=\"lazy\" decoding=\"async\" width=\"433\" height=\"650\" src=\"http:\/\/pulskasvakodnevnica.com\/wp-content\/uploads\/2020\/07\/web1.jpg\" alt=\"\" class=\"wp-image-24243\" srcset=\"http:\/\/pulskasvakodnevnica.com\/wp-content\/uploads\/2020\/07\/web1.jpg 433w, http:\/\/pulskasvakodnevnica.com\/wp-content\/uploads\/2020\/07\/web1-200x300.jpg 200w, http:\/\/pulskasvakodnevnica.com\/wp-content\/uploads\/2020\/07\/web1-100x150.jpg 100w\" sizes=\"(max-width: 433px) 100vw, 433px\" \/><\/figure>\n\n\n\n<figure class=\"wp-block-image size-large\"><img loading=\"lazy\" decoding=\"async\" width=\"433\" height=\"650\" src=\"http:\/\/pulskasvakodnevnica.com\/wp-content\/uploads\/2020\/07\/web2.jpg\" alt=\"\" class=\"wp-image-24244\" srcset=\"http:\/\/pulskasvakodnevnica.com\/wp-content\/uploads\/2020\/07\/web2.jpg 433w, http:\/\/pulskasvakodnevnica.com\/wp-content\/uploads\/2020\/07\/web2-200x300.jpg 200w, http:\/\/pulskasvakodnevnica.com\/wp-content\/uploads\/2020\/07\/web2-100x150.jpg 100w\" sizes=\"(max-width: 433px) 100vw, 433px\" \/><\/figure>\n\n\n\n<figure class=\"wp-block-image size-large\"><img loading=\"lazy\" decoding=\"async\" width=\"433\" height=\"650\" src=\"http:\/\/pulskasvakodnevnica.com\/wp-content\/uploads\/2020\/07\/web3.jpg\" alt=\"\" class=\"wp-image-24245\" srcset=\"http:\/\/pulskasvakodnevnica.com\/wp-content\/uploads\/2020\/07\/web3.jpg 433w, http:\/\/pulskasvakodnevnica.com\/wp-content\/uploads\/2020\/07\/web3-200x300.jpg 200w, http:\/\/pulskasvakodnevnica.com\/wp-content\/uploads\/2020\/07\/web3-100x150.jpg 100w\" sizes=\"(max-width: 433px) 100vw, 433px\" \/><\/figure>\n","protected":false},"excerpt":{"rendered":"<p>Projekt LOOK @ ME predstavlja jedanaestu po redu modnu manifestaciju na podru\u010dju rimskog kamenoloma Cave Romane&nbsp; u&nbsp; Vinkuranu &#8211; Op\u0107ina<\/p>\n","protected":false},"author":1,"featured_media":24246,"comment_status":"closed","ping_status":"closed","sticky":false,"template":"","format":"standard","meta":{"_mi_skip_tracking":false,"footnotes":""},"categories":[84,1],"tags":[],"yoast_head":"<!-- This site is optimized with the Yoast SEO plugin v20.4 - https:\/\/yoast.com\/wordpress\/plugins\/seo\/ -->\n<title>Virtualna modna revija - Pulska Svakodnevnica<\/title>\n<meta name=\"robots\" content=\"index, follow, max-snippet:-1, max-image-preview:large, max-video-preview:-1\" \/>\n<link rel=\"canonical\" href=\"http:\/\/pulskasvakodnevnica.com\/index.php\/2020\/07\/15\/virtualna-modna-revija\/\" \/>\n<meta property=\"og:locale\" content=\"hr_HR\" \/>\n<meta property=\"og:type\" content=\"article\" \/>\n<meta property=\"og:title\" content=\"Virtualna modna revija - Pulska Svakodnevnica\" \/>\n<meta property=\"og:description\" content=\"Projekt LOOK @ ME predstavlja jedanaestu po redu modnu manifestaciju na podru\u010dju rimskog kamenoloma Cave Romane&nbsp; u&nbsp; Vinkuranu &#8211; Op\u0107ina\" \/>\n<meta property=\"og:url\" content=\"http:\/\/pulskasvakodnevnica.com\/index.php\/2020\/07\/15\/virtualna-modna-revija\/\" \/>\n<meta property=\"og:site_name\" content=\"Pulska Svakodnevnica\" \/>\n<meta property=\"article:publisher\" content=\"https:\/\/www.facebook.com\/PulskaSvakodnevnicaNews\" \/>\n<meta property=\"article:published_time\" content=\"2020-07-15T12:40:48+00:00\" \/>\n<meta property=\"og:image\" content=\"http:\/\/pulskasvakodnevnica.com\/wp-content\/uploads\/2020\/07\/Untitled-1.jpg\" \/>\n\t<meta property=\"og:image:width\" content=\"750\" \/>\n\t<meta property=\"og:image:height\" content=\"419\" \/>\n\t<meta property=\"og:image:type\" content=\"image\/jpeg\" \/>\n<meta name=\"author\" content=\"Pulska Svakodnevnica\" \/>\n<meta name=\"twitter:card\" content=\"summary_large_image\" \/>\n<meta name=\"twitter:label1\" content=\"Napisao\/la\" \/>\n\t<meta name=\"twitter:data1\" content=\"Pulska Svakodnevnica\" \/>\n\t<meta name=\"twitter:label2\" content=\"Procijenjeno vrijeme \u010ditanja\" \/>\n\t<meta name=\"twitter:data2\" content=\"1 minuta\" \/>\n<script type=\"application\/ld+json\" class=\"yoast-schema-graph\">{\"@context\":\"https:\/\/schema.org\",\"@graph\":[{\"@type\":\"WebPage\",\"@id\":\"http:\/\/pulskasvakodnevnica.com\/index.php\/2020\/07\/15\/virtualna-modna-revija\/\",\"url\":\"http:\/\/pulskasvakodnevnica.com\/index.php\/2020\/07\/15\/virtualna-modna-revija\/\",\"name\":\"Virtualna modna revija - Pulska Svakodnevnica\",\"isPartOf\":{\"@id\":\"http:\/\/pulskasvakodnevnica.com\/#website\"},\"datePublished\":\"2020-07-15T12:40:48+00:00\",\"dateModified\":\"2020-07-15T12:40:48+00:00\",\"author\":{\"@id\":\"http:\/\/pulskasvakodnevnica.com\/#\/schema\/person\/95941daf7dfab0e8fd012b0d88608a3f\"},\"breadcrumb\":{\"@id\":\"http:\/\/pulskasvakodnevnica.com\/index.php\/2020\/07\/15\/virtualna-modna-revija\/#breadcrumb\"},\"inLanguage\":\"hr\",\"potentialAction\":[{\"@type\":\"ReadAction\",\"target\":[\"http:\/\/pulskasvakodnevnica.com\/index.php\/2020\/07\/15\/virtualna-modna-revija\/\"]}]},{\"@type\":\"BreadcrumbList\",\"@id\":\"http:\/\/pulskasvakodnevnica.com\/index.php\/2020\/07\/15\/virtualna-modna-revija\/#breadcrumb\",\"itemListElement\":[{\"@type\":\"ListItem\",\"position\":1,\"name\":\"Po\u010detna stranica\",\"item\":\"http:\/\/pulskasvakodnevnica.com\/\"},{\"@type\":\"ListItem\",\"position\":2,\"name\":\"Virtualna modna revija\"}]},{\"@type\":\"WebSite\",\"@id\":\"http:\/\/pulskasvakodnevnica.com\/#website\",\"url\":\"http:\/\/pulskasvakodnevnica.com\/\",\"name\":\"Pulska Svakodnevnica\",\"description\":\"Vijesti iz Pule i Istre\",\"potentialAction\":[{\"@type\":\"SearchAction\",\"target\":{\"@type\":\"EntryPoint\",\"urlTemplate\":\"http:\/\/pulskasvakodnevnica.com\/?s={search_term_string}\"},\"query-input\":\"required name=search_term_string\"}],\"inLanguage\":\"hr\"},{\"@type\":\"Person\",\"@id\":\"http:\/\/pulskasvakodnevnica.com\/#\/schema\/person\/95941daf7dfab0e8fd012b0d88608a3f\",\"name\":\"Pulska Svakodnevnica\"}]}<\/script>\n<!-- \/ Yoast SEO plugin. -->","yoast_head_json":{"title":"Virtualna modna revija - Pulska Svakodnevnica","robots":{"index":"index","follow":"follow","max-snippet":"max-snippet:-1","max-image-preview":"max-image-preview:large","max-video-preview":"max-video-preview:-1"},"canonical":"http:\/\/pulskasvakodnevnica.com\/index.php\/2020\/07\/15\/virtualna-modna-revija\/","og_locale":"hr_HR","og_type":"article","og_title":"Virtualna modna revija - Pulska Svakodnevnica","og_description":"Projekt LOOK @ ME predstavlja jedanaestu po redu modnu manifestaciju na podru\u010dju rimskog kamenoloma Cave Romane&nbsp; u&nbsp; Vinkuranu &#8211; Op\u0107ina","og_url":"http:\/\/pulskasvakodnevnica.com\/index.php\/2020\/07\/15\/virtualna-modna-revija\/","og_site_name":"Pulska Svakodnevnica","article_publisher":"https:\/\/www.facebook.com\/PulskaSvakodnevnicaNews","article_published_time":"2020-07-15T12:40:48+00:00","og_image":[{"width":750,"height":419,"url":"http:\/\/pulskasvakodnevnica.com\/wp-content\/uploads\/2020\/07\/Untitled-1.jpg","type":"image\/jpeg"}],"author":"Pulska Svakodnevnica","twitter_card":"summary_large_image","twitter_misc":{"Napisao\/la":"Pulska Svakodnevnica","Procijenjeno vrijeme \u010ditanja":"1 minuta"},"schema":{"@context":"https:\/\/schema.org","@graph":[{"@type":"WebPage","@id":"http:\/\/pulskasvakodnevnica.com\/index.php\/2020\/07\/15\/virtualna-modna-revija\/","url":"http:\/\/pulskasvakodnevnica.com\/index.php\/2020\/07\/15\/virtualna-modna-revija\/","name":"Virtualna modna revija - Pulska Svakodnevnica","isPartOf":{"@id":"http:\/\/pulskasvakodnevnica.com\/#website"},"datePublished":"2020-07-15T12:40:48+00:00","dateModified":"2020-07-15T12:40:48+00:00","author":{"@id":"http:\/\/pulskasvakodnevnica.com\/#\/schema\/person\/95941daf7dfab0e8fd012b0d88608a3f"},"breadcrumb":{"@id":"http:\/\/pulskasvakodnevnica.com\/index.php\/2020\/07\/15\/virtualna-modna-revija\/#breadcrumb"},"inLanguage":"hr","potentialAction":[{"@type":"ReadAction","target":["http:\/\/pulskasvakodnevnica.com\/index.php\/2020\/07\/15\/virtualna-modna-revija\/"]}]},{"@type":"BreadcrumbList","@id":"http:\/\/pulskasvakodnevnica.com\/index.php\/2020\/07\/15\/virtualna-modna-revija\/#breadcrumb","itemListElement":[{"@type":"ListItem","position":1,"name":"Po\u010detna stranica","item":"http:\/\/pulskasvakodnevnica.com\/"},{"@type":"ListItem","position":2,"name":"Virtualna modna revija"}]},{"@type":"WebSite","@id":"http:\/\/pulskasvakodnevnica.com\/#website","url":"http:\/\/pulskasvakodnevnica.com\/","name":"Pulska Svakodnevnica","description":"Vijesti iz Pule i Istre","potentialAction":[{"@type":"SearchAction","target":{"@type":"EntryPoint","urlTemplate":"http:\/\/pulskasvakodnevnica.com\/?s={search_term_string}"},"query-input":"required name=search_term_string"}],"inLanguage":"hr"},{"@type":"Person","@id":"http:\/\/pulskasvakodnevnica.com\/#\/schema\/person\/95941daf7dfab0e8fd012b0d88608a3f","name":"Pulska Svakodnevnica"}]}},"_links":{"self":[{"href":"http:\/\/pulskasvakodnevnica.com\/index.php\/wp-json\/wp\/v2\/posts\/24241"}],"collection":[{"href":"http:\/\/pulskasvakodnevnica.com\/index.php\/wp-json\/wp\/v2\/posts"}],"about":[{"href":"http:\/\/pulskasvakodnevnica.com\/index.php\/wp-json\/wp\/v2\/types\/post"}],"author":[{"embeddable":true,"href":"http:\/\/pulskasvakodnevnica.com\/index.php\/wp-json\/wp\/v2\/users\/1"}],"replies":[{"embeddable":true,"href":"http:\/\/pulskasvakodnevnica.com\/index.php\/wp-json\/wp\/v2\/comments?post=24241"}],"version-history":[{"count":1,"href":"http:\/\/pulskasvakodnevnica.com\/index.php\/wp-json\/wp\/v2\/posts\/24241\/revisions"}],"predecessor-version":[{"id":24247,"href":"http:\/\/pulskasvakodnevnica.com\/index.php\/wp-json\/wp\/v2\/posts\/24241\/revisions\/24247"}],"wp:featuredmedia":[{"embeddable":true,"href":"http:\/\/pulskasvakodnevnica.com\/index.php\/wp-json\/wp\/v2\/media\/24246"}],"wp:attachment":[{"href":"http:\/\/pulskasvakodnevnica.com\/index.php\/wp-json\/wp\/v2\/media?parent=24241"}],"wp:term":[{"taxonomy":"category","embeddable":true,"href":"http:\/\/pulskasvakodnevnica.com\/index.php\/wp-json\/wp\/v2\/categories?post=24241"},{"taxonomy":"post_tag","embeddable":true,"href":"http:\/\/pulskasvakodnevnica.com\/index.php\/wp-json\/wp\/v2\/tags?post=24241"}],"curies":[{"name":"wp","href":"https:\/\/api.w.org\/{rel}","templated":true}]}}