{"id":29587,"date":"2021-09-09T17:50:04","date_gmt":"2021-09-09T15:50:04","guid":{"rendered":"http:\/\/pulskasvakodnevnica.com\/?p=29587"},"modified":"2021-09-09T17:50:04","modified_gmt":"2021-09-09T15:50:04","slug":"dani-drustvenog-poduzetnistva-i-drustvenog-inoviranja-u-istri","status":"publish","type":"post","link":"http:\/\/pulskasvakodnevnica.com\/index.php\/2021\/09\/09\/dani-drustvenog-poduzetnistva-i-drustvenog-inoviranja-u-istri\/","title":{"rendered":"DANI DRU\u0160TVENOG PODUZETNI\u0160TVA I DRU\u0160TVENOG INOVIRANJA U ISTRI"},"content":{"rendered":"\n<p>U sklopu Projekta +Resilient odr\u017eavaju se \u201e<strong>Dani dru\u0161tvenog poduzetni\u0161tva i dru\u0161tvenog inoviranja u Istri\u201c od 15. do 27.09.2021. godine na podru\u010dju Istarske \u017eupanije <\/strong>u organizaciji Javne ustanove \u201eRegionalni koordinator Istarske \u017eupanije za europske programe i fondove i Zaklade za poticanje partnerstva i razvoja civilnog dru\u0161tva.<\/p>\n\n\n\n<p><strong>Naime, radi se o interaktivnim radionicama dru\u0161tvenog inoviranja uz popratnu izlo\u017ebu koja \u0107e prikazati rezultate projekta +Resilient, odnosno dru\u0161tveno poduzetni\u010dke ideje koje se razvijaju u sklop Projekta +Resilient. <\/strong>Dani dru\u0161tvenog poduzetni\u0161tva i inoviranja u Istri provesti \u0107e se u suradnji s JLS-ovima te su otvoreni za sve zainteresirane dionike \u2013 predstavnike iz domene organizacija civilnog dru\u0161tva, javne uprave, obrazovnih institucija, privatnog sektora te ostale zainteresirane gra\u0111ane.<\/p>\n\n\n\n<p><strong><br \/><\/strong>Otvaranje <em>Dana dru\u0161tvenog poduzetni\u0161tva i dru\u0161tvenog inoviranja u Istri<\/em> odr\u017eati \u0107e se u Puli, 15.09.2021. godine u Circolu kada \u0107e biti predstavljeni rezultati projekta +Resilient, Regionalni centar za razvoj dru\u0161tvenih inovacija \u2013 ReCeD&#8217;Istria te konkretne ideje dru\u0161tvenih poduze\u0107a koje se mogu podr\u017eati u njihovoj provedbi ali isto tako uz zanimljive stru\u010dnjake paneliste svi zainteresirani mo\u0107i \u0107e vi\u0161e \u010duti o dru\u0161tvenim inovacijama, dru\u0161tvenom poduzetni\u0161tvu i dru\u0161tvenom u\u010dinku.<\/p>\n\n\n\n<p><strong>Program za srijedu, 15.9. u Pulskom Circolu<\/strong> je slijede\u0107i:<\/p>\n\n\n\n<p>9:00 \u2013 9:30 Prijave<\/p>\n\n\n\n<p>9:30 \u2013 9:40 Uvodni pozdravi, <strong>O Projektu +Resilient \u2013 Za\u0161to ReCeD&#8217;Istria?<\/strong><\/p>\n\n\n\n<p>9:45 \u2013 10:45 Panel diskusija: <strong>Dru\u0161tveno poduzetni\u0161tvo i dru\u0161tvene inovacije \u2013 za\u0161to su va\u017eni za razvoj lokalne zajednice? <\/strong>(<strong><em>Kristina Afri\u0107 Rakitovac<\/em><\/strong><em>, izv.prof.dr.sc., <strong>Kristian Koruni\u0107<\/strong>, poslovni konzultant, <strong>Lana Lovasi\u0107<\/strong>, konzultantica za dru\u0161tvene inovacije, <strong>Vjeran Pir\u0161i\u0107<\/strong>, Predsjednik udruge Eko Kvarner, <strong>Helga Mo\u017e\u00e9<\/strong>, upraviteljica Zaklade)<\/em><\/p>\n\n\n\n<p>10:45 \u2013 11:15 <strong>Za\u0161to smo krenuli s postavljanjem okvira za mjerenje dru\u0161tvenog u\u010dinka?<\/strong><br \/><strong><em>(Helga Mo\u017e\u00e9, <\/em><\/strong><em>upraviteljica Zaklade,<strong> Darko Ciglar<\/strong>, stru\u010dnjak za dru\u0161tveni <\/em>utjecaj -ACT grupa<em>,<strong> Sonja Grozi\u0107 \u2013 \u017divoli\u0107<\/strong>, pro\u010delnica UO za zdravstvo i socijalnu skrb Istarske \u017eupanije)<\/em><\/p>\n\n\n\n<p>11:00 \u2013 11:15 Coffe break<\/p>\n\n\n\n<p>11:15 \u2013 13:00 Interaktivna radionica \u201e<strong>Dru\u0161tvenim inoviranjem do zajedni\u010dkih rje\u0161enja lokalnih problema: recikliranje: prilika za poduzetni\u0161tvo i stvaranje novih vrijednosti\u201c<\/strong>, moderatori: Vjeran Pir\u0161i\u0107, Lana Lovasi\u0107 i Helga Mo\u017e\u00e9.<\/p>\n\n\n\n<p>Dani dru\u0161tvenog poduzetni\u0161tva i inoviranja odr\u017eati \u0107e se i u <strong>Bujama, Labinu, Pore\u010du i Rovinju<\/strong> na odre\u0111enu temu. Kroz radionicu dru\u0161tvenog inoviranja namjera je u suradnji razli\u010ditih dionika do\u0107i do konkretnog rje\u0161enja koje mo\u017ee biti provedeno i realizirano a po pitanju relevantnog problema<\/p>\n\n\n\n<p>lokalne zajednice kojeg su dionici prepoznali. Te \u0107e radionice trajati 2 sata (<strong>od 13 do 15 sati) <\/strong>a termini su slijede\u0107i:<\/p>\n\n\n\n<ul><li><strong>BUJE \u201eDjeca i mladi\u201c<\/strong> &#8211; 16.09., Pu\u010dko otvoreno u\u010dili\u0161te&nbsp; (vije\u0107nica, 1.kat), Trg J.B. Tita 6<\/li><li><strong>PORE\u010c \u201eGospodarstvo i poduzetni\u0161tvo\u201c<\/strong> &#8211; 21.09., Gradska vije\u0107nica, Obala mar\u0161ala Tita 5<\/li><li><strong>ROVINJ \u201eMladi\u201c <\/strong>&#8211; 22.09., Sala za sastanke Zajednica Talijana Pino Budicin, Trg Campitelli 1<\/li><li><strong>LABIN \u201eTurizam i storytelling\u201c<\/strong> &#8211; 27.09., Polivalentna dvorana Gradske knji\u017enice Labin, Rudarska 1a<\/li><\/ul>\n\n\n\n<p><strong>Doga\u0111aj \u0107e se odr\u017eati sukladno mjerama za sprje\u010davanje \u0161irenja pandemije koronavirusa COVID &#8211; 19 te je broj sudionika ograni\u010den. Prijave su obvezne.<\/strong><\/p>\n\n\n\n<p><strong>PRIJAVE:<\/strong> <a href=\"https:\/\/forms.gle\/SNzMJ45jGingMmyY9\">https:\/\/forms.gle\/SNzMJ45jGingMmyY9<\/a><\/p>\n\n\n\n<p><em>Regionalni centar za razvoj dru\u0161tvenih inovacija \u2013 ReCeD&#8217;Istria pilot je projekt kojeg Zaklada Istra provodi u sklopu Projekta +Resilient.&nbsp; Projekt \u201e+Resilient\u201c financiran je iz programa Interreg Mediteran 2014-2020 iz Europskog fonda za regionalni razvoj. Projekt sufinancira Ureda za udruge Vlade Republike Hrvatske. U projektu sudjeluje 14 partnera iz 8 zemalja Mediterana a cilj mu je umre\u017eiti, povezati i prenijeti znanja i dobre prakse poticanja i razvijanja dru\u0161tvenih inovacija te utjecati na kreiranje ja\u010de institucionalne podr\u0161ke na europskoj razini.<\/em><\/p>\n","protected":false},"excerpt":{"rendered":"<p>U sklopu Projekta +Resilient odr\u017eavaju se \u201eDani dru\u0161tvenog poduzetni\u0161tva i dru\u0161tvenog inoviranja u Istri\u201c od 15. do 27.09.2021. godine na<\/p>\n","protected":false},"author":1,"featured_media":29588,"comment_status":"open","ping_status":"closed","sticky":false,"template":"","format":"standard","meta":{"_mi_skip_tracking":false,"footnotes":""},"categories":[84,1],"tags":[],"yoast_head":"<!-- This site is optimized with the Yoast SEO plugin v20.4 - https:\/\/yoast.com\/wordpress\/plugins\/seo\/ -->\n<title>DANI DRU\u0160TVENOG PODUZETNI\u0160TVA I DRU\u0160TVENOG INOVIRANJA U ISTRI - Pulska Svakodnevnica<\/title>\n<meta name=\"robots\" content=\"index, follow, max-snippet:-1, max-image-preview:large, max-video-preview:-1\" \/>\n<link rel=\"canonical\" href=\"http:\/\/pulskasvakodnevnica.com\/index.php\/2021\/09\/09\/dani-drustvenog-poduzetnistva-i-drustvenog-inoviranja-u-istri\/\" \/>\n<meta property=\"og:locale\" content=\"hr_HR\" \/>\n<meta property=\"og:type\" content=\"article\" \/>\n<meta property=\"og:title\" content=\"DANI DRU\u0160TVENOG PODUZETNI\u0160TVA I DRU\u0160TVENOG INOVIRANJA U ISTRI - Pulska Svakodnevnica\" \/>\n<meta property=\"og:description\" content=\"U sklopu Projekta +Resilient odr\u017eavaju se \u201eDani dru\u0161tvenog poduzetni\u0161tva i dru\u0161tvenog inoviranja u Istri\u201c od 15. do 27.09.2021. godine na\" \/>\n<meta property=\"og:url\" content=\"http:\/\/pulskasvakodnevnica.com\/index.php\/2021\/09\/09\/dani-drustvenog-poduzetnistva-i-drustvenog-inoviranja-u-istri\/\" \/>\n<meta property=\"og:site_name\" content=\"Pulska Svakodnevnica\" \/>\n<meta property=\"article:publisher\" content=\"https:\/\/www.facebook.com\/PulskaSvakodnevnicaNews\" \/>\n<meta property=\"article:published_time\" content=\"2021-09-09T15:50:04+00:00\" \/>\n<meta property=\"og:image\" content=\"http:\/\/pulskasvakodnevnica.com\/wp-content\/uploads\/2021\/09\/WEB_Dani-DP-i-DI.jpg\" \/>\n\t<meta property=\"og:image:width\" content=\"750\" \/>\n\t<meta property=\"og:image:height\" content=\"420\" \/>\n\t<meta property=\"og:image:type\" content=\"image\/jpeg\" \/>\n<meta name=\"author\" content=\"Pulska Svakodnevnica\" \/>\n<meta name=\"twitter:card\" content=\"summary_large_image\" \/>\n<meta name=\"twitter:label1\" content=\"Napisao\/la\" \/>\n\t<meta name=\"twitter:data1\" content=\"Pulska Svakodnevnica\" \/>\n\t<meta name=\"twitter:label2\" content=\"Procijenjeno vrijeme \u010ditanja\" \/>\n\t<meta name=\"twitter:data2\" content=\"3 minute\" \/>\n<script type=\"application\/ld+json\" class=\"yoast-schema-graph\">{\"@context\":\"https:\/\/schema.org\",\"@graph\":[{\"@type\":\"WebPage\",\"@id\":\"http:\/\/pulskasvakodnevnica.com\/index.php\/2021\/09\/09\/dani-drustvenog-poduzetnistva-i-drustvenog-inoviranja-u-istri\/\",\"url\":\"http:\/\/pulskasvakodnevnica.com\/index.php\/2021\/09\/09\/dani-drustvenog-poduzetnistva-i-drustvenog-inoviranja-u-istri\/\",\"name\":\"DANI DRU\u0160TVENOG PODUZETNI\u0160TVA I DRU\u0160TVENOG INOVIRANJA U ISTRI - Pulska Svakodnevnica\",\"isPartOf\":{\"@id\":\"http:\/\/pulskasvakodnevnica.com\/#website\"},\"datePublished\":\"2021-09-09T15:50:04+00:00\",\"dateModified\":\"2021-09-09T15:50:04+00:00\",\"author\":{\"@id\":\"http:\/\/pulskasvakodnevnica.com\/#\/schema\/person\/95941daf7dfab0e8fd012b0d88608a3f\"},\"breadcrumb\":{\"@id\":\"http:\/\/pulskasvakodnevnica.com\/index.php\/2021\/09\/09\/dani-drustvenog-poduzetnistva-i-drustvenog-inoviranja-u-istri\/#breadcrumb\"},\"inLanguage\":\"hr\",\"potentialAction\":[{\"@type\":\"ReadAction\",\"target\":[\"http:\/\/pulskasvakodnevnica.com\/index.php\/2021\/09\/09\/dani-drustvenog-poduzetnistva-i-drustvenog-inoviranja-u-istri\/\"]}]},{\"@type\":\"BreadcrumbList\",\"@id\":\"http:\/\/pulskasvakodnevnica.com\/index.php\/2021\/09\/09\/dani-drustvenog-poduzetnistva-i-drustvenog-inoviranja-u-istri\/#breadcrumb\",\"itemListElement\":[{\"@type\":\"ListItem\",\"position\":1,\"name\":\"Po\u010detna stranica\",\"item\":\"http:\/\/pulskasvakodnevnica.com\/\"},{\"@type\":\"ListItem\",\"position\":2,\"name\":\"DANI DRU\u0160TVENOG PODUZETNI\u0160TVA I DRU\u0160TVENOG INOVIRANJA U ISTRI\"}]},{\"@type\":\"WebSite\",\"@id\":\"http:\/\/pulskasvakodnevnica.com\/#website\",\"url\":\"http:\/\/pulskasvakodnevnica.com\/\",\"name\":\"Pulska Svakodnevnica\",\"description\":\"Vijesti iz Pule i Istre\",\"potentialAction\":[{\"@type\":\"SearchAction\",\"target\":{\"@type\":\"EntryPoint\",\"urlTemplate\":\"http:\/\/pulskasvakodnevnica.com\/?s={search_term_string}\"},\"query-input\":\"required name=search_term_string\"}],\"inLanguage\":\"hr\"},{\"@type\":\"Person\",\"@id\":\"http:\/\/pulskasvakodnevnica.com\/#\/schema\/person\/95941daf7dfab0e8fd012b0d88608a3f\",\"name\":\"Pulska Svakodnevnica\"}]}<\/script>\n<!-- \/ Yoast SEO plugin. -->","yoast_head_json":{"title":"DANI DRU\u0160TVENOG PODUZETNI\u0160TVA I DRU\u0160TVENOG INOVIRANJA U ISTRI - Pulska Svakodnevnica","robots":{"index":"index","follow":"follow","max-snippet":"max-snippet:-1","max-image-preview":"max-image-preview:large","max-video-preview":"max-video-preview:-1"},"canonical":"http:\/\/pulskasvakodnevnica.com\/index.php\/2021\/09\/09\/dani-drustvenog-poduzetnistva-i-drustvenog-inoviranja-u-istri\/","og_locale":"hr_HR","og_type":"article","og_title":"DANI DRU\u0160TVENOG PODUZETNI\u0160TVA I DRU\u0160TVENOG INOVIRANJA U ISTRI - Pulska Svakodnevnica","og_description":"U sklopu Projekta +Resilient odr\u017eavaju se \u201eDani dru\u0161tvenog poduzetni\u0161tva i dru\u0161tvenog inoviranja u Istri\u201c od 15. do 27.09.2021. godine na","og_url":"http:\/\/pulskasvakodnevnica.com\/index.php\/2021\/09\/09\/dani-drustvenog-poduzetnistva-i-drustvenog-inoviranja-u-istri\/","og_site_name":"Pulska Svakodnevnica","article_publisher":"https:\/\/www.facebook.com\/PulskaSvakodnevnicaNews","article_published_time":"2021-09-09T15:50:04+00:00","og_image":[{"width":750,"height":420,"url":"http:\/\/pulskasvakodnevnica.com\/wp-content\/uploads\/2021\/09\/WEB_Dani-DP-i-DI.jpg","type":"image\/jpeg"}],"author":"Pulska Svakodnevnica","twitter_card":"summary_large_image","twitter_misc":{"Napisao\/la":"Pulska Svakodnevnica","Procijenjeno vrijeme \u010ditanja":"3 minute"},"schema":{"@context":"https:\/\/schema.org","@graph":[{"@type":"WebPage","@id":"http:\/\/pulskasvakodnevnica.com\/index.php\/2021\/09\/09\/dani-drustvenog-poduzetnistva-i-drustvenog-inoviranja-u-istri\/","url":"http:\/\/pulskasvakodnevnica.com\/index.php\/2021\/09\/09\/dani-drustvenog-poduzetnistva-i-drustvenog-inoviranja-u-istri\/","name":"DANI DRU\u0160TVENOG PODUZETNI\u0160TVA I DRU\u0160TVENOG INOVIRANJA U ISTRI - Pulska Svakodnevnica","isPartOf":{"@id":"http:\/\/pulskasvakodnevnica.com\/#website"},"datePublished":"2021-09-09T15:50:04+00:00","dateModified":"2021-09-09T15:50:04+00:00","author":{"@id":"http:\/\/pulskasvakodnevnica.com\/#\/schema\/person\/95941daf7dfab0e8fd012b0d88608a3f"},"breadcrumb":{"@id":"http:\/\/pulskasvakodnevnica.com\/index.php\/2021\/09\/09\/dani-drustvenog-poduzetnistva-i-drustvenog-inoviranja-u-istri\/#breadcrumb"},"inLanguage":"hr","potentialAction":[{"@type":"ReadAction","target":["http:\/\/pulskasvakodnevnica.com\/index.php\/2021\/09\/09\/dani-drustvenog-poduzetnistva-i-drustvenog-inoviranja-u-istri\/"]}]},{"@type":"BreadcrumbList","@id":"http:\/\/pulskasvakodnevnica.com\/index.php\/2021\/09\/09\/dani-drustvenog-poduzetnistva-i-drustvenog-inoviranja-u-istri\/#breadcrumb","itemListElement":[{"@type":"ListItem","position":1,"name":"Po\u010detna stranica","item":"http:\/\/pulskasvakodnevnica.com\/"},{"@type":"ListItem","position":2,"name":"DANI DRU\u0160TVENOG PODUZETNI\u0160TVA I DRU\u0160TVENOG INOVIRANJA U ISTRI"}]},{"@type":"WebSite","@id":"http:\/\/pulskasvakodnevnica.com\/#website","url":"http:\/\/pulskasvakodnevnica.com\/","name":"Pulska Svakodnevnica","description":"Vijesti iz Pule i Istre","potentialAction":[{"@type":"SearchAction","target":{"@type":"EntryPoint","urlTemplate":"http:\/\/pulskasvakodnevnica.com\/?s={search_term_string}"},"query-input":"required name=search_term_string"}],"inLanguage":"hr"},{"@type":"Person","@id":"http:\/\/pulskasvakodnevnica.com\/#\/schema\/person\/95941daf7dfab0e8fd012b0d88608a3f","name":"Pulska Svakodnevnica"}]}},"_links":{"self":[{"href":"http:\/\/pulskasvakodnevnica.com\/index.php\/wp-json\/wp\/v2\/posts\/29587"}],"collection":[{"href":"http:\/\/pulskasvakodnevnica.com\/index.php\/wp-json\/wp\/v2\/posts"}],"about":[{"href":"http:\/\/pulskasvakodnevnica.com\/index.php\/wp-json\/wp\/v2\/types\/post"}],"author":[{"embeddable":true,"href":"http:\/\/pulskasvakodnevnica.com\/index.php\/wp-json\/wp\/v2\/users\/1"}],"replies":[{"embeddable":true,"href":"http:\/\/pulskasvakodnevnica.com\/index.php\/wp-json\/wp\/v2\/comments?post=29587"}],"version-history":[{"count":1,"href":"http:\/\/pulskasvakodnevnica.com\/index.php\/wp-json\/wp\/v2\/posts\/29587\/revisions"}],"predecessor-version":[{"id":29589,"href":"http:\/\/pulskasvakodnevnica.com\/index.php\/wp-json\/wp\/v2\/posts\/29587\/revisions\/29589"}],"wp:featuredmedia":[{"embeddable":true,"href":"http:\/\/pulskasvakodnevnica.com\/index.php\/wp-json\/wp\/v2\/media\/29588"}],"wp:attachment":[{"href":"http:\/\/pulskasvakodnevnica.com\/index.php\/wp-json\/wp\/v2\/media?parent=29587"}],"wp:term":[{"taxonomy":"category","embeddable":true,"href":"http:\/\/pulskasvakodnevnica.com\/index.php\/wp-json\/wp\/v2\/categories?post=29587"},{"taxonomy":"post_tag","embeddable":true,"href":"http:\/\/pulskasvakodnevnica.com\/index.php\/wp-json\/wp\/v2\/tags?post=29587"}],"curies":[{"name":"wp","href":"https:\/\/api.w.org\/{rel}","templated":true}]}}