{"id":31761,"date":"2022-01-07T09:45:48","date_gmt":"2022-01-07T08:45:48","guid":{"rendered":"http:\/\/pulskasvakodnevnica.com\/?p=31761"},"modified":"2022-01-07T09:45:48","modified_gmt":"2022-01-07T08:45:48","slug":"in-memoriam-preminula-selvina-benic-poznata-dugogodisnja-novinarka-i-komentatorica-glasa-istre","status":"publish","type":"post","link":"http:\/\/pulskasvakodnevnica.com\/index.php\/2022\/01\/07\/in-memoriam-preminula-selvina-benic-poznata-dugogodisnja-novinarka-i-komentatorica-glasa-istre\/","title":{"rendered":"IN MEMORIAM: Preminula Selvina Beni\u0107, poznata dugogodi\u0161nja novinarka i komentatorica Glasa Istre"},"content":{"rendered":"\n<p>Netom nakon novogodi\u0161njih blagdana na putu prema svojoj omiljenoj \u0161etnici na Pore\u0161tini, preminula je poznata dugogodi\u0161nja novinarka i komentatorica Glasa Istre Selvina Beni\u0107. Iako je gotovo ve\u0107 deset godina bila u mirovini, Selvina nije mirovala, u\u010dlanila se u Udrugu umirovljenika u Pazinu gdje je bila vrlo aktivna i vodila nekoliko EU projekata.<\/p>\n\n\n\n<p>Biografski podaci nikada ne mogu dovoljno do\u010darati duh jedne osobe kao sje\u0107anja onih koji su ih poznavali i koji su s njima radili, no, re\u010denica koje \u0107e na najbolji mogu\u0107i na\u010din predstaviti lik i djelo na\u0161e nezaboravne kolegice veli da je ona doslovno \u017eivjela novinarstvo, stalno i bez prestanka, punim plu\u0107ima.<\/p>\n\n\n\n<p>Selvina Beni\u0107 ro\u0111ena je 20. velja\u010de 1957. godine u Puli. Diplomirala je politologiju i novinarstvo na Fakultetu politi\u010dkih znanosti u Zagrebu 1981. godine, kada je i po\u010dela raditi u Glasu Istre, najprije u Puli, a potom je oti\u0161la u Pazin gdje je bilo tek otvoreno dopisni\u0161tvo Glasa Istre.<\/p>\n\n\n\n<p>U pazinskom dopisni\u0161tvu Glasa Istre, gdje je bila prva zaposlenica i njegova dugogodi\u0161nja voditeljica, do\u010dekala je 2012. godine i mirovinu.<\/p>\n\n\n\n<p>Bila je poznata kao dugogodi\u0161nja komentatorica Glasa Istre, a njena kolumna &#8220;Zad kantuna&#8221; imala je vrlo veliku \u010ditanost. Od ustrojstva \u017eupanija redovito je pratila i rad \u017dupanijske skup\u0161tine Istarske \u017eupanije, a \u010desto je po zadatku bila i u Zagrebu, gdje je izvje\u0161tavala iz Sabora.<\/p>\n\n\n\n<p>Biti novinar bio je njezin \u017eivotni poziv, a politi\u010dke je teme &#8211; nerijetko vrlo slo\u017eene, radila s lako\u0107om, kvalitetno, zanimljivo, uspijevaju\u0107i uvijek prona\u0107i i nove teme unutar ve\u0107 zapo\u010dete teme.<\/p>\n\n\n\n<p>Iako je prije svega bila novinarka koja je pisala o politi\u010dkim temama, donose\u0107i i komentare na aktualna dru\u0161tveno-politi\u010dka zbivanja, voljela je pisati i o zanimljivostima iz Pazina i Pazin\u0161tine, ali i pisati o modi, kao svojevrsni odmak od politi\u010dkih tema.<\/p>\n\n\n\n<p>Uvijek vrlo skromna i samozatajna, bila je iznimno vrijedna i produktivna novinarka, organizirana, temeljita, brza, u\u010dinkovita i efikasna, koja je \u017eivjela za taj posao 24 sata dnevno sedam dana u tjednu.<\/p>\n\n\n\n<p>Iako je djelovala u pazinskom dopisni\u0161tvu, voljela je do\u0107i do Pule, do velike redakcije Glasa Istre na Rivi, prodiskutirati o aktualnoj situaciji i drugim temama sa svojim kolegama. Bila su to vremena kada se novinarstvo, bez tolikog prisustva dru\u0161tvenih mre\u017ea koje su bile tek na za\u010decima ili nisu jo\u0161 postojale, \u017eivjelo, kada je tiskano izdanje bio najzna\u010dajniji plod rada i sinergije novinara i urednika. A za \u0161to je Selvina \u017eivjela.<\/p>\n","protected":false},"excerpt":{"rendered":"<p>Netom nakon novogodi\u0161njih blagdana na putu prema svojoj omiljenoj \u0161etnici na Pore\u0161tini, preminula je poznata dugogodi\u0161nja novinarka i komentatorica Glasa<\/p>\n","protected":false},"author":1,"featured_media":31762,"comment_status":"open","ping_status":"closed","sticky":false,"template":"","format":"standard","meta":{"_mi_skip_tracking":false,"footnotes":""},"categories":[84,1],"tags":[],"yoast_head":"<!-- This site is optimized with the Yoast SEO plugin v20.4 - https:\/\/yoast.com\/wordpress\/plugins\/seo\/ -->\n<title>IN MEMORIAM: Preminula Selvina Beni\u0107, poznata dugogodi\u0161nja novinarka i komentatorica Glasa Istre - Pulska Svakodnevnica<\/title>\n<meta name=\"robots\" content=\"index, follow, max-snippet:-1, max-image-preview:large, max-video-preview:-1\" \/>\n<link rel=\"canonical\" href=\"http:\/\/pulskasvakodnevnica.com\/index.php\/2022\/01\/07\/in-memoriam-preminula-selvina-benic-poznata-dugogodisnja-novinarka-i-komentatorica-glasa-istre\/\" \/>\n<meta property=\"og:locale\" content=\"hr_HR\" \/>\n<meta property=\"og:type\" content=\"article\" \/>\n<meta property=\"og:title\" content=\"IN MEMORIAM: Preminula Selvina Beni\u0107, poznata dugogodi\u0161nja novinarka i komentatorica Glasa Istre - Pulska Svakodnevnica\" \/>\n<meta property=\"og:description\" content=\"Netom nakon novogodi\u0161njih blagdana na putu prema svojoj omiljenoj \u0161etnici na Pore\u0161tini, preminula je poznata dugogodi\u0161nja novinarka i komentatorica Glasa\" \/>\n<meta property=\"og:url\" content=\"http:\/\/pulskasvakodnevnica.com\/index.php\/2022\/01\/07\/in-memoriam-preminula-selvina-benic-poznata-dugogodisnja-novinarka-i-komentatorica-glasa-istre\/\" \/>\n<meta property=\"og:site_name\" content=\"Pulska Svakodnevnica\" \/>\n<meta property=\"article:publisher\" content=\"https:\/\/www.facebook.com\/PulskaSvakodnevnicaNews\" \/>\n<meta property=\"article:published_time\" content=\"2022-01-07T08:45:48+00:00\" \/>\n<meta property=\"og:image\" content=\"http:\/\/pulskasvakodnevnica.com\/wp-content\/uploads\/2022\/01\/XO01153102.jpg\" \/>\n\t<meta property=\"og:image:width\" content=\"526\" \/>\n\t<meta property=\"og:image:height\" content=\"750\" \/>\n\t<meta property=\"og:image:type\" content=\"image\/jpeg\" \/>\n<meta name=\"author\" content=\"Pulska Svakodnevnica\" \/>\n<meta name=\"twitter:card\" content=\"summary_large_image\" \/>\n<meta name=\"twitter:label1\" content=\"Napisao\/la\" \/>\n\t<meta name=\"twitter:data1\" content=\"Pulska Svakodnevnica\" \/>\n\t<meta name=\"twitter:label2\" content=\"Procijenjeno vrijeme \u010ditanja\" \/>\n\t<meta name=\"twitter:data2\" content=\"3 minute\" \/>\n<script type=\"application\/ld+json\" class=\"yoast-schema-graph\">{\"@context\":\"https:\/\/schema.org\",\"@graph\":[{\"@type\":\"WebPage\",\"@id\":\"http:\/\/pulskasvakodnevnica.com\/index.php\/2022\/01\/07\/in-memoriam-preminula-selvina-benic-poznata-dugogodisnja-novinarka-i-komentatorica-glasa-istre\/\",\"url\":\"http:\/\/pulskasvakodnevnica.com\/index.php\/2022\/01\/07\/in-memoriam-preminula-selvina-benic-poznata-dugogodisnja-novinarka-i-komentatorica-glasa-istre\/\",\"name\":\"IN MEMORIAM: Preminula Selvina Beni\u0107, poznata dugogodi\u0161nja novinarka i komentatorica Glasa Istre - Pulska Svakodnevnica\",\"isPartOf\":{\"@id\":\"http:\/\/pulskasvakodnevnica.com\/#website\"},\"datePublished\":\"2022-01-07T08:45:48+00:00\",\"dateModified\":\"2022-01-07T08:45:48+00:00\",\"author\":{\"@id\":\"http:\/\/pulskasvakodnevnica.com\/#\/schema\/person\/95941daf7dfab0e8fd012b0d88608a3f\"},\"breadcrumb\":{\"@id\":\"http:\/\/pulskasvakodnevnica.com\/index.php\/2022\/01\/07\/in-memoriam-preminula-selvina-benic-poznata-dugogodisnja-novinarka-i-komentatorica-glasa-istre\/#breadcrumb\"},\"inLanguage\":\"hr\",\"potentialAction\":[{\"@type\":\"ReadAction\",\"target\":[\"http:\/\/pulskasvakodnevnica.com\/index.php\/2022\/01\/07\/in-memoriam-preminula-selvina-benic-poznata-dugogodisnja-novinarka-i-komentatorica-glasa-istre\/\"]}]},{\"@type\":\"BreadcrumbList\",\"@id\":\"http:\/\/pulskasvakodnevnica.com\/index.php\/2022\/01\/07\/in-memoriam-preminula-selvina-benic-poznata-dugogodisnja-novinarka-i-komentatorica-glasa-istre\/#breadcrumb\",\"itemListElement\":[{\"@type\":\"ListItem\",\"position\":1,\"name\":\"Po\u010detna stranica\",\"item\":\"http:\/\/pulskasvakodnevnica.com\/\"},{\"@type\":\"ListItem\",\"position\":2,\"name\":\"IN MEMORIAM: Preminula Selvina Beni\u0107, poznata dugogodi\u0161nja novinarka i komentatorica Glasa Istre\"}]},{\"@type\":\"WebSite\",\"@id\":\"http:\/\/pulskasvakodnevnica.com\/#website\",\"url\":\"http:\/\/pulskasvakodnevnica.com\/\",\"name\":\"Pulska Svakodnevnica\",\"description\":\"Vijesti iz Pule i Istre\",\"potentialAction\":[{\"@type\":\"SearchAction\",\"target\":{\"@type\":\"EntryPoint\",\"urlTemplate\":\"http:\/\/pulskasvakodnevnica.com\/?s={search_term_string}\"},\"query-input\":\"required name=search_term_string\"}],\"inLanguage\":\"hr\"},{\"@type\":\"Person\",\"@id\":\"http:\/\/pulskasvakodnevnica.com\/#\/schema\/person\/95941daf7dfab0e8fd012b0d88608a3f\",\"name\":\"Pulska Svakodnevnica\"}]}<\/script>\n<!-- \/ Yoast SEO plugin. -->","yoast_head_json":{"title":"IN MEMORIAM: Preminula Selvina Beni\u0107, poznata dugogodi\u0161nja novinarka i komentatorica Glasa Istre - Pulska Svakodnevnica","robots":{"index":"index","follow":"follow","max-snippet":"max-snippet:-1","max-image-preview":"max-image-preview:large","max-video-preview":"max-video-preview:-1"},"canonical":"http:\/\/pulskasvakodnevnica.com\/index.php\/2022\/01\/07\/in-memoriam-preminula-selvina-benic-poznata-dugogodisnja-novinarka-i-komentatorica-glasa-istre\/","og_locale":"hr_HR","og_type":"article","og_title":"IN MEMORIAM: Preminula Selvina Beni\u0107, poznata dugogodi\u0161nja novinarka i komentatorica Glasa Istre - Pulska Svakodnevnica","og_description":"Netom nakon novogodi\u0161njih blagdana na putu prema svojoj omiljenoj \u0161etnici na Pore\u0161tini, preminula je poznata dugogodi\u0161nja novinarka i komentatorica Glasa","og_url":"http:\/\/pulskasvakodnevnica.com\/index.php\/2022\/01\/07\/in-memoriam-preminula-selvina-benic-poznata-dugogodisnja-novinarka-i-komentatorica-glasa-istre\/","og_site_name":"Pulska Svakodnevnica","article_publisher":"https:\/\/www.facebook.com\/PulskaSvakodnevnicaNews","article_published_time":"2022-01-07T08:45:48+00:00","og_image":[{"width":526,"height":750,"url":"http:\/\/pulskasvakodnevnica.com\/wp-content\/uploads\/2022\/01\/XO01153102.jpg","type":"image\/jpeg"}],"author":"Pulska Svakodnevnica","twitter_card":"summary_large_image","twitter_misc":{"Napisao\/la":"Pulska Svakodnevnica","Procijenjeno vrijeme \u010ditanja":"3 minute"},"schema":{"@context":"https:\/\/schema.org","@graph":[{"@type":"WebPage","@id":"http:\/\/pulskasvakodnevnica.com\/index.php\/2022\/01\/07\/in-memoriam-preminula-selvina-benic-poznata-dugogodisnja-novinarka-i-komentatorica-glasa-istre\/","url":"http:\/\/pulskasvakodnevnica.com\/index.php\/2022\/01\/07\/in-memoriam-preminula-selvina-benic-poznata-dugogodisnja-novinarka-i-komentatorica-glasa-istre\/","name":"IN MEMORIAM: Preminula Selvina Beni\u0107, poznata dugogodi\u0161nja novinarka i komentatorica Glasa Istre - Pulska Svakodnevnica","isPartOf":{"@id":"http:\/\/pulskasvakodnevnica.com\/#website"},"datePublished":"2022-01-07T08:45:48+00:00","dateModified":"2022-01-07T08:45:48+00:00","author":{"@id":"http:\/\/pulskasvakodnevnica.com\/#\/schema\/person\/95941daf7dfab0e8fd012b0d88608a3f"},"breadcrumb":{"@id":"http:\/\/pulskasvakodnevnica.com\/index.php\/2022\/01\/07\/in-memoriam-preminula-selvina-benic-poznata-dugogodisnja-novinarka-i-komentatorica-glasa-istre\/#breadcrumb"},"inLanguage":"hr","potentialAction":[{"@type":"ReadAction","target":["http:\/\/pulskasvakodnevnica.com\/index.php\/2022\/01\/07\/in-memoriam-preminula-selvina-benic-poznata-dugogodisnja-novinarka-i-komentatorica-glasa-istre\/"]}]},{"@type":"BreadcrumbList","@id":"http:\/\/pulskasvakodnevnica.com\/index.php\/2022\/01\/07\/in-memoriam-preminula-selvina-benic-poznata-dugogodisnja-novinarka-i-komentatorica-glasa-istre\/#breadcrumb","itemListElement":[{"@type":"ListItem","position":1,"name":"Po\u010detna stranica","item":"http:\/\/pulskasvakodnevnica.com\/"},{"@type":"ListItem","position":2,"name":"IN MEMORIAM: Preminula Selvina Beni\u0107, poznata dugogodi\u0161nja novinarka i komentatorica Glasa Istre"}]},{"@type":"WebSite","@id":"http:\/\/pulskasvakodnevnica.com\/#website","url":"http:\/\/pulskasvakodnevnica.com\/","name":"Pulska Svakodnevnica","description":"Vijesti iz Pule i Istre","potentialAction":[{"@type":"SearchAction","target":{"@type":"EntryPoint","urlTemplate":"http:\/\/pulskasvakodnevnica.com\/?s={search_term_string}"},"query-input":"required name=search_term_string"}],"inLanguage":"hr"},{"@type":"Person","@id":"http:\/\/pulskasvakodnevnica.com\/#\/schema\/person\/95941daf7dfab0e8fd012b0d88608a3f","name":"Pulska Svakodnevnica"}]}},"_links":{"self":[{"href":"http:\/\/pulskasvakodnevnica.com\/index.php\/wp-json\/wp\/v2\/posts\/31761"}],"collection":[{"href":"http:\/\/pulskasvakodnevnica.com\/index.php\/wp-json\/wp\/v2\/posts"}],"about":[{"href":"http:\/\/pulskasvakodnevnica.com\/index.php\/wp-json\/wp\/v2\/types\/post"}],"author":[{"embeddable":true,"href":"http:\/\/pulskasvakodnevnica.com\/index.php\/wp-json\/wp\/v2\/users\/1"}],"replies":[{"embeddable":true,"href":"http:\/\/pulskasvakodnevnica.com\/index.php\/wp-json\/wp\/v2\/comments?post=31761"}],"version-history":[{"count":1,"href":"http:\/\/pulskasvakodnevnica.com\/index.php\/wp-json\/wp\/v2\/posts\/31761\/revisions"}],"predecessor-version":[{"id":31763,"href":"http:\/\/pulskasvakodnevnica.com\/index.php\/wp-json\/wp\/v2\/posts\/31761\/revisions\/31763"}],"wp:featuredmedia":[{"embeddable":true,"href":"http:\/\/pulskasvakodnevnica.com\/index.php\/wp-json\/wp\/v2\/media\/31762"}],"wp:attachment":[{"href":"http:\/\/pulskasvakodnevnica.com\/index.php\/wp-json\/wp\/v2\/media?parent=31761"}],"wp:term":[{"taxonomy":"category","embeddable":true,"href":"http:\/\/pulskasvakodnevnica.com\/index.php\/wp-json\/wp\/v2\/categories?post=31761"},{"taxonomy":"post_tag","embeddable":true,"href":"http:\/\/pulskasvakodnevnica.com\/index.php\/wp-json\/wp\/v2\/tags?post=31761"}],"curies":[{"name":"wp","href":"https:\/\/api.w.org\/{rel}","templated":true}]}}