{"id":34199,"date":"2022-06-30T15:39:06","date_gmt":"2022-06-30T13:39:06","guid":{"rendered":"http:\/\/pulskasvakodnevnica.com\/?p=34199"},"modified":"2022-06-30T15:39:06","modified_gmt":"2022-06-30T13:39:06","slug":"zupan-miletic-posjetio-hgk-zupanijsku-komoru-pula","status":"publish","type":"post","link":"http:\/\/pulskasvakodnevnica.com\/index.php\/2022\/06\/30\/zupan-miletic-posjetio-hgk-zupanijsku-komoru-pula\/","title":{"rendered":"<strong>\u017dupan Mileti\u0107 posjetio HGK \u2013 \u017dupanijsku komoru Pula<\/strong>"},"content":{"rendered":"\n<p>U HGK &#8211; \u017dupanijskoj komori Pula odr\u017ean je sastanak sa \u017eupanom Istarske \u017eupanije Borisom Mileti\u0107em na kojemu su predsjednica Gospodarskog vije\u0107a Jasna Jaklin Majeti\u0107 i poslovni tajnik Damir Siroti\u0107 upoznali \u017eupana s aktualnostima iz gospodarstva na\u0161e \u017eupanije s osvrtom na poslovanje istarskih tvrtki u 2021. godini.<\/p>\n\n\n\n<p>Najavljeno je kako \u0107e vi\u0161e govora o poslovnim rezultatima istarskih tvrtki biti na sljede\u0107oj sjednici Gospodarskog vije\u0107a HGK \u2013 \u017dK Pula&nbsp; po\u010detkom srpnja u Puli kada \u0107e se predstaviti i nova usluga HGK \u2013 indeksi cijena gra\u0111evinskog materijala. Naime, zbog velikih poreme\u0107aja u dobavnim lancima koji su posljedica pandemije i rata u Ukrajini, gra\u0111evinarima je veliki izazov pronalazak novih dobavlja\u010da ali i nepriznavanje pove\u0107anja tro\u0161ka po cijenama pojedinih materijala prema postoje\u0107im ugovorima s javnim naru\u010diteljima.<\/p>\n\n\n\n<p>Stupanjem na snagu novoga Zakona o HGK po\u010detkom ove godine \u017eupanijske komore dobile su zada\u0107u zastupanja interesa tvrtki prema tijelima lokalnih vlasti dakle op\u0107ina, gradova i \u017eupanije kao i javnim poduze\u0107ima. U tijeku je intenzivna komunikacija s tvrtkama \u010dlanicama Komore radi prepoznavanja aktualnih problema u poslovanju, predlaganja pobolj\u0161anja i novih rje\u0161enja a paralelno s time odr\u017eavaju se sjednice strukovnih grupacija i udru\u017eenja kako bi tvrtke mogle uskladiti stavove oko zajedni\u010dkih interesa. Zaklju\u010deno je kako je suradnja s \u017dupanijom do sada bila jako dobra te se u narednom razdoblju \u017eeli nastaviti s jo\u0161 konkretnijim aktivnostima.<\/p>\n\n\n\n<p>U nastavku su predstavnici \u017dupanije upoznati s novim na\u010dinom funkcioniranja stru\u010dne slu\u017ebe Komore&nbsp; kao i s uslugama koje su dostupne gospodarskim subjektima ali i svim ostalim zainteresiranim osobama.<\/p>\n","protected":false},"excerpt":{"rendered":"<p>U HGK &#8211; \u017dupanijskoj komori Pula odr\u017ean je sastanak sa \u017eupanom Istarske \u017eupanije Borisom Mileti\u0107em na kojemu su predsjednica Gospodarskog<\/p>\n","protected":false},"author":1,"featured_media":34200,"comment_status":"open","ping_status":"closed","sticky":false,"template":"","format":"standard","meta":{"_mi_skip_tracking":false,"footnotes":""},"categories":[84,1],"tags":[],"yoast_head":"<!-- This site is optimized with the Yoast SEO plugin v20.4 - https:\/\/yoast.com\/wordpress\/plugins\/seo\/ -->\n<title>\u017dupan Mileti\u0107 posjetio HGK \u2013 \u017dupanijsku komoru Pula - Pulska Svakodnevnica<\/title>\n<meta name=\"robots\" content=\"index, follow, max-snippet:-1, max-image-preview:large, max-video-preview:-1\" \/>\n<link rel=\"canonical\" href=\"http:\/\/pulskasvakodnevnica.com\/index.php\/2022\/06\/30\/zupan-miletic-posjetio-hgk-zupanijsku-komoru-pula\/\" \/>\n<meta property=\"og:locale\" content=\"hr_HR\" \/>\n<meta property=\"og:type\" content=\"article\" \/>\n<meta property=\"og:title\" content=\"\u017dupan Mileti\u0107 posjetio HGK \u2013 \u017dupanijsku komoru Pula - Pulska Svakodnevnica\" \/>\n<meta property=\"og:description\" content=\"U HGK &#8211; \u017dupanijskoj komori Pula odr\u017ean je sastanak sa \u017eupanom Istarske \u017eupanije Borisom Mileti\u0107em na kojemu su predsjednica Gospodarskog\" \/>\n<meta property=\"og:url\" content=\"http:\/\/pulskasvakodnevnica.com\/index.php\/2022\/06\/30\/zupan-miletic-posjetio-hgk-zupanijsku-komoru-pula\/\" \/>\n<meta property=\"og:site_name\" content=\"Pulska Svakodnevnica\" \/>\n<meta property=\"article:publisher\" content=\"https:\/\/www.facebook.com\/PulskaSvakodnevnicaNews\" \/>\n<meta property=\"article:published_time\" content=\"2022-06-30T13:39:06+00:00\" \/>\n<meta property=\"og:image\" content=\"http:\/\/pulskasvakodnevnica.com\/wp-content\/uploads\/2022\/06\/Sastanak-u-HGK-ZK-Pula.jpg\" \/>\n\t<meta property=\"og:image:width\" content=\"750\" \/>\n\t<meta property=\"og:image:height\" content=\"542\" \/>\n\t<meta property=\"og:image:type\" content=\"image\/jpeg\" \/>\n<meta name=\"author\" content=\"Pulska Svakodnevnica\" \/>\n<meta name=\"twitter:card\" content=\"summary_large_image\" \/>\n<meta name=\"twitter:label1\" content=\"Napisao\/la\" \/>\n\t<meta name=\"twitter:data1\" content=\"Pulska Svakodnevnica\" \/>\n\t<meta name=\"twitter:label2\" content=\"Procijenjeno vrijeme \u010ditanja\" \/>\n\t<meta name=\"twitter:data2\" content=\"2 minute\" \/>\n<script type=\"application\/ld+json\" class=\"yoast-schema-graph\">{\"@context\":\"https:\/\/schema.org\",\"@graph\":[{\"@type\":\"WebPage\",\"@id\":\"http:\/\/pulskasvakodnevnica.com\/index.php\/2022\/06\/30\/zupan-miletic-posjetio-hgk-zupanijsku-komoru-pula\/\",\"url\":\"http:\/\/pulskasvakodnevnica.com\/index.php\/2022\/06\/30\/zupan-miletic-posjetio-hgk-zupanijsku-komoru-pula\/\",\"name\":\"\u017dupan Mileti\u0107 posjetio HGK \u2013 \u017dupanijsku komoru Pula - Pulska Svakodnevnica\",\"isPartOf\":{\"@id\":\"http:\/\/pulskasvakodnevnica.com\/#website\"},\"datePublished\":\"2022-06-30T13:39:06+00:00\",\"dateModified\":\"2022-06-30T13:39:06+00:00\",\"author\":{\"@id\":\"http:\/\/pulskasvakodnevnica.com\/#\/schema\/person\/95941daf7dfab0e8fd012b0d88608a3f\"},\"breadcrumb\":{\"@id\":\"http:\/\/pulskasvakodnevnica.com\/index.php\/2022\/06\/30\/zupan-miletic-posjetio-hgk-zupanijsku-komoru-pula\/#breadcrumb\"},\"inLanguage\":\"hr\",\"potentialAction\":[{\"@type\":\"ReadAction\",\"target\":[\"http:\/\/pulskasvakodnevnica.com\/index.php\/2022\/06\/30\/zupan-miletic-posjetio-hgk-zupanijsku-komoru-pula\/\"]}]},{\"@type\":\"BreadcrumbList\",\"@id\":\"http:\/\/pulskasvakodnevnica.com\/index.php\/2022\/06\/30\/zupan-miletic-posjetio-hgk-zupanijsku-komoru-pula\/#breadcrumb\",\"itemListElement\":[{\"@type\":\"ListItem\",\"position\":1,\"name\":\"Po\u010detna stranica\",\"item\":\"http:\/\/pulskasvakodnevnica.com\/\"},{\"@type\":\"ListItem\",\"position\":2,\"name\":\"\u017dupan Mileti\u0107 posjetio HGK \u2013 \u017dupanijsku komoru Pula\"}]},{\"@type\":\"WebSite\",\"@id\":\"http:\/\/pulskasvakodnevnica.com\/#website\",\"url\":\"http:\/\/pulskasvakodnevnica.com\/\",\"name\":\"Pulska Svakodnevnica\",\"description\":\"Vijesti iz Pule i Istre\",\"potentialAction\":[{\"@type\":\"SearchAction\",\"target\":{\"@type\":\"EntryPoint\",\"urlTemplate\":\"http:\/\/pulskasvakodnevnica.com\/?s={search_term_string}\"},\"query-input\":\"required name=search_term_string\"}],\"inLanguage\":\"hr\"},{\"@type\":\"Person\",\"@id\":\"http:\/\/pulskasvakodnevnica.com\/#\/schema\/person\/95941daf7dfab0e8fd012b0d88608a3f\",\"name\":\"Pulska Svakodnevnica\"}]}<\/script>\n<!-- \/ Yoast SEO plugin. -->","yoast_head_json":{"title":"\u017dupan Mileti\u0107 posjetio HGK \u2013 \u017dupanijsku komoru Pula - Pulska Svakodnevnica","robots":{"index":"index","follow":"follow","max-snippet":"max-snippet:-1","max-image-preview":"max-image-preview:large","max-video-preview":"max-video-preview:-1"},"canonical":"http:\/\/pulskasvakodnevnica.com\/index.php\/2022\/06\/30\/zupan-miletic-posjetio-hgk-zupanijsku-komoru-pula\/","og_locale":"hr_HR","og_type":"article","og_title":"\u017dupan Mileti\u0107 posjetio HGK \u2013 \u017dupanijsku komoru Pula - Pulska Svakodnevnica","og_description":"U HGK &#8211; \u017dupanijskoj komori Pula odr\u017ean je sastanak sa \u017eupanom Istarske \u017eupanije Borisom Mileti\u0107em na kojemu su predsjednica Gospodarskog","og_url":"http:\/\/pulskasvakodnevnica.com\/index.php\/2022\/06\/30\/zupan-miletic-posjetio-hgk-zupanijsku-komoru-pula\/","og_site_name":"Pulska Svakodnevnica","article_publisher":"https:\/\/www.facebook.com\/PulskaSvakodnevnicaNews","article_published_time":"2022-06-30T13:39:06+00:00","og_image":[{"width":750,"height":542,"url":"http:\/\/pulskasvakodnevnica.com\/wp-content\/uploads\/2022\/06\/Sastanak-u-HGK-ZK-Pula.jpg","type":"image\/jpeg"}],"author":"Pulska Svakodnevnica","twitter_card":"summary_large_image","twitter_misc":{"Napisao\/la":"Pulska Svakodnevnica","Procijenjeno vrijeme \u010ditanja":"2 minute"},"schema":{"@context":"https:\/\/schema.org","@graph":[{"@type":"WebPage","@id":"http:\/\/pulskasvakodnevnica.com\/index.php\/2022\/06\/30\/zupan-miletic-posjetio-hgk-zupanijsku-komoru-pula\/","url":"http:\/\/pulskasvakodnevnica.com\/index.php\/2022\/06\/30\/zupan-miletic-posjetio-hgk-zupanijsku-komoru-pula\/","name":"\u017dupan Mileti\u0107 posjetio HGK \u2013 \u017dupanijsku komoru Pula - Pulska Svakodnevnica","isPartOf":{"@id":"http:\/\/pulskasvakodnevnica.com\/#website"},"datePublished":"2022-06-30T13:39:06+00:00","dateModified":"2022-06-30T13:39:06+00:00","author":{"@id":"http:\/\/pulskasvakodnevnica.com\/#\/schema\/person\/95941daf7dfab0e8fd012b0d88608a3f"},"breadcrumb":{"@id":"http:\/\/pulskasvakodnevnica.com\/index.php\/2022\/06\/30\/zupan-miletic-posjetio-hgk-zupanijsku-komoru-pula\/#breadcrumb"},"inLanguage":"hr","potentialAction":[{"@type":"ReadAction","target":["http:\/\/pulskasvakodnevnica.com\/index.php\/2022\/06\/30\/zupan-miletic-posjetio-hgk-zupanijsku-komoru-pula\/"]}]},{"@type":"BreadcrumbList","@id":"http:\/\/pulskasvakodnevnica.com\/index.php\/2022\/06\/30\/zupan-miletic-posjetio-hgk-zupanijsku-komoru-pula\/#breadcrumb","itemListElement":[{"@type":"ListItem","position":1,"name":"Po\u010detna stranica","item":"http:\/\/pulskasvakodnevnica.com\/"},{"@type":"ListItem","position":2,"name":"\u017dupan Mileti\u0107 posjetio HGK \u2013 \u017dupanijsku komoru Pula"}]},{"@type":"WebSite","@id":"http:\/\/pulskasvakodnevnica.com\/#website","url":"http:\/\/pulskasvakodnevnica.com\/","name":"Pulska Svakodnevnica","description":"Vijesti iz Pule i Istre","potentialAction":[{"@type":"SearchAction","target":{"@type":"EntryPoint","urlTemplate":"http:\/\/pulskasvakodnevnica.com\/?s={search_term_string}"},"query-input":"required name=search_term_string"}],"inLanguage":"hr"},{"@type":"Person","@id":"http:\/\/pulskasvakodnevnica.com\/#\/schema\/person\/95941daf7dfab0e8fd012b0d88608a3f","name":"Pulska Svakodnevnica"}]}},"_links":{"self":[{"href":"http:\/\/pulskasvakodnevnica.com\/index.php\/wp-json\/wp\/v2\/posts\/34199"}],"collection":[{"href":"http:\/\/pulskasvakodnevnica.com\/index.php\/wp-json\/wp\/v2\/posts"}],"about":[{"href":"http:\/\/pulskasvakodnevnica.com\/index.php\/wp-json\/wp\/v2\/types\/post"}],"author":[{"embeddable":true,"href":"http:\/\/pulskasvakodnevnica.com\/index.php\/wp-json\/wp\/v2\/users\/1"}],"replies":[{"embeddable":true,"href":"http:\/\/pulskasvakodnevnica.com\/index.php\/wp-json\/wp\/v2\/comments?post=34199"}],"version-history":[{"count":1,"href":"http:\/\/pulskasvakodnevnica.com\/index.php\/wp-json\/wp\/v2\/posts\/34199\/revisions"}],"predecessor-version":[{"id":34201,"href":"http:\/\/pulskasvakodnevnica.com\/index.php\/wp-json\/wp\/v2\/posts\/34199\/revisions\/34201"}],"wp:featuredmedia":[{"embeddable":true,"href":"http:\/\/pulskasvakodnevnica.com\/index.php\/wp-json\/wp\/v2\/media\/34200"}],"wp:attachment":[{"href":"http:\/\/pulskasvakodnevnica.com\/index.php\/wp-json\/wp\/v2\/media?parent=34199"}],"wp:term":[{"taxonomy":"category","embeddable":true,"href":"http:\/\/pulskasvakodnevnica.com\/index.php\/wp-json\/wp\/v2\/categories?post=34199"},{"taxonomy":"post_tag","embeddable":true,"href":"http:\/\/pulskasvakodnevnica.com\/index.php\/wp-json\/wp\/v2\/tags?post=34199"}],"curies":[{"name":"wp","href":"https:\/\/api.w.org\/{rel}","templated":true}]}}