{"id":40733,"date":"2023-09-22T15:58:42","date_gmt":"2023-09-22T13:58:42","guid":{"rendered":"http:\/\/pulskasvakodnevnica.com\/?p=40733"},"modified":"2023-09-22T15:58:42","modified_gmt":"2023-09-22T13:58:42","slug":"istarska-zupanija-i-plava-laguna-ugostili-djecu-iz-ukrajine","status":"publish","type":"post","link":"http:\/\/pulskasvakodnevnica.com\/index.php\/2023\/09\/22\/istarska-zupanija-i-plava-laguna-ugostili-djecu-iz-ukrajine\/","title":{"rendered":"Istarska \u017eupanija i Plava Laguna ugostili djecu iz Ukrajine"},"content":{"rendered":"\n<p>Turisti\u010dka kompanija Plava Laguna odazvala se pozivu Istarske \u017eupanije te osigurala smje\u0161taj za dvadeset \u0161estero ukrajinske djece i njihovih pratitelja u turisti\u010dkom naselju Polynesia u Umagu. Tako se djeci izbjeglicama osiguralo 10 dana u kojima mogu u\u017eivati u dje\u010djim radostima i odmoru u Umagu.<\/p>\n\n\n\n<p>\u201eUvijek se trudimo djelovati dru\u0161tveno odgovorno i pomo\u0107i, pogotovo ako je pomo\u0107 potrebna djeci. Ula\u017eemo puno u djecu u na\u0161im zajednicama u kojima poslujemo &#8211; Pore\u010du i Umagu. Tako da imamo sna\u017enu suradnju s osnovnim \u0161kolama u obje destinacije\u201c, naglasio je Samir Martinovi\u0107, direktor Turisti\u010dkih naselja u Umagu, koji je za\u017eelio dobrodo\u0161licu djeci u ime Plave Lagune.<\/p>\n\n\n\n<p>Djeca iz Ukrajine borave u Polynesiji devet no\u0107i, odnosno deset dana, a danas ih je posjetila i zamjenica istarskog \u017eupana Jessica Acquavita, koja je istaknula: \u201cRatovi i sukob ostavljaju trajne posljedice i duboke traume, stoga smo posebno sretni \u0161to ukrajinskoj djeci mo\u017eemo pomo\u0107i da barem na kra\u0107e vrijeme zaborave surovu realnost i budu opet djecom. Od srca im \u017eelim lijep provod, uz igru i dru\u017eenje, u na\u0161oj Istri. Veliko hvala Plavoj Laguni \u0161to je pokazala spremnost ugostiti djecu i njihovu pratnju. I ovog smo puta pokazali na\u0161i istarsku solidarnost, ako i odlu\u010dnu suradnju javnog i privatnog sektora\u201c.<\/p>\n\n\n\n<p>Posjet djece iz Ukrajine Umagu organiziran je na inicijativu Veleposlanstva Republike Ukrajine u Hrvatskoj te u suradnji s Udrugom za podr\u0161ku i poticanje zajedni\u0161tva Hrvatska poma\u017ee.<\/p>\n","protected":false},"excerpt":{"rendered":"<p>Turisti\u010dka kompanija Plava Laguna odazvala se pozivu Istarske \u017eupanije te osigurala smje\u0161taj za dvadeset \u0161estero ukrajinske djece i njihovih pratitelja<\/p>\n","protected":false},"author":1,"featured_media":22899,"comment_status":"open","ping_status":"closed","sticky":false,"template":"","format":"standard","meta":{"_mi_skip_tracking":false,"footnotes":""},"categories":[84,1],"tags":[],"yoast_head":"<!-- This site is optimized with the Yoast SEO plugin v20.4 - https:\/\/yoast.com\/wordpress\/plugins\/seo\/ -->\n<title>Istarska \u017eupanija i Plava Laguna ugostili djecu iz Ukrajine - Pulska Svakodnevnica<\/title>\n<meta name=\"robots\" content=\"index, follow, max-snippet:-1, max-image-preview:large, max-video-preview:-1\" \/>\n<link rel=\"canonical\" href=\"http:\/\/pulskasvakodnevnica.com\/index.php\/2023\/09\/22\/istarska-zupanija-i-plava-laguna-ugostili-djecu-iz-ukrajine\/\" \/>\n<meta property=\"og:locale\" content=\"hr_HR\" \/>\n<meta property=\"og:type\" content=\"article\" \/>\n<meta property=\"og:title\" content=\"Istarska \u017eupanija i Plava Laguna ugostili djecu iz Ukrajine - Pulska Svakodnevnica\" \/>\n<meta property=\"og:description\" content=\"Turisti\u010dka kompanija Plava Laguna odazvala se pozivu Istarske \u017eupanije te osigurala smje\u0161taj za dvadeset \u0161estero ukrajinske djece i njihovih pratitelja\" \/>\n<meta property=\"og:url\" content=\"http:\/\/pulskasvakodnevnica.com\/index.php\/2023\/09\/22\/istarska-zupanija-i-plava-laguna-ugostili-djecu-iz-ukrajine\/\" \/>\n<meta property=\"og:site_name\" content=\"Pulska Svakodnevnica\" \/>\n<meta property=\"article:publisher\" content=\"https:\/\/www.facebook.com\/PulskaSvakodnevnicaNews\" \/>\n<meta property=\"article:published_time\" content=\"2023-09-22T13:58:42+00:00\" \/>\n<meta property=\"og:image\" content=\"http:\/\/pulskasvakodnevnica.com\/wp-content\/uploads\/2020\/03\/Zupanija.jpg\" \/>\n\t<meta property=\"og:image:width\" content=\"750\" \/>\n\t<meta property=\"og:image:height\" content=\"420\" \/>\n\t<meta property=\"og:image:type\" content=\"image\/jpeg\" \/>\n<meta name=\"author\" content=\"Pulska Svakodnevnica\" \/>\n<meta name=\"twitter:card\" content=\"summary_large_image\" \/>\n<meta name=\"twitter:label1\" content=\"Napisao\/la\" \/>\n\t<meta name=\"twitter:data1\" content=\"Pulska Svakodnevnica\" \/>\n\t<meta name=\"twitter:label2\" content=\"Procijenjeno vrijeme \u010ditanja\" \/>\n\t<meta name=\"twitter:data2\" content=\"2 minute\" \/>\n<script type=\"application\/ld+json\" class=\"yoast-schema-graph\">{\"@context\":\"https:\/\/schema.org\",\"@graph\":[{\"@type\":\"WebPage\",\"@id\":\"http:\/\/pulskasvakodnevnica.com\/index.php\/2023\/09\/22\/istarska-zupanija-i-plava-laguna-ugostili-djecu-iz-ukrajine\/\",\"url\":\"http:\/\/pulskasvakodnevnica.com\/index.php\/2023\/09\/22\/istarska-zupanija-i-plava-laguna-ugostili-djecu-iz-ukrajine\/\",\"name\":\"Istarska \u017eupanija i Plava Laguna ugostili djecu iz Ukrajine - Pulska Svakodnevnica\",\"isPartOf\":{\"@id\":\"http:\/\/pulskasvakodnevnica.com\/#website\"},\"datePublished\":\"2023-09-22T13:58:42+00:00\",\"dateModified\":\"2023-09-22T13:58:42+00:00\",\"author\":{\"@id\":\"http:\/\/pulskasvakodnevnica.com\/#\/schema\/person\/95941daf7dfab0e8fd012b0d88608a3f\"},\"breadcrumb\":{\"@id\":\"http:\/\/pulskasvakodnevnica.com\/index.php\/2023\/09\/22\/istarska-zupanija-i-plava-laguna-ugostili-djecu-iz-ukrajine\/#breadcrumb\"},\"inLanguage\":\"hr\",\"potentialAction\":[{\"@type\":\"ReadAction\",\"target\":[\"http:\/\/pulskasvakodnevnica.com\/index.php\/2023\/09\/22\/istarska-zupanija-i-plava-laguna-ugostili-djecu-iz-ukrajine\/\"]}]},{\"@type\":\"BreadcrumbList\",\"@id\":\"http:\/\/pulskasvakodnevnica.com\/index.php\/2023\/09\/22\/istarska-zupanija-i-plava-laguna-ugostili-djecu-iz-ukrajine\/#breadcrumb\",\"itemListElement\":[{\"@type\":\"ListItem\",\"position\":1,\"name\":\"Po\u010detna stranica\",\"item\":\"http:\/\/pulskasvakodnevnica.com\/\"},{\"@type\":\"ListItem\",\"position\":2,\"name\":\"Istarska \u017eupanija i Plava Laguna ugostili djecu iz Ukrajine\"}]},{\"@type\":\"WebSite\",\"@id\":\"http:\/\/pulskasvakodnevnica.com\/#website\",\"url\":\"http:\/\/pulskasvakodnevnica.com\/\",\"name\":\"Pulska Svakodnevnica\",\"description\":\"Vijesti iz Pule i Istre\",\"potentialAction\":[{\"@type\":\"SearchAction\",\"target\":{\"@type\":\"EntryPoint\",\"urlTemplate\":\"http:\/\/pulskasvakodnevnica.com\/?s={search_term_string}\"},\"query-input\":\"required name=search_term_string\"}],\"inLanguage\":\"hr\"},{\"@type\":\"Person\",\"@id\":\"http:\/\/pulskasvakodnevnica.com\/#\/schema\/person\/95941daf7dfab0e8fd012b0d88608a3f\",\"name\":\"Pulska Svakodnevnica\"}]}<\/script>\n<!-- \/ Yoast SEO plugin. -->","yoast_head_json":{"title":"Istarska \u017eupanija i Plava Laguna ugostili djecu iz Ukrajine - Pulska Svakodnevnica","robots":{"index":"index","follow":"follow","max-snippet":"max-snippet:-1","max-image-preview":"max-image-preview:large","max-video-preview":"max-video-preview:-1"},"canonical":"http:\/\/pulskasvakodnevnica.com\/index.php\/2023\/09\/22\/istarska-zupanija-i-plava-laguna-ugostili-djecu-iz-ukrajine\/","og_locale":"hr_HR","og_type":"article","og_title":"Istarska \u017eupanija i Plava Laguna ugostili djecu iz Ukrajine - Pulska Svakodnevnica","og_description":"Turisti\u010dka kompanija Plava Laguna odazvala se pozivu Istarske \u017eupanije te osigurala smje\u0161taj za dvadeset \u0161estero ukrajinske djece i njihovih pratitelja","og_url":"http:\/\/pulskasvakodnevnica.com\/index.php\/2023\/09\/22\/istarska-zupanija-i-plava-laguna-ugostili-djecu-iz-ukrajine\/","og_site_name":"Pulska Svakodnevnica","article_publisher":"https:\/\/www.facebook.com\/PulskaSvakodnevnicaNews","article_published_time":"2023-09-22T13:58:42+00:00","og_image":[{"width":750,"height":420,"url":"http:\/\/pulskasvakodnevnica.com\/wp-content\/uploads\/2020\/03\/Zupanija.jpg","type":"image\/jpeg"}],"author":"Pulska Svakodnevnica","twitter_card":"summary_large_image","twitter_misc":{"Napisao\/la":"Pulska Svakodnevnica","Procijenjeno vrijeme \u010ditanja":"2 minute"},"schema":{"@context":"https:\/\/schema.org","@graph":[{"@type":"WebPage","@id":"http:\/\/pulskasvakodnevnica.com\/index.php\/2023\/09\/22\/istarska-zupanija-i-plava-laguna-ugostili-djecu-iz-ukrajine\/","url":"http:\/\/pulskasvakodnevnica.com\/index.php\/2023\/09\/22\/istarska-zupanija-i-plava-laguna-ugostili-djecu-iz-ukrajine\/","name":"Istarska \u017eupanija i Plava Laguna ugostili djecu iz Ukrajine - Pulska Svakodnevnica","isPartOf":{"@id":"http:\/\/pulskasvakodnevnica.com\/#website"},"datePublished":"2023-09-22T13:58:42+00:00","dateModified":"2023-09-22T13:58:42+00:00","author":{"@id":"http:\/\/pulskasvakodnevnica.com\/#\/schema\/person\/95941daf7dfab0e8fd012b0d88608a3f"},"breadcrumb":{"@id":"http:\/\/pulskasvakodnevnica.com\/index.php\/2023\/09\/22\/istarska-zupanija-i-plava-laguna-ugostili-djecu-iz-ukrajine\/#breadcrumb"},"inLanguage":"hr","potentialAction":[{"@type":"ReadAction","target":["http:\/\/pulskasvakodnevnica.com\/index.php\/2023\/09\/22\/istarska-zupanija-i-plava-laguna-ugostili-djecu-iz-ukrajine\/"]}]},{"@type":"BreadcrumbList","@id":"http:\/\/pulskasvakodnevnica.com\/index.php\/2023\/09\/22\/istarska-zupanija-i-plava-laguna-ugostili-djecu-iz-ukrajine\/#breadcrumb","itemListElement":[{"@type":"ListItem","position":1,"name":"Po\u010detna stranica","item":"http:\/\/pulskasvakodnevnica.com\/"},{"@type":"ListItem","position":2,"name":"Istarska \u017eupanija i Plava Laguna ugostili djecu iz Ukrajine"}]},{"@type":"WebSite","@id":"http:\/\/pulskasvakodnevnica.com\/#website","url":"http:\/\/pulskasvakodnevnica.com\/","name":"Pulska Svakodnevnica","description":"Vijesti iz Pule i Istre","potentialAction":[{"@type":"SearchAction","target":{"@type":"EntryPoint","urlTemplate":"http:\/\/pulskasvakodnevnica.com\/?s={search_term_string}"},"query-input":"required name=search_term_string"}],"inLanguage":"hr"},{"@type":"Person","@id":"http:\/\/pulskasvakodnevnica.com\/#\/schema\/person\/95941daf7dfab0e8fd012b0d88608a3f","name":"Pulska Svakodnevnica"}]}},"_links":{"self":[{"href":"http:\/\/pulskasvakodnevnica.com\/index.php\/wp-json\/wp\/v2\/posts\/40733"}],"collection":[{"href":"http:\/\/pulskasvakodnevnica.com\/index.php\/wp-json\/wp\/v2\/posts"}],"about":[{"href":"http:\/\/pulskasvakodnevnica.com\/index.php\/wp-json\/wp\/v2\/types\/post"}],"author":[{"embeddable":true,"href":"http:\/\/pulskasvakodnevnica.com\/index.php\/wp-json\/wp\/v2\/users\/1"}],"replies":[{"embeddable":true,"href":"http:\/\/pulskasvakodnevnica.com\/index.php\/wp-json\/wp\/v2\/comments?post=40733"}],"version-history":[{"count":1,"href":"http:\/\/pulskasvakodnevnica.com\/index.php\/wp-json\/wp\/v2\/posts\/40733\/revisions"}],"predecessor-version":[{"id":40734,"href":"http:\/\/pulskasvakodnevnica.com\/index.php\/wp-json\/wp\/v2\/posts\/40733\/revisions\/40734"}],"wp:featuredmedia":[{"embeddable":true,"href":"http:\/\/pulskasvakodnevnica.com\/index.php\/wp-json\/wp\/v2\/media\/22899"}],"wp:attachment":[{"href":"http:\/\/pulskasvakodnevnica.com\/index.php\/wp-json\/wp\/v2\/media?parent=40733"}],"wp:term":[{"taxonomy":"category","embeddable":true,"href":"http:\/\/pulskasvakodnevnica.com\/index.php\/wp-json\/wp\/v2\/categories?post=40733"},{"taxonomy":"post_tag","embeddable":true,"href":"http:\/\/pulskasvakodnevnica.com\/index.php\/wp-json\/wp\/v2\/tags?post=40733"}],"curies":[{"name":"wp","href":"https:\/\/api.w.org\/{rel}","templated":true}]}}