{"id":41387,"date":"2023-11-13T15:48:16","date_gmt":"2023-11-13T14:48:16","guid":{"rendered":"http:\/\/pulskasvakodnevnica.com\/?p=41387"},"modified":"2023-11-13T17:27:20","modified_gmt":"2023-11-13T16:27:20","slug":"zupan-miletic-s-istarskim-saborskim-zastupnicama-i-zastupnicima-o-zupanijskom-i-drzavnom-proracunu-za-2024","status":"publish","type":"post","link":"http:\/\/pulskasvakodnevnica.com\/index.php\/2023\/11\/13\/zupan-miletic-s-istarskim-saborskim-zastupnicama-i-zastupnicima-o-zupanijskom-i-drzavnom-proracunu-za-2024\/","title":{"rendered":"\u017dupan Mileti\u0107 s istarskim saborskim zastupnicama i zastupnicima o \u017eupanijskom i dr\u017eavnom prora\u010dunu za 2024."},"content":{"rendered":"\n<p>U sjedi\u0161tu Istarske \u017eupanije, u Puli, danas je odr\u017eana 2. Koordinacija \u017eupana Borisa Mileti\u0107a sa saborskim zastupnicama i zastupnicima iz Istre Katarinom Nemet, Sanjom Radolovi\u0107, Marinom Leroti\u0107em, Antonom Klimanom, Emilom Dausom i Silvanom Hreljom, a kojoj su prisustvovali i zamjenik \u017eupana Tulio Demetlika, zamjenica \u017eupana Jessica Acquavita i pro\u010delnik Upravnog odjela \u017eupana Ivan Glu\u0161ac.<\/p>\n\n\n\n<p>\u201eZahvaljujem na va\u0161em dolasku i izdvojenom vremenu za dana\u0161nju Koordinaciju na kojoj vam \u017eelimo predstaviti konture Prijedloga Prora\u010duna Istarske \u017eupanije za 2024. godinu i projekcija za 2025. i 2026. godinu, a koji \u0107e se ovog \u010detvrtka na\u0107i pred vije\u0107nicima \u017eupanijske Skup\u0161tine. Isto tako, \u017eeljeli bismo se osvrnuti na odre\u0111ene potrebe koje postoje na podru\u010dju Istarske \u017eupanije u kontekstu Dr\u017eavnog prora\u010duna za 2024. godinu i mislim da svi skupa mo\u017eete pomo\u0107i jer se radi o ostvarivim prijedlozima\u201c, kazao je uvodno \u017eupan Mileti\u0107 nakon \u010dega je pro\u010delnik Glu\u0161ac ukratko predstavio najva\u017enije zna\u010dajke Prijedloga prora\u010duna.<\/p>\n\n\n\n<p>Prema rije\u010dima pro\u010delnika Glu\u0161ca, najve\u0107a promjena odnosi se na Op\u0107u bolnicu Pula koja od idu\u0107e godine vi\u0161e ne\u0107e biti \u017eupanijski prora\u010dunski korisnik jer \u0107e joj osniva\u010d postati Republika Hrvatska, zbog \u010dega se i \u017eupanijski prora\u010dun smanjuje za 70-ak milijuna eura. Prijedlog prora\u010duna Istarske \u017eupanije za 2024. godinu iznosi 207.721.000,00 eura, a projekcije u visini od 188.910.300,00 eura za 2025. godinu te u visini od 178.943.800,00 eura za 2026. godinu. Od cjelokupnog \u017eupanijskog prora\u010duna, nadovezao se \u017eupan, 64,4 % se odnosi na dio koji provode prora\u010dunski korisnici, a 35,6 % na upravna tijela Istarske \u017eupanije.<\/p>\n\n\n\n<p>\u201eZa razliku od gradova i op\u0107ina, \u017dupanija na svoje prihode ne mo\u017ee utjecati jer nemamo imovinu, nemamo prihoda od imovine, kao ni zemlji\u0161ta s kojima mo\u017eemo raspolagati stoga koliko imamo poreza, toliko imamo i prihoda. Tako\u0111er, zajedni\u010dka tema svih \u017eupanija je zna\u010dajno smanjenje potpora dr\u017eave za Regionalne koordinatore, ustanove koje se bave EU projektima tako da \u0107emo taj teret morati snositi mi kao \u017dupanija. Isto tako, 2020. godine preuzeli smo poslove nekada\u0161njeg Urede dr\u017eavne uprave, a sredstva koje nam dr\u017eava daje za rashode za preuzete zaposlenike nisu dostatna jer su pla\u0107e u me\u0111uvremenu rasle pa i tu razliku moramo sami podmiriti\u201c, kazao je \u017eupan.<\/p>\n\n\n\n<p>Nadalje, dotaklo se i samog Prijedloga prora\u010duna za narednu godinu, kao i budu\u0107e trogodi\u0161nje razdoblje, koje \u0107e biti u znaku velikih investicija u obrazovanju, zdravstvu i socijalnoj skrbi.<\/p>\n\n\n\n<p>Zastupnik Kliman dotaknuo se prijedloga Zakona o upravljanju nekretninama i pokretninama u vlasni\u0161tvu RH, a prema kojem se, izme\u0111u ostalog, upravljanje gra\u0111evinskim zemlji\u0161tem i gra\u0111evinama sa zemlji\u0161tem za redovnu uporabu prepu\u0161ta \u017eupanijama, gradovima sjedi\u0161tima \u017eupanija i velikim gradovima. Dakle, gradona\u010delnici i \u017eupani bit \u0107e ovla\u0161teni raspolagati nekretninama tr\u017ei\u0161ne vrijednosti od iznosa do 130 tisu\u0107a eura; gradska vije\u0107a, odnosno \u017eupanijske skup\u0161tine s nekretninama do iznosa od milijun eura; od 1 milijun do 1,5 milijuna eura bit \u0107e u nadle\u017enosti ministra za dr\u017eavnu imovinu, dok \u0107e za nekretnine iznad navedenog iznosa odlu\u010divati Vlada Republike Hrvatske. \u017dupan Mileti\u0107 prijedlog Zakona ocijenio je kao dobrim jer \u010desto veliki projekti ovise o predmetima koji se ti\u010du zemlji\u0161ta znatno manje vrijednosti. Naime, oko 44 tisu\u0107a takvih predmeta stoji nerije\u0161eno u Ministarstvu dr\u017eavne imovine, a na godi\u0161njoj razini ih se rije\u0161i oko 300.<\/p>\n\n\n\n<p>&nbsp;\u0160to se, pak, ti\u010de Dr\u017eavnog prora\u010duna za 2024. godinu, izdvojeni su projekti poput sanacije pro\u010delja zgrade Admiraliteta na pulskoj rivi, a \u010diji je vlasniku dr\u017eava; ulaganja \u017dUC-a u izvanredno odr\u017eavanje \u017eupanijskih cesta koje imaju doticaj s dr\u017eavnim cestama i dodatnih izdvajanja za Zra\u010dnu luku Pula koja mora kontinuirano ulagati kako bi pratili propise u avio prometu, za \u0161to im nedostaju sredstva.<\/p>\n\n\n\n<p>Tako\u0111er, \u017eupan je apeliralo na saborske zastupnike po pitanju rje\u0161avanja statusa pomo\u0107nika u nastavi, gdje nije samo stvar satnice, ve\u0107 i reguliranja njihovih materijalnih prava.<\/p>\n\n\n\n<p>\u201eIstarska \u017eupanija je u Prijedlogu prora\u010duna za 2024. godinu osigurala preko 237 tisu\u0107a eura za pove\u0107anje satnice pomo\u0107nicima u nastavi za dodatnih 26 %, a podsjetit \u0107u da smo satnice prethodno pove\u0107ali 1. sije\u010dnja 2023. godine za 26,6 %.\u201c, poru\u010dio je Mileti\u0107.<\/p>\n","protected":false},"excerpt":{"rendered":"<p>U sjedi\u0161tu Istarske \u017eupanije, u Puli, danas je odr\u017eana 2. Koordinacija \u017eupana Borisa Mileti\u0107a sa saborskim zastupnicama i zastupnicima iz<\/p>\n","protected":false},"author":1,"featured_media":41388,"comment_status":"open","ping_status":"closed","sticky":false,"template":"","format":"standard","meta":{"_mi_skip_tracking":false,"footnotes":""},"categories":[84,1],"tags":[],"yoast_head":"<!-- This site is optimized with the Yoast SEO plugin v20.4 - https:\/\/yoast.com\/wordpress\/plugins\/seo\/ -->\n<title>\u017dupan Mileti\u0107 s istarskim saborskim zastupnicama i zastupnicima o \u017eupanijskom i dr\u017eavnom prora\u010dunu za 2024. - Pulska Svakodnevnica<\/title>\n<meta name=\"robots\" content=\"index, follow, max-snippet:-1, max-image-preview:large, max-video-preview:-1\" \/>\n<link rel=\"canonical\" href=\"http:\/\/pulskasvakodnevnica.com\/index.php\/2023\/11\/13\/zupan-miletic-s-istarskim-saborskim-zastupnicama-i-zastupnicima-o-zupanijskom-i-drzavnom-proracunu-za-2024\/\" \/>\n<meta property=\"og:locale\" content=\"hr_HR\" \/>\n<meta property=\"og:type\" content=\"article\" \/>\n<meta property=\"og:title\" content=\"\u017dupan Mileti\u0107 s istarskim saborskim zastupnicama i zastupnicima o \u017eupanijskom i dr\u017eavnom prora\u010dunu za 2024. - Pulska Svakodnevnica\" \/>\n<meta property=\"og:description\" content=\"U sjedi\u0161tu Istarske \u017eupanije, u Puli, danas je odr\u017eana 2. Koordinacija \u017eupana Borisa Mileti\u0107a sa saborskim zastupnicama i zastupnicima iz\" \/>\n<meta property=\"og:url\" content=\"http:\/\/pulskasvakodnevnica.com\/index.php\/2023\/11\/13\/zupan-miletic-s-istarskim-saborskim-zastupnicama-i-zastupnicima-o-zupanijskom-i-drzavnom-proracunu-za-2024\/\" \/>\n<meta property=\"og:site_name\" content=\"Pulska Svakodnevnica\" \/>\n<meta property=\"article:publisher\" content=\"https:\/\/www.facebook.com\/PulskaSvakodnevnicaNews\" \/>\n<meta property=\"article:published_time\" content=\"2023-11-13T14:48:16+00:00\" \/>\n<meta property=\"article:modified_time\" content=\"2023-11-13T16:27:20+00:00\" \/>\n<meta property=\"og:image\" content=\"http:\/\/pulskasvakodnevnica.com\/wp-content\/uploads\/2023\/11\/IMG_1-3.jpg\" \/>\n\t<meta property=\"og:image:width\" content=\"1024\" \/>\n\t<meta property=\"og:image:height\" content=\"683\" \/>\n\t<meta property=\"og:image:type\" content=\"image\/jpeg\" \/>\n<meta name=\"author\" content=\"Pulska Svakodnevnica\" \/>\n<meta name=\"twitter:card\" content=\"summary_large_image\" \/>\n<meta name=\"twitter:label1\" content=\"Napisao\/la\" \/>\n\t<meta name=\"twitter:data1\" content=\"Pulska Svakodnevnica\" \/>\n\t<meta name=\"twitter:label2\" content=\"Procijenjeno vrijeme \u010ditanja\" \/>\n\t<meta name=\"twitter:data2\" content=\"4 minute\" \/>\n<script type=\"application\/ld+json\" class=\"yoast-schema-graph\">{\"@context\":\"https:\/\/schema.org\",\"@graph\":[{\"@type\":\"WebPage\",\"@id\":\"http:\/\/pulskasvakodnevnica.com\/index.php\/2023\/11\/13\/zupan-miletic-s-istarskim-saborskim-zastupnicama-i-zastupnicima-o-zupanijskom-i-drzavnom-proracunu-za-2024\/\",\"url\":\"http:\/\/pulskasvakodnevnica.com\/index.php\/2023\/11\/13\/zupan-miletic-s-istarskim-saborskim-zastupnicama-i-zastupnicima-o-zupanijskom-i-drzavnom-proracunu-za-2024\/\",\"name\":\"\u017dupan Mileti\u0107 s istarskim saborskim zastupnicama i zastupnicima o \u017eupanijskom i dr\u017eavnom prora\u010dunu za 2024. - Pulska Svakodnevnica\",\"isPartOf\":{\"@id\":\"http:\/\/pulskasvakodnevnica.com\/#website\"},\"datePublished\":\"2023-11-13T14:48:16+00:00\",\"dateModified\":\"2023-11-13T16:27:20+00:00\",\"author\":{\"@id\":\"http:\/\/pulskasvakodnevnica.com\/#\/schema\/person\/95941daf7dfab0e8fd012b0d88608a3f\"},\"breadcrumb\":{\"@id\":\"http:\/\/pulskasvakodnevnica.com\/index.php\/2023\/11\/13\/zupan-miletic-s-istarskim-saborskim-zastupnicama-i-zastupnicima-o-zupanijskom-i-drzavnom-proracunu-za-2024\/#breadcrumb\"},\"inLanguage\":\"hr\",\"potentialAction\":[{\"@type\":\"ReadAction\",\"target\":[\"http:\/\/pulskasvakodnevnica.com\/index.php\/2023\/11\/13\/zupan-miletic-s-istarskim-saborskim-zastupnicama-i-zastupnicima-o-zupanijskom-i-drzavnom-proracunu-za-2024\/\"]}]},{\"@type\":\"BreadcrumbList\",\"@id\":\"http:\/\/pulskasvakodnevnica.com\/index.php\/2023\/11\/13\/zupan-miletic-s-istarskim-saborskim-zastupnicama-i-zastupnicima-o-zupanijskom-i-drzavnom-proracunu-za-2024\/#breadcrumb\",\"itemListElement\":[{\"@type\":\"ListItem\",\"position\":1,\"name\":\"Po\u010detna stranica\",\"item\":\"http:\/\/pulskasvakodnevnica.com\/\"},{\"@type\":\"ListItem\",\"position\":2,\"name\":\"\u017dupan Mileti\u0107 s istarskim saborskim zastupnicama i zastupnicima o \u017eupanijskom i dr\u017eavnom prora\u010dunu za 2024.\"}]},{\"@type\":\"WebSite\",\"@id\":\"http:\/\/pulskasvakodnevnica.com\/#website\",\"url\":\"http:\/\/pulskasvakodnevnica.com\/\",\"name\":\"Pulska Svakodnevnica\",\"description\":\"Vijesti iz Pule i Istre\",\"potentialAction\":[{\"@type\":\"SearchAction\",\"target\":{\"@type\":\"EntryPoint\",\"urlTemplate\":\"http:\/\/pulskasvakodnevnica.com\/?s={search_term_string}\"},\"query-input\":\"required name=search_term_string\"}],\"inLanguage\":\"hr\"},{\"@type\":\"Person\",\"@id\":\"http:\/\/pulskasvakodnevnica.com\/#\/schema\/person\/95941daf7dfab0e8fd012b0d88608a3f\",\"name\":\"Pulska Svakodnevnica\"}]}<\/script>\n<!-- \/ Yoast SEO plugin. -->","yoast_head_json":{"title":"\u017dupan Mileti\u0107 s istarskim saborskim zastupnicama i zastupnicima o \u017eupanijskom i dr\u017eavnom prora\u010dunu za 2024. - Pulska Svakodnevnica","robots":{"index":"index","follow":"follow","max-snippet":"max-snippet:-1","max-image-preview":"max-image-preview:large","max-video-preview":"max-video-preview:-1"},"canonical":"http:\/\/pulskasvakodnevnica.com\/index.php\/2023\/11\/13\/zupan-miletic-s-istarskim-saborskim-zastupnicama-i-zastupnicima-o-zupanijskom-i-drzavnom-proracunu-za-2024\/","og_locale":"hr_HR","og_type":"article","og_title":"\u017dupan Mileti\u0107 s istarskim saborskim zastupnicama i zastupnicima o \u017eupanijskom i dr\u017eavnom prora\u010dunu za 2024. - Pulska Svakodnevnica","og_description":"U sjedi\u0161tu Istarske \u017eupanije, u Puli, danas je odr\u017eana 2. Koordinacija \u017eupana Borisa Mileti\u0107a sa saborskim zastupnicama i zastupnicima iz","og_url":"http:\/\/pulskasvakodnevnica.com\/index.php\/2023\/11\/13\/zupan-miletic-s-istarskim-saborskim-zastupnicama-i-zastupnicima-o-zupanijskom-i-drzavnom-proracunu-za-2024\/","og_site_name":"Pulska Svakodnevnica","article_publisher":"https:\/\/www.facebook.com\/PulskaSvakodnevnicaNews","article_published_time":"2023-11-13T14:48:16+00:00","article_modified_time":"2023-11-13T16:27:20+00:00","og_image":[{"width":1024,"height":683,"url":"http:\/\/pulskasvakodnevnica.com\/wp-content\/uploads\/2023\/11\/IMG_1-3.jpg","type":"image\/jpeg"}],"author":"Pulska Svakodnevnica","twitter_card":"summary_large_image","twitter_misc":{"Napisao\/la":"Pulska Svakodnevnica","Procijenjeno vrijeme \u010ditanja":"4 minute"},"schema":{"@context":"https:\/\/schema.org","@graph":[{"@type":"WebPage","@id":"http:\/\/pulskasvakodnevnica.com\/index.php\/2023\/11\/13\/zupan-miletic-s-istarskim-saborskim-zastupnicama-i-zastupnicima-o-zupanijskom-i-drzavnom-proracunu-za-2024\/","url":"http:\/\/pulskasvakodnevnica.com\/index.php\/2023\/11\/13\/zupan-miletic-s-istarskim-saborskim-zastupnicama-i-zastupnicima-o-zupanijskom-i-drzavnom-proracunu-za-2024\/","name":"\u017dupan Mileti\u0107 s istarskim saborskim zastupnicama i zastupnicima o \u017eupanijskom i dr\u017eavnom prora\u010dunu za 2024. - Pulska Svakodnevnica","isPartOf":{"@id":"http:\/\/pulskasvakodnevnica.com\/#website"},"datePublished":"2023-11-13T14:48:16+00:00","dateModified":"2023-11-13T16:27:20+00:00","author":{"@id":"http:\/\/pulskasvakodnevnica.com\/#\/schema\/person\/95941daf7dfab0e8fd012b0d88608a3f"},"breadcrumb":{"@id":"http:\/\/pulskasvakodnevnica.com\/index.php\/2023\/11\/13\/zupan-miletic-s-istarskim-saborskim-zastupnicama-i-zastupnicima-o-zupanijskom-i-drzavnom-proracunu-za-2024\/#breadcrumb"},"inLanguage":"hr","potentialAction":[{"@type":"ReadAction","target":["http:\/\/pulskasvakodnevnica.com\/index.php\/2023\/11\/13\/zupan-miletic-s-istarskim-saborskim-zastupnicama-i-zastupnicima-o-zupanijskom-i-drzavnom-proracunu-za-2024\/"]}]},{"@type":"BreadcrumbList","@id":"http:\/\/pulskasvakodnevnica.com\/index.php\/2023\/11\/13\/zupan-miletic-s-istarskim-saborskim-zastupnicama-i-zastupnicima-o-zupanijskom-i-drzavnom-proracunu-za-2024\/#breadcrumb","itemListElement":[{"@type":"ListItem","position":1,"name":"Po\u010detna stranica","item":"http:\/\/pulskasvakodnevnica.com\/"},{"@type":"ListItem","position":2,"name":"\u017dupan Mileti\u0107 s istarskim saborskim zastupnicama i zastupnicima o \u017eupanijskom i dr\u017eavnom prora\u010dunu za 2024."}]},{"@type":"WebSite","@id":"http:\/\/pulskasvakodnevnica.com\/#website","url":"http:\/\/pulskasvakodnevnica.com\/","name":"Pulska Svakodnevnica","description":"Vijesti iz Pule i Istre","potentialAction":[{"@type":"SearchAction","target":{"@type":"EntryPoint","urlTemplate":"http:\/\/pulskasvakodnevnica.com\/?s={search_term_string}"},"query-input":"required name=search_term_string"}],"inLanguage":"hr"},{"@type":"Person","@id":"http:\/\/pulskasvakodnevnica.com\/#\/schema\/person\/95941daf7dfab0e8fd012b0d88608a3f","name":"Pulska Svakodnevnica"}]}},"_links":{"self":[{"href":"http:\/\/pulskasvakodnevnica.com\/index.php\/wp-json\/wp\/v2\/posts\/41387"}],"collection":[{"href":"http:\/\/pulskasvakodnevnica.com\/index.php\/wp-json\/wp\/v2\/posts"}],"about":[{"href":"http:\/\/pulskasvakodnevnica.com\/index.php\/wp-json\/wp\/v2\/types\/post"}],"author":[{"embeddable":true,"href":"http:\/\/pulskasvakodnevnica.com\/index.php\/wp-json\/wp\/v2\/users\/1"}],"replies":[{"embeddable":true,"href":"http:\/\/pulskasvakodnevnica.com\/index.php\/wp-json\/wp\/v2\/comments?post=41387"}],"version-history":[{"count":2,"href":"http:\/\/pulskasvakodnevnica.com\/index.php\/wp-json\/wp\/v2\/posts\/41387\/revisions"}],"predecessor-version":[{"id":41398,"href":"http:\/\/pulskasvakodnevnica.com\/index.php\/wp-json\/wp\/v2\/posts\/41387\/revisions\/41398"}],"wp:featuredmedia":[{"embeddable":true,"href":"http:\/\/pulskasvakodnevnica.com\/index.php\/wp-json\/wp\/v2\/media\/41388"}],"wp:attachment":[{"href":"http:\/\/pulskasvakodnevnica.com\/index.php\/wp-json\/wp\/v2\/media?parent=41387"}],"wp:term":[{"taxonomy":"category","embeddable":true,"href":"http:\/\/pulskasvakodnevnica.com\/index.php\/wp-json\/wp\/v2\/categories?post=41387"},{"taxonomy":"post_tag","embeddable":true,"href":"http:\/\/pulskasvakodnevnica.com\/index.php\/wp-json\/wp\/v2\/tags?post=41387"}],"curies":[{"name":"wp","href":"https:\/\/api.w.org\/{rel}","templated":true}]}}