{"id":41609,"date":"2023-11-27T15:27:18","date_gmt":"2023-11-27T14:27:18","guid":{"rendered":"http:\/\/pulskasvakodnevnica.com\/?p=41609"},"modified":"2023-11-27T15:27:19","modified_gmt":"2023-11-27T14:27:19","slug":"sesto-culo-i-gospoudinnoubadi-na-daskama-ink","status":"publish","type":"post","link":"http:\/\/pulskasvakodnevnica.com\/index.php\/2023\/11\/27\/sesto-culo-i-gospoudinnoubadi-na-daskama-ink\/","title":{"rendered":"\u0160esto \u010dulo I GospOUdinNOUbadi na daskama INK"},"content":{"rendered":"\n<p>U utorak, 28. studenog\u00a0 u 20 sati na rasporedu je \u00a0partnerski program INK i Sa(n)jam knjige u Istri, \u0160ESTO \u010cULO.<\/p>\n\n\n\n<p>\u0160esto \u010dulo multimedijalni je performans koji povezuje \u010ditanje poetskog teksta, glazbu u\u017eivo i slikanje u\u017eivo u narativnu scensku izvedbu. Dramaturgija performansa temelji se na ciklusu pjesama \u0160esto \u010dulo. \u010citanje pojedinih pjesama simultano je pra\u0107eno sekvencom vizuala slikanih u\u017eivo te glazbenom izvedbom koja objedinjuje improvizaciju, ambijentalne zvukove i<\/p>\n\n\n\n<p>odabrane skladbe. U kona\u010dnici, \u0160esto \u010dulo spaja vrijeme, prostor i jezik triju razli\u010ditih medija u jedinstvenu eksperimentalnu formu.<\/p>\n\n\n\n<p>\u2026\u2026\u2026<\/p>\n\n\n\n<p>U \u010detvrtak&nbsp; 30. studenog u 20 sati INK ugo\u0161\u0107uje predstavu nastale u produkciji Teatra EXIT, Zagreb u suradnji s Akademijom za umjetnost i kulturu u Osijeku.<\/p>\n\n\n\n<p>GospOUdinNOUbadi<\/p>\n\n\n\n<p>Tekst i re\u017eija: Sa\u0161a Ano\u010di\u0107<\/p>\n\n\n\n<p>Igraju: Karlo Bernik, Domagoj Ivankovi\u0107, Jasmin Novljakovi\u0107, \u017divko Ano\u010di\u0107<\/p>\n\n\n\n<p>Pripovjeda\u010d: \u017divko Ano\u010di\u0107<\/p>\n\n\n\n<p>GospOUdinNOUbadi predstavnik je svih malih ljudi koji u cijelom ovom besmislu koji nas okru\u017euje, ne tra\u017ei samo ono \u010dega nema (smisao), nego se usu\u0111uje tra\u017eiti ne\u0161to vi\u0161e \u2013 \u017eivot barem donekle dostojan \u010dovjeka. Na\u0161 mali, veliki junak ostaje u istom danu i bez posla i bez djevojke, a vrlo brzo \u0107e ostati i bez svoje i mamine ku\u0107ice ukoliko ne dostavi potrebnu dokumentaciju da je ta ku\u0107ica ba\u0161 njegova. Stisnut je uz rub jer je oko na ku\u0107icu bacio lokalni tajfun Grabijel Gramzivi\u0107. GospOUdinNOUbadi prisiljen je na posljednju bitku u svom malom \u017eivotu, bitku protiv mo\u0107nih neprijatelja poput birokracije, nepotizma i naro\u010dito opasnog gospodina Nihilizma. Ho\u0107e li u toj bitci pobijediti ili \u0107e postati jo\u0161 jedan broj u nizu koji je izgubio ba\u0161 sve?! Smiju\u0107i se besmislu mo\u017eemo li se nadati da \u0107e bar jednom u \u017eivotu pobijediti mali \u010dovjek? Pa makar to bilo u kazali\u0161noj predstavi.<\/p>\n\n\n\n<p>Slijedi razgovor s autorima nakon izvedbe.*<\/p>\n","protected":false},"excerpt":{"rendered":"<p>U utorak, 28. studenog\u00a0 u 20 sati na rasporedu je \u00a0partnerski program INK i Sa(n)jam knjige u Istri, \u0160ESTO \u010cULO.<\/p>\n","protected":false},"author":1,"featured_media":41611,"comment_status":"open","ping_status":"closed","sticky":false,"template":"","format":"standard","meta":{"_mi_skip_tracking":false,"footnotes":""},"categories":[100,1,99],"tags":[],"yoast_head":"<!-- This site is optimized with the Yoast SEO plugin v20.4 - https:\/\/yoast.com\/wordpress\/plugins\/seo\/ -->\n<title>\u0160esto \u010dulo I GospOUdinNOUbadi na daskama INK - Pulska Svakodnevnica<\/title>\n<meta name=\"robots\" content=\"index, follow, max-snippet:-1, max-image-preview:large, max-video-preview:-1\" \/>\n<link rel=\"canonical\" href=\"http:\/\/pulskasvakodnevnica.com\/index.php\/2023\/11\/27\/sesto-culo-i-gospoudinnoubadi-na-daskama-ink\/\" \/>\n<meta property=\"og:locale\" content=\"hr_HR\" \/>\n<meta property=\"og:type\" content=\"article\" \/>\n<meta property=\"og:title\" content=\"\u0160esto \u010dulo I GospOUdinNOUbadi na daskama INK - Pulska Svakodnevnica\" \/>\n<meta property=\"og:description\" content=\"U utorak, 28. studenog\u00a0 u 20 sati na rasporedu je \u00a0partnerski program INK i Sa(n)jam knjige u Istri, \u0160ESTO \u010cULO.\" \/>\n<meta property=\"og:url\" content=\"http:\/\/pulskasvakodnevnica.com\/index.php\/2023\/11\/27\/sesto-culo-i-gospoudinnoubadi-na-daskama-ink\/\" \/>\n<meta property=\"og:site_name\" content=\"Pulska Svakodnevnica\" \/>\n<meta property=\"article:publisher\" content=\"https:\/\/www.facebook.com\/PulskaSvakodnevnicaNews\" \/>\n<meta property=\"article:published_time\" content=\"2023-11-27T14:27:18+00:00\" \/>\n<meta property=\"article:modified_time\" content=\"2023-11-27T14:27:19+00:00\" \/>\n<meta property=\"og:image\" content=\"http:\/\/pulskasvakodnevnica.com\/wp-content\/uploads\/2023\/11\/NOUbadi-2.jpg\" \/>\n\t<meta property=\"og:image:width\" content=\"900\" \/>\n\t<meta property=\"og:image:height\" content=\"1350\" \/>\n\t<meta property=\"og:image:type\" content=\"image\/jpeg\" \/>\n<meta name=\"author\" content=\"Pulska Svakodnevnica\" \/>\n<meta name=\"twitter:card\" content=\"summary_large_image\" \/>\n<meta name=\"twitter:label1\" content=\"Napisao\/la\" \/>\n\t<meta name=\"twitter:data1\" content=\"Pulska Svakodnevnica\" \/>\n\t<meta name=\"twitter:label2\" content=\"Procijenjeno vrijeme \u010ditanja\" \/>\n\t<meta name=\"twitter:data2\" content=\"2 minute\" \/>\n<script type=\"application\/ld+json\" class=\"yoast-schema-graph\">{\"@context\":\"https:\/\/schema.org\",\"@graph\":[{\"@type\":\"WebPage\",\"@id\":\"http:\/\/pulskasvakodnevnica.com\/index.php\/2023\/11\/27\/sesto-culo-i-gospoudinnoubadi-na-daskama-ink\/\",\"url\":\"http:\/\/pulskasvakodnevnica.com\/index.php\/2023\/11\/27\/sesto-culo-i-gospoudinnoubadi-na-daskama-ink\/\",\"name\":\"\u0160esto \u010dulo I GospOUdinNOUbadi na daskama INK - Pulska Svakodnevnica\",\"isPartOf\":{\"@id\":\"http:\/\/pulskasvakodnevnica.com\/#website\"},\"datePublished\":\"2023-11-27T14:27:18+00:00\",\"dateModified\":\"2023-11-27T14:27:19+00:00\",\"author\":{\"@id\":\"http:\/\/pulskasvakodnevnica.com\/#\/schema\/person\/95941daf7dfab0e8fd012b0d88608a3f\"},\"breadcrumb\":{\"@id\":\"http:\/\/pulskasvakodnevnica.com\/index.php\/2023\/11\/27\/sesto-culo-i-gospoudinnoubadi-na-daskama-ink\/#breadcrumb\"},\"inLanguage\":\"hr\",\"potentialAction\":[{\"@type\":\"ReadAction\",\"target\":[\"http:\/\/pulskasvakodnevnica.com\/index.php\/2023\/11\/27\/sesto-culo-i-gospoudinnoubadi-na-daskama-ink\/\"]}]},{\"@type\":\"BreadcrumbList\",\"@id\":\"http:\/\/pulskasvakodnevnica.com\/index.php\/2023\/11\/27\/sesto-culo-i-gospoudinnoubadi-na-daskama-ink\/#breadcrumb\",\"itemListElement\":[{\"@type\":\"ListItem\",\"position\":1,\"name\":\"Po\u010detna stranica\",\"item\":\"http:\/\/pulskasvakodnevnica.com\/\"},{\"@type\":\"ListItem\",\"position\":2,\"name\":\"\u0160esto \u010dulo I GospOUdinNOUbadi na daskama INK\"}]},{\"@type\":\"WebSite\",\"@id\":\"http:\/\/pulskasvakodnevnica.com\/#website\",\"url\":\"http:\/\/pulskasvakodnevnica.com\/\",\"name\":\"Pulska Svakodnevnica\",\"description\":\"Vijesti iz Pule i Istre\",\"potentialAction\":[{\"@type\":\"SearchAction\",\"target\":{\"@type\":\"EntryPoint\",\"urlTemplate\":\"http:\/\/pulskasvakodnevnica.com\/?s={search_term_string}\"},\"query-input\":\"required name=search_term_string\"}],\"inLanguage\":\"hr\"},{\"@type\":\"Person\",\"@id\":\"http:\/\/pulskasvakodnevnica.com\/#\/schema\/person\/95941daf7dfab0e8fd012b0d88608a3f\",\"name\":\"Pulska Svakodnevnica\"}]}<\/script>\n<!-- \/ Yoast SEO plugin. -->","yoast_head_json":{"title":"\u0160esto \u010dulo I GospOUdinNOUbadi na daskama INK - Pulska Svakodnevnica","robots":{"index":"index","follow":"follow","max-snippet":"max-snippet:-1","max-image-preview":"max-image-preview:large","max-video-preview":"max-video-preview:-1"},"canonical":"http:\/\/pulskasvakodnevnica.com\/index.php\/2023\/11\/27\/sesto-culo-i-gospoudinnoubadi-na-daskama-ink\/","og_locale":"hr_HR","og_type":"article","og_title":"\u0160esto \u010dulo I GospOUdinNOUbadi na daskama INK - Pulska Svakodnevnica","og_description":"U utorak, 28. studenog\u00a0 u 20 sati na rasporedu je \u00a0partnerski program INK i Sa(n)jam knjige u Istri, \u0160ESTO \u010cULO.","og_url":"http:\/\/pulskasvakodnevnica.com\/index.php\/2023\/11\/27\/sesto-culo-i-gospoudinnoubadi-na-daskama-ink\/","og_site_name":"Pulska Svakodnevnica","article_publisher":"https:\/\/www.facebook.com\/PulskaSvakodnevnicaNews","article_published_time":"2023-11-27T14:27:18+00:00","article_modified_time":"2023-11-27T14:27:19+00:00","og_image":[{"width":900,"height":1350,"url":"http:\/\/pulskasvakodnevnica.com\/wp-content\/uploads\/2023\/11\/NOUbadi-2.jpg","type":"image\/jpeg"}],"author":"Pulska Svakodnevnica","twitter_card":"summary_large_image","twitter_misc":{"Napisao\/la":"Pulska Svakodnevnica","Procijenjeno vrijeme \u010ditanja":"2 minute"},"schema":{"@context":"https:\/\/schema.org","@graph":[{"@type":"WebPage","@id":"http:\/\/pulskasvakodnevnica.com\/index.php\/2023\/11\/27\/sesto-culo-i-gospoudinnoubadi-na-daskama-ink\/","url":"http:\/\/pulskasvakodnevnica.com\/index.php\/2023\/11\/27\/sesto-culo-i-gospoudinnoubadi-na-daskama-ink\/","name":"\u0160esto \u010dulo I GospOUdinNOUbadi na daskama INK - Pulska Svakodnevnica","isPartOf":{"@id":"http:\/\/pulskasvakodnevnica.com\/#website"},"datePublished":"2023-11-27T14:27:18+00:00","dateModified":"2023-11-27T14:27:19+00:00","author":{"@id":"http:\/\/pulskasvakodnevnica.com\/#\/schema\/person\/95941daf7dfab0e8fd012b0d88608a3f"},"breadcrumb":{"@id":"http:\/\/pulskasvakodnevnica.com\/index.php\/2023\/11\/27\/sesto-culo-i-gospoudinnoubadi-na-daskama-ink\/#breadcrumb"},"inLanguage":"hr","potentialAction":[{"@type":"ReadAction","target":["http:\/\/pulskasvakodnevnica.com\/index.php\/2023\/11\/27\/sesto-culo-i-gospoudinnoubadi-na-daskama-ink\/"]}]},{"@type":"BreadcrumbList","@id":"http:\/\/pulskasvakodnevnica.com\/index.php\/2023\/11\/27\/sesto-culo-i-gospoudinnoubadi-na-daskama-ink\/#breadcrumb","itemListElement":[{"@type":"ListItem","position":1,"name":"Po\u010detna stranica","item":"http:\/\/pulskasvakodnevnica.com\/"},{"@type":"ListItem","position":2,"name":"\u0160esto \u010dulo I GospOUdinNOUbadi na daskama INK"}]},{"@type":"WebSite","@id":"http:\/\/pulskasvakodnevnica.com\/#website","url":"http:\/\/pulskasvakodnevnica.com\/","name":"Pulska Svakodnevnica","description":"Vijesti iz Pule i Istre","potentialAction":[{"@type":"SearchAction","target":{"@type":"EntryPoint","urlTemplate":"http:\/\/pulskasvakodnevnica.com\/?s={search_term_string}"},"query-input":"required name=search_term_string"}],"inLanguage":"hr"},{"@type":"Person","@id":"http:\/\/pulskasvakodnevnica.com\/#\/schema\/person\/95941daf7dfab0e8fd012b0d88608a3f","name":"Pulska Svakodnevnica"}]}},"_links":{"self":[{"href":"http:\/\/pulskasvakodnevnica.com\/index.php\/wp-json\/wp\/v2\/posts\/41609"}],"collection":[{"href":"http:\/\/pulskasvakodnevnica.com\/index.php\/wp-json\/wp\/v2\/posts"}],"about":[{"href":"http:\/\/pulskasvakodnevnica.com\/index.php\/wp-json\/wp\/v2\/types\/post"}],"author":[{"embeddable":true,"href":"http:\/\/pulskasvakodnevnica.com\/index.php\/wp-json\/wp\/v2\/users\/1"}],"replies":[{"embeddable":true,"href":"http:\/\/pulskasvakodnevnica.com\/index.php\/wp-json\/wp\/v2\/comments?post=41609"}],"version-history":[{"count":1,"href":"http:\/\/pulskasvakodnevnica.com\/index.php\/wp-json\/wp\/v2\/posts\/41609\/revisions"}],"predecessor-version":[{"id":41612,"href":"http:\/\/pulskasvakodnevnica.com\/index.php\/wp-json\/wp\/v2\/posts\/41609\/revisions\/41612"}],"wp:featuredmedia":[{"embeddable":true,"href":"http:\/\/pulskasvakodnevnica.com\/index.php\/wp-json\/wp\/v2\/media\/41611"}],"wp:attachment":[{"href":"http:\/\/pulskasvakodnevnica.com\/index.php\/wp-json\/wp\/v2\/media?parent=41609"}],"wp:term":[{"taxonomy":"category","embeddable":true,"href":"http:\/\/pulskasvakodnevnica.com\/index.php\/wp-json\/wp\/v2\/categories?post=41609"},{"taxonomy":"post_tag","embeddable":true,"href":"http:\/\/pulskasvakodnevnica.com\/index.php\/wp-json\/wp\/v2\/tags?post=41609"}],"curies":[{"name":"wp","href":"https:\/\/api.w.org\/{rel}","templated":true}]}}