{"id":41613,"date":"2023-11-28T12:57:29","date_gmt":"2023-11-28T11:57:29","guid":{"rendered":"http:\/\/pulskasvakodnevnica.com\/?p=41613"},"modified":"2023-11-28T12:57:30","modified_gmt":"2023-11-28T11:57:30","slug":"gradsko-vijece-pule-prihvatilo-odluku-o-redu-na-pomorskom-dobru","status":"publish","type":"post","link":"http:\/\/pulskasvakodnevnica.com\/index.php\/2023\/11\/28\/gradsko-vijece-pule-prihvatilo-odluku-o-redu-na-pomorskom-dobru\/","title":{"rendered":"Gradsko vije\u0107e Pule prihvatilo Odluku o redu na pomorskom dobru"},"content":{"rendered":"\n<p>Gradsko vije\u0107e Pule na sjednici odr\u017eanoj u ponedjeljak, 27. studenoga 2023. godine usvojilo je Odluku o redu na pomorskom dobru.<\/p>\n\n\n\n<p>Kako je obrazlo\u017eila nadle\u017ena pro\u010delnica Sanja Kljaji\u0107 Daki\u0107 nakon e-savjetovanja izmijenjene su odredbe o alkoholnim pi\u0107ima i \u201etoplesu\u201c koje su u javnosti izazvale veliki interes.<\/p>\n\n\n\n<p>U Odluci, koju su vije\u0107nici prihvatili, navedeno je kako je na prirodnim i ure\u0111enim pla\u017eama te ostalim dijelovima pomorskog dobra zabranjeno konzumiranje jakih alkoholnih pi\u0107a te da se, u skladu sa zakonskom regulativom, pivo i vino ne smatraju alkoholnim pi\u0107em. Nadalje, jasno je i definirano kako se na morskim pla\u017eama i drugim dijelovima pomorskog dobra zabranjuje isklju\u010divo kretanje, boravak, sun\u010danje i sl. u cijelosti bez kupa\u0107eg kostima, dok tzv. toples ne ulazi u tu kategoriju zabrane.<\/p>\n\n\n\n<p>Novi Zakon o pomorskom dobru i morskim lukama nadle\u017enost s Ministarstva pomorstva, prometa i infrastrukture te izdvojenih jedinica Ministarstva \u2013 Lu\u010dkih kapetanija spu\u0161ta na jedinice lokalne samouprave.<\/p>\n\n\n\n<p>Prema tom zakonu, gradovi i op\u0107ine imaju obvezu donijeti odluku kojom se regulira red na pomorskom dobru i ustrojstvo novih slu\u017ebenika \u2013 pomorskih redara, kao specijaliziranih slu\u017ebenika unutar komunalnog redarstva.<\/p>\n\n\n\n<p>Grad \u0107e mo\u0107i ustrojiti pomorske redare po donesenom Pravilniku Ministarstva kojim \u0107e se definirati na\u010din stru\u010dnog osposobljavanja pomorskih redara \u0161to u ovom trenutku jo\u0161 nije regulirano.<\/p>\n\n\n\n<p>U nastavku sjednice vije\u0107nici su usvojili i odluke o lokalnim porezima te o vrijednosti boda komunalne naknade.<\/p>\n\n\n\n<p>Jedna od novina je izmjena poreza na ku\u0107e za odmor s 1,59 na 5,00 eura po metru \u010detvornom korisne povr\u0161ine, dok se vrijednost komunalnog boda pove\u0107ava s 0,80 na 1,10 euro \u010dime je Pula i dalje me\u0111u najjeftinijima u RH. Vrijednost komunalnog boda nije mijenjana od 2001. godine kada je pove\u0107ana za 66 posto, dok sada\u0161nje pove\u0107anje iznosi 37 posto.<\/p>\n\n\n\n<p>Prihod od komunalne naknade koristit \u0107e se za odr\u017eavanje objekata pred\u0161kolskog, \u0161kolskog, zdravstvenog i socijalnog sadr\u017eaja, javnih gra\u0111evina sportske i kulturne namjene te pobolj\u0161anje energetske u\u010dinkovitosti.<\/p>\n\n\n\n<p>Na vije\u0107ni\u010dkim klupama sino\u0107nje sjednice bilo je i prihva\u0107anje inicijative Predstavni\u0161tva Vlade Katalonije u jugoisto\u010dnoj Europi za pristupanjem Pule Mre\u017ei mediteranskih gradova \u201eMedCities\u201d, koja okuplja mediteranske gradove iz raznih dr\u017eava s ciljem ja\u010danja i razvoja urbane odr\u017eivosti kao na\u010dina za pobolj\u0161anje \u017eivotnih uvjeta u mediteranskoj regiji i za prevenciju klimatske krize. Odluku o prihva\u0107anju inicijative vije\u0107nici su usvojili jednoglasno.<\/p>\n\n\n\n<p>O visini pau\u0161alnog poreza za djelatnost iznajmljivanja i smje\u0161taja u turizmu te o visini poreznih stopa godi\u0161njeg poreza na dohodak odlu\u010divat \u0107e se na sljede\u0107oj sjednici Gradskog vije\u0107a u srijedu, 6. prosinca.<\/p>\n","protected":false},"excerpt":{"rendered":"<p>Gradsko vije\u0107e Pule na sjednici odr\u017eanoj u ponedjeljak, 27. studenoga 2023. godine usvojilo je Odluku o redu na pomorskom dobru.<\/p>\n","protected":false},"author":1,"featured_media":1718,"comment_status":"open","ping_status":"closed","sticky":false,"template":"","format":"standard","meta":{"_mi_skip_tracking":false,"footnotes":""},"categories":[1,99],"tags":[],"yoast_head":"<!-- This site is optimized with the Yoast SEO plugin v20.4 - https:\/\/yoast.com\/wordpress\/plugins\/seo\/ -->\n<title>Gradsko vije\u0107e Pule prihvatilo Odluku o redu na pomorskom dobru - Pulska Svakodnevnica<\/title>\n<meta name=\"robots\" content=\"index, follow, max-snippet:-1, max-image-preview:large, max-video-preview:-1\" \/>\n<link rel=\"canonical\" href=\"http:\/\/pulskasvakodnevnica.com\/index.php\/2023\/11\/28\/gradsko-vijece-pule-prihvatilo-odluku-o-redu-na-pomorskom-dobru\/\" \/>\n<meta property=\"og:locale\" content=\"hr_HR\" \/>\n<meta property=\"og:type\" content=\"article\" \/>\n<meta property=\"og:title\" content=\"Gradsko vije\u0107e Pule prihvatilo Odluku o redu na pomorskom dobru - Pulska Svakodnevnica\" \/>\n<meta property=\"og:description\" content=\"Gradsko vije\u0107e Pule na sjednici odr\u017eanoj u ponedjeljak, 27. studenoga 2023. godine usvojilo je Odluku o redu na pomorskom dobru.\" \/>\n<meta property=\"og:url\" content=\"http:\/\/pulskasvakodnevnica.com\/index.php\/2023\/11\/28\/gradsko-vijece-pule-prihvatilo-odluku-o-redu-na-pomorskom-dobru\/\" \/>\n<meta property=\"og:site_name\" content=\"Pulska Svakodnevnica\" \/>\n<meta property=\"article:publisher\" content=\"https:\/\/www.facebook.com\/PulskaSvakodnevnicaNews\" \/>\n<meta property=\"article:published_time\" content=\"2023-11-28T11:57:29+00:00\" \/>\n<meta property=\"article:modified_time\" content=\"2023-11-28T11:57:30+00:00\" \/>\n<meta property=\"og:image\" content=\"http:\/\/pulskasvakodnevnica.com\/wp-content\/uploads\/2016\/09\/arh24.jpg\" \/>\n\t<meta property=\"og:image:width\" content=\"800\" \/>\n\t<meta property=\"og:image:height\" content=\"657\" \/>\n\t<meta property=\"og:image:type\" content=\"image\/jpeg\" \/>\n<meta name=\"author\" content=\"Pulska Svakodnevnica\" \/>\n<meta name=\"twitter:card\" content=\"summary_large_image\" \/>\n<meta name=\"twitter:label1\" content=\"Napisao\/la\" \/>\n\t<meta name=\"twitter:data1\" content=\"Pulska Svakodnevnica\" \/>\n\t<meta name=\"twitter:label2\" content=\"Procijenjeno vrijeme \u010ditanja\" \/>\n\t<meta name=\"twitter:data2\" content=\"3 minute\" \/>\n<script type=\"application\/ld+json\" class=\"yoast-schema-graph\">{\"@context\":\"https:\/\/schema.org\",\"@graph\":[{\"@type\":\"WebPage\",\"@id\":\"http:\/\/pulskasvakodnevnica.com\/index.php\/2023\/11\/28\/gradsko-vijece-pule-prihvatilo-odluku-o-redu-na-pomorskom-dobru\/\",\"url\":\"http:\/\/pulskasvakodnevnica.com\/index.php\/2023\/11\/28\/gradsko-vijece-pule-prihvatilo-odluku-o-redu-na-pomorskom-dobru\/\",\"name\":\"Gradsko vije\u0107e Pule prihvatilo Odluku o redu na pomorskom dobru - Pulska Svakodnevnica\",\"isPartOf\":{\"@id\":\"http:\/\/pulskasvakodnevnica.com\/#website\"},\"datePublished\":\"2023-11-28T11:57:29+00:00\",\"dateModified\":\"2023-11-28T11:57:30+00:00\",\"author\":{\"@id\":\"http:\/\/pulskasvakodnevnica.com\/#\/schema\/person\/95941daf7dfab0e8fd012b0d88608a3f\"},\"breadcrumb\":{\"@id\":\"http:\/\/pulskasvakodnevnica.com\/index.php\/2023\/11\/28\/gradsko-vijece-pule-prihvatilo-odluku-o-redu-na-pomorskom-dobru\/#breadcrumb\"},\"inLanguage\":\"hr\",\"potentialAction\":[{\"@type\":\"ReadAction\",\"target\":[\"http:\/\/pulskasvakodnevnica.com\/index.php\/2023\/11\/28\/gradsko-vijece-pule-prihvatilo-odluku-o-redu-na-pomorskom-dobru\/\"]}]},{\"@type\":\"BreadcrumbList\",\"@id\":\"http:\/\/pulskasvakodnevnica.com\/index.php\/2023\/11\/28\/gradsko-vijece-pule-prihvatilo-odluku-o-redu-na-pomorskom-dobru\/#breadcrumb\",\"itemListElement\":[{\"@type\":\"ListItem\",\"position\":1,\"name\":\"Po\u010detna stranica\",\"item\":\"http:\/\/pulskasvakodnevnica.com\/\"},{\"@type\":\"ListItem\",\"position\":2,\"name\":\"Gradsko vije\u0107e Pule prihvatilo Odluku o redu na pomorskom dobru\"}]},{\"@type\":\"WebSite\",\"@id\":\"http:\/\/pulskasvakodnevnica.com\/#website\",\"url\":\"http:\/\/pulskasvakodnevnica.com\/\",\"name\":\"Pulska Svakodnevnica\",\"description\":\"Vijesti iz Pule i Istre\",\"potentialAction\":[{\"@type\":\"SearchAction\",\"target\":{\"@type\":\"EntryPoint\",\"urlTemplate\":\"http:\/\/pulskasvakodnevnica.com\/?s={search_term_string}\"},\"query-input\":\"required name=search_term_string\"}],\"inLanguage\":\"hr\"},{\"@type\":\"Person\",\"@id\":\"http:\/\/pulskasvakodnevnica.com\/#\/schema\/person\/95941daf7dfab0e8fd012b0d88608a3f\",\"name\":\"Pulska Svakodnevnica\"}]}<\/script>\n<!-- \/ Yoast SEO plugin. -->","yoast_head_json":{"title":"Gradsko vije\u0107e Pule prihvatilo Odluku o redu na pomorskom dobru - Pulska Svakodnevnica","robots":{"index":"index","follow":"follow","max-snippet":"max-snippet:-1","max-image-preview":"max-image-preview:large","max-video-preview":"max-video-preview:-1"},"canonical":"http:\/\/pulskasvakodnevnica.com\/index.php\/2023\/11\/28\/gradsko-vijece-pule-prihvatilo-odluku-o-redu-na-pomorskom-dobru\/","og_locale":"hr_HR","og_type":"article","og_title":"Gradsko vije\u0107e Pule prihvatilo Odluku o redu na pomorskom dobru - Pulska Svakodnevnica","og_description":"Gradsko vije\u0107e Pule na sjednici odr\u017eanoj u ponedjeljak, 27. studenoga 2023. godine usvojilo je Odluku o redu na pomorskom dobru.","og_url":"http:\/\/pulskasvakodnevnica.com\/index.php\/2023\/11\/28\/gradsko-vijece-pule-prihvatilo-odluku-o-redu-na-pomorskom-dobru\/","og_site_name":"Pulska Svakodnevnica","article_publisher":"https:\/\/www.facebook.com\/PulskaSvakodnevnicaNews","article_published_time":"2023-11-28T11:57:29+00:00","article_modified_time":"2023-11-28T11:57:30+00:00","og_image":[{"width":800,"height":657,"url":"http:\/\/pulskasvakodnevnica.com\/wp-content\/uploads\/2016\/09\/arh24.jpg","type":"image\/jpeg"}],"author":"Pulska Svakodnevnica","twitter_card":"summary_large_image","twitter_misc":{"Napisao\/la":"Pulska Svakodnevnica","Procijenjeno vrijeme \u010ditanja":"3 minute"},"schema":{"@context":"https:\/\/schema.org","@graph":[{"@type":"WebPage","@id":"http:\/\/pulskasvakodnevnica.com\/index.php\/2023\/11\/28\/gradsko-vijece-pule-prihvatilo-odluku-o-redu-na-pomorskom-dobru\/","url":"http:\/\/pulskasvakodnevnica.com\/index.php\/2023\/11\/28\/gradsko-vijece-pule-prihvatilo-odluku-o-redu-na-pomorskom-dobru\/","name":"Gradsko vije\u0107e Pule prihvatilo Odluku o redu na pomorskom dobru - Pulska Svakodnevnica","isPartOf":{"@id":"http:\/\/pulskasvakodnevnica.com\/#website"},"datePublished":"2023-11-28T11:57:29+00:00","dateModified":"2023-11-28T11:57:30+00:00","author":{"@id":"http:\/\/pulskasvakodnevnica.com\/#\/schema\/person\/95941daf7dfab0e8fd012b0d88608a3f"},"breadcrumb":{"@id":"http:\/\/pulskasvakodnevnica.com\/index.php\/2023\/11\/28\/gradsko-vijece-pule-prihvatilo-odluku-o-redu-na-pomorskom-dobru\/#breadcrumb"},"inLanguage":"hr","potentialAction":[{"@type":"ReadAction","target":["http:\/\/pulskasvakodnevnica.com\/index.php\/2023\/11\/28\/gradsko-vijece-pule-prihvatilo-odluku-o-redu-na-pomorskom-dobru\/"]}]},{"@type":"BreadcrumbList","@id":"http:\/\/pulskasvakodnevnica.com\/index.php\/2023\/11\/28\/gradsko-vijece-pule-prihvatilo-odluku-o-redu-na-pomorskom-dobru\/#breadcrumb","itemListElement":[{"@type":"ListItem","position":1,"name":"Po\u010detna stranica","item":"http:\/\/pulskasvakodnevnica.com\/"},{"@type":"ListItem","position":2,"name":"Gradsko vije\u0107e Pule prihvatilo Odluku o redu na pomorskom dobru"}]},{"@type":"WebSite","@id":"http:\/\/pulskasvakodnevnica.com\/#website","url":"http:\/\/pulskasvakodnevnica.com\/","name":"Pulska Svakodnevnica","description":"Vijesti iz Pule i Istre","potentialAction":[{"@type":"SearchAction","target":{"@type":"EntryPoint","urlTemplate":"http:\/\/pulskasvakodnevnica.com\/?s={search_term_string}"},"query-input":"required name=search_term_string"}],"inLanguage":"hr"},{"@type":"Person","@id":"http:\/\/pulskasvakodnevnica.com\/#\/schema\/person\/95941daf7dfab0e8fd012b0d88608a3f","name":"Pulska Svakodnevnica"}]}},"_links":{"self":[{"href":"http:\/\/pulskasvakodnevnica.com\/index.php\/wp-json\/wp\/v2\/posts\/41613"}],"collection":[{"href":"http:\/\/pulskasvakodnevnica.com\/index.php\/wp-json\/wp\/v2\/posts"}],"about":[{"href":"http:\/\/pulskasvakodnevnica.com\/index.php\/wp-json\/wp\/v2\/types\/post"}],"author":[{"embeddable":true,"href":"http:\/\/pulskasvakodnevnica.com\/index.php\/wp-json\/wp\/v2\/users\/1"}],"replies":[{"embeddable":true,"href":"http:\/\/pulskasvakodnevnica.com\/index.php\/wp-json\/wp\/v2\/comments?post=41613"}],"version-history":[{"count":1,"href":"http:\/\/pulskasvakodnevnica.com\/index.php\/wp-json\/wp\/v2\/posts\/41613\/revisions"}],"predecessor-version":[{"id":41614,"href":"http:\/\/pulskasvakodnevnica.com\/index.php\/wp-json\/wp\/v2\/posts\/41613\/revisions\/41614"}],"wp:featuredmedia":[{"embeddable":true,"href":"http:\/\/pulskasvakodnevnica.com\/index.php\/wp-json\/wp\/v2\/media\/1718"}],"wp:attachment":[{"href":"http:\/\/pulskasvakodnevnica.com\/index.php\/wp-json\/wp\/v2\/media?parent=41613"}],"wp:term":[{"taxonomy":"category","embeddable":true,"href":"http:\/\/pulskasvakodnevnica.com\/index.php\/wp-json\/wp\/v2\/categories?post=41613"},{"taxonomy":"post_tag","embeddable":true,"href":"http:\/\/pulskasvakodnevnica.com\/index.php\/wp-json\/wp\/v2\/tags?post=41613"}],"curies":[{"name":"wp","href":"https:\/\/api.w.org\/{rel}","templated":true}]}}