{"id":42112,"date":"2024-01-24T10:48:49","date_gmt":"2024-01-24T09:48:49","guid":{"rendered":"http:\/\/pulskasvakodnevnica.com\/?p=42112"},"modified":"2024-01-24T10:48:49","modified_gmt":"2024-01-24T09:48:49","slug":"zavrsen-jednogodisnji-investicijski-ciklus-u-djecjem-vrticu-mali-svijet","status":"publish","type":"post","link":"http:\/\/pulskasvakodnevnica.com\/index.php\/2024\/01\/24\/zavrsen-jednogodisnji-investicijski-ciklus-u-djecjem-vrticu-mali-svijet\/","title":{"rendered":"Zavr\u0161en jednogodi\u0161nji investicijski ciklus u Dje\u010djem vrti\u0107u Mali svijet"},"content":{"rendered":"\n<p>U 2023. godini nastavilo se s ulaganjima u objekte pred\u0161kolskog odgoja, pa su tako u Dje\u010djem vrti\u0107u Mali svijet renovirani i opremljeni prostori u kojem svakodnevno borave najmla\u0111i sugra\u0111ani.&nbsp;<\/p>\n\n\n\n<p>Izvr\u0161ena je sanacija krova u mati\u010dnom objektu na adresi Kamenjak 6 u iznosu 10 tisu\u0107a eura. Radove, koji su se odvijali tijekom zimskih praznika, izvelo je dru\u0161tvo s ograni\u010denom odgovorno\u0161\u0107u Deltin. Tako\u0111er, izvr\u0161ena je sanacija o\u0161te\u0107enih prostorija kao posljedice proki\u0161njavanja u vidu bru\u0161enja i lakiranja parketa i farbanja zidova dvije odgojne skupine. Navedeni radovi iznosili su 5.261,00 eura.<\/p>\n\n\n\n<p>Nadalje, nabavljene su profesionalna perilica i su\u0161ilica rublja za praonu, kao i oprema za kuhinje u ukupnom iznosu od 7 tisu\u0107a eura.&nbsp;<\/p>\n\n\n\n<p>U PO Latica bru\u0161eni su i lakirani parketi u sve \u010detiri postoje\u0107e odgojne skupine u vrijednosti 8.625,00 eura te je za iste nabavljen novi namje\u0161taj.<\/p>\n\n\n\n<p>U PO Monte Zaro rekonstruiran je pod sportske dvorane i postavljen novi laminat u iznosu 17 tisu\u0107a eura, a radove je izvelo dru\u0161tvo s ograni\u010denom odgovorno\u0161\u0107u Pinjola, te su novim namje\u0161tajem opremljene tri odgojne skupine.<\/p>\n\n\n\n<p>Ukupna vrijednost nabavljenog namje\u0161taja za PO Latica i PO Monte Zaro iznosi 25 tisu\u0107a eura.<\/p>\n\n\n\n<p>Za 2024. godinu planiran je nastavak investicijskog odr\u017eavanja i opremanja PO Monte Zaro; bru\u0161enje i lakiranje parketa u preostalim odgojnim skupinama, a kao neophodni rad planirana je sanacija krova. U suradnji s dru\u0161tvom s ograni\u010denom odgovorno\u0161\u0107u Pula Herculanea nastavit \u0107e se s ure\u0111enjem i odr\u017eavanjem okoli\u0161a.<\/p>\n\n\n\n<p>Ravnateljica Tamara Pranji\u0107 nagla\u0161ava da se kontinuirano, u skladu s mogu\u0107nosti prora\u010duna, radi na pobolj\u0161anju standarda boravka najmla\u0111ih sugra\u0111ana i djelatnika ustanove, a kao glavni cilj ustanove navodi pru\u017eanje na\u0161im najmla\u0111ima sretan i ugodan boravak u vrti\u0107u u okru\u017eenju koje je poticajno za njihov normalan rast i razvoj. Uprava i stru\u010dni tim vrti\u0107a svakodnevno ula\u017eu trud u svrhu iznala\u017eenja najboljih rje\u0161enja za omogu\u0107avanje funkcioniranja i poslovanja vrti\u0107a, svatko u svojem segmentu rada.<\/p>\n\n\n\n<p>Pro\u010delnica Upravnog odjela za dru\u0161tvene djelatnosti, mlade i sport Ivana Sokolov navela je da \u0107e se kontinuirano nastaviti s investicijskim ciklusima u pred\u0161kolsku infrastrukturu s ciljem pobolj\u0161anja materijalnih uvjeta rada i boravka obzirom da ulaganja u pred\u0161kolski odgoj i obrazovanje donose najve\u0107u korist i povrat zajednici.<\/p>\n","protected":false},"excerpt":{"rendered":"<p>U 2023. godini nastavilo se s ulaganjima u objekte pred\u0161kolskog odgoja, pa su tako u Dje\u010djem vrti\u0107u Mali svijet renovirani<\/p>\n","protected":false},"author":1,"featured_media":42113,"comment_status":"open","ping_status":"closed","sticky":false,"template":"","format":"standard","meta":{"_mi_skip_tracking":false,"footnotes":""},"categories":[1,99],"tags":[],"yoast_head":"<!-- This site is optimized with the Yoast SEO plugin v20.4 - https:\/\/yoast.com\/wordpress\/plugins\/seo\/ -->\n<title>Zavr\u0161en jednogodi\u0161nji investicijski ciklus u Dje\u010djem vrti\u0107u Mali svijet - Pulska Svakodnevnica<\/title>\n<meta name=\"robots\" content=\"index, follow, max-snippet:-1, max-image-preview:large, max-video-preview:-1\" \/>\n<link rel=\"canonical\" href=\"http:\/\/pulskasvakodnevnica.com\/index.php\/2024\/01\/24\/zavrsen-jednogodisnji-investicijski-ciklus-u-djecjem-vrticu-mali-svijet\/\" \/>\n<meta property=\"og:locale\" content=\"hr_HR\" \/>\n<meta property=\"og:type\" content=\"article\" \/>\n<meta property=\"og:title\" content=\"Zavr\u0161en jednogodi\u0161nji investicijski ciklus u Dje\u010djem vrti\u0107u Mali svijet - Pulska Svakodnevnica\" \/>\n<meta property=\"og:description\" content=\"U 2023. godini nastavilo se s ulaganjima u objekte pred\u0161kolskog odgoja, pa su tako u Dje\u010djem vrti\u0107u Mali svijet renovirani\" \/>\n<meta property=\"og:url\" content=\"http:\/\/pulskasvakodnevnica.com\/index.php\/2024\/01\/24\/zavrsen-jednogodisnji-investicijski-ciklus-u-djecjem-vrticu-mali-svijet\/\" \/>\n<meta property=\"og:site_name\" content=\"Pulska Svakodnevnica\" \/>\n<meta property=\"article:publisher\" content=\"https:\/\/www.facebook.com\/PulskaSvakodnevnicaNews\" \/>\n<meta property=\"article:published_time\" content=\"2024-01-24T09:48:49+00:00\" \/>\n<meta property=\"og:image\" content=\"http:\/\/pulskasvakodnevnica.com\/wp-content\/uploads\/2024\/01\/Ilustracija2-1-e1706089720637.jpg\" \/>\n\t<meta property=\"og:image:width\" content=\"750\" \/>\n\t<meta property=\"og:image:height\" content=\"500\" \/>\n\t<meta property=\"og:image:type\" content=\"image\/jpeg\" \/>\n<meta name=\"author\" content=\"Pulska Svakodnevnica\" \/>\n<meta name=\"twitter:card\" content=\"summary_large_image\" \/>\n<meta name=\"twitter:label1\" content=\"Napisao\/la\" \/>\n\t<meta name=\"twitter:data1\" content=\"Pulska Svakodnevnica\" \/>\n\t<meta name=\"twitter:label2\" content=\"Procijenjeno vrijeme \u010ditanja\" \/>\n\t<meta name=\"twitter:data2\" content=\"2 minute\" \/>\n<script type=\"application\/ld+json\" class=\"yoast-schema-graph\">{\"@context\":\"https:\/\/schema.org\",\"@graph\":[{\"@type\":\"WebPage\",\"@id\":\"http:\/\/pulskasvakodnevnica.com\/index.php\/2024\/01\/24\/zavrsen-jednogodisnji-investicijski-ciklus-u-djecjem-vrticu-mali-svijet\/\",\"url\":\"http:\/\/pulskasvakodnevnica.com\/index.php\/2024\/01\/24\/zavrsen-jednogodisnji-investicijski-ciklus-u-djecjem-vrticu-mali-svijet\/\",\"name\":\"Zavr\u0161en jednogodi\u0161nji investicijski ciklus u Dje\u010djem vrti\u0107u Mali svijet - Pulska Svakodnevnica\",\"isPartOf\":{\"@id\":\"http:\/\/pulskasvakodnevnica.com\/#website\"},\"datePublished\":\"2024-01-24T09:48:49+00:00\",\"dateModified\":\"2024-01-24T09:48:49+00:00\",\"author\":{\"@id\":\"http:\/\/pulskasvakodnevnica.com\/#\/schema\/person\/95941daf7dfab0e8fd012b0d88608a3f\"},\"breadcrumb\":{\"@id\":\"http:\/\/pulskasvakodnevnica.com\/index.php\/2024\/01\/24\/zavrsen-jednogodisnji-investicijski-ciklus-u-djecjem-vrticu-mali-svijet\/#breadcrumb\"},\"inLanguage\":\"hr\",\"potentialAction\":[{\"@type\":\"ReadAction\",\"target\":[\"http:\/\/pulskasvakodnevnica.com\/index.php\/2024\/01\/24\/zavrsen-jednogodisnji-investicijski-ciklus-u-djecjem-vrticu-mali-svijet\/\"]}]},{\"@type\":\"BreadcrumbList\",\"@id\":\"http:\/\/pulskasvakodnevnica.com\/index.php\/2024\/01\/24\/zavrsen-jednogodisnji-investicijski-ciklus-u-djecjem-vrticu-mali-svijet\/#breadcrumb\",\"itemListElement\":[{\"@type\":\"ListItem\",\"position\":1,\"name\":\"Po\u010detna stranica\",\"item\":\"http:\/\/pulskasvakodnevnica.com\/\"},{\"@type\":\"ListItem\",\"position\":2,\"name\":\"Zavr\u0161en jednogodi\u0161nji investicijski ciklus u Dje\u010djem vrti\u0107u Mali svijet\"}]},{\"@type\":\"WebSite\",\"@id\":\"http:\/\/pulskasvakodnevnica.com\/#website\",\"url\":\"http:\/\/pulskasvakodnevnica.com\/\",\"name\":\"Pulska Svakodnevnica\",\"description\":\"Vijesti iz Pule i Istre\",\"potentialAction\":[{\"@type\":\"SearchAction\",\"target\":{\"@type\":\"EntryPoint\",\"urlTemplate\":\"http:\/\/pulskasvakodnevnica.com\/?s={search_term_string}\"},\"query-input\":\"required name=search_term_string\"}],\"inLanguage\":\"hr\"},{\"@type\":\"Person\",\"@id\":\"http:\/\/pulskasvakodnevnica.com\/#\/schema\/person\/95941daf7dfab0e8fd012b0d88608a3f\",\"name\":\"Pulska Svakodnevnica\"}]}<\/script>\n<!-- \/ Yoast SEO plugin. -->","yoast_head_json":{"title":"Zavr\u0161en jednogodi\u0161nji investicijski ciklus u Dje\u010djem vrti\u0107u Mali svijet - Pulska Svakodnevnica","robots":{"index":"index","follow":"follow","max-snippet":"max-snippet:-1","max-image-preview":"max-image-preview:large","max-video-preview":"max-video-preview:-1"},"canonical":"http:\/\/pulskasvakodnevnica.com\/index.php\/2024\/01\/24\/zavrsen-jednogodisnji-investicijski-ciklus-u-djecjem-vrticu-mali-svijet\/","og_locale":"hr_HR","og_type":"article","og_title":"Zavr\u0161en jednogodi\u0161nji investicijski ciklus u Dje\u010djem vrti\u0107u Mali svijet - Pulska Svakodnevnica","og_description":"U 2023. godini nastavilo se s ulaganjima u objekte pred\u0161kolskog odgoja, pa su tako u Dje\u010djem vrti\u0107u Mali svijet renovirani","og_url":"http:\/\/pulskasvakodnevnica.com\/index.php\/2024\/01\/24\/zavrsen-jednogodisnji-investicijski-ciklus-u-djecjem-vrticu-mali-svijet\/","og_site_name":"Pulska Svakodnevnica","article_publisher":"https:\/\/www.facebook.com\/PulskaSvakodnevnicaNews","article_published_time":"2024-01-24T09:48:49+00:00","og_image":[{"width":750,"height":500,"url":"http:\/\/pulskasvakodnevnica.com\/wp-content\/uploads\/2024\/01\/Ilustracija2-1-e1706089720637.jpg","type":"image\/jpeg"}],"author":"Pulska Svakodnevnica","twitter_card":"summary_large_image","twitter_misc":{"Napisao\/la":"Pulska Svakodnevnica","Procijenjeno vrijeme \u010ditanja":"2 minute"},"schema":{"@context":"https:\/\/schema.org","@graph":[{"@type":"WebPage","@id":"http:\/\/pulskasvakodnevnica.com\/index.php\/2024\/01\/24\/zavrsen-jednogodisnji-investicijski-ciklus-u-djecjem-vrticu-mali-svijet\/","url":"http:\/\/pulskasvakodnevnica.com\/index.php\/2024\/01\/24\/zavrsen-jednogodisnji-investicijski-ciklus-u-djecjem-vrticu-mali-svijet\/","name":"Zavr\u0161en jednogodi\u0161nji investicijski ciklus u Dje\u010djem vrti\u0107u Mali svijet - Pulska Svakodnevnica","isPartOf":{"@id":"http:\/\/pulskasvakodnevnica.com\/#website"},"datePublished":"2024-01-24T09:48:49+00:00","dateModified":"2024-01-24T09:48:49+00:00","author":{"@id":"http:\/\/pulskasvakodnevnica.com\/#\/schema\/person\/95941daf7dfab0e8fd012b0d88608a3f"},"breadcrumb":{"@id":"http:\/\/pulskasvakodnevnica.com\/index.php\/2024\/01\/24\/zavrsen-jednogodisnji-investicijski-ciklus-u-djecjem-vrticu-mali-svijet\/#breadcrumb"},"inLanguage":"hr","potentialAction":[{"@type":"ReadAction","target":["http:\/\/pulskasvakodnevnica.com\/index.php\/2024\/01\/24\/zavrsen-jednogodisnji-investicijski-ciklus-u-djecjem-vrticu-mali-svijet\/"]}]},{"@type":"BreadcrumbList","@id":"http:\/\/pulskasvakodnevnica.com\/index.php\/2024\/01\/24\/zavrsen-jednogodisnji-investicijski-ciklus-u-djecjem-vrticu-mali-svijet\/#breadcrumb","itemListElement":[{"@type":"ListItem","position":1,"name":"Po\u010detna stranica","item":"http:\/\/pulskasvakodnevnica.com\/"},{"@type":"ListItem","position":2,"name":"Zavr\u0161en jednogodi\u0161nji investicijski ciklus u Dje\u010djem vrti\u0107u Mali svijet"}]},{"@type":"WebSite","@id":"http:\/\/pulskasvakodnevnica.com\/#website","url":"http:\/\/pulskasvakodnevnica.com\/","name":"Pulska Svakodnevnica","description":"Vijesti iz Pule i Istre","potentialAction":[{"@type":"SearchAction","target":{"@type":"EntryPoint","urlTemplate":"http:\/\/pulskasvakodnevnica.com\/?s={search_term_string}"},"query-input":"required name=search_term_string"}],"inLanguage":"hr"},{"@type":"Person","@id":"http:\/\/pulskasvakodnevnica.com\/#\/schema\/person\/95941daf7dfab0e8fd012b0d88608a3f","name":"Pulska Svakodnevnica"}]}},"_links":{"self":[{"href":"http:\/\/pulskasvakodnevnica.com\/index.php\/wp-json\/wp\/v2\/posts\/42112"}],"collection":[{"href":"http:\/\/pulskasvakodnevnica.com\/index.php\/wp-json\/wp\/v2\/posts"}],"about":[{"href":"http:\/\/pulskasvakodnevnica.com\/index.php\/wp-json\/wp\/v2\/types\/post"}],"author":[{"embeddable":true,"href":"http:\/\/pulskasvakodnevnica.com\/index.php\/wp-json\/wp\/v2\/users\/1"}],"replies":[{"embeddable":true,"href":"http:\/\/pulskasvakodnevnica.com\/index.php\/wp-json\/wp\/v2\/comments?post=42112"}],"version-history":[{"count":1,"href":"http:\/\/pulskasvakodnevnica.com\/index.php\/wp-json\/wp\/v2\/posts\/42112\/revisions"}],"predecessor-version":[{"id":42114,"href":"http:\/\/pulskasvakodnevnica.com\/index.php\/wp-json\/wp\/v2\/posts\/42112\/revisions\/42114"}],"wp:featuredmedia":[{"embeddable":true,"href":"http:\/\/pulskasvakodnevnica.com\/index.php\/wp-json\/wp\/v2\/media\/42113"}],"wp:attachment":[{"href":"http:\/\/pulskasvakodnevnica.com\/index.php\/wp-json\/wp\/v2\/media?parent=42112"}],"wp:term":[{"taxonomy":"category","embeddable":true,"href":"http:\/\/pulskasvakodnevnica.com\/index.php\/wp-json\/wp\/v2\/categories?post=42112"},{"taxonomy":"post_tag","embeddable":true,"href":"http:\/\/pulskasvakodnevnica.com\/index.php\/wp-json\/wp\/v2\/tags?post=42112"}],"curies":[{"name":"wp","href":"https:\/\/api.w.org\/{rel}","templated":true}]}}