{"id":42149,"date":"2024-02-02T08:19:27","date_gmt":"2024-02-02T07:19:27","guid":{"rendered":"http:\/\/pulskasvakodnevnica.com\/?p=42149"},"modified":"2024-02-02T08:19:27","modified_gmt":"2024-02-02T07:19:27","slug":"od-ove-godine-upisi-za-sve-prvasice-na-podrucju-istarske-zupanije-vrsit-ce-se-elektronickim-putem","status":"publish","type":"post","link":"http:\/\/pulskasvakodnevnica.com\/index.php\/2024\/02\/02\/od-ove-godine-upisi-za-sve-prvasice-na-podrucju-istarske-zupanije-vrsit-ce-se-elektronickim-putem\/","title":{"rendered":"Od ove godine upisi za sve prva\u0161i\u0107e na podru\u010dju Istarske \u017eupanije vr\u0161it \u0107e se elektroni\u010dkim putem\u00a0"},"content":{"rendered":"\n<p>(Foto &#8211; ilustracija )<\/p>\n\n\n\n<p>Istarska \u017eupanija, kao osniva\u010d 25 osnovnih \u0161kola, u suradnji s gradovima osniva\u010dima osnovnih \u0161kola Pulom, Rovinjom, Pore\u010dom, Umagom, Labinom i Pazinom, od ove godine na svom podru\u010dju po\u010dinje s provo\u0111enjem upisa u prvi razred osnovne \u0161kole elektroni\u010dkim putem za svu djecu, kori\u0161tenjem Nacionalnog informacijskog sustava upisa u osnovne \u0161kole.<\/p>\n\n\n\n<p>Prijave za redovan upis u 1. razred osnovne \u0161kole u Nacionalnom informacijskom sustavu za upise u osnovne \u0161kole otvaraju se 22. velja\u010de 2024. godine. Roditelji \u0107e preko poveznice <a href=\"https:\/\/osnovne.e-upisi.hr\/\">https:\/\/osnovne.e-upisi.hr\/<\/a> mo\u0107i podnijeti prijavu za upis svoga djeteta, sve do 31. o\u017eujka 2024. godine.<\/p>\n\n\n\n<p>U sustavu \u0107e roditeljima biti vidljivi op\u0107i podaci o djetetu te \u0161kola na \u010dijoj se listi \u0161kolskih obveznika dijete nalazi prema mjestu prebivali\u0161ta, odnosno boravi\u0161ta. Odmah po podno\u0161enju prijave, roditelji \u0107e mo\u0107i odabrati mogu\u0107nosti koje im se nude u dodijeljenoj \u0161koli npr. izborne predmete, produ\u017eeni boravak i sl. Tako\u0111er, ako imaju razloga za to, roditelji \u0107e prilikom podno\u0161enja prijave mo\u0107i izraziti \u017eelju za upis u drugu \u0161kolu od one kojoj dijete pripada prema upisnom podru\u010dju.<\/p>\n\n\n\n<p>Napominjemo, prijave za upis djece s utvr\u0111enim te\u0161ko\u0107ama su otvorene ve\u0107 ranije, od 15. velja\u010de 2024. godine do 31. o\u017eujka 2024. godine.<\/p>\n\n\n\n<p>Uz prijavu za redovne upise u 1. razred osnovne \u0161kole od 22. velja\u010de 2024. godine do 31. o\u017eujka 2024. godine, roditelji \u0107e mo\u0107i podnijeti i zahtjev za prijevremeni upis u 1. razred osnovne \u0161kole, kao i za privremeno osloba\u0111anje od upisa u 1. razred osnovne \u0161kole.<\/p>\n\n\n\n<p>S obzirom da se u sustav za elektroni\u010dke upise u osnovne \u0161kole ulazi preko portala e-Gra\u0111ani, roditelji koji nemaju vjerodajnice za ulazak u portal moraju se javiti \u0161koli kojoj pripadaju prema upisnom podru\u010dju koja \u0107e prijavu za upis njihovog djeteta izvr\u0161iti umjesto njih.<\/p>\n\n\n\n<p>Za sve ostale informacije, termine testiranja u \u0161koli, lije\u010dni\u010dkih pregleda i laboratorijskih pretraga potrebno je pratiti mre\u017ene stranice \u0161kole kojoj dijete pripada prema upisnom podru\u010dju.<\/p>\n","protected":false},"excerpt":{"rendered":"<p>(Foto &#8211; ilustracija ) Istarska \u017eupanija, kao osniva\u010d 25 osnovnih \u0161kola, u suradnji s gradovima osniva\u010dima osnovnih \u0161kola Pulom, Rovinjom,<\/p>\n","protected":false},"author":1,"featured_media":42150,"comment_status":"open","ping_status":"closed","sticky":false,"template":"","format":"standard","meta":{"_mi_skip_tracking":false,"footnotes":""},"categories":[84,1],"tags":[],"yoast_head":"<!-- This site is optimized with the Yoast SEO plugin v20.4 - https:\/\/yoast.com\/wordpress\/plugins\/seo\/ -->\n<title>Od ove godine upisi za sve prva\u0161i\u0107e na podru\u010dju Istarske \u017eupanije vr\u0161it \u0107e se elektroni\u010dkim putem\u00a0 - Pulska Svakodnevnica<\/title>\n<meta name=\"robots\" content=\"index, follow, max-snippet:-1, max-image-preview:large, max-video-preview:-1\" \/>\n<link rel=\"canonical\" href=\"http:\/\/pulskasvakodnevnica.com\/index.php\/2024\/02\/02\/od-ove-godine-upisi-za-sve-prvasice-na-podrucju-istarske-zupanije-vrsit-ce-se-elektronickim-putem\/\" \/>\n<meta property=\"og:locale\" content=\"hr_HR\" \/>\n<meta property=\"og:type\" content=\"article\" \/>\n<meta property=\"og:title\" content=\"Od ove godine upisi za sve prva\u0161i\u0107e na podru\u010dju Istarske \u017eupanije vr\u0161it \u0107e se elektroni\u010dkim putem\u00a0 - Pulska Svakodnevnica\" \/>\n<meta property=\"og:description\" content=\"(Foto &#8211; ilustracija ) Istarska \u017eupanija, kao osniva\u010d 25 osnovnih \u0161kola, u suradnji s gradovima osniva\u010dima osnovnih \u0161kola Pulom, Rovinjom,\" \/>\n<meta property=\"og:url\" content=\"http:\/\/pulskasvakodnevnica.com\/index.php\/2024\/02\/02\/od-ove-godine-upisi-za-sve-prvasice-na-podrucju-istarske-zupanije-vrsit-ce-se-elektronickim-putem\/\" \/>\n<meta property=\"og:site_name\" content=\"Pulska Svakodnevnica\" \/>\n<meta property=\"article:publisher\" content=\"https:\/\/www.facebook.com\/PulskaSvakodnevnicaNews\" \/>\n<meta property=\"article:published_time\" content=\"2024-02-02T07:19:27+00:00\" \/>\n<meta property=\"og:image\" content=\"http:\/\/pulskasvakodnevnica.com\/wp-content\/uploads\/2024\/02\/DSC_4494.jpg\" \/>\n\t<meta property=\"og:image:width\" content=\"750\" \/>\n\t<meta property=\"og:image:height\" content=\"419\" \/>\n\t<meta property=\"og:image:type\" content=\"image\/jpeg\" \/>\n<meta name=\"author\" content=\"Pulska Svakodnevnica\" \/>\n<meta name=\"twitter:card\" content=\"summary_large_image\" \/>\n<meta name=\"twitter:label1\" content=\"Napisao\/la\" \/>\n\t<meta name=\"twitter:data1\" content=\"Pulska Svakodnevnica\" \/>\n\t<meta name=\"twitter:label2\" content=\"Procijenjeno vrijeme \u010ditanja\" \/>\n\t<meta name=\"twitter:data2\" content=\"2 minute\" \/>\n<script type=\"application\/ld+json\" class=\"yoast-schema-graph\">{\"@context\":\"https:\/\/schema.org\",\"@graph\":[{\"@type\":\"WebPage\",\"@id\":\"http:\/\/pulskasvakodnevnica.com\/index.php\/2024\/02\/02\/od-ove-godine-upisi-za-sve-prvasice-na-podrucju-istarske-zupanije-vrsit-ce-se-elektronickim-putem\/\",\"url\":\"http:\/\/pulskasvakodnevnica.com\/index.php\/2024\/02\/02\/od-ove-godine-upisi-za-sve-prvasice-na-podrucju-istarske-zupanije-vrsit-ce-se-elektronickim-putem\/\",\"name\":\"Od ove godine upisi za sve prva\u0161i\u0107e na podru\u010dju Istarske \u017eupanije vr\u0161it \u0107e se elektroni\u010dkim putem\u00a0 - Pulska Svakodnevnica\",\"isPartOf\":{\"@id\":\"http:\/\/pulskasvakodnevnica.com\/#website\"},\"datePublished\":\"2024-02-02T07:19:27+00:00\",\"dateModified\":\"2024-02-02T07:19:27+00:00\",\"author\":{\"@id\":\"http:\/\/pulskasvakodnevnica.com\/#\/schema\/person\/95941daf7dfab0e8fd012b0d88608a3f\"},\"breadcrumb\":{\"@id\":\"http:\/\/pulskasvakodnevnica.com\/index.php\/2024\/02\/02\/od-ove-godine-upisi-za-sve-prvasice-na-podrucju-istarske-zupanije-vrsit-ce-se-elektronickim-putem\/#breadcrumb\"},\"inLanguage\":\"hr\",\"potentialAction\":[{\"@type\":\"ReadAction\",\"target\":[\"http:\/\/pulskasvakodnevnica.com\/index.php\/2024\/02\/02\/od-ove-godine-upisi-za-sve-prvasice-na-podrucju-istarske-zupanije-vrsit-ce-se-elektronickim-putem\/\"]}]},{\"@type\":\"BreadcrumbList\",\"@id\":\"http:\/\/pulskasvakodnevnica.com\/index.php\/2024\/02\/02\/od-ove-godine-upisi-za-sve-prvasice-na-podrucju-istarske-zupanije-vrsit-ce-se-elektronickim-putem\/#breadcrumb\",\"itemListElement\":[{\"@type\":\"ListItem\",\"position\":1,\"name\":\"Po\u010detna stranica\",\"item\":\"http:\/\/pulskasvakodnevnica.com\/\"},{\"@type\":\"ListItem\",\"position\":2,\"name\":\"Od ove godine upisi za sve prva\u0161i\u0107e na podru\u010dju Istarske \u017eupanije vr\u0161it \u0107e se elektroni\u010dkim putem\u00a0\"}]},{\"@type\":\"WebSite\",\"@id\":\"http:\/\/pulskasvakodnevnica.com\/#website\",\"url\":\"http:\/\/pulskasvakodnevnica.com\/\",\"name\":\"Pulska Svakodnevnica\",\"description\":\"Vijesti iz Pule i Istre\",\"potentialAction\":[{\"@type\":\"SearchAction\",\"target\":{\"@type\":\"EntryPoint\",\"urlTemplate\":\"http:\/\/pulskasvakodnevnica.com\/?s={search_term_string}\"},\"query-input\":\"required name=search_term_string\"}],\"inLanguage\":\"hr\"},{\"@type\":\"Person\",\"@id\":\"http:\/\/pulskasvakodnevnica.com\/#\/schema\/person\/95941daf7dfab0e8fd012b0d88608a3f\",\"name\":\"Pulska Svakodnevnica\"}]}<\/script>\n<!-- \/ Yoast SEO plugin. -->","yoast_head_json":{"title":"Od ove godine upisi za sve prva\u0161i\u0107e na podru\u010dju Istarske \u017eupanije vr\u0161it \u0107e se elektroni\u010dkim putem\u00a0 - Pulska Svakodnevnica","robots":{"index":"index","follow":"follow","max-snippet":"max-snippet:-1","max-image-preview":"max-image-preview:large","max-video-preview":"max-video-preview:-1"},"canonical":"http:\/\/pulskasvakodnevnica.com\/index.php\/2024\/02\/02\/od-ove-godine-upisi-za-sve-prvasice-na-podrucju-istarske-zupanije-vrsit-ce-se-elektronickim-putem\/","og_locale":"hr_HR","og_type":"article","og_title":"Od ove godine upisi za sve prva\u0161i\u0107e na podru\u010dju Istarske \u017eupanije vr\u0161it \u0107e se elektroni\u010dkim putem\u00a0 - Pulska Svakodnevnica","og_description":"(Foto &#8211; ilustracija ) Istarska \u017eupanija, kao osniva\u010d 25 osnovnih \u0161kola, u suradnji s gradovima osniva\u010dima osnovnih \u0161kola Pulom, Rovinjom,","og_url":"http:\/\/pulskasvakodnevnica.com\/index.php\/2024\/02\/02\/od-ove-godine-upisi-za-sve-prvasice-na-podrucju-istarske-zupanije-vrsit-ce-se-elektronickim-putem\/","og_site_name":"Pulska Svakodnevnica","article_publisher":"https:\/\/www.facebook.com\/PulskaSvakodnevnicaNews","article_published_time":"2024-02-02T07:19:27+00:00","og_image":[{"width":750,"height":419,"url":"http:\/\/pulskasvakodnevnica.com\/wp-content\/uploads\/2024\/02\/DSC_4494.jpg","type":"image\/jpeg"}],"author":"Pulska Svakodnevnica","twitter_card":"summary_large_image","twitter_misc":{"Napisao\/la":"Pulska Svakodnevnica","Procijenjeno vrijeme \u010ditanja":"2 minute"},"schema":{"@context":"https:\/\/schema.org","@graph":[{"@type":"WebPage","@id":"http:\/\/pulskasvakodnevnica.com\/index.php\/2024\/02\/02\/od-ove-godine-upisi-za-sve-prvasice-na-podrucju-istarske-zupanije-vrsit-ce-se-elektronickim-putem\/","url":"http:\/\/pulskasvakodnevnica.com\/index.php\/2024\/02\/02\/od-ove-godine-upisi-za-sve-prvasice-na-podrucju-istarske-zupanije-vrsit-ce-se-elektronickim-putem\/","name":"Od ove godine upisi za sve prva\u0161i\u0107e na podru\u010dju Istarske \u017eupanije vr\u0161it \u0107e se elektroni\u010dkim putem\u00a0 - Pulska Svakodnevnica","isPartOf":{"@id":"http:\/\/pulskasvakodnevnica.com\/#website"},"datePublished":"2024-02-02T07:19:27+00:00","dateModified":"2024-02-02T07:19:27+00:00","author":{"@id":"http:\/\/pulskasvakodnevnica.com\/#\/schema\/person\/95941daf7dfab0e8fd012b0d88608a3f"},"breadcrumb":{"@id":"http:\/\/pulskasvakodnevnica.com\/index.php\/2024\/02\/02\/od-ove-godine-upisi-za-sve-prvasice-na-podrucju-istarske-zupanije-vrsit-ce-se-elektronickim-putem\/#breadcrumb"},"inLanguage":"hr","potentialAction":[{"@type":"ReadAction","target":["http:\/\/pulskasvakodnevnica.com\/index.php\/2024\/02\/02\/od-ove-godine-upisi-za-sve-prvasice-na-podrucju-istarske-zupanije-vrsit-ce-se-elektronickim-putem\/"]}]},{"@type":"BreadcrumbList","@id":"http:\/\/pulskasvakodnevnica.com\/index.php\/2024\/02\/02\/od-ove-godine-upisi-za-sve-prvasice-na-podrucju-istarske-zupanije-vrsit-ce-se-elektronickim-putem\/#breadcrumb","itemListElement":[{"@type":"ListItem","position":1,"name":"Po\u010detna stranica","item":"http:\/\/pulskasvakodnevnica.com\/"},{"@type":"ListItem","position":2,"name":"Od ove godine upisi za sve prva\u0161i\u0107e na podru\u010dju Istarske \u017eupanije vr\u0161it \u0107e se elektroni\u010dkim putem\u00a0"}]},{"@type":"WebSite","@id":"http:\/\/pulskasvakodnevnica.com\/#website","url":"http:\/\/pulskasvakodnevnica.com\/","name":"Pulska Svakodnevnica","description":"Vijesti iz Pule i Istre","potentialAction":[{"@type":"SearchAction","target":{"@type":"EntryPoint","urlTemplate":"http:\/\/pulskasvakodnevnica.com\/?s={search_term_string}"},"query-input":"required name=search_term_string"}],"inLanguage":"hr"},{"@type":"Person","@id":"http:\/\/pulskasvakodnevnica.com\/#\/schema\/person\/95941daf7dfab0e8fd012b0d88608a3f","name":"Pulska Svakodnevnica"}]}},"_links":{"self":[{"href":"http:\/\/pulskasvakodnevnica.com\/index.php\/wp-json\/wp\/v2\/posts\/42149"}],"collection":[{"href":"http:\/\/pulskasvakodnevnica.com\/index.php\/wp-json\/wp\/v2\/posts"}],"about":[{"href":"http:\/\/pulskasvakodnevnica.com\/index.php\/wp-json\/wp\/v2\/types\/post"}],"author":[{"embeddable":true,"href":"http:\/\/pulskasvakodnevnica.com\/index.php\/wp-json\/wp\/v2\/users\/1"}],"replies":[{"embeddable":true,"href":"http:\/\/pulskasvakodnevnica.com\/index.php\/wp-json\/wp\/v2\/comments?post=42149"}],"version-history":[{"count":1,"href":"http:\/\/pulskasvakodnevnica.com\/index.php\/wp-json\/wp\/v2\/posts\/42149\/revisions"}],"predecessor-version":[{"id":42151,"href":"http:\/\/pulskasvakodnevnica.com\/index.php\/wp-json\/wp\/v2\/posts\/42149\/revisions\/42151"}],"wp:featuredmedia":[{"embeddable":true,"href":"http:\/\/pulskasvakodnevnica.com\/index.php\/wp-json\/wp\/v2\/media\/42150"}],"wp:attachment":[{"href":"http:\/\/pulskasvakodnevnica.com\/index.php\/wp-json\/wp\/v2\/media?parent=42149"}],"wp:term":[{"taxonomy":"category","embeddable":true,"href":"http:\/\/pulskasvakodnevnica.com\/index.php\/wp-json\/wp\/v2\/categories?post=42149"},{"taxonomy":"post_tag","embeddable":true,"href":"http:\/\/pulskasvakodnevnica.com\/index.php\/wp-json\/wp\/v2\/tags?post=42149"}],"curies":[{"name":"wp","href":"https:\/\/api.w.org\/{rel}","templated":true}]}}