{"id":42155,"date":"2024-02-02T08:32:34","date_gmt":"2024-02-02T07:32:34","guid":{"rendered":"http:\/\/pulskasvakodnevnica.com\/?p=42155"},"modified":"2024-02-02T08:32:35","modified_gmt":"2024-02-02T07:32:35","slug":"zupan-miletic-sustav-primarne-zdravstvene-zastite-funkcionira-gradani-mogu-biti-sigurni","status":"publish","type":"post","link":"http:\/\/pulskasvakodnevnica.com\/index.php\/2024\/02\/02\/zupan-miletic-sustav-primarne-zdravstvene-zastite-funkcionira-gradani-mogu-biti-sigurni\/","title":{"rendered":"\u017dupan Mileti\u0107: Sustav primarne zdravstvene za\u0161tite funkcionira, gra\u0111ani mogu biti sigurni"},"content":{"rendered":"\n<p>Istarski \u017eupan Boris Mileti\u0107 je, kao \u0161to je  obavje\u0161teno, nalo\u017eio hitnu, internu reviziju poslovanja Istarskih domova zdravlja, a ju\u010der je odr\u017eao sastanak s ravnateljem Istarskih domova zdravlja Manuelom Runi\u0107em i pro\u010delnicom za zdravstvo i socijalnu skrb Gordanom Anti\u0107, nakon \u010dega se obratio novinarima.<\/p>\n\n\n\n<p>\u201eZbog interesa gra\u0111ana i javnosti, osjetio sam potrebu dati izjavu za medije nastavno na doga\u0111aje u Istarskim domovima zdravlja, jedne od klju\u010dnih ustanova u podru\u010dju zdravstva Istarske \u017eupanije. Na samome po\u010detku \u017eelim re\u0107i da sustav funkcionira. Neovisno o ovim turbulencijama koje su se dogodile, gra\u0111ani mogu biti sigurni po pitanju primarne zdravstvene za\u0161tite. Ju\u010der sam, kao \u0161to ve\u0107 znate, nalo\u017eio hitnu, ad hoc internu reviziju od strane \u017eupanijske Slu\u017ebe za unutarnju reviziju kako bi se utvrdilo je li bilo nepravilnosti u smislu poslovanja ustanove i tro\u0161enja javnih novaca. Ukoliko one postoje, odgovorne osobe za to trebaju i odgovarati\u201c, rekao je uvodno \u017eupan Mileti\u0107, koji je iznova istaknuo da ranije informacije koje je ju\u010der ravnatelj IDZ-a Runi\u0107 iznio, nije imao.<\/p>\n\n\n\n<p>\u201eDanas sam odr\u017eao radni sastanak s nadle\u017enom pro\u010delnicom dr. Anti\u0107 i ravnateljem g. Runi\u0107em i mogu vas izvijestiti da on vi\u0161e ne\u0107e obna\u0161ati tu du\u017enost jer je tako osobno odlu\u010dio. Ono \u0161to mogu kao \u017eupan re\u0107i je da mu se doista zahvaljujem za ono \u0161to je u posljednjih godinu dana poduzeo kako bi pobolj\u0161ao rad same ustanove. Re\u0107i \u0107u da mi je \u017eao \u0161to je odlu\u010dio napustiti mjesto ravnatelja jer mislim da se doista trudio uvesti pozitivne promjene u samoj ustanovi i osigurati bolje uvjete rada. Nemojmo zaboraviti da su nam gra\u0111ani na prvome mjestu i da nam je zdravlje najbitnije. U IDZ-u radi 580 djelatnika koji skrbe o na\u0161im gra\u0111anima i ustanova godi\u0161nje raspola\u017ee s prora\u010dunom od 27 milijuna eura, dakle radi se o vrlo, vrlo bitnom segmentu zdravstva i same Istarske \u017eupanije. Njegova odluka je osobne naravi, zbog obiteljskih, privatnih i zdravstvenih razloga\u201c, nastavio je \u017eupan.<\/p>\n\n\n\n<p>Rekao je da \u0107e, ukoliko interna revizija utvrdi nepravilnosti, i druge nadle\u017ene institucije djelovati, a da \u0107e se odgovorni za takvo postupanje primjereno i sankcionirati.&nbsp;<\/p>\n\n\n\n<p>\u201eOd kad sam prije dvije i pol godine do\u0161ao na mjesto \u017eupana, odnosno \u010delne i odgovorne osobe u Istarskoj \u017eupaniji, jedina promjena je upravo bila u sektoru zdravstva kad govorimo o razini pro\u010delnika. Od 14 upravnih odjela, promjena je bila upravo u UO za zdravstvo i socijalnu skrb jer sam uvidio da sustav mo\u017ee bolje funkcionirati i \u017eelim se doista zahvaliti pro\u010delnici dr. Anti\u0107 koja je ulo\u017eila svo svoje znanje, stru\u010dnost i, rekao bih, sebe kako bi taj sustav unaprijedila. Ukoliko je prije bilo druga\u010dije, od kada sam ja na \u010delu, nema nedodirljivih. \u017delim voditi i vodim \u017dupaniju transparentno i tu ne mislim samo na upravna tijela, ve\u0107 i sva trgova\u010dka dru\u0161tva i sve ustanove kojima je Istarska \u017eupanija osniva\u010d. Jo\u0161 jednom: gra\u0111ani mogu biti sigurni, sustav primarne zdravstvene za\u0161tite apsolutno funkcionira\u201c, poru\u010dio je \u017eupan.<\/p>\n\n\n\n<p>\u201eZdravstvo je problem ne samo u Istri, ve\u0107 u cijeloj Hrvatskoj. Znamo da imamo deficit zdravstvenih kadrova, ali upravo zato u prora\u010dunu Istarske \u017eupanije za 2024. godinu najve\u0107e pove\u0107anje stavki je upravo u sektoru zdravstva i to za vi\u0161e od 400 %, s 4,5 milijuna eura na 18 milijuna eura. Mislim da je to vrlo jasna poruka da nam je do toga stalo, a podsje\u0107am i na pokretanje Burze zdravstvenih radnika, koja funkcionira izuzetno dobro. Napravili smo i jedan poseban fond, prvi u Hrvatskoj, kako bismo u materijalnom smislu potaknuli zdravstvene djelatnike u javnom sustavu da ostanu, ali i s ciljem privla\u010denja novih kadrova \u201c, rekao \u017eupan Mileti\u0107.&nbsp;<\/p>\n\n\n\n<p>\u017dupan se, na upit novinara, osvrnuo i na mail dr. Daniela Ferlina kojeg je ocijenio neprimjerenim, a \u010dudi ga da nije i prije iza\u0161ao u javnost, barem od strane djelatnica. Dodao je da mo\u017eda i to govori o tome kako se nekada upravljalo Ustanovom.&nbsp;<\/p>\n\n\n\n<p>Sutra \u0107e Upravno vije\u0107e odlu\u010diti koja \u0107e osoba unutar Istarskih domova zdravlja biti imenovana obna\u0161ateljem du\u017enosti ravnatelja do raspisivanja Javnog natje\u010daja i odabira novog ravnatelja ili ravnateljice.<\/p>\n","protected":false},"excerpt":{"rendered":"<p>Istarski \u017eupan Boris Mileti\u0107 je, kao \u0161to je obavje\u0161teno, nalo\u017eio hitnu, internu reviziju poslovanja Istarskih domova zdravlja, a ju\u010der je<\/p>\n","protected":false},"author":1,"featured_media":42156,"comment_status":"open","ping_status":"closed","sticky":false,"template":"","format":"standard","meta":{"_mi_skip_tracking":false,"footnotes":""},"categories":[84,1],"tags":[],"yoast_head":"<!-- This site is optimized with the Yoast SEO plugin v20.4 - https:\/\/yoast.com\/wordpress\/plugins\/seo\/ -->\n<title>\u017dupan Mileti\u0107: Sustav primarne zdravstvene za\u0161tite funkcionira, gra\u0111ani mogu biti sigurni - Pulska Svakodnevnica<\/title>\n<meta name=\"robots\" content=\"index, follow, max-snippet:-1, max-image-preview:large, max-video-preview:-1\" \/>\n<link rel=\"canonical\" href=\"http:\/\/pulskasvakodnevnica.com\/index.php\/2024\/02\/02\/zupan-miletic-sustav-primarne-zdravstvene-zastite-funkcionira-gradani-mogu-biti-sigurni\/\" \/>\n<meta property=\"og:locale\" content=\"hr_HR\" \/>\n<meta property=\"og:type\" content=\"article\" \/>\n<meta property=\"og:title\" content=\"\u017dupan Mileti\u0107: Sustav primarne zdravstvene za\u0161tite funkcionira, gra\u0111ani mogu biti sigurni - Pulska Svakodnevnica\" \/>\n<meta property=\"og:description\" content=\"Istarski \u017eupan Boris Mileti\u0107 je, kao \u0161to je obavje\u0161teno, nalo\u017eio hitnu, internu reviziju poslovanja Istarskih domova zdravlja, a ju\u010der je\" \/>\n<meta property=\"og:url\" content=\"http:\/\/pulskasvakodnevnica.com\/index.php\/2024\/02\/02\/zupan-miletic-sustav-primarne-zdravstvene-zastite-funkcionira-gradani-mogu-biti-sigurni\/\" \/>\n<meta property=\"og:site_name\" content=\"Pulska Svakodnevnica\" \/>\n<meta property=\"article:publisher\" content=\"https:\/\/www.facebook.com\/PulskaSvakodnevnicaNews\" \/>\n<meta property=\"article:published_time\" content=\"2024-02-02T07:32:34+00:00\" \/>\n<meta property=\"article:modified_time\" content=\"2024-02-02T07:32:35+00:00\" \/>\n<meta property=\"og:image\" content=\"http:\/\/pulskasvakodnevnica.com\/wp-content\/uploads\/2024\/02\/IMG-1.jpg\" \/>\n\t<meta property=\"og:image:width\" content=\"750\" \/>\n\t<meta property=\"og:image:height\" content=\"419\" \/>\n\t<meta property=\"og:image:type\" content=\"image\/jpeg\" \/>\n<meta name=\"author\" content=\"Pulska Svakodnevnica\" \/>\n<meta name=\"twitter:card\" content=\"summary_large_image\" \/>\n<meta name=\"twitter:label1\" content=\"Napisao\/la\" \/>\n\t<meta name=\"twitter:data1\" content=\"Pulska Svakodnevnica\" \/>\n\t<meta name=\"twitter:label2\" content=\"Procijenjeno vrijeme \u010ditanja\" \/>\n\t<meta name=\"twitter:data2\" content=\"4 minute\" \/>\n<script type=\"application\/ld+json\" class=\"yoast-schema-graph\">{\"@context\":\"https:\/\/schema.org\",\"@graph\":[{\"@type\":\"WebPage\",\"@id\":\"http:\/\/pulskasvakodnevnica.com\/index.php\/2024\/02\/02\/zupan-miletic-sustav-primarne-zdravstvene-zastite-funkcionira-gradani-mogu-biti-sigurni\/\",\"url\":\"http:\/\/pulskasvakodnevnica.com\/index.php\/2024\/02\/02\/zupan-miletic-sustav-primarne-zdravstvene-zastite-funkcionira-gradani-mogu-biti-sigurni\/\",\"name\":\"\u017dupan Mileti\u0107: Sustav primarne zdravstvene za\u0161tite funkcionira, gra\u0111ani mogu biti sigurni - Pulska Svakodnevnica\",\"isPartOf\":{\"@id\":\"http:\/\/pulskasvakodnevnica.com\/#website\"},\"datePublished\":\"2024-02-02T07:32:34+00:00\",\"dateModified\":\"2024-02-02T07:32:35+00:00\",\"author\":{\"@id\":\"http:\/\/pulskasvakodnevnica.com\/#\/schema\/person\/95941daf7dfab0e8fd012b0d88608a3f\"},\"breadcrumb\":{\"@id\":\"http:\/\/pulskasvakodnevnica.com\/index.php\/2024\/02\/02\/zupan-miletic-sustav-primarne-zdravstvene-zastite-funkcionira-gradani-mogu-biti-sigurni\/#breadcrumb\"},\"inLanguage\":\"hr\",\"potentialAction\":[{\"@type\":\"ReadAction\",\"target\":[\"http:\/\/pulskasvakodnevnica.com\/index.php\/2024\/02\/02\/zupan-miletic-sustav-primarne-zdravstvene-zastite-funkcionira-gradani-mogu-biti-sigurni\/\"]}]},{\"@type\":\"BreadcrumbList\",\"@id\":\"http:\/\/pulskasvakodnevnica.com\/index.php\/2024\/02\/02\/zupan-miletic-sustav-primarne-zdravstvene-zastite-funkcionira-gradani-mogu-biti-sigurni\/#breadcrumb\",\"itemListElement\":[{\"@type\":\"ListItem\",\"position\":1,\"name\":\"Po\u010detna stranica\",\"item\":\"http:\/\/pulskasvakodnevnica.com\/\"},{\"@type\":\"ListItem\",\"position\":2,\"name\":\"\u017dupan Mileti\u0107: Sustav primarne zdravstvene za\u0161tite funkcionira, gra\u0111ani mogu biti sigurni\"}]},{\"@type\":\"WebSite\",\"@id\":\"http:\/\/pulskasvakodnevnica.com\/#website\",\"url\":\"http:\/\/pulskasvakodnevnica.com\/\",\"name\":\"Pulska Svakodnevnica\",\"description\":\"Vijesti iz Pule i Istre\",\"potentialAction\":[{\"@type\":\"SearchAction\",\"target\":{\"@type\":\"EntryPoint\",\"urlTemplate\":\"http:\/\/pulskasvakodnevnica.com\/?s={search_term_string}\"},\"query-input\":\"required name=search_term_string\"}],\"inLanguage\":\"hr\"},{\"@type\":\"Person\",\"@id\":\"http:\/\/pulskasvakodnevnica.com\/#\/schema\/person\/95941daf7dfab0e8fd012b0d88608a3f\",\"name\":\"Pulska Svakodnevnica\"}]}<\/script>\n<!-- \/ Yoast SEO plugin. -->","yoast_head_json":{"title":"\u017dupan Mileti\u0107: Sustav primarne zdravstvene za\u0161tite funkcionira, gra\u0111ani mogu biti sigurni - Pulska Svakodnevnica","robots":{"index":"index","follow":"follow","max-snippet":"max-snippet:-1","max-image-preview":"max-image-preview:large","max-video-preview":"max-video-preview:-1"},"canonical":"http:\/\/pulskasvakodnevnica.com\/index.php\/2024\/02\/02\/zupan-miletic-sustav-primarne-zdravstvene-zastite-funkcionira-gradani-mogu-biti-sigurni\/","og_locale":"hr_HR","og_type":"article","og_title":"\u017dupan Mileti\u0107: Sustav primarne zdravstvene za\u0161tite funkcionira, gra\u0111ani mogu biti sigurni - Pulska Svakodnevnica","og_description":"Istarski \u017eupan Boris Mileti\u0107 je, kao \u0161to je obavje\u0161teno, nalo\u017eio hitnu, internu reviziju poslovanja Istarskih domova zdravlja, a ju\u010der je","og_url":"http:\/\/pulskasvakodnevnica.com\/index.php\/2024\/02\/02\/zupan-miletic-sustav-primarne-zdravstvene-zastite-funkcionira-gradani-mogu-biti-sigurni\/","og_site_name":"Pulska Svakodnevnica","article_publisher":"https:\/\/www.facebook.com\/PulskaSvakodnevnicaNews","article_published_time":"2024-02-02T07:32:34+00:00","article_modified_time":"2024-02-02T07:32:35+00:00","og_image":[{"width":750,"height":419,"url":"http:\/\/pulskasvakodnevnica.com\/wp-content\/uploads\/2024\/02\/IMG-1.jpg","type":"image\/jpeg"}],"author":"Pulska Svakodnevnica","twitter_card":"summary_large_image","twitter_misc":{"Napisao\/la":"Pulska Svakodnevnica","Procijenjeno vrijeme \u010ditanja":"4 minute"},"schema":{"@context":"https:\/\/schema.org","@graph":[{"@type":"WebPage","@id":"http:\/\/pulskasvakodnevnica.com\/index.php\/2024\/02\/02\/zupan-miletic-sustav-primarne-zdravstvene-zastite-funkcionira-gradani-mogu-biti-sigurni\/","url":"http:\/\/pulskasvakodnevnica.com\/index.php\/2024\/02\/02\/zupan-miletic-sustav-primarne-zdravstvene-zastite-funkcionira-gradani-mogu-biti-sigurni\/","name":"\u017dupan Mileti\u0107: Sustav primarne zdravstvene za\u0161tite funkcionira, gra\u0111ani mogu biti sigurni - Pulska Svakodnevnica","isPartOf":{"@id":"http:\/\/pulskasvakodnevnica.com\/#website"},"datePublished":"2024-02-02T07:32:34+00:00","dateModified":"2024-02-02T07:32:35+00:00","author":{"@id":"http:\/\/pulskasvakodnevnica.com\/#\/schema\/person\/95941daf7dfab0e8fd012b0d88608a3f"},"breadcrumb":{"@id":"http:\/\/pulskasvakodnevnica.com\/index.php\/2024\/02\/02\/zupan-miletic-sustav-primarne-zdravstvene-zastite-funkcionira-gradani-mogu-biti-sigurni\/#breadcrumb"},"inLanguage":"hr","potentialAction":[{"@type":"ReadAction","target":["http:\/\/pulskasvakodnevnica.com\/index.php\/2024\/02\/02\/zupan-miletic-sustav-primarne-zdravstvene-zastite-funkcionira-gradani-mogu-biti-sigurni\/"]}]},{"@type":"BreadcrumbList","@id":"http:\/\/pulskasvakodnevnica.com\/index.php\/2024\/02\/02\/zupan-miletic-sustav-primarne-zdravstvene-zastite-funkcionira-gradani-mogu-biti-sigurni\/#breadcrumb","itemListElement":[{"@type":"ListItem","position":1,"name":"Po\u010detna stranica","item":"http:\/\/pulskasvakodnevnica.com\/"},{"@type":"ListItem","position":2,"name":"\u017dupan Mileti\u0107: Sustav primarne zdravstvene za\u0161tite funkcionira, gra\u0111ani mogu biti sigurni"}]},{"@type":"WebSite","@id":"http:\/\/pulskasvakodnevnica.com\/#website","url":"http:\/\/pulskasvakodnevnica.com\/","name":"Pulska Svakodnevnica","description":"Vijesti iz Pule i Istre","potentialAction":[{"@type":"SearchAction","target":{"@type":"EntryPoint","urlTemplate":"http:\/\/pulskasvakodnevnica.com\/?s={search_term_string}"},"query-input":"required name=search_term_string"}],"inLanguage":"hr"},{"@type":"Person","@id":"http:\/\/pulskasvakodnevnica.com\/#\/schema\/person\/95941daf7dfab0e8fd012b0d88608a3f","name":"Pulska Svakodnevnica"}]}},"_links":{"self":[{"href":"http:\/\/pulskasvakodnevnica.com\/index.php\/wp-json\/wp\/v2\/posts\/42155"}],"collection":[{"href":"http:\/\/pulskasvakodnevnica.com\/index.php\/wp-json\/wp\/v2\/posts"}],"about":[{"href":"http:\/\/pulskasvakodnevnica.com\/index.php\/wp-json\/wp\/v2\/types\/post"}],"author":[{"embeddable":true,"href":"http:\/\/pulskasvakodnevnica.com\/index.php\/wp-json\/wp\/v2\/users\/1"}],"replies":[{"embeddable":true,"href":"http:\/\/pulskasvakodnevnica.com\/index.php\/wp-json\/wp\/v2\/comments?post=42155"}],"version-history":[{"count":1,"href":"http:\/\/pulskasvakodnevnica.com\/index.php\/wp-json\/wp\/v2\/posts\/42155\/revisions"}],"predecessor-version":[{"id":42157,"href":"http:\/\/pulskasvakodnevnica.com\/index.php\/wp-json\/wp\/v2\/posts\/42155\/revisions\/42157"}],"wp:featuredmedia":[{"embeddable":true,"href":"http:\/\/pulskasvakodnevnica.com\/index.php\/wp-json\/wp\/v2\/media\/42156"}],"wp:attachment":[{"href":"http:\/\/pulskasvakodnevnica.com\/index.php\/wp-json\/wp\/v2\/media?parent=42155"}],"wp:term":[{"taxonomy":"category","embeddable":true,"href":"http:\/\/pulskasvakodnevnica.com\/index.php\/wp-json\/wp\/v2\/categories?post=42155"},{"taxonomy":"post_tag","embeddable":true,"href":"http:\/\/pulskasvakodnevnica.com\/index.php\/wp-json\/wp\/v2\/tags?post=42155"}],"curies":[{"name":"wp","href":"https:\/\/api.w.org\/{rel}","templated":true}]}}