{"id":43251,"date":"2024-08-08T12:44:32","date_gmt":"2024-08-08T10:44:32","guid":{"rendered":"http:\/\/pulskasvakodnevnica.com\/?p=43251"},"modified":"2024-08-08T12:46:28","modified_gmt":"2024-08-08T10:46:28","slug":"manifestacija-ca-ribari-znaju-u-fazani-11-08-2024","status":"publish","type":"post","link":"http:\/\/pulskasvakodnevnica.com\/index.php\/2024\/08\/08\/manifestacija-ca-ribari-znaju-u-fazani-11-08-2024\/","title":{"rendered":"Manifestacija &#8220;\u010ca ribari znaju&#8221; u Fa\u017eani 11.08.2024."},"content":{"rendered":"\n<p>Fa\u017eana nije samo gradi\u0107 uz more, ve\u0107 i mjesto koje \u017eivi od mora. I dok glavno mjesto na fa\u017eanskom stolu zauzima sardela, na fa\u017eanskoj rivi to je ribarenje. Sa\u010duvati od zaborava mnoge ribarske vje\u0161tine, ali i prenijeti ih na mlade nara\u0161taje zadatak je koji su najiskusniji fa\u017eanski ribari preuzeli na sebe i kroz Malu ribarsku akademiju Sardela s puno ljubavi i umije\u0107a u\u010de nove nara\u0161taje kako vezivati morske \u010dvorove, puniti igle, krpati i plesti mre\u017ee, veslati batanom\u2026Kako filetirati i zatim marinirati sardelu u limunovom soku te kako pak dobro posoliti i ispravno poslo\u017eiti sardele u va\u017e, rado \u0107e s vama podijeliti savjete <em>profesorice Akademije.<\/em><\/p>\n\n\n\n<p>Ribari i ribarenje inspiracija su i lutkarske radionice i predstave za na\u0161e najmla\u0111e posjetitelje, a uz pomo\u0107 raznih materijala, ljepila i \u0161kara, svakoj lutkici mogu podariti osobnost i poigrati se u malom teatru.&nbsp;<\/p>\n\n\n\n<p>Posjetitelji \u0107e mo\u0107i razgledati i izlo\u017ebu maketa starih brodova Vladimira Milohanovi\u0107a. Makete, pa\u017eljivo izra\u0111ene s puno ljubavi i truda, svjedo\u010danstvo su fa\u017eanske pomorske ba\u0161tine&nbsp; i tradicije.<\/p>\n\n\n\n<p>Jednom kad se spusti no\u0107 nad fa\u017eansku rivu treba se oku\u0161ati i u ribolovu pod feralima. Pod budnim okom P\u0160RD Sardela i svjetlima ferala oku\u0161ajte se u ovoj posebnoj tehnici.<\/p>\n\n\n\n<p>Klapa Intriga, Erik Balija, te Irena i Mauro Giorgi Acoustic, upotpunit \u0107e&nbsp; ugodnu atmosferu fa\u017eanske rive.<\/p>\n\n\n\n<p>Program:<\/p>\n\n\n\n<p>08:00 Turnir u pecanju za djecu od 6 do 16 godina<\/p>\n\n\n\n<p>20:00:<\/p>\n\n\n\n<p>\u2013 Vremenska kapsula ribarske tradicije<\/p>\n\n\n\n<p>\u2013 Radionice Male ribarske akademije Sardela<\/p>\n\n\n\n<p>&#8211; Izlo\u017eba maketa starih brodova Vladimira Milohanovi\u0107a<\/p>\n\n\n\n<p>\u2013 \u201cMorske \u0161torije\u201d, mali teatar i lutkarska radionica<\/p>\n\n\n\n<p>21:00 Ribolov pod feralima<\/p>\n\n\n\n<p>Glazbeni program: Klapa Intriga, Erik Balija, te Irena i Mauro Giorgi Acoustic<\/p>\n","protected":false},"excerpt":{"rendered":"<p>Fa\u017eana nije samo gradi\u0107 uz more, ve\u0107 i mjesto koje \u017eivi od mora. I dok glavno mjesto na fa\u017eanskom stolu<\/p>\n","protected":false},"author":1,"featured_media":43252,"comment_status":"open","ping_status":"closed","sticky":false,"template":"","format":"standard","meta":{"_mi_skip_tracking":false,"footnotes":""},"categories":[84,100,1],"tags":[],"yoast_head":"<!-- This site is optimized with the Yoast SEO plugin v20.4 - https:\/\/yoast.com\/wordpress\/plugins\/seo\/ -->\n<title>Manifestacija &quot;\u010ca ribari znaju&quot; u Fa\u017eani 11.08.2024. - Pulska Svakodnevnica<\/title>\n<meta name=\"robots\" content=\"index, follow, max-snippet:-1, max-image-preview:large, max-video-preview:-1\" \/>\n<link rel=\"canonical\" href=\"http:\/\/pulskasvakodnevnica.com\/index.php\/2024\/08\/08\/manifestacija-ca-ribari-znaju-u-fazani-11-08-2024\/\" \/>\n<meta property=\"og:locale\" content=\"hr_HR\" \/>\n<meta property=\"og:type\" content=\"article\" \/>\n<meta property=\"og:title\" content=\"Manifestacija &quot;\u010ca ribari znaju&quot; u Fa\u017eani 11.08.2024. - Pulska Svakodnevnica\" \/>\n<meta property=\"og:description\" content=\"Fa\u017eana nije samo gradi\u0107 uz more, ve\u0107 i mjesto koje \u017eivi od mora. I dok glavno mjesto na fa\u017eanskom stolu\" \/>\n<meta property=\"og:url\" content=\"http:\/\/pulskasvakodnevnica.com\/index.php\/2024\/08\/08\/manifestacija-ca-ribari-znaju-u-fazani-11-08-2024\/\" \/>\n<meta property=\"og:site_name\" content=\"Pulska Svakodnevnica\" \/>\n<meta property=\"article:publisher\" content=\"https:\/\/www.facebook.com\/PulskaSvakodnevnicaNews\" \/>\n<meta property=\"article:published_time\" content=\"2024-08-08T10:44:32+00:00\" \/>\n<meta property=\"article:modified_time\" content=\"2024-08-08T10:46:28+00:00\" \/>\n<meta property=\"og:image\" content=\"http:\/\/pulskasvakodnevnica.com\/wp-content\/uploads\/2024\/08\/6666.jpg\" \/>\n\t<meta property=\"og:image:width\" content=\"750\" \/>\n\t<meta property=\"og:image:height\" content=\"500\" \/>\n\t<meta property=\"og:image:type\" content=\"image\/jpeg\" \/>\n<meta name=\"author\" content=\"Pulska Svakodnevnica\" \/>\n<meta name=\"twitter:card\" content=\"summary_large_image\" \/>\n<meta name=\"twitter:label1\" content=\"Napisao\/la\" \/>\n\t<meta name=\"twitter:data1\" content=\"Pulska Svakodnevnica\" \/>\n\t<meta name=\"twitter:label2\" content=\"Procijenjeno vrijeme \u010ditanja\" \/>\n\t<meta name=\"twitter:data2\" content=\"2 minute\" \/>\n<script type=\"application\/ld+json\" class=\"yoast-schema-graph\">{\"@context\":\"https:\/\/schema.org\",\"@graph\":[{\"@type\":\"WebPage\",\"@id\":\"http:\/\/pulskasvakodnevnica.com\/index.php\/2024\/08\/08\/manifestacija-ca-ribari-znaju-u-fazani-11-08-2024\/\",\"url\":\"http:\/\/pulskasvakodnevnica.com\/index.php\/2024\/08\/08\/manifestacija-ca-ribari-znaju-u-fazani-11-08-2024\/\",\"name\":\"Manifestacija \\\"\u010ca ribari znaju\\\" u Fa\u017eani 11.08.2024. - Pulska Svakodnevnica\",\"isPartOf\":{\"@id\":\"http:\/\/pulskasvakodnevnica.com\/#website\"},\"datePublished\":\"2024-08-08T10:44:32+00:00\",\"dateModified\":\"2024-08-08T10:46:28+00:00\",\"author\":{\"@id\":\"http:\/\/pulskasvakodnevnica.com\/#\/schema\/person\/95941daf7dfab0e8fd012b0d88608a3f\"},\"breadcrumb\":{\"@id\":\"http:\/\/pulskasvakodnevnica.com\/index.php\/2024\/08\/08\/manifestacija-ca-ribari-znaju-u-fazani-11-08-2024\/#breadcrumb\"},\"inLanguage\":\"hr\",\"potentialAction\":[{\"@type\":\"ReadAction\",\"target\":[\"http:\/\/pulskasvakodnevnica.com\/index.php\/2024\/08\/08\/manifestacija-ca-ribari-znaju-u-fazani-11-08-2024\/\"]}]},{\"@type\":\"BreadcrumbList\",\"@id\":\"http:\/\/pulskasvakodnevnica.com\/index.php\/2024\/08\/08\/manifestacija-ca-ribari-znaju-u-fazani-11-08-2024\/#breadcrumb\",\"itemListElement\":[{\"@type\":\"ListItem\",\"position\":1,\"name\":\"Po\u010detna stranica\",\"item\":\"http:\/\/pulskasvakodnevnica.com\/\"},{\"@type\":\"ListItem\",\"position\":2,\"name\":\"Manifestacija &#8220;\u010ca ribari znaju&#8221; u Fa\u017eani 11.08.2024.\"}]},{\"@type\":\"WebSite\",\"@id\":\"http:\/\/pulskasvakodnevnica.com\/#website\",\"url\":\"http:\/\/pulskasvakodnevnica.com\/\",\"name\":\"Pulska Svakodnevnica\",\"description\":\"Vijesti iz Pule i Istre\",\"potentialAction\":[{\"@type\":\"SearchAction\",\"target\":{\"@type\":\"EntryPoint\",\"urlTemplate\":\"http:\/\/pulskasvakodnevnica.com\/?s={search_term_string}\"},\"query-input\":\"required name=search_term_string\"}],\"inLanguage\":\"hr\"},{\"@type\":\"Person\",\"@id\":\"http:\/\/pulskasvakodnevnica.com\/#\/schema\/person\/95941daf7dfab0e8fd012b0d88608a3f\",\"name\":\"Pulska Svakodnevnica\"}]}<\/script>\n<!-- \/ Yoast SEO plugin. -->","yoast_head_json":{"title":"Manifestacija \"\u010ca ribari znaju\" u Fa\u017eani 11.08.2024. - Pulska Svakodnevnica","robots":{"index":"index","follow":"follow","max-snippet":"max-snippet:-1","max-image-preview":"max-image-preview:large","max-video-preview":"max-video-preview:-1"},"canonical":"http:\/\/pulskasvakodnevnica.com\/index.php\/2024\/08\/08\/manifestacija-ca-ribari-znaju-u-fazani-11-08-2024\/","og_locale":"hr_HR","og_type":"article","og_title":"Manifestacija \"\u010ca ribari znaju\" u Fa\u017eani 11.08.2024. - Pulska Svakodnevnica","og_description":"Fa\u017eana nije samo gradi\u0107 uz more, ve\u0107 i mjesto koje \u017eivi od mora. I dok glavno mjesto na fa\u017eanskom stolu","og_url":"http:\/\/pulskasvakodnevnica.com\/index.php\/2024\/08\/08\/manifestacija-ca-ribari-znaju-u-fazani-11-08-2024\/","og_site_name":"Pulska Svakodnevnica","article_publisher":"https:\/\/www.facebook.com\/PulskaSvakodnevnicaNews","article_published_time":"2024-08-08T10:44:32+00:00","article_modified_time":"2024-08-08T10:46:28+00:00","og_image":[{"width":750,"height":500,"url":"http:\/\/pulskasvakodnevnica.com\/wp-content\/uploads\/2024\/08\/6666.jpg","type":"image\/jpeg"}],"author":"Pulska Svakodnevnica","twitter_card":"summary_large_image","twitter_misc":{"Napisao\/la":"Pulska Svakodnevnica","Procijenjeno vrijeme \u010ditanja":"2 minute"},"schema":{"@context":"https:\/\/schema.org","@graph":[{"@type":"WebPage","@id":"http:\/\/pulskasvakodnevnica.com\/index.php\/2024\/08\/08\/manifestacija-ca-ribari-znaju-u-fazani-11-08-2024\/","url":"http:\/\/pulskasvakodnevnica.com\/index.php\/2024\/08\/08\/manifestacija-ca-ribari-znaju-u-fazani-11-08-2024\/","name":"Manifestacija \"\u010ca ribari znaju\" u Fa\u017eani 11.08.2024. - Pulska Svakodnevnica","isPartOf":{"@id":"http:\/\/pulskasvakodnevnica.com\/#website"},"datePublished":"2024-08-08T10:44:32+00:00","dateModified":"2024-08-08T10:46:28+00:00","author":{"@id":"http:\/\/pulskasvakodnevnica.com\/#\/schema\/person\/95941daf7dfab0e8fd012b0d88608a3f"},"breadcrumb":{"@id":"http:\/\/pulskasvakodnevnica.com\/index.php\/2024\/08\/08\/manifestacija-ca-ribari-znaju-u-fazani-11-08-2024\/#breadcrumb"},"inLanguage":"hr","potentialAction":[{"@type":"ReadAction","target":["http:\/\/pulskasvakodnevnica.com\/index.php\/2024\/08\/08\/manifestacija-ca-ribari-znaju-u-fazani-11-08-2024\/"]}]},{"@type":"BreadcrumbList","@id":"http:\/\/pulskasvakodnevnica.com\/index.php\/2024\/08\/08\/manifestacija-ca-ribari-znaju-u-fazani-11-08-2024\/#breadcrumb","itemListElement":[{"@type":"ListItem","position":1,"name":"Po\u010detna stranica","item":"http:\/\/pulskasvakodnevnica.com\/"},{"@type":"ListItem","position":2,"name":"Manifestacija &#8220;\u010ca ribari znaju&#8221; u Fa\u017eani 11.08.2024."}]},{"@type":"WebSite","@id":"http:\/\/pulskasvakodnevnica.com\/#website","url":"http:\/\/pulskasvakodnevnica.com\/","name":"Pulska Svakodnevnica","description":"Vijesti iz Pule i Istre","potentialAction":[{"@type":"SearchAction","target":{"@type":"EntryPoint","urlTemplate":"http:\/\/pulskasvakodnevnica.com\/?s={search_term_string}"},"query-input":"required name=search_term_string"}],"inLanguage":"hr"},{"@type":"Person","@id":"http:\/\/pulskasvakodnevnica.com\/#\/schema\/person\/95941daf7dfab0e8fd012b0d88608a3f","name":"Pulska Svakodnevnica"}]}},"_links":{"self":[{"href":"http:\/\/pulskasvakodnevnica.com\/index.php\/wp-json\/wp\/v2\/posts\/43251"}],"collection":[{"href":"http:\/\/pulskasvakodnevnica.com\/index.php\/wp-json\/wp\/v2\/posts"}],"about":[{"href":"http:\/\/pulskasvakodnevnica.com\/index.php\/wp-json\/wp\/v2\/types\/post"}],"author":[{"embeddable":true,"href":"http:\/\/pulskasvakodnevnica.com\/index.php\/wp-json\/wp\/v2\/users\/1"}],"replies":[{"embeddable":true,"href":"http:\/\/pulskasvakodnevnica.com\/index.php\/wp-json\/wp\/v2\/comments?post=43251"}],"version-history":[{"count":2,"href":"http:\/\/pulskasvakodnevnica.com\/index.php\/wp-json\/wp\/v2\/posts\/43251\/revisions"}],"predecessor-version":[{"id":43254,"href":"http:\/\/pulskasvakodnevnica.com\/index.php\/wp-json\/wp\/v2\/posts\/43251\/revisions\/43254"}],"wp:featuredmedia":[{"embeddable":true,"href":"http:\/\/pulskasvakodnevnica.com\/index.php\/wp-json\/wp\/v2\/media\/43252"}],"wp:attachment":[{"href":"http:\/\/pulskasvakodnevnica.com\/index.php\/wp-json\/wp\/v2\/media?parent=43251"}],"wp:term":[{"taxonomy":"category","embeddable":true,"href":"http:\/\/pulskasvakodnevnica.com\/index.php\/wp-json\/wp\/v2\/categories?post=43251"},{"taxonomy":"post_tag","embeddable":true,"href":"http:\/\/pulskasvakodnevnica.com\/index.php\/wp-json\/wp\/v2\/tags?post=43251"}],"curies":[{"name":"wp","href":"https:\/\/api.w.org\/{rel}","templated":true}]}}