{"id":43345,"date":"2024-08-29T13:15:57","date_gmt":"2024-08-29T11:15:57","guid":{"rendered":"http:\/\/pulskasvakodnevnica.com\/?p=43345"},"modified":"2024-08-29T13:15:57","modified_gmt":"2024-08-29T11:15:57","slug":"hrvatska-veslacka-reprezentativka-laura-lalic-na-prijemu-kod-gradonacelnika-filipa-zoricica","status":"publish","type":"post","link":"http:\/\/pulskasvakodnevnica.com\/index.php\/2024\/08\/29\/hrvatska-veslacka-reprezentativka-laura-lalic-na-prijemu-kod-gradonacelnika-filipa-zoricica\/","title":{"rendered":"Hrvatska vesla\u010dka reprezentativka Laura Lali\u0107 na prijemu kod gradona\u010delnika Filipa Zori\u010di\u0107a"},"content":{"rendered":"\n<p class=\"has-text-align-center\"><em><strong>U svjetskoj vesla\u010dkoj eliti u kanadskom Saint Chatarinesu osvojila 5. mjesto u B finalu u dvojcu na pari\u0107e<\/strong><\/em><\/p>\n\n\n\n<p>Gradona\u010delnik Filip Zori\u010di\u0107 uprili\u010dio je danas, 29. kolovoza 2024. godine prijem u Komunalnoj pala\u010di za hrvatsku reprezentativku i \u010dlanicu VK Istra Lauru Lali\u0107 koja je na Svjetskom prvenstvu u kategoriji vesla\u010dica do 19 godina osvojila 5. mjesto u B finalu<em> <\/em>u dvojcu na pari\u0107e, zajedno s Donatom Elez&nbsp;iz osje\u010dkog kluba Iktus.&nbsp;<\/p>\n\n\n\n<p>\u201e\u010cestitam ti na ovom velikom postignu\u0107u koje je rezultat odricanja, truda i dugogodi\u0161njih treninga. \u010cestitam i tvojim trenerima i cijelom klubu VK Istra. Ponosni smo na tebe i samo hrabro dalje, ovo je tek po\u010detak\u201c, poru\u010dio je gradona\u010delnik Zori\u010di\u0107.&nbsp;<\/p>\n\n\n\n<p>Naime, Svjetsko vesla\u010dko prvenstvo odr\u017eano je od 18. do 25. kolovoza u gradu Saint Chatarines u Kanadi, a Lali\u0107 i Elez&nbsp;nastupale su u dvojcu na pari\u0107e, i to kao jedina hrvatska posada u kategoriji do 19 godina. Na\u017ealost, nisu se uspjele plasirati u A finale prvenstva, ali su kroz repasa\u017e izborile prolazak u drugi dio natjecanja, da bi u finalnoj utrci u B finalu osvojile 5. mjesto ostvariv\u0161i tako vrhunski rezultat za hrvatsko veslanje.&nbsp;<\/p>\n\n\n\n<p>No, ovo nije njihov prvi zajedni\u010dki uspjeh. Naime, ovaj pulsko-osje\u010dki dvojac iza sebe ve\u0107 ima velike rezultate; \u0161esto mjesto na europskoj smotri te broncu na Balkanijadi u \u010detvercu na pari\u0107e. Dobra vijest za pulsko veslanje je da se Osje\u010danka Donata Elez zbog studija nedavno preselila u Pulu, te \u0107e od sada nastupati za VK Istru zajedno s Laurom.&nbsp;<\/p>\n\n\n\n<p>\u201eIskustvo u Kanadi bilo je odli\u010dno. Upoznala sam puno vrhunskih vesla\u010da i otvorile su mi se nove prilike. Pripreme za svjetsko prvenstvo bile su naporne, trenirala sam dva puta dnevno po velikim vru\u0107inama, ali trud se isplatio\u201c, rekla je Lali\u0107 koja uskoro kre\u0107e u 4. sportski razred pulske Gimnazije.&nbsp;<\/p>\n\n\n\n<p>Lali\u0107 je na dana\u0161nji prijem stigla u pratnji trenera Elvisa Orbani\u0107a i tajnika kluba Tomislava Butorca koji je prate jo\u0161 od njezinih prvih zaveslaja i koji su na nju iznimno ponosni te se nadaju da \u0107e Laura \u0161to du\u017ee braniti boje VK Istre.&nbsp;<\/p>\n\n\n\n<p>Podsjetimo, VK Istra legendarni je pulski vesla\u010dki klub utemeljen pod imenom&nbsp;<em>Societ\u00e0 Nautica Pietas Iulia<\/em>&nbsp;<a href=\"https:\/\/hr.wikipedia.org\/wiki\/19._rujna\">19. rujna<\/a>&nbsp;<a href=\"https:\/\/hr.wikipedia.org\/wiki\/1886.\">1886.<\/a> koji \u0107e za dvije godine proslaviti 140 godina postojanja. Broji preko stotinu aktivnih \u010dlanova, prvenstveno u dobi izme\u0111u 10 i 18 godina, a konstantno se \u0161iri novim \u010dlanovima koji su baza kvalitetnog regatnog pogona. Osim toga,&nbsp;VK Istra je u proteklih nekoliko godina u vi\u0161e navrata osvojila sveukupno tre\u0107e mjesto na prvenstvima Hrvatske, najbolji je klub na Jadranu, a vesla\u010di VK Istre redovno nastupaju za reprezentaciju u juniorskim kategorijama na europskim i svjetskim smotrama.<\/p>\n","protected":false},"excerpt":{"rendered":"<p>U svjetskoj vesla\u010dkoj eliti u kanadskom Saint Chatarinesu osvojila 5. mjesto u B finalu u dvojcu na pari\u0107e Gradona\u010delnik Filip<\/p>\n","protected":false},"author":1,"featured_media":43346,"comment_status":"open","ping_status":"closed","sticky":false,"template":"","format":"standard","meta":{"_mi_skip_tracking":false,"footnotes":""},"categories":[100,1,99],"tags":[],"yoast_head":"<!-- This site is optimized with the Yoast SEO plugin v20.4 - https:\/\/yoast.com\/wordpress\/plugins\/seo\/ -->\n<title>Hrvatska vesla\u010dka reprezentativka Laura Lali\u0107 na prijemu kod gradona\u010delnika Filipa Zori\u010di\u0107a - Pulska Svakodnevnica<\/title>\n<meta name=\"robots\" content=\"index, follow, max-snippet:-1, max-image-preview:large, max-video-preview:-1\" \/>\n<link rel=\"canonical\" href=\"http:\/\/pulskasvakodnevnica.com\/index.php\/2024\/08\/29\/hrvatska-veslacka-reprezentativka-laura-lalic-na-prijemu-kod-gradonacelnika-filipa-zoricica\/\" \/>\n<meta property=\"og:locale\" content=\"hr_HR\" \/>\n<meta property=\"og:type\" content=\"article\" \/>\n<meta property=\"og:title\" content=\"Hrvatska vesla\u010dka reprezentativka Laura Lali\u0107 na prijemu kod gradona\u010delnika Filipa Zori\u010di\u0107a - Pulska Svakodnevnica\" \/>\n<meta property=\"og:description\" content=\"U svjetskoj vesla\u010dkoj eliti u kanadskom Saint Chatarinesu osvojila 5. mjesto u B finalu u dvojcu na pari\u0107e Gradona\u010delnik Filip\" \/>\n<meta property=\"og:url\" content=\"http:\/\/pulskasvakodnevnica.com\/index.php\/2024\/08\/29\/hrvatska-veslacka-reprezentativka-laura-lalic-na-prijemu-kod-gradonacelnika-filipa-zoricica\/\" \/>\n<meta property=\"og:site_name\" content=\"Pulska Svakodnevnica\" \/>\n<meta property=\"article:publisher\" content=\"https:\/\/www.facebook.com\/PulskaSvakodnevnicaNews\" \/>\n<meta property=\"article:published_time\" content=\"2024-08-29T11:15:57+00:00\" \/>\n<meta property=\"og:image\" content=\"http:\/\/pulskasvakodnevnica.com\/wp-content\/uploads\/2024\/08\/Ilustracija1.jpg\" \/>\n\t<meta property=\"og:image:width\" content=\"1200\" \/>\n\t<meta property=\"og:image:height\" content=\"800\" \/>\n\t<meta property=\"og:image:type\" content=\"image\/jpeg\" \/>\n<meta name=\"author\" content=\"Pulska Svakodnevnica\" \/>\n<meta name=\"twitter:card\" content=\"summary_large_image\" \/>\n<meta name=\"twitter:label1\" content=\"Napisao\/la\" \/>\n\t<meta name=\"twitter:data1\" content=\"Pulska Svakodnevnica\" \/>\n\t<meta name=\"twitter:label2\" content=\"Procijenjeno vrijeme \u010ditanja\" \/>\n\t<meta name=\"twitter:data2\" content=\"3 minute\" \/>\n<script type=\"application\/ld+json\" class=\"yoast-schema-graph\">{\"@context\":\"https:\/\/schema.org\",\"@graph\":[{\"@type\":\"WebPage\",\"@id\":\"http:\/\/pulskasvakodnevnica.com\/index.php\/2024\/08\/29\/hrvatska-veslacka-reprezentativka-laura-lalic-na-prijemu-kod-gradonacelnika-filipa-zoricica\/\",\"url\":\"http:\/\/pulskasvakodnevnica.com\/index.php\/2024\/08\/29\/hrvatska-veslacka-reprezentativka-laura-lalic-na-prijemu-kod-gradonacelnika-filipa-zoricica\/\",\"name\":\"Hrvatska vesla\u010dka reprezentativka Laura Lali\u0107 na prijemu kod gradona\u010delnika Filipa Zori\u010di\u0107a - Pulska Svakodnevnica\",\"isPartOf\":{\"@id\":\"http:\/\/pulskasvakodnevnica.com\/#website\"},\"datePublished\":\"2024-08-29T11:15:57+00:00\",\"dateModified\":\"2024-08-29T11:15:57+00:00\",\"author\":{\"@id\":\"http:\/\/pulskasvakodnevnica.com\/#\/schema\/person\/95941daf7dfab0e8fd012b0d88608a3f\"},\"breadcrumb\":{\"@id\":\"http:\/\/pulskasvakodnevnica.com\/index.php\/2024\/08\/29\/hrvatska-veslacka-reprezentativka-laura-lalic-na-prijemu-kod-gradonacelnika-filipa-zoricica\/#breadcrumb\"},\"inLanguage\":\"hr\",\"potentialAction\":[{\"@type\":\"ReadAction\",\"target\":[\"http:\/\/pulskasvakodnevnica.com\/index.php\/2024\/08\/29\/hrvatska-veslacka-reprezentativka-laura-lalic-na-prijemu-kod-gradonacelnika-filipa-zoricica\/\"]}]},{\"@type\":\"BreadcrumbList\",\"@id\":\"http:\/\/pulskasvakodnevnica.com\/index.php\/2024\/08\/29\/hrvatska-veslacka-reprezentativka-laura-lalic-na-prijemu-kod-gradonacelnika-filipa-zoricica\/#breadcrumb\",\"itemListElement\":[{\"@type\":\"ListItem\",\"position\":1,\"name\":\"Po\u010detna stranica\",\"item\":\"http:\/\/pulskasvakodnevnica.com\/\"},{\"@type\":\"ListItem\",\"position\":2,\"name\":\"Hrvatska vesla\u010dka reprezentativka Laura Lali\u0107 na prijemu kod gradona\u010delnika Filipa Zori\u010di\u0107a\"}]},{\"@type\":\"WebSite\",\"@id\":\"http:\/\/pulskasvakodnevnica.com\/#website\",\"url\":\"http:\/\/pulskasvakodnevnica.com\/\",\"name\":\"Pulska Svakodnevnica\",\"description\":\"Vijesti iz Pule i Istre\",\"potentialAction\":[{\"@type\":\"SearchAction\",\"target\":{\"@type\":\"EntryPoint\",\"urlTemplate\":\"http:\/\/pulskasvakodnevnica.com\/?s={search_term_string}\"},\"query-input\":\"required name=search_term_string\"}],\"inLanguage\":\"hr\"},{\"@type\":\"Person\",\"@id\":\"http:\/\/pulskasvakodnevnica.com\/#\/schema\/person\/95941daf7dfab0e8fd012b0d88608a3f\",\"name\":\"Pulska Svakodnevnica\"}]}<\/script>\n<!-- \/ Yoast SEO plugin. -->","yoast_head_json":{"title":"Hrvatska vesla\u010dka reprezentativka Laura Lali\u0107 na prijemu kod gradona\u010delnika Filipa Zori\u010di\u0107a - Pulska Svakodnevnica","robots":{"index":"index","follow":"follow","max-snippet":"max-snippet:-1","max-image-preview":"max-image-preview:large","max-video-preview":"max-video-preview:-1"},"canonical":"http:\/\/pulskasvakodnevnica.com\/index.php\/2024\/08\/29\/hrvatska-veslacka-reprezentativka-laura-lalic-na-prijemu-kod-gradonacelnika-filipa-zoricica\/","og_locale":"hr_HR","og_type":"article","og_title":"Hrvatska vesla\u010dka reprezentativka Laura Lali\u0107 na prijemu kod gradona\u010delnika Filipa Zori\u010di\u0107a - Pulska Svakodnevnica","og_description":"U svjetskoj vesla\u010dkoj eliti u kanadskom Saint Chatarinesu osvojila 5. mjesto u B finalu u dvojcu na pari\u0107e Gradona\u010delnik Filip","og_url":"http:\/\/pulskasvakodnevnica.com\/index.php\/2024\/08\/29\/hrvatska-veslacka-reprezentativka-laura-lalic-na-prijemu-kod-gradonacelnika-filipa-zoricica\/","og_site_name":"Pulska Svakodnevnica","article_publisher":"https:\/\/www.facebook.com\/PulskaSvakodnevnicaNews","article_published_time":"2024-08-29T11:15:57+00:00","og_image":[{"width":1200,"height":800,"url":"http:\/\/pulskasvakodnevnica.com\/wp-content\/uploads\/2024\/08\/Ilustracija1.jpg","type":"image\/jpeg"}],"author":"Pulska Svakodnevnica","twitter_card":"summary_large_image","twitter_misc":{"Napisao\/la":"Pulska Svakodnevnica","Procijenjeno vrijeme \u010ditanja":"3 minute"},"schema":{"@context":"https:\/\/schema.org","@graph":[{"@type":"WebPage","@id":"http:\/\/pulskasvakodnevnica.com\/index.php\/2024\/08\/29\/hrvatska-veslacka-reprezentativka-laura-lalic-na-prijemu-kod-gradonacelnika-filipa-zoricica\/","url":"http:\/\/pulskasvakodnevnica.com\/index.php\/2024\/08\/29\/hrvatska-veslacka-reprezentativka-laura-lalic-na-prijemu-kod-gradonacelnika-filipa-zoricica\/","name":"Hrvatska vesla\u010dka reprezentativka Laura Lali\u0107 na prijemu kod gradona\u010delnika Filipa Zori\u010di\u0107a - Pulska Svakodnevnica","isPartOf":{"@id":"http:\/\/pulskasvakodnevnica.com\/#website"},"datePublished":"2024-08-29T11:15:57+00:00","dateModified":"2024-08-29T11:15:57+00:00","author":{"@id":"http:\/\/pulskasvakodnevnica.com\/#\/schema\/person\/95941daf7dfab0e8fd012b0d88608a3f"},"breadcrumb":{"@id":"http:\/\/pulskasvakodnevnica.com\/index.php\/2024\/08\/29\/hrvatska-veslacka-reprezentativka-laura-lalic-na-prijemu-kod-gradonacelnika-filipa-zoricica\/#breadcrumb"},"inLanguage":"hr","potentialAction":[{"@type":"ReadAction","target":["http:\/\/pulskasvakodnevnica.com\/index.php\/2024\/08\/29\/hrvatska-veslacka-reprezentativka-laura-lalic-na-prijemu-kod-gradonacelnika-filipa-zoricica\/"]}]},{"@type":"BreadcrumbList","@id":"http:\/\/pulskasvakodnevnica.com\/index.php\/2024\/08\/29\/hrvatska-veslacka-reprezentativka-laura-lalic-na-prijemu-kod-gradonacelnika-filipa-zoricica\/#breadcrumb","itemListElement":[{"@type":"ListItem","position":1,"name":"Po\u010detna stranica","item":"http:\/\/pulskasvakodnevnica.com\/"},{"@type":"ListItem","position":2,"name":"Hrvatska vesla\u010dka reprezentativka Laura Lali\u0107 na prijemu kod gradona\u010delnika Filipa Zori\u010di\u0107a"}]},{"@type":"WebSite","@id":"http:\/\/pulskasvakodnevnica.com\/#website","url":"http:\/\/pulskasvakodnevnica.com\/","name":"Pulska Svakodnevnica","description":"Vijesti iz Pule i Istre","potentialAction":[{"@type":"SearchAction","target":{"@type":"EntryPoint","urlTemplate":"http:\/\/pulskasvakodnevnica.com\/?s={search_term_string}"},"query-input":"required name=search_term_string"}],"inLanguage":"hr"},{"@type":"Person","@id":"http:\/\/pulskasvakodnevnica.com\/#\/schema\/person\/95941daf7dfab0e8fd012b0d88608a3f","name":"Pulska Svakodnevnica"}]}},"_links":{"self":[{"href":"http:\/\/pulskasvakodnevnica.com\/index.php\/wp-json\/wp\/v2\/posts\/43345"}],"collection":[{"href":"http:\/\/pulskasvakodnevnica.com\/index.php\/wp-json\/wp\/v2\/posts"}],"about":[{"href":"http:\/\/pulskasvakodnevnica.com\/index.php\/wp-json\/wp\/v2\/types\/post"}],"author":[{"embeddable":true,"href":"http:\/\/pulskasvakodnevnica.com\/index.php\/wp-json\/wp\/v2\/users\/1"}],"replies":[{"embeddable":true,"href":"http:\/\/pulskasvakodnevnica.com\/index.php\/wp-json\/wp\/v2\/comments?post=43345"}],"version-history":[{"count":1,"href":"http:\/\/pulskasvakodnevnica.com\/index.php\/wp-json\/wp\/v2\/posts\/43345\/revisions"}],"predecessor-version":[{"id":43347,"href":"http:\/\/pulskasvakodnevnica.com\/index.php\/wp-json\/wp\/v2\/posts\/43345\/revisions\/43347"}],"wp:featuredmedia":[{"embeddable":true,"href":"http:\/\/pulskasvakodnevnica.com\/index.php\/wp-json\/wp\/v2\/media\/43346"}],"wp:attachment":[{"href":"http:\/\/pulskasvakodnevnica.com\/index.php\/wp-json\/wp\/v2\/media?parent=43345"}],"wp:term":[{"taxonomy":"category","embeddable":true,"href":"http:\/\/pulskasvakodnevnica.com\/index.php\/wp-json\/wp\/v2\/categories?post=43345"},{"taxonomy":"post_tag","embeddable":true,"href":"http:\/\/pulskasvakodnevnica.com\/index.php\/wp-json\/wp\/v2\/tags?post=43345"}],"curies":[{"name":"wp","href":"https:\/\/api.w.org\/{rel}","templated":true}]}}