{"id":4747,"date":"2017-03-03T08:42:03","date_gmt":"2017-03-03T07:42:03","guid":{"rendered":"http:\/\/pulskasvakodnevnica.com\/?p=4747"},"modified":"2017-03-03T08:42:33","modified_gmt":"2017-03-03T07:42:33","slug":"pulski-gradonacelnik-primio-pobjednike-turnira-moja-ulica-moja-ekipa","status":"publish","type":"post","link":"http:\/\/pulskasvakodnevnica.com\/index.php\/2017\/03\/03\/pulski-gradonacelnik-primio-pobjednike-turnira-moja-ulica-moja-ekipa\/","title":{"rendered":"Pulski gradona\u010delnik primio pobjednike turnira &#8220;Moja ulica, moja ekipa\u201c"},"content":{"rendered":"<p>&nbsp;<\/p>\n<p>Pulski gradona\u010delnik Boris Mileti\u0107 i predsjednik Gradskog vije\u0107a Robert Cvek primili su ju\u010der u prostorijama pulske Komunalne pala\u010de pobjednike malonogometnog turnira &#8220;Moja ulica, moja ekipa &#8211; Suzuki Motortech&#8221;, mom\u010dad Pizzerie Jupiter.<\/p>\n<p>28. izdanje malonogometnog turnira u prosincu pro\u0161le godine okupilo je 121 mom\u010dad, a u uzbudljivom finalu na\u0161le su se dvije istoimene mom\u010dadi te je nakon izvo\u0111enja sedmeraca pobjedu odnijela iskusnija ekipa.<\/p>\n<p>\u201eGrad Pula ve\u0107 niz godina ponosni je pokrovitelj ove vrijedne sportske manifestacije koja iz godine u godinu pobu\u0111uje sve ve\u0107i interes, ne samo gledatelja, ve\u0107 i samih sudionika&#8221;, kazao je Mileti\u0107 i dodao da Grad kontinuirano ula\u017ee financijska sredstva upravo u razvoj sporta i sportske infrastrukture. \u010cestitkama se pridru\u017eio i predsjednik Gradskog vije\u0107a Robert Cvek koji je izrazio zadovoljstvo \u0161to je turnir ponovno osvojila doma\u0107a pulska ekipa.<\/p>\n<p>Voditelj ekipe Tomislav Markulin zahvalio je na prijemu i kazao kako je nakon 2004. i 2005. godine Pizzeriji Jupiter ovo je bio tre\u0107i naslov. Dodao je i to kako su igra\u010di dali sve od sebe kako bi osvojili turnir te kako se trud na kraju isplatio. Sanel Bojki\u0107 iz pobjedni\u010dke ekipe Pizzeria Jupiter progla\u0161en je za najboljeg igra\u010da dok je iz iste mom\u010dadi i Nikola Zahtila\u00a0progla\u0161en najboljim golmanom turnira.<\/p>\n<p>Malonogometni turnir &#8220;Moja ulica, moja ekipa \u2013 Suzuki Motortech&#8221; jedan je od najmasovnijih u Hrvatskoj, a 28. izdanje turnira u Domu sportova Mate Parlov pratilo je preko 12 tisu\u0107a posjetitelja. U sklopu turnira odr\u017eano je i jubilarno deseto izdanje &#8220;Mini ulice 2016\u201c za igra\u010de do 11 godina starosti, a najbolja ekipa bila je ona NK Uljanika. Po prvi put u povijesti turnira nastupila je i jedna \u017eenska ekipa iz \u017dNK Istra 1961.<\/p>\n","protected":false},"excerpt":{"rendered":"<p>&nbsp; Pulski gradona\u010delnik Boris Mileti\u0107 i predsjednik Gradskog vije\u0107a Robert Cvek primili su ju\u010der u prostorijama pulske Komunalne pala\u010de pobjednike<\/p>\n","protected":false},"author":1,"featured_media":4748,"comment_status":"closed","ping_status":"closed","sticky":false,"template":"","format":"standard","meta":{"_mi_skip_tracking":false,"footnotes":""},"categories":[1,99],"tags":[],"yoast_head":"<!-- This site is optimized with the Yoast SEO plugin v20.4 - https:\/\/yoast.com\/wordpress\/plugins\/seo\/ -->\n<title>Pulski gradona\u010delnik primio pobjednike turnira &quot;Moja ulica, moja ekipa\u201c - Pulska Svakodnevnica<\/title>\n<meta name=\"robots\" content=\"index, follow, max-snippet:-1, max-image-preview:large, max-video-preview:-1\" \/>\n<link rel=\"canonical\" href=\"http:\/\/pulskasvakodnevnica.com\/index.php\/2017\/03\/03\/pulski-gradonacelnik-primio-pobjednike-turnira-moja-ulica-moja-ekipa\/\" \/>\n<meta property=\"og:locale\" content=\"hr_HR\" \/>\n<meta property=\"og:type\" content=\"article\" \/>\n<meta property=\"og:title\" content=\"Pulski gradona\u010delnik primio pobjednike turnira &quot;Moja ulica, moja ekipa\u201c - Pulska Svakodnevnica\" \/>\n<meta property=\"og:description\" content=\"&nbsp; Pulski gradona\u010delnik Boris Mileti\u0107 i predsjednik Gradskog vije\u0107a Robert Cvek primili su ju\u010der u prostorijama pulske Komunalne pala\u010de pobjednike\" \/>\n<meta property=\"og:url\" content=\"http:\/\/pulskasvakodnevnica.com\/index.php\/2017\/03\/03\/pulski-gradonacelnik-primio-pobjednike-turnira-moja-ulica-moja-ekipa\/\" \/>\n<meta property=\"og:site_name\" content=\"Pulska Svakodnevnica\" \/>\n<meta property=\"article:publisher\" content=\"https:\/\/www.facebook.com\/PulskaSvakodnevnicaNews\" \/>\n<meta property=\"article:published_time\" content=\"2017-03-03T07:42:03+00:00\" \/>\n<meta property=\"article:modified_time\" content=\"2017-03-03T07:42:33+00:00\" \/>\n<meta property=\"og:image\" content=\"http:\/\/pulskasvakodnevnica.com\/wp-content\/uploads\/2017\/03\/9cd9ff66ab.jpg\" \/>\n\t<meta property=\"og:image:width\" content=\"747\" \/>\n\t<meta property=\"og:image:height\" content=\"419\" \/>\n\t<meta property=\"og:image:type\" content=\"image\/jpeg\" \/>\n<meta name=\"author\" content=\"Pulska Svakodnevnica\" \/>\n<meta name=\"twitter:card\" content=\"summary_large_image\" \/>\n<meta name=\"twitter:label1\" content=\"Napisao\/la\" \/>\n\t<meta name=\"twitter:data1\" content=\"Pulska Svakodnevnica\" \/>\n\t<meta name=\"twitter:label2\" content=\"Procijenjeno vrijeme \u010ditanja\" \/>\n\t<meta name=\"twitter:data2\" content=\"1 minuta\" \/>\n<script type=\"application\/ld+json\" class=\"yoast-schema-graph\">{\"@context\":\"https:\/\/schema.org\",\"@graph\":[{\"@type\":\"WebPage\",\"@id\":\"http:\/\/pulskasvakodnevnica.com\/index.php\/2017\/03\/03\/pulski-gradonacelnik-primio-pobjednike-turnira-moja-ulica-moja-ekipa\/\",\"url\":\"http:\/\/pulskasvakodnevnica.com\/index.php\/2017\/03\/03\/pulski-gradonacelnik-primio-pobjednike-turnira-moja-ulica-moja-ekipa\/\",\"name\":\"Pulski gradona\u010delnik primio pobjednike turnira \\\"Moja ulica, moja ekipa\u201c - Pulska Svakodnevnica\",\"isPartOf\":{\"@id\":\"http:\/\/pulskasvakodnevnica.com\/#website\"},\"datePublished\":\"2017-03-03T07:42:03+00:00\",\"dateModified\":\"2017-03-03T07:42:33+00:00\",\"author\":{\"@id\":\"http:\/\/pulskasvakodnevnica.com\/#\/schema\/person\/95941daf7dfab0e8fd012b0d88608a3f\"},\"breadcrumb\":{\"@id\":\"http:\/\/pulskasvakodnevnica.com\/index.php\/2017\/03\/03\/pulski-gradonacelnik-primio-pobjednike-turnira-moja-ulica-moja-ekipa\/#breadcrumb\"},\"inLanguage\":\"hr\",\"potentialAction\":[{\"@type\":\"ReadAction\",\"target\":[\"http:\/\/pulskasvakodnevnica.com\/index.php\/2017\/03\/03\/pulski-gradonacelnik-primio-pobjednike-turnira-moja-ulica-moja-ekipa\/\"]}]},{\"@type\":\"BreadcrumbList\",\"@id\":\"http:\/\/pulskasvakodnevnica.com\/index.php\/2017\/03\/03\/pulski-gradonacelnik-primio-pobjednike-turnira-moja-ulica-moja-ekipa\/#breadcrumb\",\"itemListElement\":[{\"@type\":\"ListItem\",\"position\":1,\"name\":\"Po\u010detna stranica\",\"item\":\"http:\/\/pulskasvakodnevnica.com\/\"},{\"@type\":\"ListItem\",\"position\":2,\"name\":\"Pulski gradona\u010delnik primio pobjednike turnira &#8220;Moja ulica, moja ekipa\u201c\"}]},{\"@type\":\"WebSite\",\"@id\":\"http:\/\/pulskasvakodnevnica.com\/#website\",\"url\":\"http:\/\/pulskasvakodnevnica.com\/\",\"name\":\"Pulska Svakodnevnica\",\"description\":\"Vijesti iz Pule i Istre\",\"potentialAction\":[{\"@type\":\"SearchAction\",\"target\":{\"@type\":\"EntryPoint\",\"urlTemplate\":\"http:\/\/pulskasvakodnevnica.com\/?s={search_term_string}\"},\"query-input\":\"required name=search_term_string\"}],\"inLanguage\":\"hr\"},{\"@type\":\"Person\",\"@id\":\"http:\/\/pulskasvakodnevnica.com\/#\/schema\/person\/95941daf7dfab0e8fd012b0d88608a3f\",\"name\":\"Pulska Svakodnevnica\"}]}<\/script>\n<!-- \/ Yoast SEO plugin. -->","yoast_head_json":{"title":"Pulski gradona\u010delnik primio pobjednike turnira \"Moja ulica, moja ekipa\u201c - Pulska Svakodnevnica","robots":{"index":"index","follow":"follow","max-snippet":"max-snippet:-1","max-image-preview":"max-image-preview:large","max-video-preview":"max-video-preview:-1"},"canonical":"http:\/\/pulskasvakodnevnica.com\/index.php\/2017\/03\/03\/pulski-gradonacelnik-primio-pobjednike-turnira-moja-ulica-moja-ekipa\/","og_locale":"hr_HR","og_type":"article","og_title":"Pulski gradona\u010delnik primio pobjednike turnira \"Moja ulica, moja ekipa\u201c - Pulska Svakodnevnica","og_description":"&nbsp; Pulski gradona\u010delnik Boris Mileti\u0107 i predsjednik Gradskog vije\u0107a Robert Cvek primili su ju\u010der u prostorijama pulske Komunalne pala\u010de pobjednike","og_url":"http:\/\/pulskasvakodnevnica.com\/index.php\/2017\/03\/03\/pulski-gradonacelnik-primio-pobjednike-turnira-moja-ulica-moja-ekipa\/","og_site_name":"Pulska Svakodnevnica","article_publisher":"https:\/\/www.facebook.com\/PulskaSvakodnevnicaNews","article_published_time":"2017-03-03T07:42:03+00:00","article_modified_time":"2017-03-03T07:42:33+00:00","og_image":[{"width":747,"height":419,"url":"http:\/\/pulskasvakodnevnica.com\/wp-content\/uploads\/2017\/03\/9cd9ff66ab.jpg","type":"image\/jpeg"}],"author":"Pulska Svakodnevnica","twitter_card":"summary_large_image","twitter_misc":{"Napisao\/la":"Pulska Svakodnevnica","Procijenjeno vrijeme \u010ditanja":"1 minuta"},"schema":{"@context":"https:\/\/schema.org","@graph":[{"@type":"WebPage","@id":"http:\/\/pulskasvakodnevnica.com\/index.php\/2017\/03\/03\/pulski-gradonacelnik-primio-pobjednike-turnira-moja-ulica-moja-ekipa\/","url":"http:\/\/pulskasvakodnevnica.com\/index.php\/2017\/03\/03\/pulski-gradonacelnik-primio-pobjednike-turnira-moja-ulica-moja-ekipa\/","name":"Pulski gradona\u010delnik primio pobjednike turnira \"Moja ulica, moja ekipa\u201c - Pulska Svakodnevnica","isPartOf":{"@id":"http:\/\/pulskasvakodnevnica.com\/#website"},"datePublished":"2017-03-03T07:42:03+00:00","dateModified":"2017-03-03T07:42:33+00:00","author":{"@id":"http:\/\/pulskasvakodnevnica.com\/#\/schema\/person\/95941daf7dfab0e8fd012b0d88608a3f"},"breadcrumb":{"@id":"http:\/\/pulskasvakodnevnica.com\/index.php\/2017\/03\/03\/pulski-gradonacelnik-primio-pobjednike-turnira-moja-ulica-moja-ekipa\/#breadcrumb"},"inLanguage":"hr","potentialAction":[{"@type":"ReadAction","target":["http:\/\/pulskasvakodnevnica.com\/index.php\/2017\/03\/03\/pulski-gradonacelnik-primio-pobjednike-turnira-moja-ulica-moja-ekipa\/"]}]},{"@type":"BreadcrumbList","@id":"http:\/\/pulskasvakodnevnica.com\/index.php\/2017\/03\/03\/pulski-gradonacelnik-primio-pobjednike-turnira-moja-ulica-moja-ekipa\/#breadcrumb","itemListElement":[{"@type":"ListItem","position":1,"name":"Po\u010detna stranica","item":"http:\/\/pulskasvakodnevnica.com\/"},{"@type":"ListItem","position":2,"name":"Pulski gradona\u010delnik primio pobjednike turnira &#8220;Moja ulica, moja ekipa\u201c"}]},{"@type":"WebSite","@id":"http:\/\/pulskasvakodnevnica.com\/#website","url":"http:\/\/pulskasvakodnevnica.com\/","name":"Pulska Svakodnevnica","description":"Vijesti iz Pule i Istre","potentialAction":[{"@type":"SearchAction","target":{"@type":"EntryPoint","urlTemplate":"http:\/\/pulskasvakodnevnica.com\/?s={search_term_string}"},"query-input":"required name=search_term_string"}],"inLanguage":"hr"},{"@type":"Person","@id":"http:\/\/pulskasvakodnevnica.com\/#\/schema\/person\/95941daf7dfab0e8fd012b0d88608a3f","name":"Pulska Svakodnevnica"}]}},"_links":{"self":[{"href":"http:\/\/pulskasvakodnevnica.com\/index.php\/wp-json\/wp\/v2\/posts\/4747"}],"collection":[{"href":"http:\/\/pulskasvakodnevnica.com\/index.php\/wp-json\/wp\/v2\/posts"}],"about":[{"href":"http:\/\/pulskasvakodnevnica.com\/index.php\/wp-json\/wp\/v2\/types\/post"}],"author":[{"embeddable":true,"href":"http:\/\/pulskasvakodnevnica.com\/index.php\/wp-json\/wp\/v2\/users\/1"}],"replies":[{"embeddable":true,"href":"http:\/\/pulskasvakodnevnica.com\/index.php\/wp-json\/wp\/v2\/comments?post=4747"}],"version-history":[{"count":1,"href":"http:\/\/pulskasvakodnevnica.com\/index.php\/wp-json\/wp\/v2\/posts\/4747\/revisions"}],"predecessor-version":[{"id":4749,"href":"http:\/\/pulskasvakodnevnica.com\/index.php\/wp-json\/wp\/v2\/posts\/4747\/revisions\/4749"}],"wp:featuredmedia":[{"embeddable":true,"href":"http:\/\/pulskasvakodnevnica.com\/index.php\/wp-json\/wp\/v2\/media\/4748"}],"wp:attachment":[{"href":"http:\/\/pulskasvakodnevnica.com\/index.php\/wp-json\/wp\/v2\/media?parent=4747"}],"wp:term":[{"taxonomy":"category","embeddable":true,"href":"http:\/\/pulskasvakodnevnica.com\/index.php\/wp-json\/wp\/v2\/categories?post=4747"},{"taxonomy":"post_tag","embeddable":true,"href":"http:\/\/pulskasvakodnevnica.com\/index.php\/wp-json\/wp\/v2\/tags?post=4747"}],"curies":[{"name":"wp","href":"https:\/\/api.w.org\/{rel}","templated":true}]}}