{"id":47616,"date":"2025-08-08T18:24:09","date_gmt":"2025-08-08T16:24:09","guid":{"rendered":"http:\/\/pulskasvakodnevnica.com\/?p=47616"},"modified":"2025-08-08T18:24:10","modified_gmt":"2025-08-08T16:24:10","slug":"svecana-sjednica-u-povodu-dana-grada-dodijeljene-nagrade-i-priznanja-za-2025-godinu","status":"publish","type":"post","link":"http:\/\/pulskasvakodnevnica.com\/index.php\/2025\/08\/08\/svecana-sjednica-u-povodu-dana-grada-dodijeljene-nagrade-i-priznanja-za-2025-godinu\/","title":{"rendered":"Sve\u010dana sjednica u povodu Dana grada \u2013 dodijeljene nagrade i priznanja za 2025. godinu"},"content":{"rendered":"\n<p>Dodjelom priznanja Grada Vodnjan \u2013 Dignano <strong>Gordanu \u0106ori\u0107u<\/strong> i<strong> Petru Vrta\u010di\u0107u<\/strong> iz Vodnjana te <strong>Claudiju Vlacciju<\/strong> iz Gali\u017eane na sve\u010danoj sjednici Gradskog vije\u0107a u petak 8. kolovoza 2025. godine, po\u010dela su trodnevna zbivanja u povodu Dana grada Vodnjan \u2013 Dignano.<\/p>\n\n\n\n<p>Predsjednik Vije\u0107a <strong>Cristian Biasiol<\/strong> Nagradu grada treneru Gordanu \u0106ori\u0107u uru\u010dio je za iznimne sportske rezultate koje je postigao sa \u017denskim odbojka\u0161kim klubom Vodnjan, te za op\u0107i doprinos sportu i \u0161iroj zajednici, a Petru Vrta\u010di\u0107u, poznatijem kao Pere Cole, utemeljitelju Folklornog ansambla Balun, za predano i nesebi\u010dno o\u010duvanjem kulturne, povijesne i prirodne ba\u0161tine Vodnjan\u0161tine kroz gotovo pola stolje\u0107a djelovanja.<\/p>\n\n\n\n<p>Claudio Vlacci, jedan od osniva\u010da i istaknuti \u010dlan kultnih Anelida, koji ove godine slave 60 godina djelovanja, Sve\u010danu povelju Grada primio je za nemjerljiv doprinos i promicanje Vodnjan\u0161tine kroz glazbu i glazbeni izri\u010daj, ali i za sportski i dru\u0161tveni anga\u017eman u \u0161iroj zajednici.<\/p>\n\n\n\n<p>Gradona\u010delnik <strong>Igor Orli\u0107<\/strong> zahvalnicom je pak odao priznanje <strong>Motoklubu Hornets<\/strong> iz Vodnjana, osnovanom prije 20 godina, za dugogodi\u0161nji doprinos promicanju moto kulture, zajedni\u0161tva i sportskog duha, te promicanju Vodnjana na regionalnoj sceni. Zahvalnicu je preuzeo Milan Mu\u0161kovi\u0107.<\/p>\n\n\n\n<p>Dan grada Vodnjana ina\u010de se slavi 10. kolovoza&nbsp; na dan jednog od triju za\u0161titnika \u2013 Svetog Lovre. Sjednici se odr\u017eala u sjedi\u0161tu Zajednice Talijana Vodnjan, a uz vije\u0107nike prisustvovali su joj istarski \u017eupan<strong> Boris Mileti\u0107<\/strong> i zamjenica <strong>Jessica Acquavita<\/strong>, saborski zastupnici <strong>Sanja Radolovi\u0107, Loris Per\u0161uri\u0107, Anton Kliman, Dalibor Paus<\/strong> i <strong>Josip Dabro<\/strong>, predstavnici brojnih gradova i op\u0107ina iz Istre, ali i predstavnici prijateljskih i pobratimljenih gradova: Otoka, crnogorskog Bara i talijanskih Manzano i Citta di Vallefoglia. Uz njih, sve\u010danosti su se odazvali predstavnici slu\u017ebi, institucija, ustanova, manjinskih zajednica, crkvenih vlasti, sportskih, kulturnih i drugih organizacija te mjesne samouprave.<\/p>\n\n\n\n<p>Predsjednik Gradskog vije\u0107a Cristian Biasiol s govornice je iznio svoju viziju grada kao najuspje\u0161nijeg u okru\u017eenju. No, do takvog razvoja, rekao je, mo\u017ee do\u0107i samo zajedni\u0161tvom i suradnjom.<\/p>\n\n\n\n<p>&#8220;Koristim ovu priliku da pozovem sve vije\u0107nike da prvi poslu\u017eimo za primjer i skupa zaveslamo u istom smjeru. To ne zna\u010di da moramo biti iste boje i istog politi\u010dkog svjetonazora, jer raznolikost je uvijek dobrodo\u0161la u politi\u010dkoj demokraciji. Ali zna\u010di da nam cilj mora biti zajedni\u010dki: Bolji \u017eivot za sve na\u0161e gra\u0111ane&#8221;, poru\u010dio je Biasiol.<\/p>\n\n\n\n<p>Gradona\u010delnik Igor Orli\u0107 podsjetio je na velike projekte realizirane u proteklih godinu dana, poput stadiona u Peroju, na preustroj gradske uprave, a govore\u0107i o planovima najavio je velike infrastrukturne promjene. No rekao je da je od infrastrukture jo\u0161 bitnije zajedni\u0161tvo i optimizam gra\u0111ana.<\/p>\n\n\n\n<p>&#8220;Taj optimizam i povjerenje gra\u0111ana daje nam snage i entuzijazma da se odmah krene s radom kako bi Vodnjan\u0161tinu u\u010dinili jo\u0161 ugodnijom i ljep\u0161om za \u017eivot&#8221;, rekao je Orli\u0107. Boljitak stanovnika, me\u0111usobna briga za \u010dlanove zajednice te o\u010duvanje istinskih vrijednosti, naveo je, neka i gradskoj upravi i gradskom vije\u0107u budu motiv da se radi slo\u017eno, a svojim radom doprinosi dru\u0161tvu.<\/p>\n\n\n\n<p>Anton Kliman, obra\u0107aju\u0107i se u ime svih saborskih zastupnika, istaknuo je da Grad uvijek mo\u017ee ra\u010dunati na pomo\u0107 njega i njegovih kolega po pitanju realizacije projekata, a dobre \u017eelje i \u010destitke te zahvalu za iznimnu gostoljubvivost s govornice je doma\u0107inima uputio gradona\u010delnik Otoka <strong>Slavko Grgi\u0107<\/strong>. \u017dupanu Borisu Mileti\u0107u bilo je drago \u0161to predstavnici Grada pozivaju na zajedni\u0161tvo i isti\u010du sve pozitivne stvari u\u010dinjene u Vodnjanu, rekav\u0161i da Vodnjan ima velike razvojne \u0161anse s obzirom na prostor, infrastrukturu, prometnu povezanost i poslovne zone. Uostalom, maslinari Vodnjan\u0161tine ve\u0107 su dokazali da svojim radom mogu biti u samom vrhu svijeta.<\/p>\n\n\n\n<p>&#8220;Na osnovi ideje zajedni\u0161tva i suradnje te energije koju pokazuje gradona\u010delnik siguran sam da \u0107e ovo biti uspje\u0161an mandat. A vi mu, dragi Vodnjanci, pru\u017eite ruku u tome&#8221;, rekao je Mileti\u0107 i obra\u0107anje zaklju\u010dio rije\u010dima da \u0107e Istarska \u017eupanija biti istinski partner Vodnjanu.<\/p>\n\n\n\n<p>Himne i druge sve\u010dane skladbe tijekom programa izveo je nagra\u0111ivani mje\u0161oviti zbor Cantus PoPuli iz Pule pod ravnanjem Tatjane Merkl.<\/p>\n\n\n\n<p>Proslave u Vodnjanu nastavljaju se u subotu cjelodnevnim programom 57. Bumbarske fe\u0161te te ve\u010dernjim nastupom Indire i brojnih drugih izvo\u0111a\u010da. U nedjelju, 10. kolovoza, na sam Dan grada, odr\u017eava se tradicionalna Polenta cup i Tombola bumbara te koncert Alena Vitasovi\u0107a.<\/p>\n","protected":false},"excerpt":{"rendered":"<p>Dodjelom priznanja Grada Vodnjan \u2013 Dignano Gordanu \u0106ori\u0107u i Petru Vrta\u010di\u0107u iz Vodnjana te Claudiju Vlacciju iz Gali\u017eane na sve\u010danoj<\/p>\n","protected":false},"author":1,"featured_media":47617,"comment_status":"open","ping_status":"closed","sticky":false,"template":"","format":"standard","meta":{"_mi_skip_tracking":false,"footnotes":""},"categories":[84,1],"tags":[293,355],"yoast_head":"<!-- This site is optimized with the Yoast SEO plugin v20.4 - https:\/\/yoast.com\/wordpress\/plugins\/seo\/ -->\n<title>Sve\u010dana sjednica u povodu Dana grada \u2013 dodijeljene nagrade i priznanja za 2025. godinu - Pulska Svakodnevnica<\/title>\n<meta name=\"robots\" content=\"index, follow, max-snippet:-1, max-image-preview:large, max-video-preview:-1\" \/>\n<link rel=\"canonical\" href=\"http:\/\/pulskasvakodnevnica.com\/index.php\/2025\/08\/08\/svecana-sjednica-u-povodu-dana-grada-dodijeljene-nagrade-i-priznanja-za-2025-godinu\/\" \/>\n<meta property=\"og:locale\" content=\"hr_HR\" \/>\n<meta property=\"og:type\" content=\"article\" \/>\n<meta property=\"og:title\" content=\"Sve\u010dana sjednica u povodu Dana grada \u2013 dodijeljene nagrade i priznanja za 2025. godinu - Pulska Svakodnevnica\" \/>\n<meta property=\"og:description\" content=\"Dodjelom priznanja Grada Vodnjan \u2013 Dignano Gordanu \u0106ori\u0107u i Petru Vrta\u010di\u0107u iz Vodnjana te Claudiju Vlacciju iz Gali\u017eane na sve\u010danoj\" \/>\n<meta property=\"og:url\" content=\"http:\/\/pulskasvakodnevnica.com\/index.php\/2025\/08\/08\/svecana-sjednica-u-povodu-dana-grada-dodijeljene-nagrade-i-priznanja-za-2025-godinu\/\" \/>\n<meta property=\"og:site_name\" content=\"Pulska Svakodnevnica\" \/>\n<meta property=\"article:publisher\" content=\"https:\/\/www.facebook.com\/PulskaSvakodnevnicaNews\" \/>\n<meta property=\"article:published_time\" content=\"2025-08-08T16:24:09+00:00\" \/>\n<meta property=\"article:modified_time\" content=\"2025-08-08T16:24:10+00:00\" \/>\n<meta property=\"og:image\" content=\"http:\/\/pulskasvakodnevnica.com\/wp-content\/uploads\/2025\/08\/Vodnjan-Dan-Grada.jpg\" \/>\n\t<meta property=\"og:image:width\" content=\"630\" \/>\n\t<meta property=\"og:image:height\" content=\"420\" \/>\n\t<meta property=\"og:image:type\" content=\"image\/jpeg\" \/>\n<meta name=\"author\" content=\"Pulska Svakodnevnica\" \/>\n<meta name=\"twitter:card\" content=\"summary_large_image\" \/>\n<meta name=\"twitter:label1\" content=\"Napisao\/la\" \/>\n\t<meta name=\"twitter:data1\" content=\"Pulska Svakodnevnica\" \/>\n\t<meta name=\"twitter:label2\" content=\"Procijenjeno vrijeme \u010ditanja\" \/>\n\t<meta name=\"twitter:data2\" content=\"4 minute\" \/>\n<script type=\"application\/ld+json\" class=\"yoast-schema-graph\">{\"@context\":\"https:\/\/schema.org\",\"@graph\":[{\"@type\":\"WebPage\",\"@id\":\"http:\/\/pulskasvakodnevnica.com\/index.php\/2025\/08\/08\/svecana-sjednica-u-povodu-dana-grada-dodijeljene-nagrade-i-priznanja-za-2025-godinu\/\",\"url\":\"http:\/\/pulskasvakodnevnica.com\/index.php\/2025\/08\/08\/svecana-sjednica-u-povodu-dana-grada-dodijeljene-nagrade-i-priznanja-za-2025-godinu\/\",\"name\":\"Sve\u010dana sjednica u povodu Dana grada \u2013 dodijeljene nagrade i priznanja za 2025. godinu - Pulska Svakodnevnica\",\"isPartOf\":{\"@id\":\"http:\/\/pulskasvakodnevnica.com\/#website\"},\"datePublished\":\"2025-08-08T16:24:09+00:00\",\"dateModified\":\"2025-08-08T16:24:10+00:00\",\"author\":{\"@id\":\"http:\/\/pulskasvakodnevnica.com\/#\/schema\/person\/95941daf7dfab0e8fd012b0d88608a3f\"},\"breadcrumb\":{\"@id\":\"http:\/\/pulskasvakodnevnica.com\/index.php\/2025\/08\/08\/svecana-sjednica-u-povodu-dana-grada-dodijeljene-nagrade-i-priznanja-za-2025-godinu\/#breadcrumb\"},\"inLanguage\":\"hr\",\"potentialAction\":[{\"@type\":\"ReadAction\",\"target\":[\"http:\/\/pulskasvakodnevnica.com\/index.php\/2025\/08\/08\/svecana-sjednica-u-povodu-dana-grada-dodijeljene-nagrade-i-priznanja-za-2025-godinu\/\"]}]},{\"@type\":\"BreadcrumbList\",\"@id\":\"http:\/\/pulskasvakodnevnica.com\/index.php\/2025\/08\/08\/svecana-sjednica-u-povodu-dana-grada-dodijeljene-nagrade-i-priznanja-za-2025-godinu\/#breadcrumb\",\"itemListElement\":[{\"@type\":\"ListItem\",\"position\":1,\"name\":\"Po\u010detna stranica\",\"item\":\"http:\/\/pulskasvakodnevnica.com\/\"},{\"@type\":\"ListItem\",\"position\":2,\"name\":\"Sve\u010dana sjednica u povodu Dana grada \u2013 dodijeljene nagrade i priznanja za 2025. godinu\"}]},{\"@type\":\"WebSite\",\"@id\":\"http:\/\/pulskasvakodnevnica.com\/#website\",\"url\":\"http:\/\/pulskasvakodnevnica.com\/\",\"name\":\"Pulska Svakodnevnica\",\"description\":\"Vijesti iz Pule i Istre\",\"potentialAction\":[{\"@type\":\"SearchAction\",\"target\":{\"@type\":\"EntryPoint\",\"urlTemplate\":\"http:\/\/pulskasvakodnevnica.com\/?s={search_term_string}\"},\"query-input\":\"required name=search_term_string\"}],\"inLanguage\":\"hr\"},{\"@type\":\"Person\",\"@id\":\"http:\/\/pulskasvakodnevnica.com\/#\/schema\/person\/95941daf7dfab0e8fd012b0d88608a3f\",\"name\":\"Pulska Svakodnevnica\"}]}<\/script>\n<!-- \/ Yoast SEO plugin. -->","yoast_head_json":{"title":"Sve\u010dana sjednica u povodu Dana grada \u2013 dodijeljene nagrade i priznanja za 2025. godinu - Pulska Svakodnevnica","robots":{"index":"index","follow":"follow","max-snippet":"max-snippet:-1","max-image-preview":"max-image-preview:large","max-video-preview":"max-video-preview:-1"},"canonical":"http:\/\/pulskasvakodnevnica.com\/index.php\/2025\/08\/08\/svecana-sjednica-u-povodu-dana-grada-dodijeljene-nagrade-i-priznanja-za-2025-godinu\/","og_locale":"hr_HR","og_type":"article","og_title":"Sve\u010dana sjednica u povodu Dana grada \u2013 dodijeljene nagrade i priznanja za 2025. godinu - Pulska Svakodnevnica","og_description":"Dodjelom priznanja Grada Vodnjan \u2013 Dignano Gordanu \u0106ori\u0107u i Petru Vrta\u010di\u0107u iz Vodnjana te Claudiju Vlacciju iz Gali\u017eane na sve\u010danoj","og_url":"http:\/\/pulskasvakodnevnica.com\/index.php\/2025\/08\/08\/svecana-sjednica-u-povodu-dana-grada-dodijeljene-nagrade-i-priznanja-za-2025-godinu\/","og_site_name":"Pulska Svakodnevnica","article_publisher":"https:\/\/www.facebook.com\/PulskaSvakodnevnicaNews","article_published_time":"2025-08-08T16:24:09+00:00","article_modified_time":"2025-08-08T16:24:10+00:00","og_image":[{"width":630,"height":420,"url":"http:\/\/pulskasvakodnevnica.com\/wp-content\/uploads\/2025\/08\/Vodnjan-Dan-Grada.jpg","type":"image\/jpeg"}],"author":"Pulska Svakodnevnica","twitter_card":"summary_large_image","twitter_misc":{"Napisao\/la":"Pulska Svakodnevnica","Procijenjeno vrijeme \u010ditanja":"4 minute"},"schema":{"@context":"https:\/\/schema.org","@graph":[{"@type":"WebPage","@id":"http:\/\/pulskasvakodnevnica.com\/index.php\/2025\/08\/08\/svecana-sjednica-u-povodu-dana-grada-dodijeljene-nagrade-i-priznanja-za-2025-godinu\/","url":"http:\/\/pulskasvakodnevnica.com\/index.php\/2025\/08\/08\/svecana-sjednica-u-povodu-dana-grada-dodijeljene-nagrade-i-priznanja-za-2025-godinu\/","name":"Sve\u010dana sjednica u povodu Dana grada \u2013 dodijeljene nagrade i priznanja za 2025. godinu - Pulska Svakodnevnica","isPartOf":{"@id":"http:\/\/pulskasvakodnevnica.com\/#website"},"datePublished":"2025-08-08T16:24:09+00:00","dateModified":"2025-08-08T16:24:10+00:00","author":{"@id":"http:\/\/pulskasvakodnevnica.com\/#\/schema\/person\/95941daf7dfab0e8fd012b0d88608a3f"},"breadcrumb":{"@id":"http:\/\/pulskasvakodnevnica.com\/index.php\/2025\/08\/08\/svecana-sjednica-u-povodu-dana-grada-dodijeljene-nagrade-i-priznanja-za-2025-godinu\/#breadcrumb"},"inLanguage":"hr","potentialAction":[{"@type":"ReadAction","target":["http:\/\/pulskasvakodnevnica.com\/index.php\/2025\/08\/08\/svecana-sjednica-u-povodu-dana-grada-dodijeljene-nagrade-i-priznanja-za-2025-godinu\/"]}]},{"@type":"BreadcrumbList","@id":"http:\/\/pulskasvakodnevnica.com\/index.php\/2025\/08\/08\/svecana-sjednica-u-povodu-dana-grada-dodijeljene-nagrade-i-priznanja-za-2025-godinu\/#breadcrumb","itemListElement":[{"@type":"ListItem","position":1,"name":"Po\u010detna stranica","item":"http:\/\/pulskasvakodnevnica.com\/"},{"@type":"ListItem","position":2,"name":"Sve\u010dana sjednica u povodu Dana grada \u2013 dodijeljene nagrade i priznanja za 2025. godinu"}]},{"@type":"WebSite","@id":"http:\/\/pulskasvakodnevnica.com\/#website","url":"http:\/\/pulskasvakodnevnica.com\/","name":"Pulska Svakodnevnica","description":"Vijesti iz Pule i Istre","potentialAction":[{"@type":"SearchAction","target":{"@type":"EntryPoint","urlTemplate":"http:\/\/pulskasvakodnevnica.com\/?s={search_term_string}"},"query-input":"required name=search_term_string"}],"inLanguage":"hr"},{"@type":"Person","@id":"http:\/\/pulskasvakodnevnica.com\/#\/schema\/person\/95941daf7dfab0e8fd012b0d88608a3f","name":"Pulska Svakodnevnica"}]}},"_links":{"self":[{"href":"http:\/\/pulskasvakodnevnica.com\/index.php\/wp-json\/wp\/v2\/posts\/47616"}],"collection":[{"href":"http:\/\/pulskasvakodnevnica.com\/index.php\/wp-json\/wp\/v2\/posts"}],"about":[{"href":"http:\/\/pulskasvakodnevnica.com\/index.php\/wp-json\/wp\/v2\/types\/post"}],"author":[{"embeddable":true,"href":"http:\/\/pulskasvakodnevnica.com\/index.php\/wp-json\/wp\/v2\/users\/1"}],"replies":[{"embeddable":true,"href":"http:\/\/pulskasvakodnevnica.com\/index.php\/wp-json\/wp\/v2\/comments?post=47616"}],"version-history":[{"count":1,"href":"http:\/\/pulskasvakodnevnica.com\/index.php\/wp-json\/wp\/v2\/posts\/47616\/revisions"}],"predecessor-version":[{"id":47618,"href":"http:\/\/pulskasvakodnevnica.com\/index.php\/wp-json\/wp\/v2\/posts\/47616\/revisions\/47618"}],"wp:featuredmedia":[{"embeddable":true,"href":"http:\/\/pulskasvakodnevnica.com\/index.php\/wp-json\/wp\/v2\/media\/47617"}],"wp:attachment":[{"href":"http:\/\/pulskasvakodnevnica.com\/index.php\/wp-json\/wp\/v2\/media?parent=47616"}],"wp:term":[{"taxonomy":"category","embeddable":true,"href":"http:\/\/pulskasvakodnevnica.com\/index.php\/wp-json\/wp\/v2\/categories?post=47616"},{"taxonomy":"post_tag","embeddable":true,"href":"http:\/\/pulskasvakodnevnica.com\/index.php\/wp-json\/wp\/v2\/tags?post=47616"}],"curies":[{"name":"wp","href":"https:\/\/api.w.org\/{rel}","templated":true}]}}