{"id":47972,"date":"2025-09-09T11:36:40","date_gmt":"2025-09-09T09:36:40","guid":{"rendered":"http:\/\/pulskasvakodnevnica.com\/?p=47972"},"modified":"2025-09-09T11:36:41","modified_gmt":"2025-09-09T09:36:41","slug":"na-giardinima-obiljezena-82-godisnjica-stradanja-pulskih-antifasista","status":"publish","type":"post","link":"http:\/\/pulskasvakodnevnica.com\/index.php\/2025\/09\/09\/na-giardinima-obiljezena-82-godisnjica-stradanja-pulskih-antifasista\/","title":{"rendered":"Na Giardinima obilje\u017eena 82. godi\u0161njica stradanja pulskih antifa\u0161ista"},"content":{"rendered":"\n<p>Foto: Grad Pula<\/p>\n\n\n\n<p>U utorak, 9. rujna 2025. godine tradicionalno je polo\u017een vijenac u povodu 82. obljetnice pogibije pulskih antifa\u0161ista Cicognani Giuliana, Zachtila Giuseppea i Zuppini Carla kod Spomen obilje\u017eja na pulskim Giardinima<\/p>\n\n\n\n<p>U ime Grada Pule vijenac su polo\u017eili zamjenik gradona\u010delnika Sini\u0161a Gordi\u0107 i predsjednik Udruge antifa\u0161isti\u010dkih boraca i antifa\u0161ista Grada Pule Boris Siljan. Obilje\u017eavanju su prisustvovali pro\u010delnica Slu\u017ebe Gradona\u010delnika i Gradskog vije\u0107a Sanja Kantaruti, predstavnici policije, Udruge antifa\u0161isti\u010dkih boraca i antifa\u0161ista Grada Pule, udruga proiza\u0161lih iz Domovinskog rata.<\/p>\n\n\n\n<p>\u201eNa dana\u0161nji dan okupili smo se da damo po\u010dast poginulim antifa\u0161istima, Cicognani Giulianu, Zachtila Giuseppeu i Zuppini Carlu. Poginuli su samo zato \u0161to su \u017eeljeli \u017eivjeti u slobodi, miru i s po\u0161tovanjem radni\u010dkih prava. Taj krvavi dan ostao je urezan u sje\u0107anja, a takvog se i danas prisje\u0107amo pa odajemo du\u017enu po\u010dast palim antifa\u0161istima koji su svojim \u017eivotima platili cijenu slobode koju mi danas \u017eivimo. Bila su to izuzetno te\u0161ka vremena za stanovni\u0161tvo Pule, a i cijele Istre. S ovog mjesta, prisje\u0107aju\u0107i se na ovaj nemili doga\u0111aj, moramo odati po\u0161tovanje svim palim borcima za slobodu i radni\u010dka prava tijekom Drugog svjetskog rata\u201c, naglasio je Boris Siljan u ime Udruge antifa\u0161isti\u010dkih boraca i antifa\u0161ista Grada Pule te pozvao okupljene da minutom \u0161utnje odaju po\u010dast svim poginulim borcima uklju\u010duju\u0107i i poginule u Domovinskom ratu.<\/p>\n\n\n\n<p>Na ovaj se dan, ujedno dan kapitulacije Italije, odbor antifa\u0161isti\u010dkih rukovodioca Pule odlu\u010dio za protestni miting koji se 9. rujna trebao odr\u017eati u 14 sati. Tog su dana, okupljenu masu naroda s tr\u017enice u vi\u0161e navrata rastjerali vojnici bataljona &#8220;San Marco&#8221; karabinjeri, policajci i podoficiri \u0160kole talijanske mornarice. U otvorenoj vatri poginuli su Giuseppe Zachtila koji je 1938. godine od Specijalnog tribunala kao \u010dlan KPI osu\u0111en na 14 godina zatvora. Me\u0111u \u017ertvama uz desetke ranjenih bili su Carlo Zuppini i mornar Giuliano Cicognani.<\/p>\n\n\n\n<p>(PS)<\/p>\n","protected":false},"excerpt":{"rendered":"<p>Foto: Grad Pula U utorak, 9. rujna 2025. godine tradicionalno je polo\u017een vijenac u povodu 82. obljetnice pogibije pulskih antifa\u0161ista<\/p>\n","protected":false},"author":1,"featured_media":47973,"comment_status":"open","ping_status":"closed","sticky":false,"template":"","format":"standard","meta":{"_mi_skip_tracking":false,"footnotes":""},"categories":[100,1,99],"tags":[110,355],"yoast_head":"<!-- This site is optimized with the Yoast SEO plugin v20.4 - https:\/\/yoast.com\/wordpress\/plugins\/seo\/ -->\n<title>Na Giardinima obilje\u017eena 82. godi\u0161njica stradanja pulskih antifa\u0161ista - Pulska Svakodnevnica<\/title>\n<meta name=\"robots\" content=\"index, follow, max-snippet:-1, max-image-preview:large, max-video-preview:-1\" \/>\n<link rel=\"canonical\" href=\"http:\/\/pulskasvakodnevnica.com\/index.php\/2025\/09\/09\/na-giardinima-obiljezena-82-godisnjica-stradanja-pulskih-antifasista\/\" \/>\n<meta property=\"og:locale\" content=\"hr_HR\" \/>\n<meta property=\"og:type\" content=\"article\" \/>\n<meta property=\"og:title\" content=\"Na Giardinima obilje\u017eena 82. godi\u0161njica stradanja pulskih antifa\u0161ista - Pulska Svakodnevnica\" \/>\n<meta property=\"og:description\" content=\"Foto: Grad Pula U utorak, 9. rujna 2025. godine tradicionalno je polo\u017een vijenac u povodu 82. obljetnice pogibije pulskih antifa\u0161ista\" \/>\n<meta property=\"og:url\" content=\"http:\/\/pulskasvakodnevnica.com\/index.php\/2025\/09\/09\/na-giardinima-obiljezena-82-godisnjica-stradanja-pulskih-antifasista\/\" \/>\n<meta property=\"og:site_name\" content=\"Pulska Svakodnevnica\" \/>\n<meta property=\"article:publisher\" content=\"https:\/\/www.facebook.com\/PulskaSvakodnevnicaNews\" \/>\n<meta property=\"article:published_time\" content=\"2025-09-09T09:36:40+00:00\" \/>\n<meta property=\"article:modified_time\" content=\"2025-09-09T09:36:41+00:00\" \/>\n<meta property=\"og:image\" content=\"http:\/\/pulskasvakodnevnica.com\/wp-content\/uploads\/2025\/09\/polaganje-vijenaca_Giardini_9.9.2025.jpg\" \/>\n\t<meta property=\"og:image:width\" content=\"1600\" \/>\n\t<meta property=\"og:image:height\" content=\"1067\" \/>\n\t<meta property=\"og:image:type\" content=\"image\/jpeg\" \/>\n<meta name=\"author\" content=\"Pulska Svakodnevnica\" \/>\n<meta name=\"twitter:card\" content=\"summary_large_image\" \/>\n<meta name=\"twitter:label1\" content=\"Napisao\/la\" \/>\n\t<meta name=\"twitter:data1\" content=\"Pulska Svakodnevnica\" \/>\n\t<meta name=\"twitter:label2\" content=\"Procijenjeno vrijeme \u010ditanja\" \/>\n\t<meta name=\"twitter:data2\" content=\"2 minute\" \/>\n<script type=\"application\/ld+json\" class=\"yoast-schema-graph\">{\"@context\":\"https:\/\/schema.org\",\"@graph\":[{\"@type\":\"WebPage\",\"@id\":\"http:\/\/pulskasvakodnevnica.com\/index.php\/2025\/09\/09\/na-giardinima-obiljezena-82-godisnjica-stradanja-pulskih-antifasista\/\",\"url\":\"http:\/\/pulskasvakodnevnica.com\/index.php\/2025\/09\/09\/na-giardinima-obiljezena-82-godisnjica-stradanja-pulskih-antifasista\/\",\"name\":\"Na Giardinima obilje\u017eena 82. godi\u0161njica stradanja pulskih antifa\u0161ista - Pulska Svakodnevnica\",\"isPartOf\":{\"@id\":\"http:\/\/pulskasvakodnevnica.com\/#website\"},\"datePublished\":\"2025-09-09T09:36:40+00:00\",\"dateModified\":\"2025-09-09T09:36:41+00:00\",\"author\":{\"@id\":\"http:\/\/pulskasvakodnevnica.com\/#\/schema\/person\/95941daf7dfab0e8fd012b0d88608a3f\"},\"breadcrumb\":{\"@id\":\"http:\/\/pulskasvakodnevnica.com\/index.php\/2025\/09\/09\/na-giardinima-obiljezena-82-godisnjica-stradanja-pulskih-antifasista\/#breadcrumb\"},\"inLanguage\":\"hr\",\"potentialAction\":[{\"@type\":\"ReadAction\",\"target\":[\"http:\/\/pulskasvakodnevnica.com\/index.php\/2025\/09\/09\/na-giardinima-obiljezena-82-godisnjica-stradanja-pulskih-antifasista\/\"]}]},{\"@type\":\"BreadcrumbList\",\"@id\":\"http:\/\/pulskasvakodnevnica.com\/index.php\/2025\/09\/09\/na-giardinima-obiljezena-82-godisnjica-stradanja-pulskih-antifasista\/#breadcrumb\",\"itemListElement\":[{\"@type\":\"ListItem\",\"position\":1,\"name\":\"Po\u010detna stranica\",\"item\":\"http:\/\/pulskasvakodnevnica.com\/\"},{\"@type\":\"ListItem\",\"position\":2,\"name\":\"Na Giardinima obilje\u017eena 82. godi\u0161njica stradanja pulskih antifa\u0161ista\"}]},{\"@type\":\"WebSite\",\"@id\":\"http:\/\/pulskasvakodnevnica.com\/#website\",\"url\":\"http:\/\/pulskasvakodnevnica.com\/\",\"name\":\"Pulska Svakodnevnica\",\"description\":\"Vijesti iz Pule i Istre\",\"potentialAction\":[{\"@type\":\"SearchAction\",\"target\":{\"@type\":\"EntryPoint\",\"urlTemplate\":\"http:\/\/pulskasvakodnevnica.com\/?s={search_term_string}\"},\"query-input\":\"required name=search_term_string\"}],\"inLanguage\":\"hr\"},{\"@type\":\"Person\",\"@id\":\"http:\/\/pulskasvakodnevnica.com\/#\/schema\/person\/95941daf7dfab0e8fd012b0d88608a3f\",\"name\":\"Pulska Svakodnevnica\"}]}<\/script>\n<!-- \/ Yoast SEO plugin. -->","yoast_head_json":{"title":"Na Giardinima obilje\u017eena 82. godi\u0161njica stradanja pulskih antifa\u0161ista - Pulska Svakodnevnica","robots":{"index":"index","follow":"follow","max-snippet":"max-snippet:-1","max-image-preview":"max-image-preview:large","max-video-preview":"max-video-preview:-1"},"canonical":"http:\/\/pulskasvakodnevnica.com\/index.php\/2025\/09\/09\/na-giardinima-obiljezena-82-godisnjica-stradanja-pulskih-antifasista\/","og_locale":"hr_HR","og_type":"article","og_title":"Na Giardinima obilje\u017eena 82. godi\u0161njica stradanja pulskih antifa\u0161ista - Pulska Svakodnevnica","og_description":"Foto: Grad Pula U utorak, 9. rujna 2025. godine tradicionalno je polo\u017een vijenac u povodu 82. obljetnice pogibije pulskih antifa\u0161ista","og_url":"http:\/\/pulskasvakodnevnica.com\/index.php\/2025\/09\/09\/na-giardinima-obiljezena-82-godisnjica-stradanja-pulskih-antifasista\/","og_site_name":"Pulska Svakodnevnica","article_publisher":"https:\/\/www.facebook.com\/PulskaSvakodnevnicaNews","article_published_time":"2025-09-09T09:36:40+00:00","article_modified_time":"2025-09-09T09:36:41+00:00","og_image":[{"width":1600,"height":1067,"url":"http:\/\/pulskasvakodnevnica.com\/wp-content\/uploads\/2025\/09\/polaganje-vijenaca_Giardini_9.9.2025.jpg","type":"image\/jpeg"}],"author":"Pulska Svakodnevnica","twitter_card":"summary_large_image","twitter_misc":{"Napisao\/la":"Pulska Svakodnevnica","Procijenjeno vrijeme \u010ditanja":"2 minute"},"schema":{"@context":"https:\/\/schema.org","@graph":[{"@type":"WebPage","@id":"http:\/\/pulskasvakodnevnica.com\/index.php\/2025\/09\/09\/na-giardinima-obiljezena-82-godisnjica-stradanja-pulskih-antifasista\/","url":"http:\/\/pulskasvakodnevnica.com\/index.php\/2025\/09\/09\/na-giardinima-obiljezena-82-godisnjica-stradanja-pulskih-antifasista\/","name":"Na Giardinima obilje\u017eena 82. godi\u0161njica stradanja pulskih antifa\u0161ista - Pulska Svakodnevnica","isPartOf":{"@id":"http:\/\/pulskasvakodnevnica.com\/#website"},"datePublished":"2025-09-09T09:36:40+00:00","dateModified":"2025-09-09T09:36:41+00:00","author":{"@id":"http:\/\/pulskasvakodnevnica.com\/#\/schema\/person\/95941daf7dfab0e8fd012b0d88608a3f"},"breadcrumb":{"@id":"http:\/\/pulskasvakodnevnica.com\/index.php\/2025\/09\/09\/na-giardinima-obiljezena-82-godisnjica-stradanja-pulskih-antifasista\/#breadcrumb"},"inLanguage":"hr","potentialAction":[{"@type":"ReadAction","target":["http:\/\/pulskasvakodnevnica.com\/index.php\/2025\/09\/09\/na-giardinima-obiljezena-82-godisnjica-stradanja-pulskih-antifasista\/"]}]},{"@type":"BreadcrumbList","@id":"http:\/\/pulskasvakodnevnica.com\/index.php\/2025\/09\/09\/na-giardinima-obiljezena-82-godisnjica-stradanja-pulskih-antifasista\/#breadcrumb","itemListElement":[{"@type":"ListItem","position":1,"name":"Po\u010detna stranica","item":"http:\/\/pulskasvakodnevnica.com\/"},{"@type":"ListItem","position":2,"name":"Na Giardinima obilje\u017eena 82. godi\u0161njica stradanja pulskih antifa\u0161ista"}]},{"@type":"WebSite","@id":"http:\/\/pulskasvakodnevnica.com\/#website","url":"http:\/\/pulskasvakodnevnica.com\/","name":"Pulska Svakodnevnica","description":"Vijesti iz Pule i Istre","potentialAction":[{"@type":"SearchAction","target":{"@type":"EntryPoint","urlTemplate":"http:\/\/pulskasvakodnevnica.com\/?s={search_term_string}"},"query-input":"required name=search_term_string"}],"inLanguage":"hr"},{"@type":"Person","@id":"http:\/\/pulskasvakodnevnica.com\/#\/schema\/person\/95941daf7dfab0e8fd012b0d88608a3f","name":"Pulska Svakodnevnica"}]}},"_links":{"self":[{"href":"http:\/\/pulskasvakodnevnica.com\/index.php\/wp-json\/wp\/v2\/posts\/47972"}],"collection":[{"href":"http:\/\/pulskasvakodnevnica.com\/index.php\/wp-json\/wp\/v2\/posts"}],"about":[{"href":"http:\/\/pulskasvakodnevnica.com\/index.php\/wp-json\/wp\/v2\/types\/post"}],"author":[{"embeddable":true,"href":"http:\/\/pulskasvakodnevnica.com\/index.php\/wp-json\/wp\/v2\/users\/1"}],"replies":[{"embeddable":true,"href":"http:\/\/pulskasvakodnevnica.com\/index.php\/wp-json\/wp\/v2\/comments?post=47972"}],"version-history":[{"count":1,"href":"http:\/\/pulskasvakodnevnica.com\/index.php\/wp-json\/wp\/v2\/posts\/47972\/revisions"}],"predecessor-version":[{"id":47974,"href":"http:\/\/pulskasvakodnevnica.com\/index.php\/wp-json\/wp\/v2\/posts\/47972\/revisions\/47974"}],"wp:featuredmedia":[{"embeddable":true,"href":"http:\/\/pulskasvakodnevnica.com\/index.php\/wp-json\/wp\/v2\/media\/47973"}],"wp:attachment":[{"href":"http:\/\/pulskasvakodnevnica.com\/index.php\/wp-json\/wp\/v2\/media?parent=47972"}],"wp:term":[{"taxonomy":"category","embeddable":true,"href":"http:\/\/pulskasvakodnevnica.com\/index.php\/wp-json\/wp\/v2\/categories?post=47972"},{"taxonomy":"post_tag","embeddable":true,"href":"http:\/\/pulskasvakodnevnica.com\/index.php\/wp-json\/wp\/v2\/tags?post=47972"}],"curies":[{"name":"wp","href":"https:\/\/api.w.org\/{rel}","templated":true}]}}