{"id":47990,"date":"2025-09-09T13:02:52","date_gmt":"2025-09-09T11:02:52","guid":{"rendered":"http:\/\/pulskasvakodnevnica.com\/?p=47990"},"modified":"2025-09-09T13:02:53","modified_gmt":"2025-09-09T11:02:53","slug":"najava-prometne-akcije-u-cilju-zastite-pjesaka-u-puli-2","status":"publish","type":"post","link":"http:\/\/pulskasvakodnevnica.com\/index.php\/2025\/09\/09\/najava-prometne-akcije-u-cilju-zastite-pjesaka-u-puli-2\/","title":{"rendered":"Najava prometne akcije u cilju za\u0161tite pje\u0161aka u Puli"},"content":{"rendered":"\n<h3 class=\"wp-block-heading\">Prometna akcija \u0107e se odr\u017eati od 8 do 12 sati na podru\u010dju cijele Istre u cilju za\u0161tite pje\u0161aka<\/h3>\n\n\n\n<p>Foto: Ilustracija<br \/><br \/>U cilju pove\u0107anja stanja sigurnosti, posebice za\u0161tite pje\u0161aka kao jedne od kategorija najranjivijih sudionika u cestovnom prometu, sutra \u0107e policijski slu\u017ebenici na podru\u010dju cijele Istre od 8 do 12 sati provesti prometnu akciju kontrole po\u0161tivanja obveza voza\u010da prema pje\u0161acima i po\u0161tivanja prometnih propisa od strane pje\u0161aka te kontrola upravljanja s elektri\u010dnim romobilima.<br \/><br \/>Stoga voza\u010de pozivamo da se obilje\u017eenim pje\u0161a\u010dkim prijelazima pribli\u017eavaju sigurnosnom brzinom, kako bi u slu\u010daju potrebe mogli na vrijeme zaustaviti vozilo i propustiti pje\u0161ake koji su stupili ili stupaju na pje\u0161a\u010dki prijelaz. Pje\u0161ake pak pozivamo da kolnik prelaze preko obilje\u017eenih pje\u0161a\u010dkih prijelaza i to nakon \u0161to su se uvjerili da to mogu u\u010diniti bez opasnosti, a no\u0107u i u uvjetima smanjene vidljivosti budu ozna\u010deni nekim izvorom svjetlosti ili reflektiraju\u0107om materijom.<br \/><br \/>Policija i ovom prilikom ponovno nagla\u0161ava obvezu i odgovornost roditelja i drugih osoba&nbsp; koje skrbe o mladima da prije nego \u0161to im kupe elektri\u010dni romobil poduzmu odre\u0111ene sigurnosne predradnje. Elektri\u010dne romobile ne bi trebalo kupovati osobama mla\u0111ima od 14 godina jer ih oni ni ne smiju voziti. Starijoj djeci treba odabrati elektri\u010dni romobil koji ne razvija brzinu ve\u0107u od 25 km\/h jer br\u017ei romobili ni ne smiju sudjelovati u prometu. Potrebno im je kupiti kacigu jer svaki voza\u010d romobila na glavi mora nositi kacigu, a ako je potrebno i drugu za\u0161titnu opremu.<br \/><br \/>Voza\u010di elektri\u010dnih romobila du\u017eni su se kretati biciklisti\u010dkom stazom ili trakom, a ako one ne postoje, tada su se du\u017eni kretati po povr\u0161inama namijenjenima za kretanje pje\u0161aka te zonama smirenog prometa, pod uvjetom da vode ra\u010duna o sigurnosti drugih sudionika u prometu. Elektri\u010dni romobili ne smiju se kretati kolnikom.&nbsp;&nbsp;&nbsp;&nbsp;<br \/><br \/>Podsje\u0107amo roditelje i druge osobe koje skrbe o djeci:<\/p>\n\n\n\n<ul>\n<li>nemojte davati elektri\u010dne romobile djeci mla\u0111oj od 14 godina<\/li>\n\n\n\n<li>djeca mla\u0111a od 14 godina, u slu\u010daju po\u010dinjena prekr\u0161aja, nisu prekr\u0161ajno odgovorna pa \u0107e u slu\u010daju da po\u010dine prekr\u0161aj, zbog toga odgovarati njihovi roditelji ili skrbnici<\/li>\n\n\n\n<li>predmeti i sredstva koji su bili namijenjeni ili uporabljeni za po\u010dinjenje prekr\u0161aja ili su nastali njegovim po\u010dinjenjem oduzet \u0107e se ako postoji opasnost da \u0107e se ponovno uporabiti za po\u010dinjenje prekr\u0161aja.\u00a0<\/li>\n<\/ul>\n\n\n\n<p>(PS)<\/p>\n","protected":false},"excerpt":{"rendered":"<p>Prometna akcija \u0107e se odr\u017eati od 8 do 12 sati na podru\u010dju cijele Istre u cilju za\u0161tite pje\u0161aka Foto: Ilustracija<\/p>\n","protected":false},"author":1,"featured_media":24299,"comment_status":"open","ping_status":"closed","sticky":false,"template":"","format":"standard","meta":{"_mi_skip_tracking":false,"footnotes":""},"categories":[1,99],"tags":[214,110,355],"yoast_head":"<!-- This site is optimized with the Yoast SEO plugin v20.4 - https:\/\/yoast.com\/wordpress\/plugins\/seo\/ -->\n<title>Najava prometne akcije u cilju za\u0161tite pje\u0161aka u Puli - Pulska Svakodnevnica<\/title>\n<meta name=\"robots\" content=\"index, follow, max-snippet:-1, max-image-preview:large, max-video-preview:-1\" \/>\n<link rel=\"canonical\" href=\"http:\/\/pulskasvakodnevnica.com\/index.php\/2025\/09\/09\/najava-prometne-akcije-u-cilju-zastite-pjesaka-u-puli-2\/\" \/>\n<meta property=\"og:locale\" content=\"hr_HR\" \/>\n<meta property=\"og:type\" content=\"article\" \/>\n<meta property=\"og:title\" content=\"Najava prometne akcije u cilju za\u0161tite pje\u0161aka u Puli - Pulska Svakodnevnica\" \/>\n<meta property=\"og:description\" content=\"Prometna akcija \u0107e se odr\u017eati od 8 do 12 sati na podru\u010dju cijele Istre u cilju za\u0161tite pje\u0161aka Foto: Ilustracija\" \/>\n<meta property=\"og:url\" content=\"http:\/\/pulskasvakodnevnica.com\/index.php\/2025\/09\/09\/najava-prometne-akcije-u-cilju-zastite-pjesaka-u-puli-2\/\" \/>\n<meta property=\"og:site_name\" content=\"Pulska Svakodnevnica\" \/>\n<meta property=\"article:publisher\" content=\"https:\/\/www.facebook.com\/PulskaSvakodnevnicaNews\" \/>\n<meta property=\"article:published_time\" content=\"2025-09-09T11:02:52+00:00\" \/>\n<meta property=\"article:modified_time\" content=\"2025-09-09T11:02:53+00:00\" \/>\n<meta property=\"og:image\" content=\"http:\/\/pulskasvakodnevnica.com\/wp-content\/uploads\/2020\/07\/1policija-natpis6.jpg\" \/>\n\t<meta property=\"og:image:width\" content=\"750\" \/>\n\t<meta property=\"og:image:height\" content=\"419\" \/>\n\t<meta property=\"og:image:type\" content=\"image\/jpeg\" \/>\n<meta name=\"author\" content=\"Pulska Svakodnevnica\" \/>\n<meta name=\"twitter:card\" content=\"summary_large_image\" \/>\n<meta name=\"twitter:label1\" content=\"Napisao\/la\" \/>\n\t<meta name=\"twitter:data1\" content=\"Pulska Svakodnevnica\" \/>\n\t<meta name=\"twitter:label2\" content=\"Procijenjeno vrijeme \u010ditanja\" \/>\n\t<meta name=\"twitter:data2\" content=\"2 minute\" \/>\n<script type=\"application\/ld+json\" class=\"yoast-schema-graph\">{\"@context\":\"https:\/\/schema.org\",\"@graph\":[{\"@type\":\"WebPage\",\"@id\":\"http:\/\/pulskasvakodnevnica.com\/index.php\/2025\/09\/09\/najava-prometne-akcije-u-cilju-zastite-pjesaka-u-puli-2\/\",\"url\":\"http:\/\/pulskasvakodnevnica.com\/index.php\/2025\/09\/09\/najava-prometne-akcije-u-cilju-zastite-pjesaka-u-puli-2\/\",\"name\":\"Najava prometne akcije u cilju za\u0161tite pje\u0161aka u Puli - Pulska Svakodnevnica\",\"isPartOf\":{\"@id\":\"http:\/\/pulskasvakodnevnica.com\/#website\"},\"datePublished\":\"2025-09-09T11:02:52+00:00\",\"dateModified\":\"2025-09-09T11:02:53+00:00\",\"author\":{\"@id\":\"http:\/\/pulskasvakodnevnica.com\/#\/schema\/person\/95941daf7dfab0e8fd012b0d88608a3f\"},\"breadcrumb\":{\"@id\":\"http:\/\/pulskasvakodnevnica.com\/index.php\/2025\/09\/09\/najava-prometne-akcije-u-cilju-zastite-pjesaka-u-puli-2\/#breadcrumb\"},\"inLanguage\":\"hr\",\"potentialAction\":[{\"@type\":\"ReadAction\",\"target\":[\"http:\/\/pulskasvakodnevnica.com\/index.php\/2025\/09\/09\/najava-prometne-akcije-u-cilju-zastite-pjesaka-u-puli-2\/\"]}]},{\"@type\":\"BreadcrumbList\",\"@id\":\"http:\/\/pulskasvakodnevnica.com\/index.php\/2025\/09\/09\/najava-prometne-akcije-u-cilju-zastite-pjesaka-u-puli-2\/#breadcrumb\",\"itemListElement\":[{\"@type\":\"ListItem\",\"position\":1,\"name\":\"Po\u010detna stranica\",\"item\":\"http:\/\/pulskasvakodnevnica.com\/\"},{\"@type\":\"ListItem\",\"position\":2,\"name\":\"Najava prometne akcije u cilju za\u0161tite pje\u0161aka u Puli\"}]},{\"@type\":\"WebSite\",\"@id\":\"http:\/\/pulskasvakodnevnica.com\/#website\",\"url\":\"http:\/\/pulskasvakodnevnica.com\/\",\"name\":\"Pulska Svakodnevnica\",\"description\":\"Vijesti iz Pule i Istre\",\"potentialAction\":[{\"@type\":\"SearchAction\",\"target\":{\"@type\":\"EntryPoint\",\"urlTemplate\":\"http:\/\/pulskasvakodnevnica.com\/?s={search_term_string}\"},\"query-input\":\"required name=search_term_string\"}],\"inLanguage\":\"hr\"},{\"@type\":\"Person\",\"@id\":\"http:\/\/pulskasvakodnevnica.com\/#\/schema\/person\/95941daf7dfab0e8fd012b0d88608a3f\",\"name\":\"Pulska Svakodnevnica\"}]}<\/script>\n<!-- \/ Yoast SEO plugin. -->","yoast_head_json":{"title":"Najava prometne akcije u cilju za\u0161tite pje\u0161aka u Puli - Pulska Svakodnevnica","robots":{"index":"index","follow":"follow","max-snippet":"max-snippet:-1","max-image-preview":"max-image-preview:large","max-video-preview":"max-video-preview:-1"},"canonical":"http:\/\/pulskasvakodnevnica.com\/index.php\/2025\/09\/09\/najava-prometne-akcije-u-cilju-zastite-pjesaka-u-puli-2\/","og_locale":"hr_HR","og_type":"article","og_title":"Najava prometne akcije u cilju za\u0161tite pje\u0161aka u Puli - Pulska Svakodnevnica","og_description":"Prometna akcija \u0107e se odr\u017eati od 8 do 12 sati na podru\u010dju cijele Istre u cilju za\u0161tite pje\u0161aka Foto: Ilustracija","og_url":"http:\/\/pulskasvakodnevnica.com\/index.php\/2025\/09\/09\/najava-prometne-akcije-u-cilju-zastite-pjesaka-u-puli-2\/","og_site_name":"Pulska Svakodnevnica","article_publisher":"https:\/\/www.facebook.com\/PulskaSvakodnevnicaNews","article_published_time":"2025-09-09T11:02:52+00:00","article_modified_time":"2025-09-09T11:02:53+00:00","og_image":[{"width":750,"height":419,"url":"http:\/\/pulskasvakodnevnica.com\/wp-content\/uploads\/2020\/07\/1policija-natpis6.jpg","type":"image\/jpeg"}],"author":"Pulska Svakodnevnica","twitter_card":"summary_large_image","twitter_misc":{"Napisao\/la":"Pulska Svakodnevnica","Procijenjeno vrijeme \u010ditanja":"2 minute"},"schema":{"@context":"https:\/\/schema.org","@graph":[{"@type":"WebPage","@id":"http:\/\/pulskasvakodnevnica.com\/index.php\/2025\/09\/09\/najava-prometne-akcije-u-cilju-zastite-pjesaka-u-puli-2\/","url":"http:\/\/pulskasvakodnevnica.com\/index.php\/2025\/09\/09\/najava-prometne-akcije-u-cilju-zastite-pjesaka-u-puli-2\/","name":"Najava prometne akcije u cilju za\u0161tite pje\u0161aka u Puli - Pulska Svakodnevnica","isPartOf":{"@id":"http:\/\/pulskasvakodnevnica.com\/#website"},"datePublished":"2025-09-09T11:02:52+00:00","dateModified":"2025-09-09T11:02:53+00:00","author":{"@id":"http:\/\/pulskasvakodnevnica.com\/#\/schema\/person\/95941daf7dfab0e8fd012b0d88608a3f"},"breadcrumb":{"@id":"http:\/\/pulskasvakodnevnica.com\/index.php\/2025\/09\/09\/najava-prometne-akcije-u-cilju-zastite-pjesaka-u-puli-2\/#breadcrumb"},"inLanguage":"hr","potentialAction":[{"@type":"ReadAction","target":["http:\/\/pulskasvakodnevnica.com\/index.php\/2025\/09\/09\/najava-prometne-akcije-u-cilju-zastite-pjesaka-u-puli-2\/"]}]},{"@type":"BreadcrumbList","@id":"http:\/\/pulskasvakodnevnica.com\/index.php\/2025\/09\/09\/najava-prometne-akcije-u-cilju-zastite-pjesaka-u-puli-2\/#breadcrumb","itemListElement":[{"@type":"ListItem","position":1,"name":"Po\u010detna stranica","item":"http:\/\/pulskasvakodnevnica.com\/"},{"@type":"ListItem","position":2,"name":"Najava prometne akcije u cilju za\u0161tite pje\u0161aka u Puli"}]},{"@type":"WebSite","@id":"http:\/\/pulskasvakodnevnica.com\/#website","url":"http:\/\/pulskasvakodnevnica.com\/","name":"Pulska Svakodnevnica","description":"Vijesti iz Pule i Istre","potentialAction":[{"@type":"SearchAction","target":{"@type":"EntryPoint","urlTemplate":"http:\/\/pulskasvakodnevnica.com\/?s={search_term_string}"},"query-input":"required name=search_term_string"}],"inLanguage":"hr"},{"@type":"Person","@id":"http:\/\/pulskasvakodnevnica.com\/#\/schema\/person\/95941daf7dfab0e8fd012b0d88608a3f","name":"Pulska Svakodnevnica"}]}},"_links":{"self":[{"href":"http:\/\/pulskasvakodnevnica.com\/index.php\/wp-json\/wp\/v2\/posts\/47990"}],"collection":[{"href":"http:\/\/pulskasvakodnevnica.com\/index.php\/wp-json\/wp\/v2\/posts"}],"about":[{"href":"http:\/\/pulskasvakodnevnica.com\/index.php\/wp-json\/wp\/v2\/types\/post"}],"author":[{"embeddable":true,"href":"http:\/\/pulskasvakodnevnica.com\/index.php\/wp-json\/wp\/v2\/users\/1"}],"replies":[{"embeddable":true,"href":"http:\/\/pulskasvakodnevnica.com\/index.php\/wp-json\/wp\/v2\/comments?post=47990"}],"version-history":[{"count":1,"href":"http:\/\/pulskasvakodnevnica.com\/index.php\/wp-json\/wp\/v2\/posts\/47990\/revisions"}],"predecessor-version":[{"id":47991,"href":"http:\/\/pulskasvakodnevnica.com\/index.php\/wp-json\/wp\/v2\/posts\/47990\/revisions\/47991"}],"wp:featuredmedia":[{"embeddable":true,"href":"http:\/\/pulskasvakodnevnica.com\/index.php\/wp-json\/wp\/v2\/media\/24299"}],"wp:attachment":[{"href":"http:\/\/pulskasvakodnevnica.com\/index.php\/wp-json\/wp\/v2\/media?parent=47990"}],"wp:term":[{"taxonomy":"category","embeddable":true,"href":"http:\/\/pulskasvakodnevnica.com\/index.php\/wp-json\/wp\/v2\/categories?post=47990"},{"taxonomy":"post_tag","embeddable":true,"href":"http:\/\/pulskasvakodnevnica.com\/index.php\/wp-json\/wp\/v2\/tags?post=47990"}],"curies":[{"name":"wp","href":"https:\/\/api.w.org\/{rel}","templated":true}]}}