{"id":47996,"date":"2025-09-09T18:43:47","date_gmt":"2025-09-09T16:43:47","guid":{"rendered":"http:\/\/pulskasvakodnevnica.com\/?p=47996"},"modified":"2025-09-09T18:43:48","modified_gmt":"2025-09-09T16:43:48","slug":"finalisti-gitarijade-pula-2025","status":"publish","type":"post","link":"http:\/\/pulskasvakodnevnica.com\/index.php\/2025\/09\/09\/finalisti-gitarijade-pula-2025\/","title":{"rendered":"FINALISTI GITARIJADE PULA 2025."},"content":{"rendered":"\n<p class=\"has-text-align-center\"><strong>Ovoga petka, 12.09.2025. sa po\u010detkom u 20:00h. na Trgu Portarata<\/strong><\/p>\n\n\n\n<p>U organizaciji <strong>Hrvatske glazbene unije \u2013 Podru\u017enice Pula<\/strong>, uz financijsku potporu <strong>Grada Pule<\/strong>, ove se godine odr\u017eava <strong>\u010detrnaesto izdanje Gitarijade Pula<\/strong>, jednog od najdugovje\u010dnijih festivala nezavisne glazbene scene u Istri i \u0161ire.<\/p>\n\n\n\n<p>Iako festival vu\u010de korijene jo\u0161 iz <strong>1981. godine<\/strong>, kada su u Puli prvi put odr\u017eane gitarijade, dana\u0161nji oblik ponovno je pokrenut 2011. godine na Tru Portarata. <strong><\/strong><\/p>\n\n\n\n<p>Od samog po\u010detka <strong>Gitarijada Pula<\/strong> usmjerena je na jedno \u2013 pru\u017eiti prostor mladim bendovima da poka\u017eu svoju kreativnost i pribli\u017ee publici vlastiti autorski rad. To je mjesto susreta, upoznavanja i novih prilika, gdje demo bendovi dobivaju \u0161ansu povezati se s publikom, medijima i festivalima \u0161irom Hrvatske i regije.<\/p>\n\n\n\n<p>Gitarijada vi\u0161e ne nosi strogi natjecateljski okvir. Umjesto toga, svi bendovi finalne ve\u010deri mogu osvojiti neku od nagrada prema odabiru stru\u010dnog \u017eirija. Takav pristup \u0161alje sna\u017enu poruku \u2013 da svaka autorska ideja vrijedi i da svaki bend doprinosi mozaiku nezavisne scene.<\/p>\n\n\n\n<p>Ovogodi\u0161nji \u017eiri \u010dine priznati istarski glazbenici, \u010dija se imena otkrivaju tek na zavr\u0161nici, dodaju\u0107i cijelom doga\u0111aju dozu i\u0161\u010dekivanja i iznena\u0111enja.<\/p>\n\n\n\n<p><strong>Nagrade Gitarijade Pula 2025.<\/strong><\/p>\n\n\n\n<p>Ovogodi\u0161nja Gitarijada Pula svim bendovima donosi vrijedne nagrade koje \u0107e im pomo\u0107i u daljnjem razvoju i afirmaciji na nezavisnoj glazbenoj sceni.<\/p>\n\n\n\n<p>Stru\u010dni \u017eiri \u0107e dodijeliti:<\/p>\n\n\n\n<ul>\n<li>dvije nov\u010dane nagrade, jednu od 500 eura, drugu od 300 eura<\/li>\n\n\n\n<li>dva profesionalna studijska snimanja \u2013 koje dodjeljuje &#8220;\u010carobna frula &#8220;\u2013 studijo glazbene kreativnosti pod vodstvom Tatijane Giorgi, i &#8220;Analogic studijo&#8221; iz Pule, koji vodi Alen Spada,<\/li>\n\n\n\n<li>profesionalno miksanje i masteriranje live snimke nastupa sa Gitarijade Pula 2025.,<\/li>\n\n\n\n<li>te svim bandovima izraditi \u0107emo profesionalne fotografije sa nastupa &#8220;Gitarijade Pula 2025.&#8221;, u izradi fotografa Tedija Korodija.<\/li>\n<\/ul>\n\n\n\n<p>Izjava Nata\u0161a Petri\u0107 Tasha (autor programa, izvr\u0161ni producent, idejni realizator): \u201cGitarijada je vi\u0161e od glazbenog programa. Ona je zajednica, platforma i pokret koji podsje\u0107a da je pravi smisao u rastu, suradnji i potrazi za vlastitim identitetom. Dok nagrade dolaze i prolaze, najvrjednije \u0161to festival pru\u017ea jest poticaj bendovima da grade svoj put i svoj zvuk. Ove godine Pula ponovno postaje sredi\u0161te mladih glazbenih snaga i publike koja tra\u017ei iskrenost, energiju i alternativu. Na ovaj na\u010din festival ne nudi samo pozornicu za nastup, ve\u0107 i konkretne alate i prilike koje mladim glazbenicima olak\u0161avaju njihov put prema ozbiljnijem glazbenom djelovanju.\u201d<\/p>\n\n\n\n<p><strong>Bandovi koji nastupaju na finalnoj ve\u010deri&nbsp; \u201cGitarijada Pula 2025.\u201d \u2013 navodimo abecednim redom:<\/strong><\/p>\n\n\n\n<p><strong>ACID SALVIA<\/strong><\/p>\n\n\n\n<p><strong>Acid Salvia<\/strong> je alternativni rock band osnovan u Rovinju 2023. godine. Nakon po\u010detaka kao cover band, 2024. godine bend se posve\u0107uje pisanju autorskih pjesama, oblikuju\u0107i jedinstven zvuk prepoznatljiv isklju\u010divo njima. U vrlo kratkom vremenu privukli su pa\u017enju publike i profesionalaca iz glazbene industrije, istaknuv\u0161i se na pro\u0161logodi\u0161njoj <strong>Pulskoj Gitarijadi<\/strong>, osvojiv\u0161i prvo mjesto na <strong>Pordenone Rock Contestu<\/strong> i drugo mjesto na <strong>Vincenza Rock Contestu<\/strong><\/p>\n\n\n\n<p><strong>\u010cLANOVI BANDA: <\/strong><a>&nbsp;<\/a><\/p>\n\n\n\n<ol>\n<li>Dino Kal\u010di\u0107 \u2013 gitara<\/li>\n\n\n\n<li>Ivana Bena\u017ei\u0107 &#8211; \u00a0gitara<\/li>\n\n\n\n<li>Lanu Jeremi\u0107 &#8211; \u00a0vokal\u00a0<\/li>\n\n\n\n<li>Tea Pokrajac &#8211; \u00a0bubnjevi i\u00a0<\/li>\n\n\n\n<li>Alessija Salvi &#8211; \u00a0bas gitara<\/li>\n<\/ol>\n\n\n\n<p><strong>FISH&nbsp; &#8211; <\/strong><strong>FLAME IS STILL HERE &nbsp;&#8211; PULA<\/strong><strong><\/strong><\/p>\n\n\n\n<p>U grupi Flame is Still Here (F.I.S.H.) sviraju energi\u010dni pulski rockeri. Bend se okupio u listopadu 2024. pod vodstvom frontmena Mirana Ribari\u0107a. Svoj pulski debi imali su na promociji spota pjesme &#8220;All of Us&#8221; u Rock Cafeu u travnju ove godine. Flame is Still Here izvode svoje najnovije autorske pjesme.<\/p>\n\n\n\n<p><strong>\u010cLANOVI BANDA:<\/strong><\/p>\n\n\n\n<ol>\n<li>Miran Ribari\u0107 &#8211; vokal<\/li>\n\n\n\n<li>Karlo Mirkovi\u0107 \u2013 gitara<\/li>\n\n\n\n<li>Almir Karaman &#8211; bas,<\/li>\n\n\n\n<li>Masimo Lazari\u0107 \u2013 bubanj\u00a0<\/li>\n\n\n\n<li>Tin Ribari\u0107 \u2013 gitara\/vokal<\/li>\n<\/ol>\n\n\n\n<p><strong>KAPETAN TKO I OG LOOP MACHINE<\/strong><\/p>\n\n\n\n<p>Kapetan Tko je pseudonim kantautora <strong>Josipa Marovi\u0107a<\/strong>, koji u svibnju 2025. izdaje svoj prvi singl <em>&#8220;Moja Balerino&#8221;<\/em>. Pod imenom <strong>OG Loop Machine<\/strong> okupljaju se <strong>Vito Danevski<\/strong> (perkusije) i <strong>Mateo Klari\u0107<\/strong> (harmonika), i zajedno s frontmenom Josipom Marovi\u0107em (gitara i vokal) izvode njegove pjesme u novim aran\u017emanima. Tematike pjesama variraju od ljubavnih i duhovnih do antipoliti\u010dkih.<\/p>\n\n\n\n<p><strong>\u010cLANOVI BANDA:<\/strong><\/p>\n\n\n\n<ol>\n<li>Vito Danevski &#8211; perkusije<\/li>\n\n\n\n<li>Mateo Klari\u0107 &#8211; harmonika<\/li>\n\n\n\n<li>Josipom Marovi\u0107em \u00a0&#8211; gitara &#8211; vokal<\/li>\n<\/ol>\n\n\n\n<p><strong>OUT OF CIVILIZATION \u2013 PULA<\/strong><\/p>\n\n\n\n<p><a><strong>Out Of Civilization<\/strong><\/a> je mladi \u017eenski bend iz Pule, osnovan u listopadu 2024. godine. Sviraju autorske pjesme u \u017eanru alternative rocka s elementima grungea, pri \u010demu svaka pjesma predstavlja druga\u010diji izraz njihovog prepoznatljivog stila. Glavni cilj benda je pribli\u017eiti svoju glazbu mladima i povezati se s njima kroz tekstove koji tematiziraju svakodnevne izazove i probleme dana\u0161nje generacije.<\/p>\n\n\n\n<p><strong>\u010cLANOVI BANDA:<\/strong><\/p>\n\n\n\n<ol>\n<li>Tara Matijevi\u0107 &#8211; vokal<\/li>\n\n\n\n<li>Helena Bajtl &#8211; gitara<\/li>\n\n\n\n<li>Alegra Lozi\u0107 &#8211; bass gitara<\/li>\n\n\n\n<li>Lana Laginja &#8211; bubnjevi<\/li>\n<\/ol>\n\n\n\n<p><strong>RACIBOR \u2013 PAZIN<\/strong><\/p>\n\n\n\n<p>RACIBOR dolaze iz Pazina, mladi su band, i sviraju melodi\u010dni punk. <a>Postavu \u010dine David Kalac &#8211; bubanj, Antonio Juri\u010di\u0107 &#8211; gitara, vokal, Mauro Kalac &#8211; bass gitara.<\/a> Sviraju od jeseni 2020-e godine, te pomalo grade iskustvo na svirkama i koncertima. Prvi album &#8220;Manjina&#8221; izdali su u nezavisnom izdanju u rujnu 2023. godine.<strong><\/strong><\/p>\n\n\n\n<p><strong>\u010cLANOVI BANDA:<\/strong><\/p>\n\n\n\n<ol>\n<li>David Kalac &#8211; bubanj,<\/li>\n\n\n\n<li>Antonio Juri\u010di\u0107 &#8211; gitara, vokal,<\/li>\n\n\n\n<li>Mauro Kalac &#8211; bass gitara.<\/li>\n\n\n\n<li>\u00a0<\/li>\n<\/ol>\n\n\n\n<p><strong>GOSTI \u201cGITARIJADE PULA 2025.\u201d<\/strong><\/p>\n\n\n\n<p><strong>MONARH<\/strong><\/p>\n\n\n\n<p>LINKOVI:<\/p>\n\n\n\n<p><a href=\"https:\/\/youtu.be\/SAeYi89fGiY?si=YHcRD4DYONPgkfWx\">https:\/\/youtu.be\/SAeYi89fGiY?si=YHcRD4DYONPgkfWx<\/a>&nbsp;spot i singl Ivana<\/p>\n\n\n\n<p><a href=\"https:\/\/youtu.be\/JCjfYO5qaMU?si=i_h0Te-Ht3Rszzgt\" target=\"_blank\" rel=\"noreferrer noopener\">https:\/\/youtu.be\/JCjfYO5qaMU?si=i_h0Te-Ht3Rszzgt<\/a>&nbsp;albbum nazvan po pjesmi Vlak Bez Voznog Reda<\/p>\n\n\n\n<p><a href=\"https:\/\/youtu.be\/WC8gpKjg6TQ?si=YeaX1gUHIWEt4wyI\" target=\"_blank\" rel=\"noreferrer noopener\">https:\/\/youtu.be\/WC8gpKjg6TQ?si=YeaX1gUHIWEt4wyI<\/a>&nbsp;Zvona Zvone<\/p>\n\n\n\n<p><a href=\"https:\/\/youtu.be\/b6508vkFP7w?si=fi65LFJh91qSWdou\" target=\"_blank\" rel=\"noreferrer noopener\">https:\/\/youtu.be\/b6508vkFP7w?si=fi65LFJh91qSWdou<\/a>&nbsp;Josip Ambroz<\/p>\n\n\n\n<p>Poo\u010detkom svibnja 1985. godine nastaje pulski band \u201cMonah\u201d, rock skupina tada mladih pulskih rock muzi\u010dara koji su svirali u bendovima \u201c\u017dablja perspektiva\u201d i \u201cNegativ\u201d.<\/p>\n\n\n\n<p>Band svira po svim klubovima u Puli i okolici i \u0161ire.&nbsp;Snima svoj prvi demo materijal 1987. godine u studiju kod Andreja Ba\u0161e, renomiranog hrvatskog glazbenika. Taj demo uradak koji se sastojao od 3 pjesme (autorske): \u201cIvana\u201d, \u201cKada me proguta no\u0107\u201d i \u201cSeljanka\u201d pobu\u0111uje pa\u017enju u \u0161iroj javnosti i band dobiva poziv da nastupi na najve\u0107em rock festivalu u biv\u0161oj dr\u017eavi \u201cGitarijada Zaje\u010dar\u201d (1987.). Nakon tih nastupa Monarh se dogovoreno razlazi budu\u0107i da gitarista Ranko Svorcan odlazi u band \u201cAtomsko skloni\u0161te\u201d, a to \u010dini i drugi gitarista Dean Jankovi\u0107 (Pilar) pa prestaju s radom. Povremeno su se okupljali od 2005. do 2013. godine da bi 2021. godine promijenio postavu i otada nastupa pod novim imenom \u201cMonarh\u201d.<\/p>\n\n\n\n<p><strong>Novu postavu \u010dine :<\/strong><\/p>\n\n\n\n<ol>\n<li>Ranko Svorcan \u2013 gitara<\/li>\n\n\n\n<li>Du\u0161ko Vujat Ambroz \u2013 vokal<\/li>\n\n\n\n<li>Luka\u00a0Markovi\u0107 \u2013 gitara<\/li>\n\n\n\n<li>Dino Zanetti \u2013 klavijature<\/li>\n\n\n\n<li>Vedran Bu\u017eleta \u2013 bubnjevi<\/li>\n\n\n\n<li>Zoran Grbin fra Garbo &#8211; bas gitara<\/li>\n<\/ol>\n\n\n\n<p>(PS)<\/p>\n","protected":false},"excerpt":{"rendered":"<p>Ovoga petka, 12.09.2025. sa po\u010detkom u 20:00h. na Trgu Portarata U organizaciji Hrvatske glazbene unije \u2013 Podru\u017enice Pula, uz financijsku<\/p>\n","protected":false},"author":1,"featured_media":47998,"comment_status":"open","ping_status":"closed","sticky":false,"template":"","format":"standard","meta":{"_mi_skip_tracking":false,"footnotes":""},"categories":[1,99,87],"tags":[110,355],"yoast_head":"<!-- This site is optimized with the Yoast SEO plugin v20.4 - https:\/\/yoast.com\/wordpress\/plugins\/seo\/ -->\n<title>FINALISTI GITARIJADE PULA 2025. - Pulska Svakodnevnica<\/title>\n<meta name=\"robots\" content=\"index, follow, max-snippet:-1, max-image-preview:large, max-video-preview:-1\" \/>\n<link rel=\"canonical\" href=\"http:\/\/pulskasvakodnevnica.com\/index.php\/2025\/09\/09\/finalisti-gitarijade-pula-2025\/\" \/>\n<meta property=\"og:locale\" content=\"hr_HR\" \/>\n<meta property=\"og:type\" content=\"article\" \/>\n<meta property=\"og:title\" content=\"FINALISTI GITARIJADE PULA 2025. - Pulska Svakodnevnica\" \/>\n<meta property=\"og:description\" content=\"Ovoga petka, 12.09.2025. sa po\u010detkom u 20:00h. na Trgu Portarata U organizaciji Hrvatske glazbene unije \u2013 Podru\u017enice Pula, uz financijsku\" \/>\n<meta property=\"og:url\" content=\"http:\/\/pulskasvakodnevnica.com\/index.php\/2025\/09\/09\/finalisti-gitarijade-pula-2025\/\" \/>\n<meta property=\"og:site_name\" content=\"Pulska Svakodnevnica\" \/>\n<meta property=\"article:publisher\" content=\"https:\/\/www.facebook.com\/PulskaSvakodnevnicaNews\" \/>\n<meta property=\"article:published_time\" content=\"2025-09-09T16:43:47+00:00\" \/>\n<meta property=\"article:modified_time\" content=\"2025-09-09T16:43:48+00:00\" \/>\n<meta property=\"og:image\" content=\"http:\/\/pulskasvakodnevnica.com\/wp-content\/uploads\/2025\/09\/DSC_7281.jpg\" \/>\n\t<meta property=\"og:image:width\" content=\"750\" \/>\n\t<meta property=\"og:image:height\" content=\"499\" \/>\n\t<meta property=\"og:image:type\" content=\"image\/jpeg\" \/>\n<meta name=\"author\" content=\"Pulska Svakodnevnica\" \/>\n<meta name=\"twitter:card\" content=\"summary_large_image\" \/>\n<meta name=\"twitter:label1\" content=\"Napisao\/la\" \/>\n\t<meta name=\"twitter:data1\" content=\"Pulska Svakodnevnica\" \/>\n\t<meta name=\"twitter:label2\" content=\"Procijenjeno vrijeme \u010ditanja\" \/>\n\t<meta name=\"twitter:data2\" content=\"6 minuta\" \/>\n<script type=\"application\/ld+json\" class=\"yoast-schema-graph\">{\"@context\":\"https:\/\/schema.org\",\"@graph\":[{\"@type\":\"WebPage\",\"@id\":\"http:\/\/pulskasvakodnevnica.com\/index.php\/2025\/09\/09\/finalisti-gitarijade-pula-2025\/\",\"url\":\"http:\/\/pulskasvakodnevnica.com\/index.php\/2025\/09\/09\/finalisti-gitarijade-pula-2025\/\",\"name\":\"FINALISTI GITARIJADE PULA 2025. - Pulska Svakodnevnica\",\"isPartOf\":{\"@id\":\"http:\/\/pulskasvakodnevnica.com\/#website\"},\"datePublished\":\"2025-09-09T16:43:47+00:00\",\"dateModified\":\"2025-09-09T16:43:48+00:00\",\"author\":{\"@id\":\"http:\/\/pulskasvakodnevnica.com\/#\/schema\/person\/95941daf7dfab0e8fd012b0d88608a3f\"},\"breadcrumb\":{\"@id\":\"http:\/\/pulskasvakodnevnica.com\/index.php\/2025\/09\/09\/finalisti-gitarijade-pula-2025\/#breadcrumb\"},\"inLanguage\":\"hr\",\"potentialAction\":[{\"@type\":\"ReadAction\",\"target\":[\"http:\/\/pulskasvakodnevnica.com\/index.php\/2025\/09\/09\/finalisti-gitarijade-pula-2025\/\"]}]},{\"@type\":\"BreadcrumbList\",\"@id\":\"http:\/\/pulskasvakodnevnica.com\/index.php\/2025\/09\/09\/finalisti-gitarijade-pula-2025\/#breadcrumb\",\"itemListElement\":[{\"@type\":\"ListItem\",\"position\":1,\"name\":\"Po\u010detna stranica\",\"item\":\"http:\/\/pulskasvakodnevnica.com\/\"},{\"@type\":\"ListItem\",\"position\":2,\"name\":\"FINALISTI GITARIJADE PULA 2025.\"}]},{\"@type\":\"WebSite\",\"@id\":\"http:\/\/pulskasvakodnevnica.com\/#website\",\"url\":\"http:\/\/pulskasvakodnevnica.com\/\",\"name\":\"Pulska Svakodnevnica\",\"description\":\"Vijesti iz Pule i Istre\",\"potentialAction\":[{\"@type\":\"SearchAction\",\"target\":{\"@type\":\"EntryPoint\",\"urlTemplate\":\"http:\/\/pulskasvakodnevnica.com\/?s={search_term_string}\"},\"query-input\":\"required name=search_term_string\"}],\"inLanguage\":\"hr\"},{\"@type\":\"Person\",\"@id\":\"http:\/\/pulskasvakodnevnica.com\/#\/schema\/person\/95941daf7dfab0e8fd012b0d88608a3f\",\"name\":\"Pulska Svakodnevnica\"}]}<\/script>\n<!-- \/ Yoast SEO plugin. -->","yoast_head_json":{"title":"FINALISTI GITARIJADE PULA 2025. - Pulska Svakodnevnica","robots":{"index":"index","follow":"follow","max-snippet":"max-snippet:-1","max-image-preview":"max-image-preview:large","max-video-preview":"max-video-preview:-1"},"canonical":"http:\/\/pulskasvakodnevnica.com\/index.php\/2025\/09\/09\/finalisti-gitarijade-pula-2025\/","og_locale":"hr_HR","og_type":"article","og_title":"FINALISTI GITARIJADE PULA 2025. - Pulska Svakodnevnica","og_description":"Ovoga petka, 12.09.2025. sa po\u010detkom u 20:00h. na Trgu Portarata U organizaciji Hrvatske glazbene unije \u2013 Podru\u017enice Pula, uz financijsku","og_url":"http:\/\/pulskasvakodnevnica.com\/index.php\/2025\/09\/09\/finalisti-gitarijade-pula-2025\/","og_site_name":"Pulska Svakodnevnica","article_publisher":"https:\/\/www.facebook.com\/PulskaSvakodnevnicaNews","article_published_time":"2025-09-09T16:43:47+00:00","article_modified_time":"2025-09-09T16:43:48+00:00","og_image":[{"width":750,"height":499,"url":"http:\/\/pulskasvakodnevnica.com\/wp-content\/uploads\/2025\/09\/DSC_7281.jpg","type":"image\/jpeg"}],"author":"Pulska Svakodnevnica","twitter_card":"summary_large_image","twitter_misc":{"Napisao\/la":"Pulska Svakodnevnica","Procijenjeno vrijeme \u010ditanja":"6 minuta"},"schema":{"@context":"https:\/\/schema.org","@graph":[{"@type":"WebPage","@id":"http:\/\/pulskasvakodnevnica.com\/index.php\/2025\/09\/09\/finalisti-gitarijade-pula-2025\/","url":"http:\/\/pulskasvakodnevnica.com\/index.php\/2025\/09\/09\/finalisti-gitarijade-pula-2025\/","name":"FINALISTI GITARIJADE PULA 2025. - Pulska Svakodnevnica","isPartOf":{"@id":"http:\/\/pulskasvakodnevnica.com\/#website"},"datePublished":"2025-09-09T16:43:47+00:00","dateModified":"2025-09-09T16:43:48+00:00","author":{"@id":"http:\/\/pulskasvakodnevnica.com\/#\/schema\/person\/95941daf7dfab0e8fd012b0d88608a3f"},"breadcrumb":{"@id":"http:\/\/pulskasvakodnevnica.com\/index.php\/2025\/09\/09\/finalisti-gitarijade-pula-2025\/#breadcrumb"},"inLanguage":"hr","potentialAction":[{"@type":"ReadAction","target":["http:\/\/pulskasvakodnevnica.com\/index.php\/2025\/09\/09\/finalisti-gitarijade-pula-2025\/"]}]},{"@type":"BreadcrumbList","@id":"http:\/\/pulskasvakodnevnica.com\/index.php\/2025\/09\/09\/finalisti-gitarijade-pula-2025\/#breadcrumb","itemListElement":[{"@type":"ListItem","position":1,"name":"Po\u010detna stranica","item":"http:\/\/pulskasvakodnevnica.com\/"},{"@type":"ListItem","position":2,"name":"FINALISTI GITARIJADE PULA 2025."}]},{"@type":"WebSite","@id":"http:\/\/pulskasvakodnevnica.com\/#website","url":"http:\/\/pulskasvakodnevnica.com\/","name":"Pulska Svakodnevnica","description":"Vijesti iz Pule i Istre","potentialAction":[{"@type":"SearchAction","target":{"@type":"EntryPoint","urlTemplate":"http:\/\/pulskasvakodnevnica.com\/?s={search_term_string}"},"query-input":"required name=search_term_string"}],"inLanguage":"hr"},{"@type":"Person","@id":"http:\/\/pulskasvakodnevnica.com\/#\/schema\/person\/95941daf7dfab0e8fd012b0d88608a3f","name":"Pulska Svakodnevnica"}]}},"_links":{"self":[{"href":"http:\/\/pulskasvakodnevnica.com\/index.php\/wp-json\/wp\/v2\/posts\/47996"}],"collection":[{"href":"http:\/\/pulskasvakodnevnica.com\/index.php\/wp-json\/wp\/v2\/posts"}],"about":[{"href":"http:\/\/pulskasvakodnevnica.com\/index.php\/wp-json\/wp\/v2\/types\/post"}],"author":[{"embeddable":true,"href":"http:\/\/pulskasvakodnevnica.com\/index.php\/wp-json\/wp\/v2\/users\/1"}],"replies":[{"embeddable":true,"href":"http:\/\/pulskasvakodnevnica.com\/index.php\/wp-json\/wp\/v2\/comments?post=47996"}],"version-history":[{"count":1,"href":"http:\/\/pulskasvakodnevnica.com\/index.php\/wp-json\/wp\/v2\/posts\/47996\/revisions"}],"predecessor-version":[{"id":47999,"href":"http:\/\/pulskasvakodnevnica.com\/index.php\/wp-json\/wp\/v2\/posts\/47996\/revisions\/47999"}],"wp:featuredmedia":[{"embeddable":true,"href":"http:\/\/pulskasvakodnevnica.com\/index.php\/wp-json\/wp\/v2\/media\/47998"}],"wp:attachment":[{"href":"http:\/\/pulskasvakodnevnica.com\/index.php\/wp-json\/wp\/v2\/media?parent=47996"}],"wp:term":[{"taxonomy":"category","embeddable":true,"href":"http:\/\/pulskasvakodnevnica.com\/index.php\/wp-json\/wp\/v2\/categories?post=47996"},{"taxonomy":"post_tag","embeddable":true,"href":"http:\/\/pulskasvakodnevnica.com\/index.php\/wp-json\/wp\/v2\/tags?post=47996"}],"curies":[{"name":"wp","href":"https:\/\/api.w.org\/{rel}","templated":true}]}}