{"id":50184,"date":"2026-03-03T14:25:53","date_gmt":"2026-03-03T13:25:53","guid":{"rendered":"http:\/\/pulskasvakodnevnica.com\/?p=50184"},"modified":"2026-03-03T14:25:53","modified_gmt":"2026-03-03T13:25:53","slug":"hgk-pula-sigurnije-radno-okruzenje-kao-zajednicki-cilj-struke-i-gospodarstva","status":"publish","type":"post","link":"http:\/\/pulskasvakodnevnica.com\/index.php\/2026\/03\/03\/hgk-pula-sigurnije-radno-okruzenje-kao-zajednicki-cilj-struke-i-gospodarstva\/","title":{"rendered":"HGK Pula: &#8220;Sigurnije radno okru\u017eenje kao zajedni\u010dki cilj struke i gospodarstva&#8221;"},"content":{"rendered":"\n<p class=\"has-text-align-center\"><strong>Predavanja, umre\u017eavanje i stru\u010dna podr\u0161ka kroz rad<\/strong> <strong>Strukovne grupe za\u0161tite na radu HGK \u2013 \u017dK Pula<\/strong><\/p>\n\n\n\n<p><strong>Kroz zajedni\u010dki rad \u017eelimo potaknuti kvalitetniju primjenu propisa, bolju edukaciju i stvaranje sigurnijih radnih okru\u017eenja<\/strong>, zaklju\u010deno je na izbornom sastanku <strong>Strukovne grupe za\u0161tite na radu<\/strong> HGK \u2013 \u017dupanijske komore Pula.<\/p>\n\n\n\n<p>Za predsjednika Strukovne grupe izabran je <strong>Mateo \u0160kufli\u0107<\/strong> (Maistra d.d.), a za zamjenika predsjednika <strong>Sebastian Miloti\u0107<\/strong> (Calucem d.o.o.).<br \/><\/p>\n\n\n\n<p><strong>Strukovna grupa za\u0161tite na radu HGK \u2013 \u017dK Pula poziva sve stru\u010dnjake i dionike da se uklju\u010de u rad te da zajedno doprinesu ja\u010danju kulture sigurnosti i unaprje\u0111enju prakse za\u0161tite na radu u \u017eupaniji. Ujedno, pokrenut \u0107e se konkretne aktivnosti koje \u0107e povezati struku, gospodarstvo i lokalnu zajednicu.<\/strong><\/p>\n\n\n\n<p>\u201eStrukovna grupa osnovana je s ciljem ja\u010danja suradnje i razmjene iskustava me\u0111u stru\u010dnjacima te podizanja razine sigurnosti i zdravlja na radu u Istarskoj \u017eupaniji. Kroz zajedni\u010dki rad \u017eelimo potaknuti kvalitetniju primjenu propisa, bolju edukaciju i stvaranje sigurnijih radnih okru\u017eenja\u201c, rekao je predsjednik Strukovne grupe <strong>Mateo \u0160kufli\u0107.<\/strong><\/p>\n\n\n\n<p>Zamjenik predsjednika <strong>Sebastian Miloti\u0107<\/strong> istaknuo je: \u201eDobrobit svih uklju\u010denih u poslovne procese mora biti apsolutni prioritet, jer ako nam ljudi stradavaju na radu onda cijeli proces nema smisla. \u017delimo umre\u017eiti poslodavce i njihove stru\u010dnjake za\u0161tite na radu da im pribli\u017eimo zakonske propise, ali i njihovo tuma\u010denje i pravilnu provedbu u praksi. Izuzetno nam je drago da je HGK \u2013 \u017dupanijska komora&nbsp; Pula prepoznala za\u0161titu zdravlja i sigurnost na radu kao vrlo va\u017ean aspekt u gospodarstvu.\u201c<\/p>\n\n\n\n<p>U planu je organizacija niza stru\u010dnih predavanja koja \u0107e obra\u0111ivati aktualne teme iz za\u0161tite na radu, za\u0161tite od po\u017eara, i pru\u017eanja prve pomo\u0107i. Tako\u0111er, u planu su teme iz op\u0107e sigurnosti koje \u0107e sigurno biti interesantne i od velike va\u017enosti lokalnim zajednicama.<\/p>\n\n\n\n<p>Poslovna tajnica HGK \u2013 \u017dK Pula <strong>Ticiana Tro\u0161t Ko\u017eljan<\/strong> \u00a0istaknula je kako na ovaj na\u010din HGK \u00a0&#8211; \u017dupanijska komora Pula pru\u017ea jaku platformu da se skupe stru\u010dnjaci iz raznih podru\u010dja koji \u0107e sudionicima pribli\u017eiti teme od interesa. Sudionici imaju priliku upoznati se i umre\u017eiti s ciljem razmjene dobrih praksi, i pritom sudjelovanjem na stru\u010dnim skupovima kao stru\u010dnjaci za\u0161tite na radu ostvarivati uvjete za rad. Strukovna grupa za\u0161tite na radu imat \u0107e podr\u0161ku u svojim aktivnostima i od nacionalne <strong>Zajednice za\u0161tite na radu HGK.<\/strong><\/p>\n\n\n\n<p>(PS)<\/p>\n","protected":false},"excerpt":{"rendered":"<p>Predavanja, umre\u017eavanje i stru\u010dna podr\u0161ka kroz rad Strukovne grupe za\u0161tite na radu HGK \u2013 \u017dK Pula Kroz zajedni\u010dki rad \u017eelimo<\/p>\n","protected":false},"author":1,"featured_media":50185,"comment_status":"open","ping_status":"closed","sticky":false,"template":"","format":"standard","meta":{"_mi_skip_tracking":false,"footnotes":""},"categories":[1,99],"tags":[110,355],"yoast_head":"<!-- This site is optimized with the Yoast SEO plugin v20.4 - https:\/\/yoast.com\/wordpress\/plugins\/seo\/ -->\n<title>HGK Pula: &quot;Sigurnije radno okru\u017eenje kao zajedni\u010dki cilj struke i gospodarstva&quot; - Pulska Svakodnevnica<\/title>\n<meta name=\"robots\" content=\"index, follow, max-snippet:-1, max-image-preview:large, max-video-preview:-1\" \/>\n<link rel=\"canonical\" href=\"http:\/\/pulskasvakodnevnica.com\/index.php\/2026\/03\/03\/hgk-pula-sigurnije-radno-okruzenje-kao-zajednicki-cilj-struke-i-gospodarstva\/\" \/>\n<meta property=\"og:locale\" content=\"hr_HR\" \/>\n<meta property=\"og:type\" content=\"article\" \/>\n<meta property=\"og:title\" content=\"HGK Pula: &quot;Sigurnije radno okru\u017eenje kao zajedni\u010dki cilj struke i gospodarstva&quot; - Pulska Svakodnevnica\" \/>\n<meta property=\"og:description\" content=\"Predavanja, umre\u017eavanje i stru\u010dna podr\u0161ka kroz rad Strukovne grupe za\u0161tite na radu HGK \u2013 \u017dK Pula Kroz zajedni\u010dki rad \u017eelimo\" \/>\n<meta property=\"og:url\" content=\"http:\/\/pulskasvakodnevnica.com\/index.php\/2026\/03\/03\/hgk-pula-sigurnije-radno-okruzenje-kao-zajednicki-cilj-struke-i-gospodarstva\/\" \/>\n<meta property=\"og:site_name\" content=\"Pulska Svakodnevnica\" \/>\n<meta property=\"article:publisher\" content=\"https:\/\/www.facebook.com\/PulskaSvakodnevnicaNews\" \/>\n<meta property=\"article:published_time\" content=\"2026-03-03T13:25:53+00:00\" \/>\n<meta property=\"og:image\" content=\"http:\/\/pulskasvakodnevnica.com\/wp-content\/uploads\/2026\/03\/Strukovna-grupa-zastite-na-radu-HGK-ZK-Pula.jpg\" \/>\n\t<meta property=\"og:image:width\" content=\"2386\" \/>\n\t<meta property=\"og:image:height\" content=\"984\" \/>\n\t<meta property=\"og:image:type\" content=\"image\/jpeg\" \/>\n<meta name=\"author\" content=\"Pulska Svakodnevnica\" \/>\n<meta name=\"twitter:card\" content=\"summary_large_image\" \/>\n<meta name=\"twitter:label1\" content=\"Napisao\/la\" \/>\n\t<meta name=\"twitter:data1\" content=\"Pulska Svakodnevnica\" \/>\n\t<meta name=\"twitter:label2\" content=\"Procijenjeno vrijeme \u010ditanja\" \/>\n\t<meta name=\"twitter:data2\" content=\"2 minute\" \/>\n<script type=\"application\/ld+json\" class=\"yoast-schema-graph\">{\"@context\":\"https:\/\/schema.org\",\"@graph\":[{\"@type\":\"WebPage\",\"@id\":\"http:\/\/pulskasvakodnevnica.com\/index.php\/2026\/03\/03\/hgk-pula-sigurnije-radno-okruzenje-kao-zajednicki-cilj-struke-i-gospodarstva\/\",\"url\":\"http:\/\/pulskasvakodnevnica.com\/index.php\/2026\/03\/03\/hgk-pula-sigurnije-radno-okruzenje-kao-zajednicki-cilj-struke-i-gospodarstva\/\",\"name\":\"HGK Pula: \\\"Sigurnije radno okru\u017eenje kao zajedni\u010dki cilj struke i gospodarstva\\\" - Pulska Svakodnevnica\",\"isPartOf\":{\"@id\":\"http:\/\/pulskasvakodnevnica.com\/#website\"},\"datePublished\":\"2026-03-03T13:25:53+00:00\",\"dateModified\":\"2026-03-03T13:25:53+00:00\",\"author\":{\"@id\":\"http:\/\/pulskasvakodnevnica.com\/#\/schema\/person\/95941daf7dfab0e8fd012b0d88608a3f\"},\"breadcrumb\":{\"@id\":\"http:\/\/pulskasvakodnevnica.com\/index.php\/2026\/03\/03\/hgk-pula-sigurnije-radno-okruzenje-kao-zajednicki-cilj-struke-i-gospodarstva\/#breadcrumb\"},\"inLanguage\":\"hr\",\"potentialAction\":[{\"@type\":\"ReadAction\",\"target\":[\"http:\/\/pulskasvakodnevnica.com\/index.php\/2026\/03\/03\/hgk-pula-sigurnije-radno-okruzenje-kao-zajednicki-cilj-struke-i-gospodarstva\/\"]}]},{\"@type\":\"BreadcrumbList\",\"@id\":\"http:\/\/pulskasvakodnevnica.com\/index.php\/2026\/03\/03\/hgk-pula-sigurnije-radno-okruzenje-kao-zajednicki-cilj-struke-i-gospodarstva\/#breadcrumb\",\"itemListElement\":[{\"@type\":\"ListItem\",\"position\":1,\"name\":\"Po\u010detna stranica\",\"item\":\"http:\/\/pulskasvakodnevnica.com\/\"},{\"@type\":\"ListItem\",\"position\":2,\"name\":\"HGK Pula: &#8220;Sigurnije radno okru\u017eenje kao zajedni\u010dki cilj struke i gospodarstva&#8221;\"}]},{\"@type\":\"WebSite\",\"@id\":\"http:\/\/pulskasvakodnevnica.com\/#website\",\"url\":\"http:\/\/pulskasvakodnevnica.com\/\",\"name\":\"Pulska Svakodnevnica\",\"description\":\"Vijesti iz Pule i Istre\",\"potentialAction\":[{\"@type\":\"SearchAction\",\"target\":{\"@type\":\"EntryPoint\",\"urlTemplate\":\"http:\/\/pulskasvakodnevnica.com\/?s={search_term_string}\"},\"query-input\":\"required name=search_term_string\"}],\"inLanguage\":\"hr\"},{\"@type\":\"Person\",\"@id\":\"http:\/\/pulskasvakodnevnica.com\/#\/schema\/person\/95941daf7dfab0e8fd012b0d88608a3f\",\"name\":\"Pulska Svakodnevnica\"}]}<\/script>\n<!-- \/ Yoast SEO plugin. -->","yoast_head_json":{"title":"HGK Pula: \"Sigurnije radno okru\u017eenje kao zajedni\u010dki cilj struke i gospodarstva\" - Pulska Svakodnevnica","robots":{"index":"index","follow":"follow","max-snippet":"max-snippet:-1","max-image-preview":"max-image-preview:large","max-video-preview":"max-video-preview:-1"},"canonical":"http:\/\/pulskasvakodnevnica.com\/index.php\/2026\/03\/03\/hgk-pula-sigurnije-radno-okruzenje-kao-zajednicki-cilj-struke-i-gospodarstva\/","og_locale":"hr_HR","og_type":"article","og_title":"HGK Pula: \"Sigurnije radno okru\u017eenje kao zajedni\u010dki cilj struke i gospodarstva\" - Pulska Svakodnevnica","og_description":"Predavanja, umre\u017eavanje i stru\u010dna podr\u0161ka kroz rad Strukovne grupe za\u0161tite na radu HGK \u2013 \u017dK Pula Kroz zajedni\u010dki rad \u017eelimo","og_url":"http:\/\/pulskasvakodnevnica.com\/index.php\/2026\/03\/03\/hgk-pula-sigurnije-radno-okruzenje-kao-zajednicki-cilj-struke-i-gospodarstva\/","og_site_name":"Pulska Svakodnevnica","article_publisher":"https:\/\/www.facebook.com\/PulskaSvakodnevnicaNews","article_published_time":"2026-03-03T13:25:53+00:00","og_image":[{"width":2386,"height":984,"url":"http:\/\/pulskasvakodnevnica.com\/wp-content\/uploads\/2026\/03\/Strukovna-grupa-zastite-na-radu-HGK-ZK-Pula.jpg","type":"image\/jpeg"}],"author":"Pulska Svakodnevnica","twitter_card":"summary_large_image","twitter_misc":{"Napisao\/la":"Pulska Svakodnevnica","Procijenjeno vrijeme \u010ditanja":"2 minute"},"schema":{"@context":"https:\/\/schema.org","@graph":[{"@type":"WebPage","@id":"http:\/\/pulskasvakodnevnica.com\/index.php\/2026\/03\/03\/hgk-pula-sigurnije-radno-okruzenje-kao-zajednicki-cilj-struke-i-gospodarstva\/","url":"http:\/\/pulskasvakodnevnica.com\/index.php\/2026\/03\/03\/hgk-pula-sigurnije-radno-okruzenje-kao-zajednicki-cilj-struke-i-gospodarstva\/","name":"HGK Pula: \"Sigurnije radno okru\u017eenje kao zajedni\u010dki cilj struke i gospodarstva\" - Pulska Svakodnevnica","isPartOf":{"@id":"http:\/\/pulskasvakodnevnica.com\/#website"},"datePublished":"2026-03-03T13:25:53+00:00","dateModified":"2026-03-03T13:25:53+00:00","author":{"@id":"http:\/\/pulskasvakodnevnica.com\/#\/schema\/person\/95941daf7dfab0e8fd012b0d88608a3f"},"breadcrumb":{"@id":"http:\/\/pulskasvakodnevnica.com\/index.php\/2026\/03\/03\/hgk-pula-sigurnije-radno-okruzenje-kao-zajednicki-cilj-struke-i-gospodarstva\/#breadcrumb"},"inLanguage":"hr","potentialAction":[{"@type":"ReadAction","target":["http:\/\/pulskasvakodnevnica.com\/index.php\/2026\/03\/03\/hgk-pula-sigurnije-radno-okruzenje-kao-zajednicki-cilj-struke-i-gospodarstva\/"]}]},{"@type":"BreadcrumbList","@id":"http:\/\/pulskasvakodnevnica.com\/index.php\/2026\/03\/03\/hgk-pula-sigurnije-radno-okruzenje-kao-zajednicki-cilj-struke-i-gospodarstva\/#breadcrumb","itemListElement":[{"@type":"ListItem","position":1,"name":"Po\u010detna stranica","item":"http:\/\/pulskasvakodnevnica.com\/"},{"@type":"ListItem","position":2,"name":"HGK Pula: &#8220;Sigurnije radno okru\u017eenje kao zajedni\u010dki cilj struke i gospodarstva&#8221;"}]},{"@type":"WebSite","@id":"http:\/\/pulskasvakodnevnica.com\/#website","url":"http:\/\/pulskasvakodnevnica.com\/","name":"Pulska Svakodnevnica","description":"Vijesti iz Pule i Istre","potentialAction":[{"@type":"SearchAction","target":{"@type":"EntryPoint","urlTemplate":"http:\/\/pulskasvakodnevnica.com\/?s={search_term_string}"},"query-input":"required name=search_term_string"}],"inLanguage":"hr"},{"@type":"Person","@id":"http:\/\/pulskasvakodnevnica.com\/#\/schema\/person\/95941daf7dfab0e8fd012b0d88608a3f","name":"Pulska Svakodnevnica"}]}},"_links":{"self":[{"href":"http:\/\/pulskasvakodnevnica.com\/index.php\/wp-json\/wp\/v2\/posts\/50184"}],"collection":[{"href":"http:\/\/pulskasvakodnevnica.com\/index.php\/wp-json\/wp\/v2\/posts"}],"about":[{"href":"http:\/\/pulskasvakodnevnica.com\/index.php\/wp-json\/wp\/v2\/types\/post"}],"author":[{"embeddable":true,"href":"http:\/\/pulskasvakodnevnica.com\/index.php\/wp-json\/wp\/v2\/users\/1"}],"replies":[{"embeddable":true,"href":"http:\/\/pulskasvakodnevnica.com\/index.php\/wp-json\/wp\/v2\/comments?post=50184"}],"version-history":[{"count":1,"href":"http:\/\/pulskasvakodnevnica.com\/index.php\/wp-json\/wp\/v2\/posts\/50184\/revisions"}],"predecessor-version":[{"id":50186,"href":"http:\/\/pulskasvakodnevnica.com\/index.php\/wp-json\/wp\/v2\/posts\/50184\/revisions\/50186"}],"wp:featuredmedia":[{"embeddable":true,"href":"http:\/\/pulskasvakodnevnica.com\/index.php\/wp-json\/wp\/v2\/media\/50185"}],"wp:attachment":[{"href":"http:\/\/pulskasvakodnevnica.com\/index.php\/wp-json\/wp\/v2\/media?parent=50184"}],"wp:term":[{"taxonomy":"category","embeddable":true,"href":"http:\/\/pulskasvakodnevnica.com\/index.php\/wp-json\/wp\/v2\/categories?post=50184"},{"taxonomy":"post_tag","embeddable":true,"href":"http:\/\/pulskasvakodnevnica.com\/index.php\/wp-json\/wp\/v2\/tags?post=50184"}],"curies":[{"name":"wp","href":"https:\/\/api.w.org\/{rel}","templated":true}]}}