{"id":50187,"date":"2026-03-03T15:14:23","date_gmt":"2026-03-03T14:14:23","guid":{"rendered":"http:\/\/pulskasvakodnevnica.com\/?p=50187"},"modified":"2026-03-03T15:14:24","modified_gmt":"2026-03-03T14:14:24","slug":"19-godisnja-izlozba-dhkp-a-od-izvornika-do-prijevoda-gostuje-u-sredisnjoj-knjiznici","status":"publish","type":"post","link":"http:\/\/pulskasvakodnevnica.com\/index.php\/2026\/03\/03\/19-godisnja-izlozba-dhkp-a-od-izvornika-do-prijevoda-gostuje-u-sredisnjoj-knjiznici\/","title":{"rendered":"19. godi\u0161nja izlo\u017eba DHKP-a &#8220;Od izvornika do prijevoda&#8221; gostuje u Sredi\u0161njoj knji\u017enici"},"content":{"rendered":"\n<p>Foto: Gradska knji\u017enica i \u010ditaonica Pula<\/p>\n\n\n\n<p><strong>Devetnaesta godi\u0161nja izlo\u017eba <\/strong><em><strong>Od izvornika do prijevoda<\/strong><\/em>, kojom <strong>\u010dlanovi Dru\u0161tva hrvatskih knji\u017eevnih prevodilaca<\/strong> predstavljaju knji\u017eevne prijevode koje su izradili od protekle izlo\u017ebe, postavljena je <strong>u izlo\u017ebenom prostoru Gradske knji\u017enice i \u010ditaonice Pula do 17. o\u017eujka 2026.<\/strong><\/p>\n\n\n\n<p><em>Od izvornika do prijevoda<\/em> godi\u0161nja je izlo\u017eba kojom \u010dlanice i \u010dlanovi Dru\u0161tva hrvatskih knji\u017eevnih prevodilaca izla\u017eu prijevode koje su izradili u proteklih godinu dana. Knji\u017eevno prevo\u0111enje jedan je od va\u017enih \u010dimbenika za uzajamno upoznavanje hrvatske i drugih svjetskih kultura, ali prevoditelji katkad ostaju u sjeni, nepriznati kao autori, uo\u010deni samo kad pogrije\u0161e. Cilj izlo\u017ebe, koja prikazuje objavljeni prijevod, tekst izvornika, naslovnice, biografiju prevoditelja te osvrt na prevedeno djelo, jest ispraviti taj nedostatak i skrenuti pozornost javnosti upravo na va\u017enost i ljepotu knji\u017eevnog prevo\u0111enja, kao i stvoriti svijest o parametrima prevoditeljskog zadatka te o ulozi prevoditelja kao bitnih \u010dimbenika u knji\u017eevnoj komunikaciji. Izlo\u017eba tako\u0111er posjetiteljima, odnosno \u010ditateljima, poku\u0161ava pribli\u017eiti pojedina djela, ukazati na zna\u010dajna izdanja i na kvalitetu prijevoda koji se u njima pojavljuju.<\/p>\n\n\n\n<p>Na ovogodi\u0161njoj, devetnaestoj izlo\u017ebi, <strong>svoje prijevode predstavlja 36 prevoditelja u 13 jezi\u010dnih kombinacija<\/strong>. Od ukupno 52 prijevoda, najbrojniji su oni s engleskog jezika na hrvatski, zatim slijede prijevodi s francuskog i \u0161panjolskog te talijanskog i njema\u010dkog, tri su prijevoda s ma\u0111arskog na hrvatski, po dva s litavskog, nizozemskog, slovenskog, portugalskog i \u0161vedskog te po jedan prijevod s norve\u0161kog i kineskog na hrvatski.<\/p>\n\n\n\n<p>Va\u017ean dio izlo\u017ebe upravo je suradnja s knji\u017enicama. Nakon tradicionalnog otvorenja u zagreba\u010dkoj Knji\u017enici i \u010ditaonici Bogdana Ogrizovi\u0107a, izlo\u017eba gostuje u gradovima diljem Hrvatske pa Dru\u0161tvo hrvatskih knji\u017eevnih prevodilaca zajedno s knji\u017enicama na taj na\u010din pribli\u017eava knjigu \u0161iroj publici i ukazuje na va\u017enost \u010ditanja kao klju\u010dne kulturne tehnike u stvaranju zdravog, tolerantnog i naprednog dru\u0161tva.<\/p>\n\n\n\n<p>Izlo\u017eba ujedno donosi i preporuke za \u010ditanje novih knjiga prevedenih na hrvatski jezik. Knjige iz na\u0161eg fonda koje su trenutno dostupne za posudbu izlo\u017eili smo uz plakate te vas pozivamo da ih posudite i u\u017eivate u \u010ditanju.<\/p>\n\n\n\n<p>(PS)<\/p>\n","protected":false},"excerpt":{"rendered":"<p>Foto: Gradska knji\u017enica i \u010ditaonica Pula Devetnaesta godi\u0161nja izlo\u017eba Od izvornika do prijevoda, kojom \u010dlanovi Dru\u0161tva hrvatskih knji\u017eevnih prevodilaca predstavljaju<\/p>\n","protected":false},"author":1,"featured_media":50188,"comment_status":"open","ping_status":"closed","sticky":false,"template":"","format":"standard","meta":{"_mi_skip_tracking":false,"footnotes":""},"categories":[1,99],"tags":[110,355],"yoast_head":"<!-- This site is optimized with the Yoast SEO plugin v20.4 - https:\/\/yoast.com\/wordpress\/plugins\/seo\/ -->\n<title>19. godi\u0161nja izlo\u017eba DHKP-a &quot;Od izvornika do prijevoda&quot; gostuje u Sredi\u0161njoj knji\u017enici - Pulska Svakodnevnica<\/title>\n<meta name=\"robots\" content=\"index, follow, max-snippet:-1, max-image-preview:large, max-video-preview:-1\" \/>\n<link rel=\"canonical\" href=\"http:\/\/pulskasvakodnevnica.com\/index.php\/2026\/03\/03\/19-godisnja-izlozba-dhkp-a-od-izvornika-do-prijevoda-gostuje-u-sredisnjoj-knjiznici\/\" \/>\n<meta property=\"og:locale\" content=\"hr_HR\" \/>\n<meta property=\"og:type\" content=\"article\" \/>\n<meta property=\"og:title\" content=\"19. godi\u0161nja izlo\u017eba DHKP-a &quot;Od izvornika do prijevoda&quot; gostuje u Sredi\u0161njoj knji\u017enici - Pulska Svakodnevnica\" \/>\n<meta property=\"og:description\" content=\"Foto: Gradska knji\u017enica i \u010ditaonica Pula Devetnaesta godi\u0161nja izlo\u017eba Od izvornika do prijevoda, kojom \u010dlanovi Dru\u0161tva hrvatskih knji\u017eevnih prevodilaca predstavljaju\" \/>\n<meta property=\"og:url\" content=\"http:\/\/pulskasvakodnevnica.com\/index.php\/2026\/03\/03\/19-godisnja-izlozba-dhkp-a-od-izvornika-do-prijevoda-gostuje-u-sredisnjoj-knjiznici\/\" \/>\n<meta property=\"og:site_name\" content=\"Pulska Svakodnevnica\" \/>\n<meta property=\"article:publisher\" content=\"https:\/\/www.facebook.com\/PulskaSvakodnevnicaNews\" \/>\n<meta property=\"article:published_time\" content=\"2026-03-03T14:14:23+00:00\" \/>\n<meta property=\"article:modified_time\" content=\"2026-03-03T14:14:24+00:00\" \/>\n<meta property=\"og:image\" content=\"http:\/\/pulskasvakodnevnica.com\/wp-content\/uploads\/2026\/03\/20260227_073418.jpg\" \/>\n\t<meta property=\"og:image:width\" content=\"750\" \/>\n\t<meta property=\"og:image:height\" content=\"562\" \/>\n\t<meta property=\"og:image:type\" content=\"image\/jpeg\" \/>\n<meta name=\"author\" content=\"Pulska Svakodnevnica\" \/>\n<meta name=\"twitter:card\" content=\"summary_large_image\" \/>\n<meta name=\"twitter:label1\" content=\"Napisao\/la\" \/>\n\t<meta name=\"twitter:data1\" content=\"Pulska Svakodnevnica\" \/>\n\t<meta name=\"twitter:label2\" content=\"Procijenjeno vrijeme \u010ditanja\" \/>\n\t<meta name=\"twitter:data2\" content=\"2 minute\" \/>\n<script type=\"application\/ld+json\" class=\"yoast-schema-graph\">{\"@context\":\"https:\/\/schema.org\",\"@graph\":[{\"@type\":\"WebPage\",\"@id\":\"http:\/\/pulskasvakodnevnica.com\/index.php\/2026\/03\/03\/19-godisnja-izlozba-dhkp-a-od-izvornika-do-prijevoda-gostuje-u-sredisnjoj-knjiznici\/\",\"url\":\"http:\/\/pulskasvakodnevnica.com\/index.php\/2026\/03\/03\/19-godisnja-izlozba-dhkp-a-od-izvornika-do-prijevoda-gostuje-u-sredisnjoj-knjiznici\/\",\"name\":\"19. godi\u0161nja izlo\u017eba DHKP-a \\\"Od izvornika do prijevoda\\\" gostuje u Sredi\u0161njoj knji\u017enici - Pulska Svakodnevnica\",\"isPartOf\":{\"@id\":\"http:\/\/pulskasvakodnevnica.com\/#website\"},\"datePublished\":\"2026-03-03T14:14:23+00:00\",\"dateModified\":\"2026-03-03T14:14:24+00:00\",\"author\":{\"@id\":\"http:\/\/pulskasvakodnevnica.com\/#\/schema\/person\/95941daf7dfab0e8fd012b0d88608a3f\"},\"breadcrumb\":{\"@id\":\"http:\/\/pulskasvakodnevnica.com\/index.php\/2026\/03\/03\/19-godisnja-izlozba-dhkp-a-od-izvornika-do-prijevoda-gostuje-u-sredisnjoj-knjiznici\/#breadcrumb\"},\"inLanguage\":\"hr\",\"potentialAction\":[{\"@type\":\"ReadAction\",\"target\":[\"http:\/\/pulskasvakodnevnica.com\/index.php\/2026\/03\/03\/19-godisnja-izlozba-dhkp-a-od-izvornika-do-prijevoda-gostuje-u-sredisnjoj-knjiznici\/\"]}]},{\"@type\":\"BreadcrumbList\",\"@id\":\"http:\/\/pulskasvakodnevnica.com\/index.php\/2026\/03\/03\/19-godisnja-izlozba-dhkp-a-od-izvornika-do-prijevoda-gostuje-u-sredisnjoj-knjiznici\/#breadcrumb\",\"itemListElement\":[{\"@type\":\"ListItem\",\"position\":1,\"name\":\"Po\u010detna stranica\",\"item\":\"http:\/\/pulskasvakodnevnica.com\/\"},{\"@type\":\"ListItem\",\"position\":2,\"name\":\"19. godi\u0161nja izlo\u017eba DHKP-a &#8220;Od izvornika do prijevoda&#8221; gostuje u Sredi\u0161njoj knji\u017enici\"}]},{\"@type\":\"WebSite\",\"@id\":\"http:\/\/pulskasvakodnevnica.com\/#website\",\"url\":\"http:\/\/pulskasvakodnevnica.com\/\",\"name\":\"Pulska Svakodnevnica\",\"description\":\"Vijesti iz Pule i Istre\",\"potentialAction\":[{\"@type\":\"SearchAction\",\"target\":{\"@type\":\"EntryPoint\",\"urlTemplate\":\"http:\/\/pulskasvakodnevnica.com\/?s={search_term_string}\"},\"query-input\":\"required name=search_term_string\"}],\"inLanguage\":\"hr\"},{\"@type\":\"Person\",\"@id\":\"http:\/\/pulskasvakodnevnica.com\/#\/schema\/person\/95941daf7dfab0e8fd012b0d88608a3f\",\"name\":\"Pulska Svakodnevnica\"}]}<\/script>\n<!-- \/ Yoast SEO plugin. -->","yoast_head_json":{"title":"19. godi\u0161nja izlo\u017eba DHKP-a \"Od izvornika do prijevoda\" gostuje u Sredi\u0161njoj knji\u017enici - Pulska Svakodnevnica","robots":{"index":"index","follow":"follow","max-snippet":"max-snippet:-1","max-image-preview":"max-image-preview:large","max-video-preview":"max-video-preview:-1"},"canonical":"http:\/\/pulskasvakodnevnica.com\/index.php\/2026\/03\/03\/19-godisnja-izlozba-dhkp-a-od-izvornika-do-prijevoda-gostuje-u-sredisnjoj-knjiznici\/","og_locale":"hr_HR","og_type":"article","og_title":"19. godi\u0161nja izlo\u017eba DHKP-a \"Od izvornika do prijevoda\" gostuje u Sredi\u0161njoj knji\u017enici - Pulska Svakodnevnica","og_description":"Foto: Gradska knji\u017enica i \u010ditaonica Pula Devetnaesta godi\u0161nja izlo\u017eba Od izvornika do prijevoda, kojom \u010dlanovi Dru\u0161tva hrvatskih knji\u017eevnih prevodilaca predstavljaju","og_url":"http:\/\/pulskasvakodnevnica.com\/index.php\/2026\/03\/03\/19-godisnja-izlozba-dhkp-a-od-izvornika-do-prijevoda-gostuje-u-sredisnjoj-knjiznici\/","og_site_name":"Pulska Svakodnevnica","article_publisher":"https:\/\/www.facebook.com\/PulskaSvakodnevnicaNews","article_published_time":"2026-03-03T14:14:23+00:00","article_modified_time":"2026-03-03T14:14:24+00:00","og_image":[{"width":750,"height":562,"url":"http:\/\/pulskasvakodnevnica.com\/wp-content\/uploads\/2026\/03\/20260227_073418.jpg","type":"image\/jpeg"}],"author":"Pulska Svakodnevnica","twitter_card":"summary_large_image","twitter_misc":{"Napisao\/la":"Pulska Svakodnevnica","Procijenjeno vrijeme \u010ditanja":"2 minute"},"schema":{"@context":"https:\/\/schema.org","@graph":[{"@type":"WebPage","@id":"http:\/\/pulskasvakodnevnica.com\/index.php\/2026\/03\/03\/19-godisnja-izlozba-dhkp-a-od-izvornika-do-prijevoda-gostuje-u-sredisnjoj-knjiznici\/","url":"http:\/\/pulskasvakodnevnica.com\/index.php\/2026\/03\/03\/19-godisnja-izlozba-dhkp-a-od-izvornika-do-prijevoda-gostuje-u-sredisnjoj-knjiznici\/","name":"19. godi\u0161nja izlo\u017eba DHKP-a \"Od izvornika do prijevoda\" gostuje u Sredi\u0161njoj knji\u017enici - Pulska Svakodnevnica","isPartOf":{"@id":"http:\/\/pulskasvakodnevnica.com\/#website"},"datePublished":"2026-03-03T14:14:23+00:00","dateModified":"2026-03-03T14:14:24+00:00","author":{"@id":"http:\/\/pulskasvakodnevnica.com\/#\/schema\/person\/95941daf7dfab0e8fd012b0d88608a3f"},"breadcrumb":{"@id":"http:\/\/pulskasvakodnevnica.com\/index.php\/2026\/03\/03\/19-godisnja-izlozba-dhkp-a-od-izvornika-do-prijevoda-gostuje-u-sredisnjoj-knjiznici\/#breadcrumb"},"inLanguage":"hr","potentialAction":[{"@type":"ReadAction","target":["http:\/\/pulskasvakodnevnica.com\/index.php\/2026\/03\/03\/19-godisnja-izlozba-dhkp-a-od-izvornika-do-prijevoda-gostuje-u-sredisnjoj-knjiznici\/"]}]},{"@type":"BreadcrumbList","@id":"http:\/\/pulskasvakodnevnica.com\/index.php\/2026\/03\/03\/19-godisnja-izlozba-dhkp-a-od-izvornika-do-prijevoda-gostuje-u-sredisnjoj-knjiznici\/#breadcrumb","itemListElement":[{"@type":"ListItem","position":1,"name":"Po\u010detna stranica","item":"http:\/\/pulskasvakodnevnica.com\/"},{"@type":"ListItem","position":2,"name":"19. godi\u0161nja izlo\u017eba DHKP-a &#8220;Od izvornika do prijevoda&#8221; gostuje u Sredi\u0161njoj knji\u017enici"}]},{"@type":"WebSite","@id":"http:\/\/pulskasvakodnevnica.com\/#website","url":"http:\/\/pulskasvakodnevnica.com\/","name":"Pulska Svakodnevnica","description":"Vijesti iz Pule i Istre","potentialAction":[{"@type":"SearchAction","target":{"@type":"EntryPoint","urlTemplate":"http:\/\/pulskasvakodnevnica.com\/?s={search_term_string}"},"query-input":"required name=search_term_string"}],"inLanguage":"hr"},{"@type":"Person","@id":"http:\/\/pulskasvakodnevnica.com\/#\/schema\/person\/95941daf7dfab0e8fd012b0d88608a3f","name":"Pulska Svakodnevnica"}]}},"_links":{"self":[{"href":"http:\/\/pulskasvakodnevnica.com\/index.php\/wp-json\/wp\/v2\/posts\/50187"}],"collection":[{"href":"http:\/\/pulskasvakodnevnica.com\/index.php\/wp-json\/wp\/v2\/posts"}],"about":[{"href":"http:\/\/pulskasvakodnevnica.com\/index.php\/wp-json\/wp\/v2\/types\/post"}],"author":[{"embeddable":true,"href":"http:\/\/pulskasvakodnevnica.com\/index.php\/wp-json\/wp\/v2\/users\/1"}],"replies":[{"embeddable":true,"href":"http:\/\/pulskasvakodnevnica.com\/index.php\/wp-json\/wp\/v2\/comments?post=50187"}],"version-history":[{"count":1,"href":"http:\/\/pulskasvakodnevnica.com\/index.php\/wp-json\/wp\/v2\/posts\/50187\/revisions"}],"predecessor-version":[{"id":50189,"href":"http:\/\/pulskasvakodnevnica.com\/index.php\/wp-json\/wp\/v2\/posts\/50187\/revisions\/50189"}],"wp:featuredmedia":[{"embeddable":true,"href":"http:\/\/pulskasvakodnevnica.com\/index.php\/wp-json\/wp\/v2\/media\/50188"}],"wp:attachment":[{"href":"http:\/\/pulskasvakodnevnica.com\/index.php\/wp-json\/wp\/v2\/media?parent=50187"}],"wp:term":[{"taxonomy":"category","embeddable":true,"href":"http:\/\/pulskasvakodnevnica.com\/index.php\/wp-json\/wp\/v2\/categories?post=50187"},{"taxonomy":"post_tag","embeddable":true,"href":"http:\/\/pulskasvakodnevnica.com\/index.php\/wp-json\/wp\/v2\/tags?post=50187"}],"curies":[{"name":"wp","href":"https:\/\/api.w.org\/{rel}","templated":true}]}}