{"id":50818,"date":"2026-04-27T10:53:32","date_gmt":"2026-04-27T08:53:32","guid":{"rendered":"http:\/\/pulskasvakodnevnica.com\/?p=50818"},"modified":"2026-04-27T10:53:32","modified_gmt":"2026-04-27T08:53:32","slug":"uz-dan-grada-pule-predavanje-vojne-uprave-u-istri-1945-1947","status":"publish","type":"post","link":"http:\/\/pulskasvakodnevnica.com\/index.php\/2026\/04\/27\/uz-dan-grada-pule-predavanje-vojne-uprave-u-istri-1945-1947\/","title":{"rendered":"Uz Dan grada Pule: predavanje &#8221;Vojne uprave u Istri 1945. &#8211; 1947.&#8221;"},"content":{"rendered":"\n<p>Foto: Gradska knji\u017enica i \u010ditaonica Pula<\/p>\n\n\n\n<p>U srijedu, <strong>29. travnja 2026. u 10 sati<\/strong> <strong>dr. sc. Vedran Dukovski <\/strong>odr\u017eat \u0107e predavanje <strong><em>Vojne uprave u Istri 1945. &#8211; 1947.<\/em><\/strong> u <strong>\u010citaonici Kluba umirovljenika Pula.&nbsp;<\/strong>Predavanje se odr\u017eava u sklopu programa <em>Dana grada Pule<\/em>.<\/p>\n\n\n\n<p>Potpisivanjem Beogradskog sporazuma i sporazuma u Duinu u lipnju 1945., jugoslavenske su se snage 12. lipnja povukle iz Pule i njezine u\u017ee okolice te iz Trsta i okolnog podru\u010dja. Budu\u0107i da dr\u017eavno-pravni status Julijske krajine nije bio rije\u0161en, uspostavljene su vojne okupacijske uprave. Istra, Slovensko primorje i grad Rijeka u\u0161li su u sastav Zone B Julijske krajine, kojom je upravljala Vojna uprava Jugoslavenske armije. Grad Pula s bli\u017eom okolicom, kao i Trst i Gorica s povezanim podru\u010djem, pripali su Zoni A pod upravom Savezni\u010dke vojne uprave (Allied Military Government). Ova podjela potrajala je do 15. rujna 1947. kada je na snagu stupila provedba Mirovnog ugovora izme\u0111u Jugoslavije i Italije.<\/p>\n\n\n\n<p><strong>Vedran Dukovski<\/strong> (Pula, 1987.), dr. sc., zaposlen je kao arhivist u Dr\u017eavnom arhivu u Pazinu. Diplomirao je studij povijesti na Sveu\u010dili\u0161tu Jurja Dobrile te doktorirao na Filozofskom fakultetu Sveu\u010dili\u0161ta u Zagrebu. U\u017ee podru\u010dje njegova znanstvena istra\u017eivanja odnosi se na dru\u0161tvene, gospodarske i politi\u010dke procese u Istri 1945. &#8211; 1947., odnosno od kraja rata do priklju\u010denja Jugoslaviji. Objavio je jednu knjigu u koautorstvu i vi\u0161e znanstvenih radova te sudjelovao na nekoliko znanstvenih skupova.&#8217;<\/p>\n\n\n\n<p>(PS)<\/p>\n","protected":false},"excerpt":{"rendered":"<p>Foto: Gradska knji\u017enica i \u010ditaonica Pula U srijedu, 29. travnja 2026. u 10 sati dr. sc. Vedran Dukovski odr\u017eat \u0107e<\/p>\n","protected":false},"author":1,"featured_media":50819,"comment_status":"open","ping_status":"closed","sticky":false,"template":"","format":"standard","meta":{"_mi_skip_tracking":false,"footnotes":""},"categories":[1,99],"tags":[110,355],"yoast_head":"<!-- This site is optimized with the Yoast SEO plugin v20.4 - https:\/\/yoast.com\/wordpress\/plugins\/seo\/ -->\n<title>Uz Dan grada Pule: predavanje &#039;&#039;Vojne uprave u Istri 1945. - 1947.&#039;&#039; - Pulska Svakodnevnica<\/title>\n<meta name=\"robots\" content=\"index, follow, max-snippet:-1, max-image-preview:large, max-video-preview:-1\" \/>\n<link rel=\"canonical\" href=\"http:\/\/pulskasvakodnevnica.com\/index.php\/2026\/04\/27\/uz-dan-grada-pule-predavanje-vojne-uprave-u-istri-1945-1947\/\" \/>\n<meta property=\"og:locale\" content=\"hr_HR\" \/>\n<meta property=\"og:type\" content=\"article\" \/>\n<meta property=\"og:title\" content=\"Uz Dan grada Pule: predavanje &#039;&#039;Vojne uprave u Istri 1945. - 1947.&#039;&#039; - Pulska Svakodnevnica\" \/>\n<meta property=\"og:description\" content=\"Foto: Gradska knji\u017enica i \u010ditaonica Pula U srijedu, 29. travnja 2026. u 10 sati dr. sc. Vedran Dukovski odr\u017eat \u0107e\" \/>\n<meta property=\"og:url\" content=\"http:\/\/pulskasvakodnevnica.com\/index.php\/2026\/04\/27\/uz-dan-grada-pule-predavanje-vojne-uprave-u-istri-1945-1947\/\" \/>\n<meta property=\"og:site_name\" content=\"Pulska Svakodnevnica\" \/>\n<meta property=\"article:publisher\" content=\"https:\/\/www.facebook.com\/PulskaSvakodnevnicaNews\" \/>\n<meta property=\"article:published_time\" content=\"2026-04-27T08:53:32+00:00\" \/>\n<meta property=\"og:image\" content=\"http:\/\/pulskasvakodnevnica.com\/wp-content\/uploads\/2026\/04\/predavanje-vedran_dukovski.png\" \/>\n\t<meta property=\"og:image:width\" content=\"1587\" \/>\n\t<meta property=\"og:image:height\" content=\"2245\" \/>\n\t<meta property=\"og:image:type\" content=\"image\/png\" \/>\n<meta name=\"author\" content=\"Pulska Svakodnevnica\" \/>\n<meta name=\"twitter:card\" content=\"summary_large_image\" \/>\n<meta name=\"twitter:label1\" content=\"Napisao\/la\" \/>\n\t<meta name=\"twitter:data1\" content=\"Pulska Svakodnevnica\" \/>\n\t<meta name=\"twitter:label2\" content=\"Procijenjeno vrijeme \u010ditanja\" \/>\n\t<meta name=\"twitter:data2\" content=\"2 minute\" \/>\n<script type=\"application\/ld+json\" class=\"yoast-schema-graph\">{\"@context\":\"https:\/\/schema.org\",\"@graph\":[{\"@type\":\"WebPage\",\"@id\":\"http:\/\/pulskasvakodnevnica.com\/index.php\/2026\/04\/27\/uz-dan-grada-pule-predavanje-vojne-uprave-u-istri-1945-1947\/\",\"url\":\"http:\/\/pulskasvakodnevnica.com\/index.php\/2026\/04\/27\/uz-dan-grada-pule-predavanje-vojne-uprave-u-istri-1945-1947\/\",\"name\":\"Uz Dan grada Pule: predavanje ''Vojne uprave u Istri 1945. - 1947.'' - Pulska Svakodnevnica\",\"isPartOf\":{\"@id\":\"http:\/\/pulskasvakodnevnica.com\/#website\"},\"datePublished\":\"2026-04-27T08:53:32+00:00\",\"dateModified\":\"2026-04-27T08:53:32+00:00\",\"author\":{\"@id\":\"http:\/\/pulskasvakodnevnica.com\/#\/schema\/person\/95941daf7dfab0e8fd012b0d88608a3f\"},\"breadcrumb\":{\"@id\":\"http:\/\/pulskasvakodnevnica.com\/index.php\/2026\/04\/27\/uz-dan-grada-pule-predavanje-vojne-uprave-u-istri-1945-1947\/#breadcrumb\"},\"inLanguage\":\"hr\",\"potentialAction\":[{\"@type\":\"ReadAction\",\"target\":[\"http:\/\/pulskasvakodnevnica.com\/index.php\/2026\/04\/27\/uz-dan-grada-pule-predavanje-vojne-uprave-u-istri-1945-1947\/\"]}]},{\"@type\":\"BreadcrumbList\",\"@id\":\"http:\/\/pulskasvakodnevnica.com\/index.php\/2026\/04\/27\/uz-dan-grada-pule-predavanje-vojne-uprave-u-istri-1945-1947\/#breadcrumb\",\"itemListElement\":[{\"@type\":\"ListItem\",\"position\":1,\"name\":\"Po\u010detna stranica\",\"item\":\"http:\/\/pulskasvakodnevnica.com\/\"},{\"@type\":\"ListItem\",\"position\":2,\"name\":\"Uz Dan grada Pule: predavanje &#8221;Vojne uprave u Istri 1945. &#8211; 1947.&#8221;\"}]},{\"@type\":\"WebSite\",\"@id\":\"http:\/\/pulskasvakodnevnica.com\/#website\",\"url\":\"http:\/\/pulskasvakodnevnica.com\/\",\"name\":\"Pulska Svakodnevnica\",\"description\":\"Vijesti iz Pule i Istre\",\"potentialAction\":[{\"@type\":\"SearchAction\",\"target\":{\"@type\":\"EntryPoint\",\"urlTemplate\":\"http:\/\/pulskasvakodnevnica.com\/?s={search_term_string}\"},\"query-input\":\"required name=search_term_string\"}],\"inLanguage\":\"hr\"},{\"@type\":\"Person\",\"@id\":\"http:\/\/pulskasvakodnevnica.com\/#\/schema\/person\/95941daf7dfab0e8fd012b0d88608a3f\",\"name\":\"Pulska Svakodnevnica\"}]}<\/script>\n<!-- \/ Yoast SEO plugin. -->","yoast_head_json":{"title":"Uz Dan grada Pule: predavanje ''Vojne uprave u Istri 1945. - 1947.'' - Pulska Svakodnevnica","robots":{"index":"index","follow":"follow","max-snippet":"max-snippet:-1","max-image-preview":"max-image-preview:large","max-video-preview":"max-video-preview:-1"},"canonical":"http:\/\/pulskasvakodnevnica.com\/index.php\/2026\/04\/27\/uz-dan-grada-pule-predavanje-vojne-uprave-u-istri-1945-1947\/","og_locale":"hr_HR","og_type":"article","og_title":"Uz Dan grada Pule: predavanje ''Vojne uprave u Istri 1945. - 1947.'' - Pulska Svakodnevnica","og_description":"Foto: Gradska knji\u017enica i \u010ditaonica Pula U srijedu, 29. travnja 2026. u 10 sati dr. sc. Vedran Dukovski odr\u017eat \u0107e","og_url":"http:\/\/pulskasvakodnevnica.com\/index.php\/2026\/04\/27\/uz-dan-grada-pule-predavanje-vojne-uprave-u-istri-1945-1947\/","og_site_name":"Pulska Svakodnevnica","article_publisher":"https:\/\/www.facebook.com\/PulskaSvakodnevnicaNews","article_published_time":"2026-04-27T08:53:32+00:00","og_image":[{"width":1587,"height":2245,"url":"http:\/\/pulskasvakodnevnica.com\/wp-content\/uploads\/2026\/04\/predavanje-vedran_dukovski.png","type":"image\/png"}],"author":"Pulska Svakodnevnica","twitter_card":"summary_large_image","twitter_misc":{"Napisao\/la":"Pulska Svakodnevnica","Procijenjeno vrijeme \u010ditanja":"2 minute"},"schema":{"@context":"https:\/\/schema.org","@graph":[{"@type":"WebPage","@id":"http:\/\/pulskasvakodnevnica.com\/index.php\/2026\/04\/27\/uz-dan-grada-pule-predavanje-vojne-uprave-u-istri-1945-1947\/","url":"http:\/\/pulskasvakodnevnica.com\/index.php\/2026\/04\/27\/uz-dan-grada-pule-predavanje-vojne-uprave-u-istri-1945-1947\/","name":"Uz Dan grada Pule: predavanje ''Vojne uprave u Istri 1945. - 1947.'' - Pulska Svakodnevnica","isPartOf":{"@id":"http:\/\/pulskasvakodnevnica.com\/#website"},"datePublished":"2026-04-27T08:53:32+00:00","dateModified":"2026-04-27T08:53:32+00:00","author":{"@id":"http:\/\/pulskasvakodnevnica.com\/#\/schema\/person\/95941daf7dfab0e8fd012b0d88608a3f"},"breadcrumb":{"@id":"http:\/\/pulskasvakodnevnica.com\/index.php\/2026\/04\/27\/uz-dan-grada-pule-predavanje-vojne-uprave-u-istri-1945-1947\/#breadcrumb"},"inLanguage":"hr","potentialAction":[{"@type":"ReadAction","target":["http:\/\/pulskasvakodnevnica.com\/index.php\/2026\/04\/27\/uz-dan-grada-pule-predavanje-vojne-uprave-u-istri-1945-1947\/"]}]},{"@type":"BreadcrumbList","@id":"http:\/\/pulskasvakodnevnica.com\/index.php\/2026\/04\/27\/uz-dan-grada-pule-predavanje-vojne-uprave-u-istri-1945-1947\/#breadcrumb","itemListElement":[{"@type":"ListItem","position":1,"name":"Po\u010detna stranica","item":"http:\/\/pulskasvakodnevnica.com\/"},{"@type":"ListItem","position":2,"name":"Uz Dan grada Pule: predavanje &#8221;Vojne uprave u Istri 1945. &#8211; 1947.&#8221;"}]},{"@type":"WebSite","@id":"http:\/\/pulskasvakodnevnica.com\/#website","url":"http:\/\/pulskasvakodnevnica.com\/","name":"Pulska Svakodnevnica","description":"Vijesti iz Pule i Istre","potentialAction":[{"@type":"SearchAction","target":{"@type":"EntryPoint","urlTemplate":"http:\/\/pulskasvakodnevnica.com\/?s={search_term_string}"},"query-input":"required name=search_term_string"}],"inLanguage":"hr"},{"@type":"Person","@id":"http:\/\/pulskasvakodnevnica.com\/#\/schema\/person\/95941daf7dfab0e8fd012b0d88608a3f","name":"Pulska Svakodnevnica"}]}},"_links":{"self":[{"href":"http:\/\/pulskasvakodnevnica.com\/index.php\/wp-json\/wp\/v2\/posts\/50818"}],"collection":[{"href":"http:\/\/pulskasvakodnevnica.com\/index.php\/wp-json\/wp\/v2\/posts"}],"about":[{"href":"http:\/\/pulskasvakodnevnica.com\/index.php\/wp-json\/wp\/v2\/types\/post"}],"author":[{"embeddable":true,"href":"http:\/\/pulskasvakodnevnica.com\/index.php\/wp-json\/wp\/v2\/users\/1"}],"replies":[{"embeddable":true,"href":"http:\/\/pulskasvakodnevnica.com\/index.php\/wp-json\/wp\/v2\/comments?post=50818"}],"version-history":[{"count":1,"href":"http:\/\/pulskasvakodnevnica.com\/index.php\/wp-json\/wp\/v2\/posts\/50818\/revisions"}],"predecessor-version":[{"id":50820,"href":"http:\/\/pulskasvakodnevnica.com\/index.php\/wp-json\/wp\/v2\/posts\/50818\/revisions\/50820"}],"wp:featuredmedia":[{"embeddable":true,"href":"http:\/\/pulskasvakodnevnica.com\/index.php\/wp-json\/wp\/v2\/media\/50819"}],"wp:attachment":[{"href":"http:\/\/pulskasvakodnevnica.com\/index.php\/wp-json\/wp\/v2\/media?parent=50818"}],"wp:term":[{"taxonomy":"category","embeddable":true,"href":"http:\/\/pulskasvakodnevnica.com\/index.php\/wp-json\/wp\/v2\/categories?post=50818"},{"taxonomy":"post_tag","embeddable":true,"href":"http:\/\/pulskasvakodnevnica.com\/index.php\/wp-json\/wp\/v2\/tags?post=50818"}],"curies":[{"name":"wp","href":"https:\/\/api.w.org\/{rel}","templated":true}]}}