{"id":50821,"date":"2026-04-27T11:24:44","date_gmt":"2026-04-27T09:24:44","guid":{"rendered":"http:\/\/pulskasvakodnevnica.com\/?p=50821"},"modified":"2026-04-27T11:24:45","modified_gmt":"2026-04-27T09:24:45","slug":"izvan-kadra-s-danilom-serbedzijom","status":"publish","type":"post","link":"http:\/\/pulskasvakodnevnica.com\/index.php\/2026\/04\/27\/izvan-kadra-s-danilom-serbedzijom\/","title":{"rendered":"Izvan kadra s Danilom \u0160erbed\u017eijom"},"content":{"rendered":"\n<p class=\"has-text-align-center\"><strong>U Puli po\u010dinje ciklus razgovora s redateljima i glumcima \u201eIzvan kadra\u201c<\/strong><\/p>\n\n\n\n<p>U Puli zapo\u010dinje novi ciklus filmskog programa <strong>\u201eIzvan kadra\u201c<\/strong>, u organizaciji Srpskog kulturnog dru\u0161tva Prosvjeta \u2013 Pododbora Pula, koji donosi susrete s istaknutim filmskim autorima uz razgovore i projekcije njihovih filmova.<\/p>\n\n\n\n<p><strong>Program otvara susret s redateljem Danilom \u0160erbed\u017eijom<\/strong>, koji \u0107e se odr\u017eati u <strong>srijedu, 29. travnja 2026. s po\u010detkom u 19 sati u Caffe baru La Resistance u Puli<\/strong>. U prvom dijelu ve\u010deri profesor povijesti i filmofil <strong>Igor \u0160aponja<\/strong> vodit \u0107e <strong>razgovor s redateljem<\/strong> o njegovu filmskom radu, ali i o \u0161irem kontekstu \u2013 temama iz svakodnevice, glazbe i sporta. Nakon razgovora slijedi <strong>projekcija filma <\/strong><strong>\u201e72 dana\u201c<\/strong>.<\/p>\n\n\n\n<p>Danilo \u0160erbed\u017eija (Zagreb, 1971.) hrvatski je filmski redatelj, autor filmova <em>72 dana<\/em> (2010.), <em>Oslobo\u0111enje Skoplja<\/em> (2016.), <em>Tereza37<\/em> (2020.) i <em>Dra\u017een<\/em> (2024.). Za film <em>Tereza37<\/em> nagra\u0111en je Velikom zlatnom arenom za najbolji film i Zlatnom arenom za re\u017eiju na Pulskom filmskom festivalu, kao i Nagradom \u201eVladimir Nazor\u201c.<\/p>\n\n\n\n<p>Ovo je prvo od ukupno pet planiranih doga\u0111anja u sklopu ciklusa u okviru koje\u0107 sutijekom godine predvi\u0111ena i gostovanja redatelja Rajka Grli\u0107a (<em>Karaula<\/em>), Gorana Gaji\u0107a (<em>Kako je propao Rock&#8217;n&#8217;Roll<\/em>), Predraga Li\u010dine (<em>Posljednji Srbin u Hrvatskoj<\/em>) i Igora Gala (autorski film).<\/p>\n\n\n\n<p>Ulaz na sva doga\u0111anja je slobodan, a program je otvoren za sve zainteresirane. Provodi se uz podr\u0161ku Odjela za kulturu i civilno dru\u0161tvo Grada Pule i Savjeta za nacionalne manjine Republike Hrvatske.<\/p>\n\n\n\n<p>(PS)<\/p>\n","protected":false},"excerpt":{"rendered":"<p>U Puli po\u010dinje ciklus razgovora s redateljima i glumcima \u201eIzvan kadra\u201c U Puli zapo\u010dinje novi ciklus filmskog programa \u201eIzvan kadra\u201c,<\/p>\n","protected":false},"author":1,"featured_media":50822,"comment_status":"open","ping_status":"closed","sticky":false,"template":"","format":"standard","meta":{"_mi_skip_tracking":false,"footnotes":""},"categories":[1,99],"tags":[110,355],"yoast_head":"<!-- This site is optimized with the Yoast SEO plugin v20.4 - https:\/\/yoast.com\/wordpress\/plugins\/seo\/ -->\n<title>Izvan kadra s Danilom \u0160erbed\u017eijom - Pulska Svakodnevnica<\/title>\n<meta name=\"robots\" content=\"index, follow, max-snippet:-1, max-image-preview:large, max-video-preview:-1\" \/>\n<link rel=\"canonical\" href=\"http:\/\/pulskasvakodnevnica.com\/index.php\/2026\/04\/27\/izvan-kadra-s-danilom-serbedzijom\/\" \/>\n<meta property=\"og:locale\" content=\"hr_HR\" \/>\n<meta property=\"og:type\" content=\"article\" \/>\n<meta property=\"og:title\" content=\"Izvan kadra s Danilom \u0160erbed\u017eijom - Pulska Svakodnevnica\" \/>\n<meta property=\"og:description\" content=\"U Puli po\u010dinje ciklus razgovora s redateljima i glumcima \u201eIzvan kadra\u201c U Puli zapo\u010dinje novi ciklus filmskog programa \u201eIzvan kadra\u201c,\" \/>\n<meta property=\"og:url\" content=\"http:\/\/pulskasvakodnevnica.com\/index.php\/2026\/04\/27\/izvan-kadra-s-danilom-serbedzijom\/\" \/>\n<meta property=\"og:site_name\" content=\"Pulska Svakodnevnica\" \/>\n<meta property=\"article:publisher\" content=\"https:\/\/www.facebook.com\/PulskaSvakodnevnicaNews\" \/>\n<meta property=\"article:published_time\" content=\"2026-04-27T09:24:44+00:00\" \/>\n<meta property=\"article:modified_time\" content=\"2026-04-27T09:24:45+00:00\" \/>\n<meta property=\"og:image\" content=\"http:\/\/pulskasvakodnevnica.com\/wp-content\/uploads\/2026\/04\/Pozivnica-Serbedzija-vodoravno_page-0001-scaled.jpg\" \/>\n\t<meta property=\"og:image:width\" content=\"2560\" \/>\n\t<meta property=\"og:image:height\" content=\"1440\" \/>\n\t<meta property=\"og:image:type\" content=\"image\/jpeg\" \/>\n<meta name=\"author\" content=\"Pulska Svakodnevnica\" \/>\n<meta name=\"twitter:card\" content=\"summary_large_image\" \/>\n<meta name=\"twitter:label1\" content=\"Napisao\/la\" \/>\n\t<meta name=\"twitter:data1\" content=\"Pulska Svakodnevnica\" \/>\n\t<meta name=\"twitter:label2\" content=\"Procijenjeno vrijeme \u010ditanja\" \/>\n\t<meta name=\"twitter:data2\" content=\"2 minute\" \/>\n<script type=\"application\/ld+json\" class=\"yoast-schema-graph\">{\"@context\":\"https:\/\/schema.org\",\"@graph\":[{\"@type\":\"WebPage\",\"@id\":\"http:\/\/pulskasvakodnevnica.com\/index.php\/2026\/04\/27\/izvan-kadra-s-danilom-serbedzijom\/\",\"url\":\"http:\/\/pulskasvakodnevnica.com\/index.php\/2026\/04\/27\/izvan-kadra-s-danilom-serbedzijom\/\",\"name\":\"Izvan kadra s Danilom \u0160erbed\u017eijom - Pulska Svakodnevnica\",\"isPartOf\":{\"@id\":\"http:\/\/pulskasvakodnevnica.com\/#website\"},\"datePublished\":\"2026-04-27T09:24:44+00:00\",\"dateModified\":\"2026-04-27T09:24:45+00:00\",\"author\":{\"@id\":\"http:\/\/pulskasvakodnevnica.com\/#\/schema\/person\/95941daf7dfab0e8fd012b0d88608a3f\"},\"breadcrumb\":{\"@id\":\"http:\/\/pulskasvakodnevnica.com\/index.php\/2026\/04\/27\/izvan-kadra-s-danilom-serbedzijom\/#breadcrumb\"},\"inLanguage\":\"hr\",\"potentialAction\":[{\"@type\":\"ReadAction\",\"target\":[\"http:\/\/pulskasvakodnevnica.com\/index.php\/2026\/04\/27\/izvan-kadra-s-danilom-serbedzijom\/\"]}]},{\"@type\":\"BreadcrumbList\",\"@id\":\"http:\/\/pulskasvakodnevnica.com\/index.php\/2026\/04\/27\/izvan-kadra-s-danilom-serbedzijom\/#breadcrumb\",\"itemListElement\":[{\"@type\":\"ListItem\",\"position\":1,\"name\":\"Po\u010detna stranica\",\"item\":\"http:\/\/pulskasvakodnevnica.com\/\"},{\"@type\":\"ListItem\",\"position\":2,\"name\":\"Izvan kadra s Danilom \u0160erbed\u017eijom\"}]},{\"@type\":\"WebSite\",\"@id\":\"http:\/\/pulskasvakodnevnica.com\/#website\",\"url\":\"http:\/\/pulskasvakodnevnica.com\/\",\"name\":\"Pulska Svakodnevnica\",\"description\":\"Vijesti iz Pule i Istre\",\"potentialAction\":[{\"@type\":\"SearchAction\",\"target\":{\"@type\":\"EntryPoint\",\"urlTemplate\":\"http:\/\/pulskasvakodnevnica.com\/?s={search_term_string}\"},\"query-input\":\"required name=search_term_string\"}],\"inLanguage\":\"hr\"},{\"@type\":\"Person\",\"@id\":\"http:\/\/pulskasvakodnevnica.com\/#\/schema\/person\/95941daf7dfab0e8fd012b0d88608a3f\",\"name\":\"Pulska Svakodnevnica\"}]}<\/script>\n<!-- \/ Yoast SEO plugin. -->","yoast_head_json":{"title":"Izvan kadra s Danilom \u0160erbed\u017eijom - Pulska Svakodnevnica","robots":{"index":"index","follow":"follow","max-snippet":"max-snippet:-1","max-image-preview":"max-image-preview:large","max-video-preview":"max-video-preview:-1"},"canonical":"http:\/\/pulskasvakodnevnica.com\/index.php\/2026\/04\/27\/izvan-kadra-s-danilom-serbedzijom\/","og_locale":"hr_HR","og_type":"article","og_title":"Izvan kadra s Danilom \u0160erbed\u017eijom - Pulska Svakodnevnica","og_description":"U Puli po\u010dinje ciklus razgovora s redateljima i glumcima \u201eIzvan kadra\u201c U Puli zapo\u010dinje novi ciklus filmskog programa \u201eIzvan kadra\u201c,","og_url":"http:\/\/pulskasvakodnevnica.com\/index.php\/2026\/04\/27\/izvan-kadra-s-danilom-serbedzijom\/","og_site_name":"Pulska Svakodnevnica","article_publisher":"https:\/\/www.facebook.com\/PulskaSvakodnevnicaNews","article_published_time":"2026-04-27T09:24:44+00:00","article_modified_time":"2026-04-27T09:24:45+00:00","og_image":[{"width":2560,"height":1440,"url":"http:\/\/pulskasvakodnevnica.com\/wp-content\/uploads\/2026\/04\/Pozivnica-Serbedzija-vodoravno_page-0001-scaled.jpg","type":"image\/jpeg"}],"author":"Pulska Svakodnevnica","twitter_card":"summary_large_image","twitter_misc":{"Napisao\/la":"Pulska Svakodnevnica","Procijenjeno vrijeme \u010ditanja":"2 minute"},"schema":{"@context":"https:\/\/schema.org","@graph":[{"@type":"WebPage","@id":"http:\/\/pulskasvakodnevnica.com\/index.php\/2026\/04\/27\/izvan-kadra-s-danilom-serbedzijom\/","url":"http:\/\/pulskasvakodnevnica.com\/index.php\/2026\/04\/27\/izvan-kadra-s-danilom-serbedzijom\/","name":"Izvan kadra s Danilom \u0160erbed\u017eijom - Pulska Svakodnevnica","isPartOf":{"@id":"http:\/\/pulskasvakodnevnica.com\/#website"},"datePublished":"2026-04-27T09:24:44+00:00","dateModified":"2026-04-27T09:24:45+00:00","author":{"@id":"http:\/\/pulskasvakodnevnica.com\/#\/schema\/person\/95941daf7dfab0e8fd012b0d88608a3f"},"breadcrumb":{"@id":"http:\/\/pulskasvakodnevnica.com\/index.php\/2026\/04\/27\/izvan-kadra-s-danilom-serbedzijom\/#breadcrumb"},"inLanguage":"hr","potentialAction":[{"@type":"ReadAction","target":["http:\/\/pulskasvakodnevnica.com\/index.php\/2026\/04\/27\/izvan-kadra-s-danilom-serbedzijom\/"]}]},{"@type":"BreadcrumbList","@id":"http:\/\/pulskasvakodnevnica.com\/index.php\/2026\/04\/27\/izvan-kadra-s-danilom-serbedzijom\/#breadcrumb","itemListElement":[{"@type":"ListItem","position":1,"name":"Po\u010detna stranica","item":"http:\/\/pulskasvakodnevnica.com\/"},{"@type":"ListItem","position":2,"name":"Izvan kadra s Danilom \u0160erbed\u017eijom"}]},{"@type":"WebSite","@id":"http:\/\/pulskasvakodnevnica.com\/#website","url":"http:\/\/pulskasvakodnevnica.com\/","name":"Pulska Svakodnevnica","description":"Vijesti iz Pule i Istre","potentialAction":[{"@type":"SearchAction","target":{"@type":"EntryPoint","urlTemplate":"http:\/\/pulskasvakodnevnica.com\/?s={search_term_string}"},"query-input":"required name=search_term_string"}],"inLanguage":"hr"},{"@type":"Person","@id":"http:\/\/pulskasvakodnevnica.com\/#\/schema\/person\/95941daf7dfab0e8fd012b0d88608a3f","name":"Pulska Svakodnevnica"}]}},"_links":{"self":[{"href":"http:\/\/pulskasvakodnevnica.com\/index.php\/wp-json\/wp\/v2\/posts\/50821"}],"collection":[{"href":"http:\/\/pulskasvakodnevnica.com\/index.php\/wp-json\/wp\/v2\/posts"}],"about":[{"href":"http:\/\/pulskasvakodnevnica.com\/index.php\/wp-json\/wp\/v2\/types\/post"}],"author":[{"embeddable":true,"href":"http:\/\/pulskasvakodnevnica.com\/index.php\/wp-json\/wp\/v2\/users\/1"}],"replies":[{"embeddable":true,"href":"http:\/\/pulskasvakodnevnica.com\/index.php\/wp-json\/wp\/v2\/comments?post=50821"}],"version-history":[{"count":1,"href":"http:\/\/pulskasvakodnevnica.com\/index.php\/wp-json\/wp\/v2\/posts\/50821\/revisions"}],"predecessor-version":[{"id":50823,"href":"http:\/\/pulskasvakodnevnica.com\/index.php\/wp-json\/wp\/v2\/posts\/50821\/revisions\/50823"}],"wp:featuredmedia":[{"embeddable":true,"href":"http:\/\/pulskasvakodnevnica.com\/index.php\/wp-json\/wp\/v2\/media\/50822"}],"wp:attachment":[{"href":"http:\/\/pulskasvakodnevnica.com\/index.php\/wp-json\/wp\/v2\/media?parent=50821"}],"wp:term":[{"taxonomy":"category","embeddable":true,"href":"http:\/\/pulskasvakodnevnica.com\/index.php\/wp-json\/wp\/v2\/categories?post=50821"},{"taxonomy":"post_tag","embeddable":true,"href":"http:\/\/pulskasvakodnevnica.com\/index.php\/wp-json\/wp\/v2\/tags?post=50821"}],"curies":[{"name":"wp","href":"https:\/\/api.w.org\/{rel}","templated":true}]}}