{"id":50824,"date":"2026-04-27T11:26:30","date_gmt":"2026-04-27T09:26:30","guid":{"rendered":"http:\/\/pulskasvakodnevnica.com\/?p=50824"},"modified":"2026-04-27T11:26:31","modified_gmt":"2026-04-27T09:26:31","slug":"predavanje-za-roditelje-u-povodu-medunarodnog-dana-odgoja-bez-batina","status":"publish","type":"post","link":"http:\/\/pulskasvakodnevnica.com\/index.php\/2026\/04\/27\/predavanje-za-roditelje-u-povodu-medunarodnog-dana-odgoja-bez-batina\/","title":{"rendered":"Predavanje za roditelje u povodu Me\u0111unarodnog dana odgoja bez batina"},"content":{"rendered":"\n<p>U srijedu,<strong> 29. travnja 2026. u 17.30 sati u Dje\u010djoj knji\u017enici Jelena Pere\u0161a<\/strong>, stru\u010dna suradnica u sustavu za\u0161tite djece <strong>u Obiteljskom centru &#8211; Podru\u010dnoj slu\u017ebi Istarskoj<\/strong>, odr\u017eat \u0107e se<strong> predavanje za roditelje <\/strong>u&nbsp;povodu <em>Me\u0111unarodnog dana odgoja bez batina<\/em>. Predavanje se organizira s ciljem pru\u017eanja roditeljima konkretnih i suvremenih smjernica o odgoju djece bez fizi\u010dkog ka\u017enjavanja, uz naglasak na razumijevanje, po\u0161tovanje i izgradnju zdravog odnosa s djetetom.<\/p>\n\n\n\n<p>Predavanje \u0107e se baviti&nbsp;odgojnim metodama koje se \u010desto prenose iz generacije u generaciju, propituju\u0107i uvrije\u017eena uvjerenja poput izreke \u201ebatina je iza\u0161la iz raja&#8221;. Kroz razgovor i primjere iz prakse, sudionici \u0107e imati priliku saznati za\u0161to su nekada vika, prijetnje ili fizi\u010dko ka\u017enjavanje bili uobi\u010dajeni, ali i za\u0161to danas postoje u\u010dinkovitiji i primjereniji pristupi odgoju koji uva\u017eavaju djetetov psihi\u010dki i fizi\u010dki integritet.<\/p>\n\n\n\n<p><strong>Poseban naglasak bit \u0107e stavljen na pozitivno roditeljstvo<\/strong> \u2013 pristup koji ne uklju\u010duje batine, ve\u0107 poti\u010de razvoj povjerenja, emocionalne sigurnosti i unutarnje motivacije kod djece. Govorit \u0107e se o tome kako postavljati granice bez straha, kako reagirati u izazovnim situacijama te kako dijete u\u010diti odgovornosti bez ka\u017enjavanja. Cilj je osna\u017eiti roditelje da grade topao i siguran odnos s djetetom, \u010dime se dugoro\u010dno doprinosi razvoju odgovorne i emocionalno stabilne osobe.<\/p>\n\n\n\n<p>Predavanje je zami\u0161ljeno kao otvoren i podr\u017eavaju\u0107i prostor za razmjenu iskustava, bez osu\u0111ivanja, uz naglasak na razumijevanje svakodnevnih izazova roditeljstva. Sudionici mogu o\u010dekivati konkretne savjete i primjere iz stvarnog \u017eivota koji \u0107e im pomo\u0107i u primjeni nau\u010denog.<\/p>\n\n\n\n<p>Roditeljstvo nije jednostavno, ali uz prave informacije i podr\u0161ku mo\u017ee postati ispunjeno ve\u0107im razumijevanjem, povezano\u0161\u0107u i zadovoljstvom \u2013 na dobrobit i roditelja i djece.<\/p>\n\n\n\n<p>(PS)<\/p>\n","protected":false},"excerpt":{"rendered":"<p>U srijedu, 29. travnja 2026. u 17.30 sati u Dje\u010djoj knji\u017enici Jelena Pere\u0161a, stru\u010dna suradnica u sustavu za\u0161tite djece u<\/p>\n","protected":false},"author":1,"featured_media":50825,"comment_status":"open","ping_status":"closed","sticky":false,"template":"","format":"standard","meta":{"_mi_skip_tracking":false,"footnotes":""},"categories":[1,99],"tags":[110,355],"yoast_head":"<!-- This site is optimized with the Yoast SEO plugin v20.4 - https:\/\/yoast.com\/wordpress\/plugins\/seo\/ -->\n<title>Predavanje za roditelje u povodu Me\u0111unarodnog dana odgoja bez batina - Pulska Svakodnevnica<\/title>\n<meta name=\"robots\" content=\"index, follow, max-snippet:-1, max-image-preview:large, max-video-preview:-1\" \/>\n<link rel=\"canonical\" href=\"http:\/\/pulskasvakodnevnica.com\/index.php\/2026\/04\/27\/predavanje-za-roditelje-u-povodu-medunarodnog-dana-odgoja-bez-batina\/\" \/>\n<meta property=\"og:locale\" content=\"hr_HR\" \/>\n<meta property=\"og:type\" content=\"article\" \/>\n<meta property=\"og:title\" content=\"Predavanje za roditelje u povodu Me\u0111unarodnog dana odgoja bez batina - Pulska Svakodnevnica\" \/>\n<meta property=\"og:description\" content=\"U srijedu, 29. travnja 2026. u 17.30 sati u Dje\u010djoj knji\u017enici Jelena Pere\u0161a, stru\u010dna suradnica u sustavu za\u0161tite djece u\" \/>\n<meta property=\"og:url\" content=\"http:\/\/pulskasvakodnevnica.com\/index.php\/2026\/04\/27\/predavanje-za-roditelje-u-povodu-medunarodnog-dana-odgoja-bez-batina\/\" \/>\n<meta property=\"og:site_name\" content=\"Pulska Svakodnevnica\" \/>\n<meta property=\"article:publisher\" content=\"https:\/\/www.facebook.com\/PulskaSvakodnevnicaNews\" \/>\n<meta property=\"article:published_time\" content=\"2026-04-27T09:26:30+00:00\" \/>\n<meta property=\"article:modified_time\" content=\"2026-04-27T09:26:31+00:00\" \/>\n<meta property=\"og:image\" content=\"http:\/\/pulskasvakodnevnica.com\/wp-content\/uploads\/2026\/04\/PREDAVANJE-ZA-RODITELJE.png\" \/>\n\t<meta property=\"og:image:width\" content=\"1587\" \/>\n\t<meta property=\"og:image:height\" content=\"2245\" \/>\n\t<meta property=\"og:image:type\" content=\"image\/png\" \/>\n<meta name=\"author\" content=\"Pulska Svakodnevnica\" \/>\n<meta name=\"twitter:card\" content=\"summary_large_image\" \/>\n<meta name=\"twitter:label1\" content=\"Napisao\/la\" \/>\n\t<meta name=\"twitter:data1\" content=\"Pulska Svakodnevnica\" \/>\n\t<meta name=\"twitter:label2\" content=\"Procijenjeno vrijeme \u010ditanja\" \/>\n\t<meta name=\"twitter:data2\" content=\"2 minute\" \/>\n<script type=\"application\/ld+json\" class=\"yoast-schema-graph\">{\"@context\":\"https:\/\/schema.org\",\"@graph\":[{\"@type\":\"WebPage\",\"@id\":\"http:\/\/pulskasvakodnevnica.com\/index.php\/2026\/04\/27\/predavanje-za-roditelje-u-povodu-medunarodnog-dana-odgoja-bez-batina\/\",\"url\":\"http:\/\/pulskasvakodnevnica.com\/index.php\/2026\/04\/27\/predavanje-za-roditelje-u-povodu-medunarodnog-dana-odgoja-bez-batina\/\",\"name\":\"Predavanje za roditelje u povodu Me\u0111unarodnog dana odgoja bez batina - Pulska Svakodnevnica\",\"isPartOf\":{\"@id\":\"http:\/\/pulskasvakodnevnica.com\/#website\"},\"datePublished\":\"2026-04-27T09:26:30+00:00\",\"dateModified\":\"2026-04-27T09:26:31+00:00\",\"author\":{\"@id\":\"http:\/\/pulskasvakodnevnica.com\/#\/schema\/person\/95941daf7dfab0e8fd012b0d88608a3f\"},\"breadcrumb\":{\"@id\":\"http:\/\/pulskasvakodnevnica.com\/index.php\/2026\/04\/27\/predavanje-za-roditelje-u-povodu-medunarodnog-dana-odgoja-bez-batina\/#breadcrumb\"},\"inLanguage\":\"hr\",\"potentialAction\":[{\"@type\":\"ReadAction\",\"target\":[\"http:\/\/pulskasvakodnevnica.com\/index.php\/2026\/04\/27\/predavanje-za-roditelje-u-povodu-medunarodnog-dana-odgoja-bez-batina\/\"]}]},{\"@type\":\"BreadcrumbList\",\"@id\":\"http:\/\/pulskasvakodnevnica.com\/index.php\/2026\/04\/27\/predavanje-za-roditelje-u-povodu-medunarodnog-dana-odgoja-bez-batina\/#breadcrumb\",\"itemListElement\":[{\"@type\":\"ListItem\",\"position\":1,\"name\":\"Po\u010detna stranica\",\"item\":\"http:\/\/pulskasvakodnevnica.com\/\"},{\"@type\":\"ListItem\",\"position\":2,\"name\":\"Predavanje za roditelje u povodu Me\u0111unarodnog dana odgoja bez batina\"}]},{\"@type\":\"WebSite\",\"@id\":\"http:\/\/pulskasvakodnevnica.com\/#website\",\"url\":\"http:\/\/pulskasvakodnevnica.com\/\",\"name\":\"Pulska Svakodnevnica\",\"description\":\"Vijesti iz Pule i Istre\",\"potentialAction\":[{\"@type\":\"SearchAction\",\"target\":{\"@type\":\"EntryPoint\",\"urlTemplate\":\"http:\/\/pulskasvakodnevnica.com\/?s={search_term_string}\"},\"query-input\":\"required name=search_term_string\"}],\"inLanguage\":\"hr\"},{\"@type\":\"Person\",\"@id\":\"http:\/\/pulskasvakodnevnica.com\/#\/schema\/person\/95941daf7dfab0e8fd012b0d88608a3f\",\"name\":\"Pulska Svakodnevnica\"}]}<\/script>\n<!-- \/ Yoast SEO plugin. -->","yoast_head_json":{"title":"Predavanje za roditelje u povodu Me\u0111unarodnog dana odgoja bez batina - Pulska Svakodnevnica","robots":{"index":"index","follow":"follow","max-snippet":"max-snippet:-1","max-image-preview":"max-image-preview:large","max-video-preview":"max-video-preview:-1"},"canonical":"http:\/\/pulskasvakodnevnica.com\/index.php\/2026\/04\/27\/predavanje-za-roditelje-u-povodu-medunarodnog-dana-odgoja-bez-batina\/","og_locale":"hr_HR","og_type":"article","og_title":"Predavanje za roditelje u povodu Me\u0111unarodnog dana odgoja bez batina - Pulska Svakodnevnica","og_description":"U srijedu, 29. travnja 2026. u 17.30 sati u Dje\u010djoj knji\u017enici Jelena Pere\u0161a, stru\u010dna suradnica u sustavu za\u0161tite djece u","og_url":"http:\/\/pulskasvakodnevnica.com\/index.php\/2026\/04\/27\/predavanje-za-roditelje-u-povodu-medunarodnog-dana-odgoja-bez-batina\/","og_site_name":"Pulska Svakodnevnica","article_publisher":"https:\/\/www.facebook.com\/PulskaSvakodnevnicaNews","article_published_time":"2026-04-27T09:26:30+00:00","article_modified_time":"2026-04-27T09:26:31+00:00","og_image":[{"width":1587,"height":2245,"url":"http:\/\/pulskasvakodnevnica.com\/wp-content\/uploads\/2026\/04\/PREDAVANJE-ZA-RODITELJE.png","type":"image\/png"}],"author":"Pulska Svakodnevnica","twitter_card":"summary_large_image","twitter_misc":{"Napisao\/la":"Pulska Svakodnevnica","Procijenjeno vrijeme \u010ditanja":"2 minute"},"schema":{"@context":"https:\/\/schema.org","@graph":[{"@type":"WebPage","@id":"http:\/\/pulskasvakodnevnica.com\/index.php\/2026\/04\/27\/predavanje-za-roditelje-u-povodu-medunarodnog-dana-odgoja-bez-batina\/","url":"http:\/\/pulskasvakodnevnica.com\/index.php\/2026\/04\/27\/predavanje-za-roditelje-u-povodu-medunarodnog-dana-odgoja-bez-batina\/","name":"Predavanje za roditelje u povodu Me\u0111unarodnog dana odgoja bez batina - Pulska Svakodnevnica","isPartOf":{"@id":"http:\/\/pulskasvakodnevnica.com\/#website"},"datePublished":"2026-04-27T09:26:30+00:00","dateModified":"2026-04-27T09:26:31+00:00","author":{"@id":"http:\/\/pulskasvakodnevnica.com\/#\/schema\/person\/95941daf7dfab0e8fd012b0d88608a3f"},"breadcrumb":{"@id":"http:\/\/pulskasvakodnevnica.com\/index.php\/2026\/04\/27\/predavanje-za-roditelje-u-povodu-medunarodnog-dana-odgoja-bez-batina\/#breadcrumb"},"inLanguage":"hr","potentialAction":[{"@type":"ReadAction","target":["http:\/\/pulskasvakodnevnica.com\/index.php\/2026\/04\/27\/predavanje-za-roditelje-u-povodu-medunarodnog-dana-odgoja-bez-batina\/"]}]},{"@type":"BreadcrumbList","@id":"http:\/\/pulskasvakodnevnica.com\/index.php\/2026\/04\/27\/predavanje-za-roditelje-u-povodu-medunarodnog-dana-odgoja-bez-batina\/#breadcrumb","itemListElement":[{"@type":"ListItem","position":1,"name":"Po\u010detna stranica","item":"http:\/\/pulskasvakodnevnica.com\/"},{"@type":"ListItem","position":2,"name":"Predavanje za roditelje u povodu Me\u0111unarodnog dana odgoja bez batina"}]},{"@type":"WebSite","@id":"http:\/\/pulskasvakodnevnica.com\/#website","url":"http:\/\/pulskasvakodnevnica.com\/","name":"Pulska Svakodnevnica","description":"Vijesti iz Pule i Istre","potentialAction":[{"@type":"SearchAction","target":{"@type":"EntryPoint","urlTemplate":"http:\/\/pulskasvakodnevnica.com\/?s={search_term_string}"},"query-input":"required name=search_term_string"}],"inLanguage":"hr"},{"@type":"Person","@id":"http:\/\/pulskasvakodnevnica.com\/#\/schema\/person\/95941daf7dfab0e8fd012b0d88608a3f","name":"Pulska Svakodnevnica"}]}},"_links":{"self":[{"href":"http:\/\/pulskasvakodnevnica.com\/index.php\/wp-json\/wp\/v2\/posts\/50824"}],"collection":[{"href":"http:\/\/pulskasvakodnevnica.com\/index.php\/wp-json\/wp\/v2\/posts"}],"about":[{"href":"http:\/\/pulskasvakodnevnica.com\/index.php\/wp-json\/wp\/v2\/types\/post"}],"author":[{"embeddable":true,"href":"http:\/\/pulskasvakodnevnica.com\/index.php\/wp-json\/wp\/v2\/users\/1"}],"replies":[{"embeddable":true,"href":"http:\/\/pulskasvakodnevnica.com\/index.php\/wp-json\/wp\/v2\/comments?post=50824"}],"version-history":[{"count":1,"href":"http:\/\/pulskasvakodnevnica.com\/index.php\/wp-json\/wp\/v2\/posts\/50824\/revisions"}],"predecessor-version":[{"id":50826,"href":"http:\/\/pulskasvakodnevnica.com\/index.php\/wp-json\/wp\/v2\/posts\/50824\/revisions\/50826"}],"wp:featuredmedia":[{"embeddable":true,"href":"http:\/\/pulskasvakodnevnica.com\/index.php\/wp-json\/wp\/v2\/media\/50825"}],"wp:attachment":[{"href":"http:\/\/pulskasvakodnevnica.com\/index.php\/wp-json\/wp\/v2\/media?parent=50824"}],"wp:term":[{"taxonomy":"category","embeddable":true,"href":"http:\/\/pulskasvakodnevnica.com\/index.php\/wp-json\/wp\/v2\/categories?post=50824"},{"taxonomy":"post_tag","embeddable":true,"href":"http:\/\/pulskasvakodnevnica.com\/index.php\/wp-json\/wp\/v2\/tags?post=50824"}],"curies":[{"name":"wp","href":"https:\/\/api.w.org\/{rel}","templated":true}]}}