{"id":50854,"date":"2026-04-27T21:28:51","date_gmt":"2026-04-27T19:28:51","guid":{"rendered":"http:\/\/pulskasvakodnevnica.com\/?p=50854"},"modified":"2026-04-27T21:28:52","modified_gmt":"2026-04-27T19:28:52","slug":"otvoreno-prvenstvo-istre-u-atletici-2026","status":"publish","type":"post","link":"http:\/\/pulskasvakodnevnica.com\/index.php\/2026\/04\/27\/otvoreno-prvenstvo-istre-u-atletici-2026\/","title":{"rendered":"Otvoreno prvenstvo Istre u atletici 2026"},"content":{"rendered":"\n<p>U subotu <strong>25.04.2026. na SRC Veruda u Puli s po\u010detkom u 13:00 sati, <\/strong>odr\u017eano je\u00a0<strong>Otvoreno prvenstvo Istre u atletici 2026.<\/strong> \u00a0<strong>\u2013 EAP atletski miting Pula 2026.<\/strong> , natjecanje je dio Kvarnerske lige u kojoj nastupajumladi atleti\u010dari i atleti\u010darke iz Istarske \u017eupanije, Primorsko goranske \u017eupanije i Obalno Kra\u0161ke regije Slovenije. <\/p>\n\n\n\n<p>Ove godine zahvaljuju\u0107i podr\u0161ci Sportske zajednice Istarske \u017eupanije i uspje\u0161nom projektu Istra Europska regija sporta 2025. , <strong>Otvoreno prvenstvo Istre u atletici 2026.<\/strong> uklju\u010deno je u projekt me\u0111unarodne atletske lige <strong>EAP Circuit<\/strong> (Events for athletic promotion), Europske atletske lige u koju je uklju\u010deno 13 Europskih gradova iz 7 Europskih zemalja.<\/p>\n\n\n\n<p>Na natjecanju je nastupilo 335 mladih atleti\u010dara iz Hrvatske, Slovenije, Italije, Malte i Belgije.<\/p>\n\n\n\n<p>Sve\u010dano otvorenje natjecanjazapo\u010deo je prigodnim govorom predsjednik Atletskog saveza Istre Elvis Per\u0161i\u0107, naglasiv\u0161i va\u017enost ovakvih natjecanja za mlade, natjecanja visoke kvalitete i vrhunskih sportskih rezultata u mla\u0111im dobnim kategorijama te razvoj Atletskog saveza Istre koji iz godine u godinu podi\u017ee kvalitetu natjecanja i razinu konkurencije na najve\u0107em atletskom natjecanju u Istri.<\/p>\n\n\n\n<p>Potom je minutom \u0161utnje odr\u017eana po\u010dast nedavno preminulom osniva\u010du i pokreta\u010du Pulske atletike gospodinu Radovanu Kirinu.<\/p>\n\n\n\n<p>U ime Grada Pule, nazo\u010dnima se obratio gradona\u010delnik grada Pula gospodin Pe\u0111a Grbin pohvaliv\u0161i organizaciju i inicijativu Atletskog saveza Istre koji su svojim \u010dlanstvom u Pulu doveli EAP Circuit atletsku ligu, atleti\u010dare i atleti\u010darke iz Slovenije, Italije, Malte i Belgije te zna\u010dajno doprinijeli promociji Grada Pule na Europskoj atletskoj karti te je iz startnog pi\u0161tolja dao start prvoj skupini u utrci Dje\u010daci U12 60m.<\/p>\n\n\n\n<p>&nbsp;U ime organizacije EAP Circuit (Events for athletic promotion) sporta\u0161ima i gledateljima obratio se predsjednik Pablo Cassina zahvaliv\u0161i Atletskom savezu Istre na izvrsnoj organizaciji, svim atletskim sucima i volonterima na trudu i anga\u017emanu, te ujedno Gradu Puli i Istarskoj \u017eupaniji na potpori ovog zna\u010dajnog sportskog projekta za mlade sporta\u0161e.<\/p>\n\n\n\n<p>U ime Istarske \u017eupanije i Sportske zajednice Istarske \u017eupanije u protokolu podjele odli\u010dja bio je nazo\u010dan glavni tajnik SZI\u017d Damir Buri\u0107.<\/p>\n\n\n\n<p>Popis klubova koji su nastupili i broj osvojenih medalja:<\/p>\n\n\n\n<p>ATLETSKI KLUB KVARNER RIJEKA (Hrvatska) \u2013 41<\/p>\n\n\n\n<p>ATLETSKI KLUB \u0160PELA (Slovenija) &#8211; 19<\/p>\n\n\n\n<p>ATLETSKI KLUB KOPER (Slovenija) \u2013 16<\/p>\n\n\n\n<p>ATLETSKI KLUB ISTRA PULA (Hrvatska) \u2013 14<\/p>\n\n\n\n<p>PEMBROKE ATHLETA ATHLETICS CLUB (Malta) \u2013 11<\/p>\n\n\n\n<p>ATLETSKI KLUB GROBNIK \u010cAVLE (Hrvatska) \u2013 8<\/p>\n\n\n\n<p>ATLETICA ARCOBALENO SV CELLE LIGURE (Italija) \u2013 6<\/p>\n\n\n\n<p>ATLETSKI KLUB MEDULIN (Hrvatska) \u2013 5<\/p>\n\n\n\n<p>ATLETSKI KLUB ALBONA LABIN (Hrvatska) \u2013 4<\/p>\n\n\n\n<p>ATLETSKI KLUB MAXIMVS PORE\u010c (Hrvatska) \u2013 3<\/p>\n\n\n\n<p>ROYAL CERCLE ATHL\u00c9TIQUE DU BRABANT WALLON NIVELLES &#8211; CABW (Belgija) \u2013 3<\/p>\n\n\n\n<p>ATLETSKI KLUB KRK (Hrvatska) &#8211; 2<\/p>\n\n\n\n<p>ATLETSKI KLUB KOPRIVNICA (Hrvatska) \u2013 2<\/p>\n\n\n\n<p>ATLETSKO DRU\u0160TVO \u017dAK LJUBLJANA (Slovenija) &#8211; 1<\/p>\n\n\n\n<p>ATLETSKO DRU\u0160TVO NOVA AURORA KOPER (Slovenija) &#8211; 1<\/p>\n\n\n\n<p>ATLETSKI KLUB LO\u0160INJ, VELI LO\u0160INJ (Hrvatska) &#8211; 1<\/p>\n\n\n\n<p>ATLETSKO DRU\u0160TVO SLOVENSKA BISTRICA (Slovenija) &#8211; 0<\/p>\n\n\n\n<p>ATLETSKI KLUB LIBURNIJA (Hrvatska) \u2013 0<\/p>\n\n\n\n<p>Atleti\u010dari su nastupali u kategorijama Juniori i Juniorke U20, Mla\u0111i juniori i Mla\u0111e juniorke U18, Kadeti i Kadetkinje U16, Mla\u0111i kadeti i Mla\u0111e kadetkinje U14 te Dje\u010daci i Djevoj\u010dice U12.<\/p>\n\n\n\n<p>Postignut je niz odli\u010dnih rezultata, od istarskih atleti\u010dara treba istaknuti pobjedu Agate Mileti\u0107 Lupetin iz Labinske Albone na 100m juniorke U20 s 12,41 unato\u010d jakom vjetru u prsa \u0161to je najava dobre sprinterske sezone za na\u0161u najbolju sprinterku.<\/p>\n\n\n\n<p>Darko Kirid\u017ei\u0107 \u010dlan AK Istra iz Pule odnio je pobjedu na 300m juniori U20 s odli\u010dnim rezultatom 35,15, dok je u istoj utrci Karlo Koste\u0161i\u0107 osvojio tre\u0107e mjesto s rezultatom 36,68.<\/p>\n\n\n\n<p>Baca\u010dice AK Medulin u bacanju diska za junorke U20 uzele su dvije medalje, Valentina Raki\u0107 srebro s 30.66 i Petra Balde broncu s 27,70. Isti set medalja u disciplini troskok juniorke U20 uzele su i \u010dlanice AK Istra, 2. mjesto Klara \u0160eb 9,78 i Sara Mari\u0107 9,57 dok je Siena Bolkovi\u0107 zavr\u0161ila na 4. mjestu s presko\u010denih 9,52.<\/p>\n\n\n\n<p>Na 300m kadeti U16 \u010dlan AK Istra Viktor Jelen\u010di\u0107 osvojio je 2. mjesto s rezultatom 38,74. Izvrstan rezultat ostvaren je u kategoriji kadetkinja U16 na 100m gdje je definitivno dominirala AK Istra s tri osvojene medalje, prvo mjesto Elena Vojnikovi\u0107 13,28, drugo mjesto Teresa Jovanovi\u0107 13,31 i Paula \u0160kof s 13,35. Svoje drugo zlato uzela je Elena Vojnikovi\u0107 \u010dlanica AK Istra Pula i na 300m kadetkinje U16 s rezultatom 43,08.<\/p>\n\n\n\n<p>Utrka mla\u0111ih kadetkinja U14 na 100m bila je pravi istarski dvoboj, ipak pobjeda je oti\u0161la u Labin, \u010dlanica AK Albone Labin Ema Per\u0161i\u0107 pobijedila je s istr\u010danih 14,02 dok je druga bila \u010dlanica pulske AK Istre&nbsp; Lucia Mileti\u0107 Milocanovich s istr\u010danih 14,38.<\/p>\n\n\n\n<p>U kategoriji mla\u0111ih juniora bron\u010danu medalju za AK Maximvs Pore\u010d osvojio je Arian Mati\u0107 s rezultatom 12,12. Od mla\u0111ih juniorki druga u bacanju diska bila je Matea Macuka \u010diji je disk letio 33,33 m.<\/p>\n\n\n\n<p>Na utrci koja je otvorila ovo natjecanje, utrke atletskih \u0161kola&nbsp; na 60m na\u0161e mlade nade ostvarile su odli\u010dna prva i druga mjesta u obje kategorije, dje\u010daci U12 obojica AK Medulin Adonis Jordan Catela Clarida prvo mjesto s odli\u010dnih 9,53 i drugi Dorian Braus s 9,64. U istoj kategoriji atletskih \u0161kola na 60m djevoj\u010dice U12 obje AK Istra Pula, prvo mjesto Klara \u010cervar s 9,62 i drugo mjesto Nastasja Cvek s 9,98.<\/p>\n\n\n\n<p>Definitivno najzanimljivije i vrlo atraktivne bile su utrke \u0161tafeta kao i veliki okr\u0161aji dobro pripremljenih gostuju\u0107ih klubova iz Slovenije AK Koper i AK \u0160pela, velikog iznena\u0111enja s Malte Pembroke athleta i doma\u0107ih snaga AK Albone i AK Istre koji su na doma\u0107em terenu imali i veliku potporu brojne publike na tribinama SRC Veruda.<\/p>\n\n\n\n<p>Mije\u0161ana \u0161tafeta juniori-juniorke U18 4x200m (2 \u017eenske trka\u010dice + 2 trka\u010da)<\/p>\n\n\n\n<p>1. AK KOPER&nbsp; 1:41,64<\/p>\n\n\n\n<p>2. AK ISTRA&nbsp; 1:44,21<\/p>\n\n\n\n<p>3. AK \u0160PELA&nbsp; 1:47,52<\/p>\n\n\n\n<p>Kadeti U16&nbsp; 4 x 200 m<\/p>\n\n\n\n<p>1. PEMBROKE ATHLETA&nbsp; 1:41,75<\/p>\n\n\n\n<p>2. AK KVARNER&nbsp; 1:42,69<\/p>\n\n\n\n<p>3. AK ISTRA 1&nbsp; 1:44,52<\/p>\n\n\n\n<p>Kadetkinje U16&nbsp; 4 x 200 m<\/p>\n\n\n\n<p>1. AK GROBNIK&nbsp; 1:51,43<\/p>\n\n\n\n<p>2. PEMBROKE ATHLETA&nbsp; 1:52,32<\/p>\n\n\n\n<p>3. AK KOPER&nbsp; 1:52,80<\/p>\n\n\n\n<p>Mla\u0111i kadeti U14&nbsp; 4 x 200 m<\/p>\n\n\n\n<p>1. AK KVARNER 1&nbsp; 1:57,96<\/p>\n\n\n\n<p>2. AK \u0160PELA 2&nbsp; 2:01,93<\/p>\n\n\n\n<p>Mla\u0111e kadetkinje U14 4 x 200 m<\/p>\n\n\n\n<p>1. AK KVARNER 1&nbsp; 1:55,71<\/p>\n\n\n\n<p>2. AK \u0160PELA 1&nbsp; 1:59,59<\/p>\n\n\n\n<p>3. AK KOPER 1&nbsp; 2:01,24<\/p>\n\n\n\n<p>4. AK ALBONA&nbsp; 2:02,50<\/p>\n\n\n\n<p>U sklopu natjecanja na raspolaganju atleti\u010darima, trenerima i svim posjetiteljima bile su dvije izuzetne edukacije;<\/p>\n\n\n\n<p>magistra farmacije Ana Grbac odr\u017eala je prezentaciju i edukaciju o sportskim suplementima te pokaznu promociju teku\u0107eg magnezija za sve atletske discipline, posebno disciplina drugih pruga gdje je potrebna specifi\u010dna izdr\u017eljivost.<\/p>\n\n\n\n<p>Policijske slu\u017ebenice Policijske uprave istarske promovirale su policijski poziv, ali i preventivne projekte kojima se pove\u0107ava sigurnost.<\/p>\n\n\n\n<p>Atleti\u010darke iz Rijeke, koje zavr\u0161avaju osmi razred, zanimalo je kako se postaje policijski slu\u017ebenik, odnosno koji su uvjeti za upis na Policijsku akademiju &#8221;Prvi hrvatski redarstvenik&#8221; te kako izgleda samo \u0161kolovanje. Djevojke su navele kako su oduvijek ma\u0161tale da budu forenzi\u010darke ili rade policijski posao koji se odnosi na treniranje pasa tako da su im policijske slu\u017ebenice rado pojasnile kako to mogu ostvariti.<\/p>\n\n\n\n<p>Mladi sporta\u0161i isprobali su i tzv. pijane nao\u010dale te su jednoglasno ustvrdili kako s osobom koja vidi onako, kako su oni upravo vidjeli kroz pijane nao\u010dale, ne bi nikada sjeli u vozilo. Upozorili bi osobu da ne vozi u takvom stanju, a pogotovo ako bi se radilo o njihovim roditeljima.<\/p>\n\n\n\n<p>Budu\u0107i da mladi sve \u010de\u0161\u0107e koriste elektri\u010dni romobil kao prijevozno sredstvo, policijski slu\u017ebenici podijelili su im letke i naljepnice nastale u okviru preventivno-edukativnog projekta &#8221;Sigurno na romobilu&#8221;. Tako\u0111er su im pojasnili da elektri\u010dni romobil mo\u017ee voziti samo osoba starija od 14 godina i da na glavi obavezno mora imati kacigu. Treba se kretati biciklisti\u010dkom stazom ili nogostupom, a ne kolnikom. I ono \u0161to je tako\u0111er va\u017eno &#8211; na romobilu se mo\u017ee prevoziti samo jedna osoba.<\/p>\n\n\n\n<p>Mladim sporta\u0161ima policijski slu\u017ebenici ukazali su i na mogu\u0107e opasnosti prilikom kori\u0161tenja dru\u0161tvenih mre\u017ea i interneta op\u0107enito&nbsp; te su im pojasnili rizike koji prijete, a rije\u010di je bilo i o va\u017enosti prepoznavanja opasnosti od objavljivanja osobnih podataka na internetu.<\/p>\n\n\n\n<p>Svakako je to bilo jedno zanimljivo prijepodne za mlade sporta\u0161ice i sporta\u0161e, ali i za policijske slu\u017ebenice koje su rado svojim savjetima doprinijele ve\u0107oj sigurnosti mladih, a ujedno im i pribli\u017eile policijski poziv.<\/p>\n\n\n\n<p>Svakako je bitno za napomenuti kako se na Policijskoj akademiji &#8221;Prvi hrvatski redarstvenik&#8221; polaznicima nudi brojne izvannastavne aktivnosti, a profesionalni sporta\u0161i&nbsp; mogu nastaviti trenirati i sudjelovati na natjecanjima te u tome imaju punu podr\u0161ku Ministarstva unutarnjih poslova.<\/p>\n\n\n\n<p>Trenutno su raspisana dva natje\u010daja za budu\u0107e policijske slu\u017ebenike, a svi zainteresirani vi\u0161e informacija o \u0161kolovanju mogu prona\u0107i na web stranici Policijske akademije &#8221;Prvi hrvatski redarstvenik&#8221;.<\/p>\n\n\n\n<p>Atletski savez Istre ovim putem zahvaljuje svima koji su sudjelovali u organizaciji ovog natjecanja, Zboru atletskih sudaca Istre, volonterima, Gradu Puli, Istarskoj \u017eupaniji , Sportskoj zajednici Istarske \u017eupanije, Turisti\u010dkoj zajednici grada Pule i EAP Circuit &#8211; Events for athletic promotion, Europskoj atletskoj ligi za promociju mladih atleti\u010dara.<\/p>\n\n\n\n<p>(PS)<\/p>\n","protected":false},"excerpt":{"rendered":"<p>U subotu 25.04.2026. na SRC Veruda u Puli s po\u010detkom u 13:00 sati, odr\u017eano je\u00a0Otvoreno prvenstvo Istre u atletici 2026.<\/p>\n","protected":false},"author":1,"featured_media":50855,"comment_status":"open","ping_status":"closed","sticky":false,"template":"","format":"standard","meta":{"_mi_skip_tracking":false,"footnotes":""},"categories":[1,99,87],"tags":[110,392,355],"yoast_head":"<!-- This site is optimized with the Yoast SEO plugin v20.4 - https:\/\/yoast.com\/wordpress\/plugins\/seo\/ -->\n<title>Otvoreno prvenstvo Istre u atletici 2026 - Pulska Svakodnevnica<\/title>\n<meta name=\"robots\" content=\"index, follow, max-snippet:-1, max-image-preview:large, max-video-preview:-1\" \/>\n<link rel=\"canonical\" href=\"http:\/\/pulskasvakodnevnica.com\/index.php\/2026\/04\/27\/otvoreno-prvenstvo-istre-u-atletici-2026\/\" \/>\n<meta property=\"og:locale\" content=\"hr_HR\" \/>\n<meta property=\"og:type\" content=\"article\" \/>\n<meta property=\"og:title\" content=\"Otvoreno prvenstvo Istre u atletici 2026 - Pulska Svakodnevnica\" \/>\n<meta property=\"og:description\" content=\"U subotu 25.04.2026. na SRC Veruda u Puli s po\u010detkom u 13:00 sati, odr\u017eano je\u00a0Otvoreno prvenstvo Istre u atletici 2026.\" \/>\n<meta property=\"og:url\" content=\"http:\/\/pulskasvakodnevnica.com\/index.php\/2026\/04\/27\/otvoreno-prvenstvo-istre-u-atletici-2026\/\" \/>\n<meta property=\"og:site_name\" content=\"Pulska Svakodnevnica\" \/>\n<meta property=\"article:publisher\" content=\"https:\/\/www.facebook.com\/PulskaSvakodnevnicaNews\" \/>\n<meta property=\"article:published_time\" content=\"2026-04-27T19:28:51+00:00\" \/>\n<meta property=\"article:modified_time\" content=\"2026-04-27T19:28:52+00:00\" \/>\n<meta property=\"og:image\" content=\"http:\/\/pulskasvakodnevnica.com\/wp-content\/uploads\/2026\/04\/DSC4187.jpg\" \/>\n\t<meta property=\"og:image:width\" content=\"750\" \/>\n\t<meta property=\"og:image:height\" content=\"500\" \/>\n\t<meta property=\"og:image:type\" content=\"image\/jpeg\" \/>\n<meta name=\"author\" content=\"Pulska Svakodnevnica\" \/>\n<meta name=\"twitter:card\" content=\"summary_large_image\" \/>\n<meta name=\"twitter:label1\" content=\"Napisao\/la\" \/>\n\t<meta name=\"twitter:data1\" content=\"Pulska Svakodnevnica\" \/>\n\t<meta name=\"twitter:label2\" content=\"Procijenjeno vrijeme \u010ditanja\" \/>\n\t<meta name=\"twitter:data2\" content=\"8 minuta\" \/>\n<script type=\"application\/ld+json\" class=\"yoast-schema-graph\">{\"@context\":\"https:\/\/schema.org\",\"@graph\":[{\"@type\":\"WebPage\",\"@id\":\"http:\/\/pulskasvakodnevnica.com\/index.php\/2026\/04\/27\/otvoreno-prvenstvo-istre-u-atletici-2026\/\",\"url\":\"http:\/\/pulskasvakodnevnica.com\/index.php\/2026\/04\/27\/otvoreno-prvenstvo-istre-u-atletici-2026\/\",\"name\":\"Otvoreno prvenstvo Istre u atletici 2026 - Pulska Svakodnevnica\",\"isPartOf\":{\"@id\":\"http:\/\/pulskasvakodnevnica.com\/#website\"},\"datePublished\":\"2026-04-27T19:28:51+00:00\",\"dateModified\":\"2026-04-27T19:28:52+00:00\",\"author\":{\"@id\":\"http:\/\/pulskasvakodnevnica.com\/#\/schema\/person\/95941daf7dfab0e8fd012b0d88608a3f\"},\"breadcrumb\":{\"@id\":\"http:\/\/pulskasvakodnevnica.com\/index.php\/2026\/04\/27\/otvoreno-prvenstvo-istre-u-atletici-2026\/#breadcrumb\"},\"inLanguage\":\"hr\",\"potentialAction\":[{\"@type\":\"ReadAction\",\"target\":[\"http:\/\/pulskasvakodnevnica.com\/index.php\/2026\/04\/27\/otvoreno-prvenstvo-istre-u-atletici-2026\/\"]}]},{\"@type\":\"BreadcrumbList\",\"@id\":\"http:\/\/pulskasvakodnevnica.com\/index.php\/2026\/04\/27\/otvoreno-prvenstvo-istre-u-atletici-2026\/#breadcrumb\",\"itemListElement\":[{\"@type\":\"ListItem\",\"position\":1,\"name\":\"Po\u010detna stranica\",\"item\":\"http:\/\/pulskasvakodnevnica.com\/\"},{\"@type\":\"ListItem\",\"position\":2,\"name\":\"Otvoreno prvenstvo Istre u atletici 2026\"}]},{\"@type\":\"WebSite\",\"@id\":\"http:\/\/pulskasvakodnevnica.com\/#website\",\"url\":\"http:\/\/pulskasvakodnevnica.com\/\",\"name\":\"Pulska Svakodnevnica\",\"description\":\"Vijesti iz Pule i Istre\",\"potentialAction\":[{\"@type\":\"SearchAction\",\"target\":{\"@type\":\"EntryPoint\",\"urlTemplate\":\"http:\/\/pulskasvakodnevnica.com\/?s={search_term_string}\"},\"query-input\":\"required name=search_term_string\"}],\"inLanguage\":\"hr\"},{\"@type\":\"Person\",\"@id\":\"http:\/\/pulskasvakodnevnica.com\/#\/schema\/person\/95941daf7dfab0e8fd012b0d88608a3f\",\"name\":\"Pulska Svakodnevnica\"}]}<\/script>\n<!-- \/ Yoast SEO plugin. -->","yoast_head_json":{"title":"Otvoreno prvenstvo Istre u atletici 2026 - Pulska Svakodnevnica","robots":{"index":"index","follow":"follow","max-snippet":"max-snippet:-1","max-image-preview":"max-image-preview:large","max-video-preview":"max-video-preview:-1"},"canonical":"http:\/\/pulskasvakodnevnica.com\/index.php\/2026\/04\/27\/otvoreno-prvenstvo-istre-u-atletici-2026\/","og_locale":"hr_HR","og_type":"article","og_title":"Otvoreno prvenstvo Istre u atletici 2026 - Pulska Svakodnevnica","og_description":"U subotu 25.04.2026. na SRC Veruda u Puli s po\u010detkom u 13:00 sati, odr\u017eano je\u00a0Otvoreno prvenstvo Istre u atletici 2026.","og_url":"http:\/\/pulskasvakodnevnica.com\/index.php\/2026\/04\/27\/otvoreno-prvenstvo-istre-u-atletici-2026\/","og_site_name":"Pulska Svakodnevnica","article_publisher":"https:\/\/www.facebook.com\/PulskaSvakodnevnicaNews","article_published_time":"2026-04-27T19:28:51+00:00","article_modified_time":"2026-04-27T19:28:52+00:00","og_image":[{"width":750,"height":500,"url":"http:\/\/pulskasvakodnevnica.com\/wp-content\/uploads\/2026\/04\/DSC4187.jpg","type":"image\/jpeg"}],"author":"Pulska Svakodnevnica","twitter_card":"summary_large_image","twitter_misc":{"Napisao\/la":"Pulska Svakodnevnica","Procijenjeno vrijeme \u010ditanja":"8 minuta"},"schema":{"@context":"https:\/\/schema.org","@graph":[{"@type":"WebPage","@id":"http:\/\/pulskasvakodnevnica.com\/index.php\/2026\/04\/27\/otvoreno-prvenstvo-istre-u-atletici-2026\/","url":"http:\/\/pulskasvakodnevnica.com\/index.php\/2026\/04\/27\/otvoreno-prvenstvo-istre-u-atletici-2026\/","name":"Otvoreno prvenstvo Istre u atletici 2026 - Pulska Svakodnevnica","isPartOf":{"@id":"http:\/\/pulskasvakodnevnica.com\/#website"},"datePublished":"2026-04-27T19:28:51+00:00","dateModified":"2026-04-27T19:28:52+00:00","author":{"@id":"http:\/\/pulskasvakodnevnica.com\/#\/schema\/person\/95941daf7dfab0e8fd012b0d88608a3f"},"breadcrumb":{"@id":"http:\/\/pulskasvakodnevnica.com\/index.php\/2026\/04\/27\/otvoreno-prvenstvo-istre-u-atletici-2026\/#breadcrumb"},"inLanguage":"hr","potentialAction":[{"@type":"ReadAction","target":["http:\/\/pulskasvakodnevnica.com\/index.php\/2026\/04\/27\/otvoreno-prvenstvo-istre-u-atletici-2026\/"]}]},{"@type":"BreadcrumbList","@id":"http:\/\/pulskasvakodnevnica.com\/index.php\/2026\/04\/27\/otvoreno-prvenstvo-istre-u-atletici-2026\/#breadcrumb","itemListElement":[{"@type":"ListItem","position":1,"name":"Po\u010detna stranica","item":"http:\/\/pulskasvakodnevnica.com\/"},{"@type":"ListItem","position":2,"name":"Otvoreno prvenstvo Istre u atletici 2026"}]},{"@type":"WebSite","@id":"http:\/\/pulskasvakodnevnica.com\/#website","url":"http:\/\/pulskasvakodnevnica.com\/","name":"Pulska Svakodnevnica","description":"Vijesti iz Pule i Istre","potentialAction":[{"@type":"SearchAction","target":{"@type":"EntryPoint","urlTemplate":"http:\/\/pulskasvakodnevnica.com\/?s={search_term_string}"},"query-input":"required name=search_term_string"}],"inLanguage":"hr"},{"@type":"Person","@id":"http:\/\/pulskasvakodnevnica.com\/#\/schema\/person\/95941daf7dfab0e8fd012b0d88608a3f","name":"Pulska Svakodnevnica"}]}},"_links":{"self":[{"href":"http:\/\/pulskasvakodnevnica.com\/index.php\/wp-json\/wp\/v2\/posts\/50854"}],"collection":[{"href":"http:\/\/pulskasvakodnevnica.com\/index.php\/wp-json\/wp\/v2\/posts"}],"about":[{"href":"http:\/\/pulskasvakodnevnica.com\/index.php\/wp-json\/wp\/v2\/types\/post"}],"author":[{"embeddable":true,"href":"http:\/\/pulskasvakodnevnica.com\/index.php\/wp-json\/wp\/v2\/users\/1"}],"replies":[{"embeddable":true,"href":"http:\/\/pulskasvakodnevnica.com\/index.php\/wp-json\/wp\/v2\/comments?post=50854"}],"version-history":[{"count":1,"href":"http:\/\/pulskasvakodnevnica.com\/index.php\/wp-json\/wp\/v2\/posts\/50854\/revisions"}],"predecessor-version":[{"id":50856,"href":"http:\/\/pulskasvakodnevnica.com\/index.php\/wp-json\/wp\/v2\/posts\/50854\/revisions\/50856"}],"wp:featuredmedia":[{"embeddable":true,"href":"http:\/\/pulskasvakodnevnica.com\/index.php\/wp-json\/wp\/v2\/media\/50855"}],"wp:attachment":[{"href":"http:\/\/pulskasvakodnevnica.com\/index.php\/wp-json\/wp\/v2\/media?parent=50854"}],"wp:term":[{"taxonomy":"category","embeddable":true,"href":"http:\/\/pulskasvakodnevnica.com\/index.php\/wp-json\/wp\/v2\/categories?post=50854"},{"taxonomy":"post_tag","embeddable":true,"href":"http:\/\/pulskasvakodnevnica.com\/index.php\/wp-json\/wp\/v2\/tags?post=50854"}],"curies":[{"name":"wp","href":"https:\/\/api.w.org\/{rel}","templated":true}]}}