{"id":50857,"date":"2026-04-28T10:51:05","date_gmt":"2026-04-28T08:51:05","guid":{"rendered":"http:\/\/pulskasvakodnevnica.com\/?p=50857"},"modified":"2026-04-28T10:51:05","modified_gmt":"2026-04-28T08:51:05","slug":"prvomajski-korner-ponovno-u-medulinu","status":"publish","type":"post","link":"http:\/\/pulskasvakodnevnica.com\/index.php\/2026\/04\/28\/prvomajski-korner-ponovno-u-medulinu\/","title":{"rendered":"PRVOMAJSKI KORNER PONOVNO U MEDULINU!"},"content":{"rendered":"\n<p class=\"has-text-align-center\"><strong>Produ\u017eeni blagdanski vikend donosi spoj sporta, zabave i ro\u0161tilja<\/strong><\/p>\n\n\n\n<p><strong>Foto: Op\u0107ina Medulin<\/strong><\/p>\n\n\n\n<p>Prvomajski korner &#8211; va\u0161 kutak ro\u0161tilja, zabave i nogometa od 1. do 3. svibnja otvara mjesec velikih nogometnih turnira koji \u0107e se, uz fe\u0161tu, odr\u017eavati svaki vikend u svibnju na nogometnim terenima Sportskog centra Arena Medulin ispred kampa Ka\u017eela.<\/p>\n\n\n\n<p>Tijekom tri dana, od 10 sati pa do ve\u010deri, posjetitelje o\u010dekuje program namijenjen svim generacijama; od najmla\u0111ih do odraslih ljubitelja sporta i dobre zabave. Poseban naglasak stavljen je na raznovrsnu ponudu ro\u0161tilja i pi\u0107a, sadr\u017eaje za obitelji, besplatne napuhance za djecu, te cjelodnevnu zabavu na otvorenom.<\/p>\n\n\n\n<p>Doga\u0111aj se odr\u017eava uz nogometni turnir za najmla\u0111e uzraste Zagreba\u010dkog nogometnog saveza koji \u0107e okupiti oko 2.000 igra\u010da iz pet europskih zemalja: Hrvatske, Slovenije, Austrije, Italije i \u010ce\u0161ke. Tako \u0107e djeca koja posjete turnir imati priliku vidjeti nogometne vje\u0161tine svojih vr\u0161njaka iz klubova prvoliga\u0161a kao Dinamo, Hajduk, Istra, Slaven Belupo, Vukovar, ali i doma\u0107ih Medulina i Banjola. Dolazak velikog broja mladih nogometa\u0161a i njihovih sportskih sto\u017eera i obitelji popunit \u0107e velik dio destinacije u predsezoni.<\/p>\n\n\n\n<p>Program zapo\u010dinje u petak, 1. svibnja, kada \u0107e tijekom dana trajati animacija za djecu, dok \u0107e za glazbeni ugo\u0111aj biti zadu\u017een DJ Ke\u0111o u jutarnjem i poslijepodnevnom terminu. Subota donosi nastavak animacijskog programa uz nastup DJ Sose, koji \u0107e tijekom dana dodatno podi\u0107i atmosferu.&nbsp; Nedjelja, 3. svibnja, rezervirana je za samu zavr\u0161nicu. Uz animaciju i glazbu, odr\u017eat \u0107e se finale turnira te sve\u010dano progla\u0161enje pobjednika, \u010dime \u0107e se zaokru\u017eiti trodnevna prvomajska pri\u010da.<\/p>\n\n\n\n<p>Ulaz na manifestaciju je besplatan, a organizatori (ZNS, AHG d.d., Agencija GAT, TZO i Op\u0107ina Medulin) pozivaju sve posjetitelje da produ\u017eeni prvomajski vikend provedu na prirodi, u veseloj atmosferi uz sport, glazbu i gastronomiju.<\/p>\n\n\n\n<p>(PS)<\/p>\n","protected":false},"excerpt":{"rendered":"<p>Produ\u017eeni blagdanski vikend donosi spoj sporta, zabave i ro\u0161tilja Foto: Op\u0107ina Medulin Prvomajski korner &#8211; va\u0161 kutak ro\u0161tilja, zabave i<\/p>\n","protected":false},"author":1,"featured_media":50858,"comment_status":"open","ping_status":"closed","sticky":false,"template":"","format":"standard","meta":{"_mi_skip_tracking":false,"footnotes":""},"categories":[84,1],"tags":[293,124,355],"yoast_head":"<!-- This site is optimized with the Yoast SEO plugin v20.4 - https:\/\/yoast.com\/wordpress\/plugins\/seo\/ -->\n<title>PRVOMAJSKI KORNER PONOVNO U MEDULINU! - Pulska Svakodnevnica<\/title>\n<meta name=\"robots\" content=\"index, follow, max-snippet:-1, max-image-preview:large, max-video-preview:-1\" \/>\n<link rel=\"canonical\" href=\"http:\/\/pulskasvakodnevnica.com\/index.php\/2026\/04\/28\/prvomajski-korner-ponovno-u-medulinu\/\" \/>\n<meta property=\"og:locale\" content=\"hr_HR\" \/>\n<meta property=\"og:type\" content=\"article\" \/>\n<meta property=\"og:title\" content=\"PRVOMAJSKI KORNER PONOVNO U MEDULINU! - Pulska Svakodnevnica\" \/>\n<meta property=\"og:description\" content=\"Produ\u017eeni blagdanski vikend donosi spoj sporta, zabave i ro\u0161tilja Foto: Op\u0107ina Medulin Prvomajski korner &#8211; va\u0161 kutak ro\u0161tilja, zabave i\" \/>\n<meta property=\"og:url\" content=\"http:\/\/pulskasvakodnevnica.com\/index.php\/2026\/04\/28\/prvomajski-korner-ponovno-u-medulinu\/\" \/>\n<meta property=\"og:site_name\" content=\"Pulska Svakodnevnica\" \/>\n<meta property=\"article:publisher\" content=\"https:\/\/www.facebook.com\/PulskaSvakodnevnicaNews\" \/>\n<meta property=\"article:published_time\" content=\"2026-04-28T08:51:05+00:00\" \/>\n<meta property=\"og:image\" content=\"http:\/\/pulskasvakodnevnica.com\/wp-content\/uploads\/2026\/04\/Prvomajski-korner-2026.jpeg\" \/>\n\t<meta property=\"og:image:width\" content=\"914\" \/>\n\t<meta property=\"og:image:height\" content=\"1280\" \/>\n\t<meta property=\"og:image:type\" content=\"image\/jpeg\" \/>\n<meta name=\"author\" content=\"Pulska Svakodnevnica\" \/>\n<meta name=\"twitter:card\" content=\"summary_large_image\" \/>\n<meta name=\"twitter:label1\" content=\"Napisao\/la\" \/>\n\t<meta name=\"twitter:data1\" content=\"Pulska Svakodnevnica\" \/>\n\t<meta name=\"twitter:label2\" content=\"Procijenjeno vrijeme \u010ditanja\" \/>\n\t<meta name=\"twitter:data2\" content=\"2 minute\" \/>\n<script type=\"application\/ld+json\" class=\"yoast-schema-graph\">{\"@context\":\"https:\/\/schema.org\",\"@graph\":[{\"@type\":\"WebPage\",\"@id\":\"http:\/\/pulskasvakodnevnica.com\/index.php\/2026\/04\/28\/prvomajski-korner-ponovno-u-medulinu\/\",\"url\":\"http:\/\/pulskasvakodnevnica.com\/index.php\/2026\/04\/28\/prvomajski-korner-ponovno-u-medulinu\/\",\"name\":\"PRVOMAJSKI KORNER PONOVNO U MEDULINU! - Pulska Svakodnevnica\",\"isPartOf\":{\"@id\":\"http:\/\/pulskasvakodnevnica.com\/#website\"},\"datePublished\":\"2026-04-28T08:51:05+00:00\",\"dateModified\":\"2026-04-28T08:51:05+00:00\",\"author\":{\"@id\":\"http:\/\/pulskasvakodnevnica.com\/#\/schema\/person\/95941daf7dfab0e8fd012b0d88608a3f\"},\"breadcrumb\":{\"@id\":\"http:\/\/pulskasvakodnevnica.com\/index.php\/2026\/04\/28\/prvomajski-korner-ponovno-u-medulinu\/#breadcrumb\"},\"inLanguage\":\"hr\",\"potentialAction\":[{\"@type\":\"ReadAction\",\"target\":[\"http:\/\/pulskasvakodnevnica.com\/index.php\/2026\/04\/28\/prvomajski-korner-ponovno-u-medulinu\/\"]}]},{\"@type\":\"BreadcrumbList\",\"@id\":\"http:\/\/pulskasvakodnevnica.com\/index.php\/2026\/04\/28\/prvomajski-korner-ponovno-u-medulinu\/#breadcrumb\",\"itemListElement\":[{\"@type\":\"ListItem\",\"position\":1,\"name\":\"Po\u010detna stranica\",\"item\":\"http:\/\/pulskasvakodnevnica.com\/\"},{\"@type\":\"ListItem\",\"position\":2,\"name\":\"PRVOMAJSKI KORNER PONOVNO U MEDULINU!\"}]},{\"@type\":\"WebSite\",\"@id\":\"http:\/\/pulskasvakodnevnica.com\/#website\",\"url\":\"http:\/\/pulskasvakodnevnica.com\/\",\"name\":\"Pulska Svakodnevnica\",\"description\":\"Vijesti iz Pule i Istre\",\"potentialAction\":[{\"@type\":\"SearchAction\",\"target\":{\"@type\":\"EntryPoint\",\"urlTemplate\":\"http:\/\/pulskasvakodnevnica.com\/?s={search_term_string}\"},\"query-input\":\"required name=search_term_string\"}],\"inLanguage\":\"hr\"},{\"@type\":\"Person\",\"@id\":\"http:\/\/pulskasvakodnevnica.com\/#\/schema\/person\/95941daf7dfab0e8fd012b0d88608a3f\",\"name\":\"Pulska Svakodnevnica\"}]}<\/script>\n<!-- \/ Yoast SEO plugin. -->","yoast_head_json":{"title":"PRVOMAJSKI KORNER PONOVNO U MEDULINU! - Pulska Svakodnevnica","robots":{"index":"index","follow":"follow","max-snippet":"max-snippet:-1","max-image-preview":"max-image-preview:large","max-video-preview":"max-video-preview:-1"},"canonical":"http:\/\/pulskasvakodnevnica.com\/index.php\/2026\/04\/28\/prvomajski-korner-ponovno-u-medulinu\/","og_locale":"hr_HR","og_type":"article","og_title":"PRVOMAJSKI KORNER PONOVNO U MEDULINU! - Pulska Svakodnevnica","og_description":"Produ\u017eeni blagdanski vikend donosi spoj sporta, zabave i ro\u0161tilja Foto: Op\u0107ina Medulin Prvomajski korner &#8211; va\u0161 kutak ro\u0161tilja, zabave i","og_url":"http:\/\/pulskasvakodnevnica.com\/index.php\/2026\/04\/28\/prvomajski-korner-ponovno-u-medulinu\/","og_site_name":"Pulska Svakodnevnica","article_publisher":"https:\/\/www.facebook.com\/PulskaSvakodnevnicaNews","article_published_time":"2026-04-28T08:51:05+00:00","og_image":[{"width":914,"height":1280,"url":"http:\/\/pulskasvakodnevnica.com\/wp-content\/uploads\/2026\/04\/Prvomajski-korner-2026.jpeg","type":"image\/jpeg"}],"author":"Pulska Svakodnevnica","twitter_card":"summary_large_image","twitter_misc":{"Napisao\/la":"Pulska Svakodnevnica","Procijenjeno vrijeme \u010ditanja":"2 minute"},"schema":{"@context":"https:\/\/schema.org","@graph":[{"@type":"WebPage","@id":"http:\/\/pulskasvakodnevnica.com\/index.php\/2026\/04\/28\/prvomajski-korner-ponovno-u-medulinu\/","url":"http:\/\/pulskasvakodnevnica.com\/index.php\/2026\/04\/28\/prvomajski-korner-ponovno-u-medulinu\/","name":"PRVOMAJSKI KORNER PONOVNO U MEDULINU! - Pulska Svakodnevnica","isPartOf":{"@id":"http:\/\/pulskasvakodnevnica.com\/#website"},"datePublished":"2026-04-28T08:51:05+00:00","dateModified":"2026-04-28T08:51:05+00:00","author":{"@id":"http:\/\/pulskasvakodnevnica.com\/#\/schema\/person\/95941daf7dfab0e8fd012b0d88608a3f"},"breadcrumb":{"@id":"http:\/\/pulskasvakodnevnica.com\/index.php\/2026\/04\/28\/prvomajski-korner-ponovno-u-medulinu\/#breadcrumb"},"inLanguage":"hr","potentialAction":[{"@type":"ReadAction","target":["http:\/\/pulskasvakodnevnica.com\/index.php\/2026\/04\/28\/prvomajski-korner-ponovno-u-medulinu\/"]}]},{"@type":"BreadcrumbList","@id":"http:\/\/pulskasvakodnevnica.com\/index.php\/2026\/04\/28\/prvomajski-korner-ponovno-u-medulinu\/#breadcrumb","itemListElement":[{"@type":"ListItem","position":1,"name":"Po\u010detna stranica","item":"http:\/\/pulskasvakodnevnica.com\/"},{"@type":"ListItem","position":2,"name":"PRVOMAJSKI KORNER PONOVNO U MEDULINU!"}]},{"@type":"WebSite","@id":"http:\/\/pulskasvakodnevnica.com\/#website","url":"http:\/\/pulskasvakodnevnica.com\/","name":"Pulska Svakodnevnica","description":"Vijesti iz Pule i Istre","potentialAction":[{"@type":"SearchAction","target":{"@type":"EntryPoint","urlTemplate":"http:\/\/pulskasvakodnevnica.com\/?s={search_term_string}"},"query-input":"required name=search_term_string"}],"inLanguage":"hr"},{"@type":"Person","@id":"http:\/\/pulskasvakodnevnica.com\/#\/schema\/person\/95941daf7dfab0e8fd012b0d88608a3f","name":"Pulska Svakodnevnica"}]}},"_links":{"self":[{"href":"http:\/\/pulskasvakodnevnica.com\/index.php\/wp-json\/wp\/v2\/posts\/50857"}],"collection":[{"href":"http:\/\/pulskasvakodnevnica.com\/index.php\/wp-json\/wp\/v2\/posts"}],"about":[{"href":"http:\/\/pulskasvakodnevnica.com\/index.php\/wp-json\/wp\/v2\/types\/post"}],"author":[{"embeddable":true,"href":"http:\/\/pulskasvakodnevnica.com\/index.php\/wp-json\/wp\/v2\/users\/1"}],"replies":[{"embeddable":true,"href":"http:\/\/pulskasvakodnevnica.com\/index.php\/wp-json\/wp\/v2\/comments?post=50857"}],"version-history":[{"count":1,"href":"http:\/\/pulskasvakodnevnica.com\/index.php\/wp-json\/wp\/v2\/posts\/50857\/revisions"}],"predecessor-version":[{"id":50859,"href":"http:\/\/pulskasvakodnevnica.com\/index.php\/wp-json\/wp\/v2\/posts\/50857\/revisions\/50859"}],"wp:featuredmedia":[{"embeddable":true,"href":"http:\/\/pulskasvakodnevnica.com\/index.php\/wp-json\/wp\/v2\/media\/50858"}],"wp:attachment":[{"href":"http:\/\/pulskasvakodnevnica.com\/index.php\/wp-json\/wp\/v2\/media?parent=50857"}],"wp:term":[{"taxonomy":"category","embeddable":true,"href":"http:\/\/pulskasvakodnevnica.com\/index.php\/wp-json\/wp\/v2\/categories?post=50857"},{"taxonomy":"post_tag","embeddable":true,"href":"http:\/\/pulskasvakodnevnica.com\/index.php\/wp-json\/wp\/v2\/tags?post=50857"}],"curies":[{"name":"wp","href":"https:\/\/api.w.org\/{rel}","templated":true}]}}