{"id":50860,"date":"2026-04-28T13:07:29","date_gmt":"2026-04-28T11:07:29","guid":{"rendered":"http:\/\/pulskasvakodnevnica.com\/?p=50860"},"modified":"2026-04-28T13:07:30","modified_gmt":"2026-04-28T11:07:30","slug":"dovrsena-obnova-tomasinijeve-ulice-odrzan-obilazak-zavrsenih-radova","status":"publish","type":"post","link":"http:\/\/pulskasvakodnevnica.com\/index.php\/2026\/04\/28\/dovrsena-obnova-tomasinijeve-ulice-odrzan-obilazak-zavrsenih-radova\/","title":{"rendered":"Dovr\u0161ena obnova Tomasinijeve ulice \u2013 odr\u017ean obilazak zavr\u0161enih radova"},"content":{"rendered":"\n<p><strong>Foto: Grad Pula-Pola<\/strong><\/p>\n\n\n\n<p>U povodu zavr\u0161etka radova na obnovi Tomasinijeve ulice, jutros su gradona\u010delnik Pe\u0111a Grbin, zamjenik gradona\u010delnika Sini\u0161a Gordi\u0107, pro\u010delnik Upravnog odjela za izgradnju, komunalno gospodarstvo, promet i imovinu Danijel Feri\u0107 te pro\u010delnik Slu\u017ebe Gradona\u010delnika i Gradskog vije\u0107a Igor Jovin obi\u0161li lokaciju u pratnji predstavnika medija.<\/p>\n\n\n\n<p>Naime, dovr\u0161ena je obnova kolni\u010dke konstrukcije u Tomasinijevoj ulici, na dionici od raskri\u017eja s Budicinovom ulicom do raskri\u017eja s Ulicom Veruda.<\/p>\n\n\n\n<p>\u201eTomasinijeva ulica ure\u0111ena je u predvi\u0111enom roku, uz vrijednost radova od oko 300 tisu\u0107a eura s PDV-om. Svi koji se ovuda svakodnevno kre\u0107u znaju koliko je ova obnova bila potrebna i koliko je sada prometovanje ugodnije i sigurnije.<\/p>\n\n\n\n<p>Nastavljamo i s drugim infrastrukturnim ulaganjima u gradu. U narednim danima slijedi ure\u0111enje semaforske signalizacije, \u0161to je dio \u0161ireg projekta modernizacije semafora, od kojih su neki stariji od 30 godina. U tijeku su i sanacije na Giardinima, radovi na zaobilaznici, na Paduljskom putu, a o\u010dekujemo i zavr\u0161etak postupka javne nabave za spojnu cestu izme\u0111u Mutilske i Marsovog polja. Uskoro kre\u0107e i javna nabava za ure\u0111enje Ulice 43. istarske divizije.<\/p>\n\n\n\n<p>Svjesni smo da radovi gra\u0111anima ponekad predstavljaju optere\u0107enje i zato im zahvaljujem na strpljenju. Ipak, ovakvi su zahvati nu\u017eni ako \u017eelimo kvalitetniju infrastrukturu i bolju svakodnevicu u na\u0161em gradu. Ve\u0107inu radova, ondje gdje je to mogu\u0107e, zaustavit \u0107emo tijekom sezone kako bismo smanjili prometne gu\u017eve i dodatna optere\u0107enja\u201c, poru\u010dio je gradona\u010delnik Pe\u0111a Grbin<\/p>\n\n\n\n<p>Radovi su zapo\u010deli 30. o\u017eujka 2026. godine uvo\u0111enjem privremene regulacije prometa te su obuhvatili izvanredno odr\u017eavanje kolni\u010dke konstrukcije na povr\u0161ini od pribli\u017eno 3.000 m\u00b2.<\/p>\n\n\n\n<p>Asfaltiranje je zavr\u0161eno u subotu, 25. travnja 2026., nakon \u010dega su zapo\u010deli radovi na obnovi vodoravne prometne signalizacije i postavi prometne opreme. Zavr\u0161ni radovi, koji uklju\u010duju postavljanje taktilnih ploha na autobusnom stajali\u0161tu, ozna\u010davanje horizontalne signalizacije, postavu prometne opreme, \u010di\u0161\u0107enje terena te ure\u0111enje zelenih povr\u0161ina, jo\u0161 su u tijeku.<\/p>\n\n\n\n<p>S obzirom na to da se zavr\u0161ni radovi i dalje izvode, kona\u010dni financijski obra\u010dun u ovom trenutku nije mogu\u0107e precizno utvrditi. Prema gruboj procjeni, ukupna vrijednost izvedenih radova iznosi oko 240.000,00 eura bez PDV-a.<\/p>\n\n\n\n<p>Radove na obnovi kolni\u010dke konstrukcije izvodilo je dru\u0161tvo Cesta d.o.o. Pula, dok je radove na sanaciji mje\u0161ovite kanalizacije izvodilo dru\u0161tvo Vodovod Pula \u2013 Labin d.o.o. Obnovu prometne signalizacije provodi dru\u0161tvo Pula parking d.o.o.<\/p>\n\n\n\n<p>Nadalje, od danas, 28. travnja, izvo\u0111a\u010d VINTIJAN d.o.o. uvodi privremenu regulaciju prometa na raskri\u017eju Budicinove i Tomasinijeve ulice zbog radova redovitog odr\u017eavanja, odnosno zahvata na semaforskim ure\u0111ajima.<\/p>\n\n\n\n<p>Radovi \u0107e se odvijati u \u010detiri faze, u razdoblju od pribli\u017eno 7:00 do 17:00 sati, nakon \u010dega se privremena signalizacija uklanja. Tijekom izvo\u0111enja radova zauzimat \u0107e se po jedna prometna traka u svakoj ulici, dok \u0107e se pje\u0161aci usmjeravati na obilazne pravce preko najbli\u017eih pje\u0161a\u010dkih prijelaza.<\/p>\n\n\n\n<p>Zavr\u0161etak ovih radova predvi\u0111en je do utorka, 5. svibnja 2026. godine.<\/p>\n\n\n\n<p>Grad Pula \u2013 Pola zahvaljuje gra\u0111anima na strpljenju i razumijevanju tijekom izvo\u0111enja radova te moli za oprez u zonama privremene regulacije prometa.<\/p>\n\n\n\n<p>(PS)<\/p>\n","protected":false},"excerpt":{"rendered":"<p>Foto: Grad Pula-Pola U povodu zavr\u0161etka radova na obnovi Tomasinijeve ulice, jutros su gradona\u010delnik Pe\u0111a Grbin, zamjenik gradona\u010delnika Sini\u0161a Gordi\u0107,<\/p>\n","protected":false},"author":1,"featured_media":50861,"comment_status":"open","ping_status":"closed","sticky":false,"template":"","format":"standard","meta":{"_mi_skip_tracking":false,"footnotes":""},"categories":[1,99],"tags":[110,355],"yoast_head":"<!-- This site is optimized with the Yoast SEO plugin v20.4 - https:\/\/yoast.com\/wordpress\/plugins\/seo\/ -->\n<title>Dovr\u0161ena obnova Tomasinijeve ulice \u2013 odr\u017ean obilazak zavr\u0161enih radova - Pulska Svakodnevnica<\/title>\n<meta name=\"robots\" content=\"index, follow, max-snippet:-1, max-image-preview:large, max-video-preview:-1\" \/>\n<link rel=\"canonical\" href=\"http:\/\/pulskasvakodnevnica.com\/index.php\/2026\/04\/28\/dovrsena-obnova-tomasinijeve-ulice-odrzan-obilazak-zavrsenih-radova\/\" \/>\n<meta property=\"og:locale\" content=\"hr_HR\" \/>\n<meta property=\"og:type\" content=\"article\" \/>\n<meta property=\"og:title\" content=\"Dovr\u0161ena obnova Tomasinijeve ulice \u2013 odr\u017ean obilazak zavr\u0161enih radova - Pulska Svakodnevnica\" \/>\n<meta property=\"og:description\" content=\"Foto: Grad Pula-Pola U povodu zavr\u0161etka radova na obnovi Tomasinijeve ulice, jutros su gradona\u010delnik Pe\u0111a Grbin, zamjenik gradona\u010delnika Sini\u0161a Gordi\u0107,\" \/>\n<meta property=\"og:url\" content=\"http:\/\/pulskasvakodnevnica.com\/index.php\/2026\/04\/28\/dovrsena-obnova-tomasinijeve-ulice-odrzan-obilazak-zavrsenih-radova\/\" \/>\n<meta property=\"og:site_name\" content=\"Pulska Svakodnevnica\" \/>\n<meta property=\"article:publisher\" content=\"https:\/\/www.facebook.com\/PulskaSvakodnevnicaNews\" \/>\n<meta property=\"article:published_time\" content=\"2026-04-28T11:07:29+00:00\" \/>\n<meta property=\"article:modified_time\" content=\"2026-04-28T11:07:30+00:00\" \/>\n<meta property=\"og:image\" content=\"http:\/\/pulskasvakodnevnica.com\/wp-content\/uploads\/2026\/04\/Dovrsena-obnova-Tomasinijeve-ulice-2.jpg\" \/>\n\t<meta property=\"og:image:width\" content=\"1620\" \/>\n\t<meta property=\"og:image:height\" content=\"1080\" \/>\n\t<meta property=\"og:image:type\" content=\"image\/jpeg\" \/>\n<meta name=\"author\" content=\"Pulska Svakodnevnica\" \/>\n<meta name=\"twitter:card\" content=\"summary_large_image\" \/>\n<meta name=\"twitter:label1\" content=\"Napisao\/la\" \/>\n\t<meta name=\"twitter:data1\" content=\"Pulska Svakodnevnica\" \/>\n\t<meta name=\"twitter:label2\" content=\"Procijenjeno vrijeme \u010ditanja\" \/>\n\t<meta name=\"twitter:data2\" content=\"3 minute\" \/>\n<script type=\"application\/ld+json\" class=\"yoast-schema-graph\">{\"@context\":\"https:\/\/schema.org\",\"@graph\":[{\"@type\":\"WebPage\",\"@id\":\"http:\/\/pulskasvakodnevnica.com\/index.php\/2026\/04\/28\/dovrsena-obnova-tomasinijeve-ulice-odrzan-obilazak-zavrsenih-radova\/\",\"url\":\"http:\/\/pulskasvakodnevnica.com\/index.php\/2026\/04\/28\/dovrsena-obnova-tomasinijeve-ulice-odrzan-obilazak-zavrsenih-radova\/\",\"name\":\"Dovr\u0161ena obnova Tomasinijeve ulice \u2013 odr\u017ean obilazak zavr\u0161enih radova - Pulska Svakodnevnica\",\"isPartOf\":{\"@id\":\"http:\/\/pulskasvakodnevnica.com\/#website\"},\"datePublished\":\"2026-04-28T11:07:29+00:00\",\"dateModified\":\"2026-04-28T11:07:30+00:00\",\"author\":{\"@id\":\"http:\/\/pulskasvakodnevnica.com\/#\/schema\/person\/95941daf7dfab0e8fd012b0d88608a3f\"},\"breadcrumb\":{\"@id\":\"http:\/\/pulskasvakodnevnica.com\/index.php\/2026\/04\/28\/dovrsena-obnova-tomasinijeve-ulice-odrzan-obilazak-zavrsenih-radova\/#breadcrumb\"},\"inLanguage\":\"hr\",\"potentialAction\":[{\"@type\":\"ReadAction\",\"target\":[\"http:\/\/pulskasvakodnevnica.com\/index.php\/2026\/04\/28\/dovrsena-obnova-tomasinijeve-ulice-odrzan-obilazak-zavrsenih-radova\/\"]}]},{\"@type\":\"BreadcrumbList\",\"@id\":\"http:\/\/pulskasvakodnevnica.com\/index.php\/2026\/04\/28\/dovrsena-obnova-tomasinijeve-ulice-odrzan-obilazak-zavrsenih-radova\/#breadcrumb\",\"itemListElement\":[{\"@type\":\"ListItem\",\"position\":1,\"name\":\"Po\u010detna stranica\",\"item\":\"http:\/\/pulskasvakodnevnica.com\/\"},{\"@type\":\"ListItem\",\"position\":2,\"name\":\"Dovr\u0161ena obnova Tomasinijeve ulice \u2013 odr\u017ean obilazak zavr\u0161enih radova\"}]},{\"@type\":\"WebSite\",\"@id\":\"http:\/\/pulskasvakodnevnica.com\/#website\",\"url\":\"http:\/\/pulskasvakodnevnica.com\/\",\"name\":\"Pulska Svakodnevnica\",\"description\":\"Vijesti iz Pule i Istre\",\"potentialAction\":[{\"@type\":\"SearchAction\",\"target\":{\"@type\":\"EntryPoint\",\"urlTemplate\":\"http:\/\/pulskasvakodnevnica.com\/?s={search_term_string}\"},\"query-input\":\"required name=search_term_string\"}],\"inLanguage\":\"hr\"},{\"@type\":\"Person\",\"@id\":\"http:\/\/pulskasvakodnevnica.com\/#\/schema\/person\/95941daf7dfab0e8fd012b0d88608a3f\",\"name\":\"Pulska Svakodnevnica\"}]}<\/script>\n<!-- \/ Yoast SEO plugin. -->","yoast_head_json":{"title":"Dovr\u0161ena obnova Tomasinijeve ulice \u2013 odr\u017ean obilazak zavr\u0161enih radova - Pulska Svakodnevnica","robots":{"index":"index","follow":"follow","max-snippet":"max-snippet:-1","max-image-preview":"max-image-preview:large","max-video-preview":"max-video-preview:-1"},"canonical":"http:\/\/pulskasvakodnevnica.com\/index.php\/2026\/04\/28\/dovrsena-obnova-tomasinijeve-ulice-odrzan-obilazak-zavrsenih-radova\/","og_locale":"hr_HR","og_type":"article","og_title":"Dovr\u0161ena obnova Tomasinijeve ulice \u2013 odr\u017ean obilazak zavr\u0161enih radova - Pulska Svakodnevnica","og_description":"Foto: Grad Pula-Pola U povodu zavr\u0161etka radova na obnovi Tomasinijeve ulice, jutros su gradona\u010delnik Pe\u0111a Grbin, zamjenik gradona\u010delnika Sini\u0161a Gordi\u0107,","og_url":"http:\/\/pulskasvakodnevnica.com\/index.php\/2026\/04\/28\/dovrsena-obnova-tomasinijeve-ulice-odrzan-obilazak-zavrsenih-radova\/","og_site_name":"Pulska Svakodnevnica","article_publisher":"https:\/\/www.facebook.com\/PulskaSvakodnevnicaNews","article_published_time":"2026-04-28T11:07:29+00:00","article_modified_time":"2026-04-28T11:07:30+00:00","og_image":[{"width":1620,"height":1080,"url":"http:\/\/pulskasvakodnevnica.com\/wp-content\/uploads\/2026\/04\/Dovrsena-obnova-Tomasinijeve-ulice-2.jpg","type":"image\/jpeg"}],"author":"Pulska Svakodnevnica","twitter_card":"summary_large_image","twitter_misc":{"Napisao\/la":"Pulska Svakodnevnica","Procijenjeno vrijeme \u010ditanja":"3 minute"},"schema":{"@context":"https:\/\/schema.org","@graph":[{"@type":"WebPage","@id":"http:\/\/pulskasvakodnevnica.com\/index.php\/2026\/04\/28\/dovrsena-obnova-tomasinijeve-ulice-odrzan-obilazak-zavrsenih-radova\/","url":"http:\/\/pulskasvakodnevnica.com\/index.php\/2026\/04\/28\/dovrsena-obnova-tomasinijeve-ulice-odrzan-obilazak-zavrsenih-radova\/","name":"Dovr\u0161ena obnova Tomasinijeve ulice \u2013 odr\u017ean obilazak zavr\u0161enih radova - Pulska Svakodnevnica","isPartOf":{"@id":"http:\/\/pulskasvakodnevnica.com\/#website"},"datePublished":"2026-04-28T11:07:29+00:00","dateModified":"2026-04-28T11:07:30+00:00","author":{"@id":"http:\/\/pulskasvakodnevnica.com\/#\/schema\/person\/95941daf7dfab0e8fd012b0d88608a3f"},"breadcrumb":{"@id":"http:\/\/pulskasvakodnevnica.com\/index.php\/2026\/04\/28\/dovrsena-obnova-tomasinijeve-ulice-odrzan-obilazak-zavrsenih-radova\/#breadcrumb"},"inLanguage":"hr","potentialAction":[{"@type":"ReadAction","target":["http:\/\/pulskasvakodnevnica.com\/index.php\/2026\/04\/28\/dovrsena-obnova-tomasinijeve-ulice-odrzan-obilazak-zavrsenih-radova\/"]}]},{"@type":"BreadcrumbList","@id":"http:\/\/pulskasvakodnevnica.com\/index.php\/2026\/04\/28\/dovrsena-obnova-tomasinijeve-ulice-odrzan-obilazak-zavrsenih-radova\/#breadcrumb","itemListElement":[{"@type":"ListItem","position":1,"name":"Po\u010detna stranica","item":"http:\/\/pulskasvakodnevnica.com\/"},{"@type":"ListItem","position":2,"name":"Dovr\u0161ena obnova Tomasinijeve ulice \u2013 odr\u017ean obilazak zavr\u0161enih radova"}]},{"@type":"WebSite","@id":"http:\/\/pulskasvakodnevnica.com\/#website","url":"http:\/\/pulskasvakodnevnica.com\/","name":"Pulska Svakodnevnica","description":"Vijesti iz Pule i Istre","potentialAction":[{"@type":"SearchAction","target":{"@type":"EntryPoint","urlTemplate":"http:\/\/pulskasvakodnevnica.com\/?s={search_term_string}"},"query-input":"required name=search_term_string"}],"inLanguage":"hr"},{"@type":"Person","@id":"http:\/\/pulskasvakodnevnica.com\/#\/schema\/person\/95941daf7dfab0e8fd012b0d88608a3f","name":"Pulska Svakodnevnica"}]}},"_links":{"self":[{"href":"http:\/\/pulskasvakodnevnica.com\/index.php\/wp-json\/wp\/v2\/posts\/50860"}],"collection":[{"href":"http:\/\/pulskasvakodnevnica.com\/index.php\/wp-json\/wp\/v2\/posts"}],"about":[{"href":"http:\/\/pulskasvakodnevnica.com\/index.php\/wp-json\/wp\/v2\/types\/post"}],"author":[{"embeddable":true,"href":"http:\/\/pulskasvakodnevnica.com\/index.php\/wp-json\/wp\/v2\/users\/1"}],"replies":[{"embeddable":true,"href":"http:\/\/pulskasvakodnevnica.com\/index.php\/wp-json\/wp\/v2\/comments?post=50860"}],"version-history":[{"count":1,"href":"http:\/\/pulskasvakodnevnica.com\/index.php\/wp-json\/wp\/v2\/posts\/50860\/revisions"}],"predecessor-version":[{"id":50862,"href":"http:\/\/pulskasvakodnevnica.com\/index.php\/wp-json\/wp\/v2\/posts\/50860\/revisions\/50862"}],"wp:featuredmedia":[{"embeddable":true,"href":"http:\/\/pulskasvakodnevnica.com\/index.php\/wp-json\/wp\/v2\/media\/50861"}],"wp:attachment":[{"href":"http:\/\/pulskasvakodnevnica.com\/index.php\/wp-json\/wp\/v2\/media?parent=50860"}],"wp:term":[{"taxonomy":"category","embeddable":true,"href":"http:\/\/pulskasvakodnevnica.com\/index.php\/wp-json\/wp\/v2\/categories?post=50860"},{"taxonomy":"post_tag","embeddable":true,"href":"http:\/\/pulskasvakodnevnica.com\/index.php\/wp-json\/wp\/v2\/tags?post=50860"}],"curies":[{"name":"wp","href":"https:\/\/api.w.org\/{rel}","templated":true}]}}