{"id":50866,"date":"2026-04-28T17:28:37","date_gmt":"2026-04-28T15:28:37","guid":{"rendered":"http:\/\/pulskasvakodnevnica.com\/?p=50866"},"modified":"2026-04-28T17:28:38","modified_gmt":"2026-04-28T15:28:38","slug":"otvorena-20-godisnja-izlozba-ucenika-spud-a-u-galeriji-novo","status":"publish","type":"post","link":"http:\/\/pulskasvakodnevnica.com\/index.php\/2026\/04\/28\/otvorena-20-godisnja-izlozba-ucenika-spud-a-u-galeriji-novo\/","title":{"rendered":"Otvorena 20. Godi\u0161nja izlo\u017eba u\u010denika \u0160PUD-a u galeriji Novo"},"content":{"rendered":"\n<p><strong>Foto: Boris Vincek <\/strong><\/p>\n\n\n\n<p>Otvorenje 20. Godi\u0161nje izlo\u017ebe radova u\u010denika \u0160PUD Pula odr\u017eano je u utorak 28. travnja, u prostoru galerije Novo gdje su se tradicionalno brojnim okupljenim u\u010denicima, njihovim roditeljima i prijateljima te profesorima obratili Marino Jurcan i voditeljica galerije Marijeta Bradi\u0107 iz udruge Metamedij te ravnatelj \u0161kole Davor Kliman.<\/p>\n\n\n\n<p>Bradi\u0107 je pozdravila okupljene i naglasila da je ovo tre\u0107a godina za redom da se izlo\u017eba \u0160PUD-ovca odr\u017eava u galeriji Novo te da im je izuzetno drago i prije svega ugodno raditi s profesorima i u\u010denicima.<\/p>\n\n\n\n<p>&#8211; \u017delim u\u010denicima puno uspjeha i sre\u0107e u danjem \u0161kolovanju i naravno puno sre\u0107e u njihovom profesionalnom putu i nadam se da \u0107e na tom putu jedna od stanica biti ponovno i ova galerija, kazala je Bradi\u0107 i predala rije\u010d Jurcanu koji je svima \u010destitao 20. godi\u0161njicu izlo\u017ebe.<\/p>\n\n\n\n<p>&#8211; \u010cestitam vam ne samo na izlo\u017ebi ve\u0107 i na uspje\u0161nom procesu rada na njoj. Taj proces kao \u0161to svi znaju je uklju\u010divao i dio istra\u017eivanja, produkcije, mentorskog rada, tako da \u010destitam u\u010denicima, njihovi mentorima na mentorskoj podr\u0161ci te roditeljima na ostaloj podr\u0161ci. Na\u0161a udruga ove godine obilje\u017eava 25. godi\u0161njicu rada, a neki od na\u0161ih najva\u017enijih sada\u0161njih suradnika su potekli upravo iz ove \u0161kole, kazao je Jurcan naglasiv\u0161i potom va\u017enost \u0161kole za ovu sredinu i predao rije\u010d ravnatelju Klimanu.<\/p>\n\n\n\n<p>&#8211; Kad vas gledam, zapravo je predivna prilika vidjeti ono \u0161to se radi u \u0161koli u odvojenim prostorijama, u odvojenim satovima na jednom mjestu. Zapravo mislim da je i samim u\u010denicima lijepo vidjeti \u0161to rade njihove kolege na drugim odjelima u prostoru galerije. Zato se zahvaljujem galeriji Novo koja ima sluha i lijepo sura\u0111uje s nama u ovom predivnom prostoru. Na\u0161 je zadatak i cilj u\u010denicima prenijeti postulate likovnog promi\u0161ljanja i dati im alate da mogu suvereno vladati svojim znanjem i pokazati da znalac rje\u0161ava zadatak tamo gdje neznalica zastane. Mi smo mala \u0161kola s velikim rezultatima i na tome uvijek \u010destitam i kolegama, nastavnicima i djeci. Dalo bi se jo\u0161 puno toga govoriti, a ono \u0161to mi je drago je povjerenje koje i roditelji i djeca imaju prema nastavnicima. U dana\u0161njim vremenima kada je te\u0161ko nekome vjerovati, te\u0161ko je biti mentor i zapravo, te\u0161ko je ponekad kazati da ne\u0161to znamo i ne\u0161to ne znamo. Ali ono \u0161to se vidi u radovima i to na svim odjelima je dokaz da \u0161kola sustavno ide naprijed. Mo\u017eemo re\u0107i da smo postali jedan toponim unutar edukativne mape grada, ali i Istre. Ono \u0161to me tako\u0111er raduje je da \u0107emo unutar dvije godine biti u novoj zgradi u jo\u0161 boljim uvjetima. Na taj na\u010din \u0107emo potaknuti sve ono \u0161to smo do sada dobro radili, a vi \u0107ete ocijeniti da li je to stvarno dobro, ili meni samo moje emocije govore da je to tako, kazao je Kliman i proglasio izlo\u017ebu otvorenom<\/p>\n\n\n\n<p>Izlo\u017ebu je mogu\u0107e razgledati do 15. svibnja u radnom vremenu galerije: od ponedjeljka do srijede od 10 do 14 sati te u \u010detvrtak i petak od 17 do 20 sati. Izlo\u017eba je ostvarena pod pokroviteljstvom Grada Pule.<\/p>\n\n\n\n<p>(PS)<\/p>\n","protected":false},"excerpt":{"rendered":"<p>Foto: Boris Vincek Otvorenje 20. Godi\u0161nje izlo\u017ebe radova u\u010denika \u0160PUD Pula odr\u017eano je u utorak 28. travnja, u prostoru galerije<\/p>\n","protected":false},"author":1,"featured_media":50867,"comment_status":"open","ping_status":"closed","sticky":false,"template":"","format":"standard","meta":{"_mi_skip_tracking":false,"footnotes":""},"categories":[1,99],"tags":[110,355],"yoast_head":"<!-- This site is optimized with the Yoast SEO plugin v20.4 - https:\/\/yoast.com\/wordpress\/plugins\/seo\/ -->\n<title>Otvorena 20. Godi\u0161nja izlo\u017eba u\u010denika \u0160PUD-a u galeriji Novo - Pulska Svakodnevnica<\/title>\n<meta name=\"robots\" content=\"index, follow, max-snippet:-1, max-image-preview:large, max-video-preview:-1\" \/>\n<link rel=\"canonical\" href=\"http:\/\/pulskasvakodnevnica.com\/index.php\/2026\/04\/28\/otvorena-20-godisnja-izlozba-ucenika-spud-a-u-galeriji-novo\/\" \/>\n<meta property=\"og:locale\" content=\"hr_HR\" \/>\n<meta property=\"og:type\" content=\"article\" \/>\n<meta property=\"og:title\" content=\"Otvorena 20. Godi\u0161nja izlo\u017eba u\u010denika \u0160PUD-a u galeriji Novo - Pulska Svakodnevnica\" \/>\n<meta property=\"og:description\" content=\"Foto: Boris Vincek Otvorenje 20. Godi\u0161nje izlo\u017ebe radova u\u010denika \u0160PUD Pula odr\u017eano je u utorak 28. travnja, u prostoru galerije\" \/>\n<meta property=\"og:url\" content=\"http:\/\/pulskasvakodnevnica.com\/index.php\/2026\/04\/28\/otvorena-20-godisnja-izlozba-ucenika-spud-a-u-galeriji-novo\/\" \/>\n<meta property=\"og:site_name\" content=\"Pulska Svakodnevnica\" \/>\n<meta property=\"article:publisher\" content=\"https:\/\/www.facebook.com\/PulskaSvakodnevnicaNews\" \/>\n<meta property=\"article:published_time\" content=\"2026-04-28T15:28:37+00:00\" \/>\n<meta property=\"article:modified_time\" content=\"2026-04-28T15:28:38+00:00\" \/>\n<meta property=\"og:image\" content=\"http:\/\/pulskasvakodnevnica.com\/wp-content\/uploads\/2026\/04\/IMG_9621.jpg\" \/>\n\t<meta property=\"og:image:width\" content=\"2048\" \/>\n\t<meta property=\"og:image:height\" content=\"1365\" \/>\n\t<meta property=\"og:image:type\" content=\"image\/jpeg\" \/>\n<meta name=\"author\" content=\"Pulska Svakodnevnica\" \/>\n<meta name=\"twitter:card\" content=\"summary_large_image\" \/>\n<meta name=\"twitter:label1\" content=\"Napisao\/la\" \/>\n\t<meta name=\"twitter:data1\" content=\"Pulska Svakodnevnica\" \/>\n\t<meta name=\"twitter:label2\" content=\"Procijenjeno vrijeme \u010ditanja\" \/>\n\t<meta name=\"twitter:data2\" content=\"3 minute\" \/>\n<script type=\"application\/ld+json\" class=\"yoast-schema-graph\">{\"@context\":\"https:\/\/schema.org\",\"@graph\":[{\"@type\":\"WebPage\",\"@id\":\"http:\/\/pulskasvakodnevnica.com\/index.php\/2026\/04\/28\/otvorena-20-godisnja-izlozba-ucenika-spud-a-u-galeriji-novo\/\",\"url\":\"http:\/\/pulskasvakodnevnica.com\/index.php\/2026\/04\/28\/otvorena-20-godisnja-izlozba-ucenika-spud-a-u-galeriji-novo\/\",\"name\":\"Otvorena 20. Godi\u0161nja izlo\u017eba u\u010denika \u0160PUD-a u galeriji Novo - Pulska Svakodnevnica\",\"isPartOf\":{\"@id\":\"http:\/\/pulskasvakodnevnica.com\/#website\"},\"datePublished\":\"2026-04-28T15:28:37+00:00\",\"dateModified\":\"2026-04-28T15:28:38+00:00\",\"author\":{\"@id\":\"http:\/\/pulskasvakodnevnica.com\/#\/schema\/person\/95941daf7dfab0e8fd012b0d88608a3f\"},\"breadcrumb\":{\"@id\":\"http:\/\/pulskasvakodnevnica.com\/index.php\/2026\/04\/28\/otvorena-20-godisnja-izlozba-ucenika-spud-a-u-galeriji-novo\/#breadcrumb\"},\"inLanguage\":\"hr\",\"potentialAction\":[{\"@type\":\"ReadAction\",\"target\":[\"http:\/\/pulskasvakodnevnica.com\/index.php\/2026\/04\/28\/otvorena-20-godisnja-izlozba-ucenika-spud-a-u-galeriji-novo\/\"]}]},{\"@type\":\"BreadcrumbList\",\"@id\":\"http:\/\/pulskasvakodnevnica.com\/index.php\/2026\/04\/28\/otvorena-20-godisnja-izlozba-ucenika-spud-a-u-galeriji-novo\/#breadcrumb\",\"itemListElement\":[{\"@type\":\"ListItem\",\"position\":1,\"name\":\"Po\u010detna stranica\",\"item\":\"http:\/\/pulskasvakodnevnica.com\/\"},{\"@type\":\"ListItem\",\"position\":2,\"name\":\"Otvorena 20. Godi\u0161nja izlo\u017eba u\u010denika \u0160PUD-a u galeriji Novo\"}]},{\"@type\":\"WebSite\",\"@id\":\"http:\/\/pulskasvakodnevnica.com\/#website\",\"url\":\"http:\/\/pulskasvakodnevnica.com\/\",\"name\":\"Pulska Svakodnevnica\",\"description\":\"Vijesti iz Pule i Istre\",\"potentialAction\":[{\"@type\":\"SearchAction\",\"target\":{\"@type\":\"EntryPoint\",\"urlTemplate\":\"http:\/\/pulskasvakodnevnica.com\/?s={search_term_string}\"},\"query-input\":\"required name=search_term_string\"}],\"inLanguage\":\"hr\"},{\"@type\":\"Person\",\"@id\":\"http:\/\/pulskasvakodnevnica.com\/#\/schema\/person\/95941daf7dfab0e8fd012b0d88608a3f\",\"name\":\"Pulska Svakodnevnica\"}]}<\/script>\n<!-- \/ Yoast SEO plugin. -->","yoast_head_json":{"title":"Otvorena 20. Godi\u0161nja izlo\u017eba u\u010denika \u0160PUD-a u galeriji Novo - Pulska Svakodnevnica","robots":{"index":"index","follow":"follow","max-snippet":"max-snippet:-1","max-image-preview":"max-image-preview:large","max-video-preview":"max-video-preview:-1"},"canonical":"http:\/\/pulskasvakodnevnica.com\/index.php\/2026\/04\/28\/otvorena-20-godisnja-izlozba-ucenika-spud-a-u-galeriji-novo\/","og_locale":"hr_HR","og_type":"article","og_title":"Otvorena 20. Godi\u0161nja izlo\u017eba u\u010denika \u0160PUD-a u galeriji Novo - Pulska Svakodnevnica","og_description":"Foto: Boris Vincek Otvorenje 20. Godi\u0161nje izlo\u017ebe radova u\u010denika \u0160PUD Pula odr\u017eano je u utorak 28. travnja, u prostoru galerije","og_url":"http:\/\/pulskasvakodnevnica.com\/index.php\/2026\/04\/28\/otvorena-20-godisnja-izlozba-ucenika-spud-a-u-galeriji-novo\/","og_site_name":"Pulska Svakodnevnica","article_publisher":"https:\/\/www.facebook.com\/PulskaSvakodnevnicaNews","article_published_time":"2026-04-28T15:28:37+00:00","article_modified_time":"2026-04-28T15:28:38+00:00","og_image":[{"width":2048,"height":1365,"url":"http:\/\/pulskasvakodnevnica.com\/wp-content\/uploads\/2026\/04\/IMG_9621.jpg","type":"image\/jpeg"}],"author":"Pulska Svakodnevnica","twitter_card":"summary_large_image","twitter_misc":{"Napisao\/la":"Pulska Svakodnevnica","Procijenjeno vrijeme \u010ditanja":"3 minute"},"schema":{"@context":"https:\/\/schema.org","@graph":[{"@type":"WebPage","@id":"http:\/\/pulskasvakodnevnica.com\/index.php\/2026\/04\/28\/otvorena-20-godisnja-izlozba-ucenika-spud-a-u-galeriji-novo\/","url":"http:\/\/pulskasvakodnevnica.com\/index.php\/2026\/04\/28\/otvorena-20-godisnja-izlozba-ucenika-spud-a-u-galeriji-novo\/","name":"Otvorena 20. Godi\u0161nja izlo\u017eba u\u010denika \u0160PUD-a u galeriji Novo - Pulska Svakodnevnica","isPartOf":{"@id":"http:\/\/pulskasvakodnevnica.com\/#website"},"datePublished":"2026-04-28T15:28:37+00:00","dateModified":"2026-04-28T15:28:38+00:00","author":{"@id":"http:\/\/pulskasvakodnevnica.com\/#\/schema\/person\/95941daf7dfab0e8fd012b0d88608a3f"},"breadcrumb":{"@id":"http:\/\/pulskasvakodnevnica.com\/index.php\/2026\/04\/28\/otvorena-20-godisnja-izlozba-ucenika-spud-a-u-galeriji-novo\/#breadcrumb"},"inLanguage":"hr","potentialAction":[{"@type":"ReadAction","target":["http:\/\/pulskasvakodnevnica.com\/index.php\/2026\/04\/28\/otvorena-20-godisnja-izlozba-ucenika-spud-a-u-galeriji-novo\/"]}]},{"@type":"BreadcrumbList","@id":"http:\/\/pulskasvakodnevnica.com\/index.php\/2026\/04\/28\/otvorena-20-godisnja-izlozba-ucenika-spud-a-u-galeriji-novo\/#breadcrumb","itemListElement":[{"@type":"ListItem","position":1,"name":"Po\u010detna stranica","item":"http:\/\/pulskasvakodnevnica.com\/"},{"@type":"ListItem","position":2,"name":"Otvorena 20. Godi\u0161nja izlo\u017eba u\u010denika \u0160PUD-a u galeriji Novo"}]},{"@type":"WebSite","@id":"http:\/\/pulskasvakodnevnica.com\/#website","url":"http:\/\/pulskasvakodnevnica.com\/","name":"Pulska Svakodnevnica","description":"Vijesti iz Pule i Istre","potentialAction":[{"@type":"SearchAction","target":{"@type":"EntryPoint","urlTemplate":"http:\/\/pulskasvakodnevnica.com\/?s={search_term_string}"},"query-input":"required name=search_term_string"}],"inLanguage":"hr"},{"@type":"Person","@id":"http:\/\/pulskasvakodnevnica.com\/#\/schema\/person\/95941daf7dfab0e8fd012b0d88608a3f","name":"Pulska Svakodnevnica"}]}},"_links":{"self":[{"href":"http:\/\/pulskasvakodnevnica.com\/index.php\/wp-json\/wp\/v2\/posts\/50866"}],"collection":[{"href":"http:\/\/pulskasvakodnevnica.com\/index.php\/wp-json\/wp\/v2\/posts"}],"about":[{"href":"http:\/\/pulskasvakodnevnica.com\/index.php\/wp-json\/wp\/v2\/types\/post"}],"author":[{"embeddable":true,"href":"http:\/\/pulskasvakodnevnica.com\/index.php\/wp-json\/wp\/v2\/users\/1"}],"replies":[{"embeddable":true,"href":"http:\/\/pulskasvakodnevnica.com\/index.php\/wp-json\/wp\/v2\/comments?post=50866"}],"version-history":[{"count":1,"href":"http:\/\/pulskasvakodnevnica.com\/index.php\/wp-json\/wp\/v2\/posts\/50866\/revisions"}],"predecessor-version":[{"id":50868,"href":"http:\/\/pulskasvakodnevnica.com\/index.php\/wp-json\/wp\/v2\/posts\/50866\/revisions\/50868"}],"wp:featuredmedia":[{"embeddable":true,"href":"http:\/\/pulskasvakodnevnica.com\/index.php\/wp-json\/wp\/v2\/media\/50867"}],"wp:attachment":[{"href":"http:\/\/pulskasvakodnevnica.com\/index.php\/wp-json\/wp\/v2\/media?parent=50866"}],"wp:term":[{"taxonomy":"category","embeddable":true,"href":"http:\/\/pulskasvakodnevnica.com\/index.php\/wp-json\/wp\/v2\/categories?post=50866"},{"taxonomy":"post_tag","embeddable":true,"href":"http:\/\/pulskasvakodnevnica.com\/index.php\/wp-json\/wp\/v2\/tags?post=50866"}],"curies":[{"name":"wp","href":"https:\/\/api.w.org\/{rel}","templated":true}]}}