{"id":50869,"date":"2026-04-28T17:36:13","date_gmt":"2026-04-28T15:36:13","guid":{"rendered":"http:\/\/pulskasvakodnevnica.com\/?p=50869"},"modified":"2026-04-28T17:36:14","modified_gmt":"2026-04-28T15:36:14","slug":"kaiserball-pula-2026-duh-austro-ugarske-ozivio-na-brijunima-i-u-puli-26-i-27-travnja","status":"publish","type":"post","link":"http:\/\/pulskasvakodnevnica.com\/index.php\/2026\/04\/28\/kaiserball-pula-2026-duh-austro-ugarske-ozivio-na-brijunima-i-u-puli-26-i-27-travnja\/","title":{"rendered":"Kaiserball Pula 2026.: Duh Austro-Ugarske o\u017eivio na Brijunima i u Puli 26.i 27.travnja"},"content":{"rendered":"\n<p>Foto: Udruga Kaiserball<\/p>\n\n\n\n<p>Peta jubilarna manifestacija Kaiserball Pula zapo\u010dela je proteklog vikenda, vra\u0107aju\u0107i sjaj i eleganciju carskih vremena u srce Istre. Kroz bogat sportski, kulturni i edukativni program, posjetitelji su 26. i 27. travnja imali priliku zakora\u010diti u pro\u0161lost na dvije autenti\u010dne lokacije \u2013 u Nacionalnom parku Brijuni i Domu hrvatskih branitelja u Puli.<\/p>\n\n\n\n<p><strong>Prvi dan (26. travnja): Sportska tradicija na Brijunima<\/strong><\/p>\n\n\n\n<p>Prvi dan manifestacije bio je u znaku povijesnog sporta na brijunskom oto\u010dju. Glavno doga\u0111anje bio je Hickory golf turnir, jedinstveno natjecanje u kojem su se koristile tradicionalne drvene palice s kraja 19. stolje\u0107a.<\/p>\n\n\n\n<p>Hickory golf: Sudionici su demonstrirali vje\u0161tinu golfa u izvornom obliku, o\u017eivljavaju\u0107i atmosferu vremena kada su Brijuni postajali presti\u017eno europsko odmarali\u0161te.<\/p>\n\n\n\n<p>Kulturna \u0161etnja: Posjetitelji su uz promotivnu cijenu ulaznica mogli u\u017eivati u vo\u017enji brodom, pra\u0107enju turnira te posjetu Muzeju ko\u010dija, \u010dime je zaokru\u017eena slika nekada\u0161njeg brijunskog luksuza.<\/p>\n\n\n\n<p><strong>Drugi dan (27. travnja): Znanost, umjetnost i gastronomija u Domu hrvatskih branitelja<\/strong><\/p>\n\n\n\n<p>Program se nastavio u ponedjeljak u Puli, gdje je nekada\u0161nji Marine Casino u Crvenoj dvorani ugostio seriju stru\u010dnih predavanja i degustacija posve\u0107enih austrougarskom naslje\u0111u.<\/p>\n\n\n\n<p>Jutro je zapo\u010delo &nbsp;predavanjem Nine Topi\u0107, Predsjednice Aerokluba Viktor Klobu\u010dar o razvoju hidroavijacije na Jadranu u vrijeme Austro Ugarske monarhije, te o Viktoru Klobu\u010daru&nbsp; osniva\u010du i prvom zapovjedniku hidrobaza u Puli i na jadranskoj obali.<\/p>\n\n\n\n<p>U nastavku je poseban interes izazvala &nbsp;prezentacija \u201eSlatki \u017eivot austrougarske Pule\u201c &nbsp;dr.sc. Alide Perkov uz degustaciju autenti\u010dnog kola\u010da \u201e Rigojan\u010di\u201c koje je predstavila &nbsp;&nbsp;Dragica Lukin, predsjednica Hrvatskog saveza slasti\u010dara.<\/p>\n\n\n\n<p>Dr. sc. Alka Starac iz AMI&nbsp; predstavila je uloga Antuna Gnirsa &nbsp;u istra\u017eivanju anti\u010dkih lokaliteta Pule i Istre. Izabela Vitasovi\u0107, vlasnica vinarije Teraboto &nbsp;&#8211; prezentirala je zainteresiranim brojnom auditoriju Povijesne \u010dinjenice kao inspiraciju za storytelling i degustaciju limitirane edicije Teraboto Malvazije Istarske i Teraboto Terana. Predavanja su se nastavila izlaganjem Ive Tominovi\u0107 Matas Green Hypnotic, Pula , o Austrougarskim parkovima u Puli. Uslijedila je video projekcija simfonijske poeme Monarhija djelo autora Emira Kulenovi\u0107a, Antuna&nbsp; Zanettia, Aleksandra Valen\u010di\u0107a i Slavice Lon\u010dari\u0107 \u0110ugum.<\/p>\n\n\n\n<p>Popodnevni sati bili su rezervirani za predavanje Slobodana Bur\u0161i\u0107a o 170. obljetnice Arsenala i 160 obljetnice vi\u0161ke bitke te uloge austrougarske mornarice, \u010dime je nagla\u0161en zna\u010daj Pule kao klju\u010dne ratne luke Monarhije .<\/p>\n\n\n\n<p>&nbsp;Dr.sc. Nata\u0161a Uro\u0161evi\u0107 &nbsp;iz Sveu\u010dili\u0161ta Jurja Dobrile&nbsp; predstavila je &nbsp;Austrougarske utvrde na Pulj\u0161tini. Damir \u0160egon predstavnik&nbsp; Astronomsko dru\u0161tva Istra &nbsp;govorio je o 155. obljetnici&nbsp;&nbsp; izgradnje Zvjezdarnice Pula. Iz Povijesnog i Pomorskog muzeja Istre sudjelovale su &nbsp;Katarina Mari\u0107 predavanjem o &nbsp;Alexandru Kircheru i austrougarskoj mornarici u&nbsp; Puli, te Sun\u010dica Musta\u010d &nbsp;o Restauracija zidnih slika u Istri pod vodstvom &nbsp;Austrougarske Centralne komisije .&nbsp;&nbsp;<\/p>\n\n\n\n<p>Ambijent je bio posebno oboga\u0107en izlo\u017ebama , od kojih se isti\u010de&nbsp; &nbsp;Filatelisti\u010dko dru\u0161tvo Arena Pula s razglednicama iz&nbsp; razdoblja Austrougarske Pule. Gradska Knji\u017enica i \u010citaonica Pula &nbsp;priredila je izlo\u017ebu \u201eAncora un litro de quel bon\u201c \u2013 o gostionicama i restoranima u Austrougarskoj Puli . Nadalje, sudjelovali&nbsp; su Aeroklub Viktor Klobu\u010dar i UHBDR \u2013 sekcija Zrako-Pula &#8211; sa tematskim fotografijama. &nbsp;Kroja\u010d Stari grad s prikazao je replika kostima iz razdoblja Austro-Ugarske monarhije. UDRUGA BATANA sudjelovala je izlo\u017ebom fotografija Austrougarskim bravama, kvakama i vizirima iz na\u0161eg podru\u010dja.&nbsp;&nbsp;&nbsp;&nbsp;<\/p>\n\n\n\n<p>&nbsp;Ovogodi\u0161nji program &nbsp;dodatno je oboga\u0107en i humanitarnom akcijom &#8220;Mali znak-veliko srce&#8221;, za korisnike Centra za rehabilitaciju Gregovica.<\/p>\n\n\n\n<p>Za vi\u0161e informacija o preostalom programu i ulaznicama za zavr\u0161ni bal, posjetite slu\u017ebene stranice Kaiserball Pula ili kontaktirajte organizatore putem e-maila na info@kaiserball-pula.com.<\/p>\n\n\n\n<p>(PS)<\/p>\n","protected":false},"excerpt":{"rendered":"<p>Foto: Udruga Kaiserball Peta jubilarna manifestacija Kaiserball Pula zapo\u010dela je proteklog vikenda, vra\u0107aju\u0107i sjaj i eleganciju carskih vremena u srce<\/p>\n","protected":false},"author":1,"featured_media":50870,"comment_status":"open","ping_status":"closed","sticky":false,"template":"","format":"standard","meta":{"_mi_skip_tracking":false,"footnotes":""},"categories":[1,99],"tags":[110,355],"yoast_head":"<!-- This site is optimized with the Yoast SEO plugin v20.4 - https:\/\/yoast.com\/wordpress\/plugins\/seo\/ -->\n<title>Kaiserball Pula 2026.: Duh Austro-Ugarske o\u017eivio na Brijunima i u Puli 26.i 27.travnja - Pulska Svakodnevnica<\/title>\n<meta name=\"robots\" content=\"index, follow, max-snippet:-1, max-image-preview:large, max-video-preview:-1\" \/>\n<link rel=\"canonical\" href=\"http:\/\/pulskasvakodnevnica.com\/index.php\/2026\/04\/28\/kaiserball-pula-2026-duh-austro-ugarske-ozivio-na-brijunima-i-u-puli-26-i-27-travnja\/\" \/>\n<meta property=\"og:locale\" content=\"hr_HR\" \/>\n<meta property=\"og:type\" content=\"article\" \/>\n<meta property=\"og:title\" content=\"Kaiserball Pula 2026.: Duh Austro-Ugarske o\u017eivio na Brijunima i u Puli 26.i 27.travnja - Pulska Svakodnevnica\" \/>\n<meta property=\"og:description\" content=\"Foto: Udruga Kaiserball Peta jubilarna manifestacija Kaiserball Pula zapo\u010dela je proteklog vikenda, vra\u0107aju\u0107i sjaj i eleganciju carskih vremena u srce\" \/>\n<meta property=\"og:url\" content=\"http:\/\/pulskasvakodnevnica.com\/index.php\/2026\/04\/28\/kaiserball-pula-2026-duh-austro-ugarske-ozivio-na-brijunima-i-u-puli-26-i-27-travnja\/\" \/>\n<meta property=\"og:site_name\" content=\"Pulska Svakodnevnica\" \/>\n<meta property=\"article:publisher\" content=\"https:\/\/www.facebook.com\/PulskaSvakodnevnicaNews\" \/>\n<meta property=\"article:published_time\" content=\"2026-04-28T15:36:13+00:00\" \/>\n<meta property=\"article:modified_time\" content=\"2026-04-28T15:36:14+00:00\" \/>\n<meta property=\"og:image\" content=\"http:\/\/pulskasvakodnevnica.com\/wp-content\/uploads\/2026\/04\/1000033329.jpg\" \/>\n\t<meta property=\"og:image:width\" content=\"1200\" \/>\n\t<meta property=\"og:image:height\" content=\"1600\" \/>\n\t<meta property=\"og:image:type\" content=\"image\/jpeg\" \/>\n<meta name=\"author\" content=\"Pulska Svakodnevnica\" \/>\n<meta name=\"twitter:card\" content=\"summary_large_image\" \/>\n<meta name=\"twitter:label1\" content=\"Napisao\/la\" \/>\n\t<meta name=\"twitter:data1\" content=\"Pulska Svakodnevnica\" \/>\n\t<meta name=\"twitter:label2\" content=\"Procijenjeno vrijeme \u010ditanja\" \/>\n\t<meta name=\"twitter:data2\" content=\"3 minute\" \/>\n<script type=\"application\/ld+json\" class=\"yoast-schema-graph\">{\"@context\":\"https:\/\/schema.org\",\"@graph\":[{\"@type\":\"WebPage\",\"@id\":\"http:\/\/pulskasvakodnevnica.com\/index.php\/2026\/04\/28\/kaiserball-pula-2026-duh-austro-ugarske-ozivio-na-brijunima-i-u-puli-26-i-27-travnja\/\",\"url\":\"http:\/\/pulskasvakodnevnica.com\/index.php\/2026\/04\/28\/kaiserball-pula-2026-duh-austro-ugarske-ozivio-na-brijunima-i-u-puli-26-i-27-travnja\/\",\"name\":\"Kaiserball Pula 2026.: Duh Austro-Ugarske o\u017eivio na Brijunima i u Puli 26.i 27.travnja - Pulska Svakodnevnica\",\"isPartOf\":{\"@id\":\"http:\/\/pulskasvakodnevnica.com\/#website\"},\"datePublished\":\"2026-04-28T15:36:13+00:00\",\"dateModified\":\"2026-04-28T15:36:14+00:00\",\"author\":{\"@id\":\"http:\/\/pulskasvakodnevnica.com\/#\/schema\/person\/95941daf7dfab0e8fd012b0d88608a3f\"},\"breadcrumb\":{\"@id\":\"http:\/\/pulskasvakodnevnica.com\/index.php\/2026\/04\/28\/kaiserball-pula-2026-duh-austro-ugarske-ozivio-na-brijunima-i-u-puli-26-i-27-travnja\/#breadcrumb\"},\"inLanguage\":\"hr\",\"potentialAction\":[{\"@type\":\"ReadAction\",\"target\":[\"http:\/\/pulskasvakodnevnica.com\/index.php\/2026\/04\/28\/kaiserball-pula-2026-duh-austro-ugarske-ozivio-na-brijunima-i-u-puli-26-i-27-travnja\/\"]}]},{\"@type\":\"BreadcrumbList\",\"@id\":\"http:\/\/pulskasvakodnevnica.com\/index.php\/2026\/04\/28\/kaiserball-pula-2026-duh-austro-ugarske-ozivio-na-brijunima-i-u-puli-26-i-27-travnja\/#breadcrumb\",\"itemListElement\":[{\"@type\":\"ListItem\",\"position\":1,\"name\":\"Po\u010detna stranica\",\"item\":\"http:\/\/pulskasvakodnevnica.com\/\"},{\"@type\":\"ListItem\",\"position\":2,\"name\":\"Kaiserball Pula 2026.: Duh Austro-Ugarske o\u017eivio na Brijunima i u Puli 26.i 27.travnja\"}]},{\"@type\":\"WebSite\",\"@id\":\"http:\/\/pulskasvakodnevnica.com\/#website\",\"url\":\"http:\/\/pulskasvakodnevnica.com\/\",\"name\":\"Pulska Svakodnevnica\",\"description\":\"Vijesti iz Pule i Istre\",\"potentialAction\":[{\"@type\":\"SearchAction\",\"target\":{\"@type\":\"EntryPoint\",\"urlTemplate\":\"http:\/\/pulskasvakodnevnica.com\/?s={search_term_string}\"},\"query-input\":\"required name=search_term_string\"}],\"inLanguage\":\"hr\"},{\"@type\":\"Person\",\"@id\":\"http:\/\/pulskasvakodnevnica.com\/#\/schema\/person\/95941daf7dfab0e8fd012b0d88608a3f\",\"name\":\"Pulska Svakodnevnica\"}]}<\/script>\n<!-- \/ Yoast SEO plugin. -->","yoast_head_json":{"title":"Kaiserball Pula 2026.: Duh Austro-Ugarske o\u017eivio na Brijunima i u Puli 26.i 27.travnja - Pulska Svakodnevnica","robots":{"index":"index","follow":"follow","max-snippet":"max-snippet:-1","max-image-preview":"max-image-preview:large","max-video-preview":"max-video-preview:-1"},"canonical":"http:\/\/pulskasvakodnevnica.com\/index.php\/2026\/04\/28\/kaiserball-pula-2026-duh-austro-ugarske-ozivio-na-brijunima-i-u-puli-26-i-27-travnja\/","og_locale":"hr_HR","og_type":"article","og_title":"Kaiserball Pula 2026.: Duh Austro-Ugarske o\u017eivio na Brijunima i u Puli 26.i 27.travnja - Pulska Svakodnevnica","og_description":"Foto: Udruga Kaiserball Peta jubilarna manifestacija Kaiserball Pula zapo\u010dela je proteklog vikenda, vra\u0107aju\u0107i sjaj i eleganciju carskih vremena u srce","og_url":"http:\/\/pulskasvakodnevnica.com\/index.php\/2026\/04\/28\/kaiserball-pula-2026-duh-austro-ugarske-ozivio-na-brijunima-i-u-puli-26-i-27-travnja\/","og_site_name":"Pulska Svakodnevnica","article_publisher":"https:\/\/www.facebook.com\/PulskaSvakodnevnicaNews","article_published_time":"2026-04-28T15:36:13+00:00","article_modified_time":"2026-04-28T15:36:14+00:00","og_image":[{"width":1200,"height":1600,"url":"http:\/\/pulskasvakodnevnica.com\/wp-content\/uploads\/2026\/04\/1000033329.jpg","type":"image\/jpeg"}],"author":"Pulska Svakodnevnica","twitter_card":"summary_large_image","twitter_misc":{"Napisao\/la":"Pulska Svakodnevnica","Procijenjeno vrijeme \u010ditanja":"3 minute"},"schema":{"@context":"https:\/\/schema.org","@graph":[{"@type":"WebPage","@id":"http:\/\/pulskasvakodnevnica.com\/index.php\/2026\/04\/28\/kaiserball-pula-2026-duh-austro-ugarske-ozivio-na-brijunima-i-u-puli-26-i-27-travnja\/","url":"http:\/\/pulskasvakodnevnica.com\/index.php\/2026\/04\/28\/kaiserball-pula-2026-duh-austro-ugarske-ozivio-na-brijunima-i-u-puli-26-i-27-travnja\/","name":"Kaiserball Pula 2026.: Duh Austro-Ugarske o\u017eivio na Brijunima i u Puli 26.i 27.travnja - Pulska Svakodnevnica","isPartOf":{"@id":"http:\/\/pulskasvakodnevnica.com\/#website"},"datePublished":"2026-04-28T15:36:13+00:00","dateModified":"2026-04-28T15:36:14+00:00","author":{"@id":"http:\/\/pulskasvakodnevnica.com\/#\/schema\/person\/95941daf7dfab0e8fd012b0d88608a3f"},"breadcrumb":{"@id":"http:\/\/pulskasvakodnevnica.com\/index.php\/2026\/04\/28\/kaiserball-pula-2026-duh-austro-ugarske-ozivio-na-brijunima-i-u-puli-26-i-27-travnja\/#breadcrumb"},"inLanguage":"hr","potentialAction":[{"@type":"ReadAction","target":["http:\/\/pulskasvakodnevnica.com\/index.php\/2026\/04\/28\/kaiserball-pula-2026-duh-austro-ugarske-ozivio-na-brijunima-i-u-puli-26-i-27-travnja\/"]}]},{"@type":"BreadcrumbList","@id":"http:\/\/pulskasvakodnevnica.com\/index.php\/2026\/04\/28\/kaiserball-pula-2026-duh-austro-ugarske-ozivio-na-brijunima-i-u-puli-26-i-27-travnja\/#breadcrumb","itemListElement":[{"@type":"ListItem","position":1,"name":"Po\u010detna stranica","item":"http:\/\/pulskasvakodnevnica.com\/"},{"@type":"ListItem","position":2,"name":"Kaiserball Pula 2026.: Duh Austro-Ugarske o\u017eivio na Brijunima i u Puli 26.i 27.travnja"}]},{"@type":"WebSite","@id":"http:\/\/pulskasvakodnevnica.com\/#website","url":"http:\/\/pulskasvakodnevnica.com\/","name":"Pulska Svakodnevnica","description":"Vijesti iz Pule i Istre","potentialAction":[{"@type":"SearchAction","target":{"@type":"EntryPoint","urlTemplate":"http:\/\/pulskasvakodnevnica.com\/?s={search_term_string}"},"query-input":"required name=search_term_string"}],"inLanguage":"hr"},{"@type":"Person","@id":"http:\/\/pulskasvakodnevnica.com\/#\/schema\/person\/95941daf7dfab0e8fd012b0d88608a3f","name":"Pulska Svakodnevnica"}]}},"_links":{"self":[{"href":"http:\/\/pulskasvakodnevnica.com\/index.php\/wp-json\/wp\/v2\/posts\/50869"}],"collection":[{"href":"http:\/\/pulskasvakodnevnica.com\/index.php\/wp-json\/wp\/v2\/posts"}],"about":[{"href":"http:\/\/pulskasvakodnevnica.com\/index.php\/wp-json\/wp\/v2\/types\/post"}],"author":[{"embeddable":true,"href":"http:\/\/pulskasvakodnevnica.com\/index.php\/wp-json\/wp\/v2\/users\/1"}],"replies":[{"embeddable":true,"href":"http:\/\/pulskasvakodnevnica.com\/index.php\/wp-json\/wp\/v2\/comments?post=50869"}],"version-history":[{"count":1,"href":"http:\/\/pulskasvakodnevnica.com\/index.php\/wp-json\/wp\/v2\/posts\/50869\/revisions"}],"predecessor-version":[{"id":50871,"href":"http:\/\/pulskasvakodnevnica.com\/index.php\/wp-json\/wp\/v2\/posts\/50869\/revisions\/50871"}],"wp:featuredmedia":[{"embeddable":true,"href":"http:\/\/pulskasvakodnevnica.com\/index.php\/wp-json\/wp\/v2\/media\/50870"}],"wp:attachment":[{"href":"http:\/\/pulskasvakodnevnica.com\/index.php\/wp-json\/wp\/v2\/media?parent=50869"}],"wp:term":[{"taxonomy":"category","embeddable":true,"href":"http:\/\/pulskasvakodnevnica.com\/index.php\/wp-json\/wp\/v2\/categories?post=50869"},{"taxonomy":"post_tag","embeddable":true,"href":"http:\/\/pulskasvakodnevnica.com\/index.php\/wp-json\/wp\/v2\/tags?post=50869"}],"curies":[{"name":"wp","href":"https:\/\/api.w.org\/{rel}","templated":true}]}}