{"id":50875,"date":"2026-04-29T11:53:25","date_gmt":"2026-04-29T09:53:25","guid":{"rendered":"http:\/\/pulskasvakodnevnica.com\/?p=50875"},"modified":"2026-04-29T11:53:25","modified_gmt":"2026-04-29T09:53:25","slug":"art-panoptikum-lxvi","status":"publish","type":"post","link":"http:\/\/pulskasvakodnevnica.com\/index.php\/2026\/04\/29\/art-panoptikum-lxvi\/","title":{"rendered":"Art Panoptikum LXVI"},"content":{"rendered":"\n<p><strong>Foto: Gradska radionica<\/strong><\/p>\n\n\n\n<p>Art Panoptikum, program predstavljanja me\u0111unarodne vizualne umjetnosti odr\u017eat \u0107e se po \u0161ezdeset i \u0161esti put u \u010detvrtak, 30. travnja &nbsp;2026. u 19:30 sati u unutarnjem prostoru Gradske Radionice u Puli. Kroz sedam tekstualno i vizualno popra\u0107enih tema predstavit \u0107e se nove izlo\u017ebe poznatih umjetnica i umjetnika u svjetskim galerijama i muzejima.<\/p>\n\n\n\n<p>U prvoj temi predstavlja se Smiljan Radi\u0107 Clarke \u010dileanski arhitekt hrvatskih korijena, ovogodi\u0161nji dobitnik Pritzkerove nagrade koja predstavlja najve\u0107e priznanje u arhitekturi. Za njegove gra\u0111evine ka\u017eu da se \u010desto \u010dine tihe, elementarne i otporne na laku interpretaciju, poti\u010du\u0107i posjetitelje da ih do\u017eive kroz pokret, atmosferu i percepciju, a ne kroz formalni izraz.<\/p>\n\n\n\n<p>Sljede\u0107a tema namijenjena je prikazu retrospektivne izlo\u017ebe s djelima iz \u0161est desetlje\u0107a karijere ameri\u010dke umjetnice Helen Frankenthaler. Izlo\u017eba ove revolucionarne predstavnice apstraktnog ekspresionizma koja zauzima sredi\u0161nje mjesto u poslijeratnoj ameri\u010dkoj umjetnosti otvorena je do 23. kolovoza u Kunstmuseum Basel.<\/p>\n\n\n\n<p>Potom se predstavlja izlo\u017eba jedne od najinventivnijih figura suvremene europske umjetnosti francuskog umjetnika Fabrice Hybera, koja je pod nazivom \u201eL\u2019Artiste Agriculteur\u201c otvorena u Kunstmuseum Thun do 2. kolovoza. Njegova djela kombiniraju estetska, ekolo\u0161ka i dru\u0161tvena pitanja te otvaraju podru\u010dje u kojem su u\u010denje, promatranje i djelovanje neraskidivo povezani.<\/p>\n\n\n\n<p>Idu\u0107a tema bit \u0107e posve\u0107ena izlo\u017ebi recentnih radova ameri\u010dke umjetnice Elizabeth Peyton koja je pod nazivom \u201eMountains in my heart (the death of Sarpedon)\u201c otvorena u galeriji David Zwirner u New Yorku do 2. svibnja. Njezin rad usmjeren je na portrete malog formata i krhkog izgleda, crte\u017ee i akvarele koji prikazuju ljude koji joj se svi\u0111aju, \u010diju biografiju smatra zanimljivom ili koji su je impresionirali kao povijesne osobe.<\/p>\n\n\n\n<p>Iza toga dolazi prikaz pregledne izlo\u017ebe slika, crte\u017ea, bakropisa, bilje\u017enica i pisama koja je pod nazivom \u201eThe Adventure of Domenico Gnoli\u201d otvorena u galeriji L\u00e9vy Gorvy Dayan u New Yorku do 23. svibnja. Tijekom kratkog, ali plodnog \u017eivota talijanski umjetnik Domenico Gnoli postigao je veliki uspjeh kao ilustrator dje\u010djih knjiga i \u010dasopisa, kostimograf i scenograf te u kona\u010dnici kao slikar jedinstvenog i potpuno bezvremenog stila.<\/p>\n\n\n\n<p>U narednoj temi bit \u0107e rije\u010d o retrospektivnoj izlo\u017ebi ameri\u010dke umjetnice Eleanor Antin, koja je do 27. rujna postavljena u Kunstmuseum Liechtenstein i istra\u017euje slo\u017eenost njenog opusa. Antin je jedna od klju\u010dnih figura proiza\u0161lih iz konceptualnih umjetni\u010dkih pokreta 1970-ih, a bavi se su\u0161tinskim pitanjima identiteta, povijesti i reprezentacije.<\/p>\n\n\n\n<p>Na kraju \u0107e se predstaviti izlo\u017eba s izborom iz djela Franza Gertscha, jednog od najzna\u010dajnijih \u0161vicarskih umjetnika poznatog po fotorealisti\u010dnim portretima velikog formata i detaljnim studijama prirode. Izlo\u017eba pod nazivom \u201eIron Bed and Trumpet, Family and Couples\u201c se do 30. kolovoza mo\u017ee vidjeti u muzeju Franz Gertsch u Burgdorfu u \u0160vicarskoj. &nbsp;&nbsp;<\/p>\n\n\n\n<p>Program Art Panoptikum u organizaciji Gradske radionice priprema i vodi Boris Bogunovi\u0107, a programske aktivnosti Gradske radionice podr\u017eavaju Ministarstvo kulture i medija RH te Grad Pula dok je ulaz na sva doga\u0111anja besplatan.<\/p>\n\n\n\n<p>(PS)<\/p>\n","protected":false},"excerpt":{"rendered":"<p>Foto: Gradska radionica Art Panoptikum, program predstavljanja me\u0111unarodne vizualne umjetnosti odr\u017eat \u0107e se po \u0161ezdeset i \u0161esti put u \u010detvrtak,<\/p>\n","protected":false},"author":1,"featured_media":50876,"comment_status":"open","ping_status":"closed","sticky":false,"template":"","format":"standard","meta":{"_mi_skip_tracking":false,"footnotes":""},"categories":[1,99],"tags":[110,355],"yoast_head":"<!-- This site is optimized with the Yoast SEO plugin v20.4 - https:\/\/yoast.com\/wordpress\/plugins\/seo\/ -->\n<title>Art Panoptikum LXVI - Pulska Svakodnevnica<\/title>\n<meta name=\"robots\" content=\"index, follow, max-snippet:-1, max-image-preview:large, max-video-preview:-1\" \/>\n<link rel=\"canonical\" href=\"http:\/\/pulskasvakodnevnica.com\/index.php\/2026\/04\/29\/art-panoptikum-lxvi\/\" \/>\n<meta property=\"og:locale\" content=\"hr_HR\" \/>\n<meta property=\"og:type\" content=\"article\" \/>\n<meta property=\"og:title\" content=\"Art Panoptikum LXVI - Pulska Svakodnevnica\" \/>\n<meta property=\"og:description\" content=\"Foto: Gradska radionica Art Panoptikum, program predstavljanja me\u0111unarodne vizualne umjetnosti odr\u017eat \u0107e se po \u0161ezdeset i \u0161esti put u \u010detvrtak,\" \/>\n<meta property=\"og:url\" content=\"http:\/\/pulskasvakodnevnica.com\/index.php\/2026\/04\/29\/art-panoptikum-lxvi\/\" \/>\n<meta property=\"og:site_name\" content=\"Pulska Svakodnevnica\" \/>\n<meta property=\"article:publisher\" content=\"https:\/\/www.facebook.com\/PulskaSvakodnevnicaNews\" \/>\n<meta property=\"article:published_time\" content=\"2026-04-29T09:53:25+00:00\" \/>\n<meta property=\"og:image\" content=\"http:\/\/pulskasvakodnevnica.com\/wp-content\/uploads\/2026\/04\/AP_LXVI_620x350.jpg\" \/>\n\t<meta property=\"og:image:width\" content=\"1292\" \/>\n\t<meta property=\"og:image:height\" content=\"729\" \/>\n\t<meta property=\"og:image:type\" content=\"image\/jpeg\" \/>\n<meta name=\"author\" content=\"Pulska Svakodnevnica\" \/>\n<meta name=\"twitter:card\" content=\"summary_large_image\" \/>\n<meta name=\"twitter:label1\" content=\"Napisao\/la\" \/>\n\t<meta name=\"twitter:data1\" content=\"Pulska Svakodnevnica\" \/>\n\t<meta name=\"twitter:label2\" content=\"Procijenjeno vrijeme \u010ditanja\" \/>\n\t<meta name=\"twitter:data2\" content=\"3 minute\" \/>\n<script type=\"application\/ld+json\" class=\"yoast-schema-graph\">{\"@context\":\"https:\/\/schema.org\",\"@graph\":[{\"@type\":\"WebPage\",\"@id\":\"http:\/\/pulskasvakodnevnica.com\/index.php\/2026\/04\/29\/art-panoptikum-lxvi\/\",\"url\":\"http:\/\/pulskasvakodnevnica.com\/index.php\/2026\/04\/29\/art-panoptikum-lxvi\/\",\"name\":\"Art Panoptikum LXVI - Pulska Svakodnevnica\",\"isPartOf\":{\"@id\":\"http:\/\/pulskasvakodnevnica.com\/#website\"},\"datePublished\":\"2026-04-29T09:53:25+00:00\",\"dateModified\":\"2026-04-29T09:53:25+00:00\",\"author\":{\"@id\":\"http:\/\/pulskasvakodnevnica.com\/#\/schema\/person\/95941daf7dfab0e8fd012b0d88608a3f\"},\"breadcrumb\":{\"@id\":\"http:\/\/pulskasvakodnevnica.com\/index.php\/2026\/04\/29\/art-panoptikum-lxvi\/#breadcrumb\"},\"inLanguage\":\"hr\",\"potentialAction\":[{\"@type\":\"ReadAction\",\"target\":[\"http:\/\/pulskasvakodnevnica.com\/index.php\/2026\/04\/29\/art-panoptikum-lxvi\/\"]}]},{\"@type\":\"BreadcrumbList\",\"@id\":\"http:\/\/pulskasvakodnevnica.com\/index.php\/2026\/04\/29\/art-panoptikum-lxvi\/#breadcrumb\",\"itemListElement\":[{\"@type\":\"ListItem\",\"position\":1,\"name\":\"Po\u010detna stranica\",\"item\":\"http:\/\/pulskasvakodnevnica.com\/\"},{\"@type\":\"ListItem\",\"position\":2,\"name\":\"Art Panoptikum LXVI\"}]},{\"@type\":\"WebSite\",\"@id\":\"http:\/\/pulskasvakodnevnica.com\/#website\",\"url\":\"http:\/\/pulskasvakodnevnica.com\/\",\"name\":\"Pulska Svakodnevnica\",\"description\":\"Vijesti iz Pule i Istre\",\"potentialAction\":[{\"@type\":\"SearchAction\",\"target\":{\"@type\":\"EntryPoint\",\"urlTemplate\":\"http:\/\/pulskasvakodnevnica.com\/?s={search_term_string}\"},\"query-input\":\"required name=search_term_string\"}],\"inLanguage\":\"hr\"},{\"@type\":\"Person\",\"@id\":\"http:\/\/pulskasvakodnevnica.com\/#\/schema\/person\/95941daf7dfab0e8fd012b0d88608a3f\",\"name\":\"Pulska Svakodnevnica\"}]}<\/script>\n<!-- \/ Yoast SEO plugin. -->","yoast_head_json":{"title":"Art Panoptikum LXVI - Pulska Svakodnevnica","robots":{"index":"index","follow":"follow","max-snippet":"max-snippet:-1","max-image-preview":"max-image-preview:large","max-video-preview":"max-video-preview:-1"},"canonical":"http:\/\/pulskasvakodnevnica.com\/index.php\/2026\/04\/29\/art-panoptikum-lxvi\/","og_locale":"hr_HR","og_type":"article","og_title":"Art Panoptikum LXVI - Pulska Svakodnevnica","og_description":"Foto: Gradska radionica Art Panoptikum, program predstavljanja me\u0111unarodne vizualne umjetnosti odr\u017eat \u0107e se po \u0161ezdeset i \u0161esti put u \u010detvrtak,","og_url":"http:\/\/pulskasvakodnevnica.com\/index.php\/2026\/04\/29\/art-panoptikum-lxvi\/","og_site_name":"Pulska Svakodnevnica","article_publisher":"https:\/\/www.facebook.com\/PulskaSvakodnevnicaNews","article_published_time":"2026-04-29T09:53:25+00:00","og_image":[{"width":1292,"height":729,"url":"http:\/\/pulskasvakodnevnica.com\/wp-content\/uploads\/2026\/04\/AP_LXVI_620x350.jpg","type":"image\/jpeg"}],"author":"Pulska Svakodnevnica","twitter_card":"summary_large_image","twitter_misc":{"Napisao\/la":"Pulska Svakodnevnica","Procijenjeno vrijeme \u010ditanja":"3 minute"},"schema":{"@context":"https:\/\/schema.org","@graph":[{"@type":"WebPage","@id":"http:\/\/pulskasvakodnevnica.com\/index.php\/2026\/04\/29\/art-panoptikum-lxvi\/","url":"http:\/\/pulskasvakodnevnica.com\/index.php\/2026\/04\/29\/art-panoptikum-lxvi\/","name":"Art Panoptikum LXVI - Pulska Svakodnevnica","isPartOf":{"@id":"http:\/\/pulskasvakodnevnica.com\/#website"},"datePublished":"2026-04-29T09:53:25+00:00","dateModified":"2026-04-29T09:53:25+00:00","author":{"@id":"http:\/\/pulskasvakodnevnica.com\/#\/schema\/person\/95941daf7dfab0e8fd012b0d88608a3f"},"breadcrumb":{"@id":"http:\/\/pulskasvakodnevnica.com\/index.php\/2026\/04\/29\/art-panoptikum-lxvi\/#breadcrumb"},"inLanguage":"hr","potentialAction":[{"@type":"ReadAction","target":["http:\/\/pulskasvakodnevnica.com\/index.php\/2026\/04\/29\/art-panoptikum-lxvi\/"]}]},{"@type":"BreadcrumbList","@id":"http:\/\/pulskasvakodnevnica.com\/index.php\/2026\/04\/29\/art-panoptikum-lxvi\/#breadcrumb","itemListElement":[{"@type":"ListItem","position":1,"name":"Po\u010detna stranica","item":"http:\/\/pulskasvakodnevnica.com\/"},{"@type":"ListItem","position":2,"name":"Art Panoptikum LXVI"}]},{"@type":"WebSite","@id":"http:\/\/pulskasvakodnevnica.com\/#website","url":"http:\/\/pulskasvakodnevnica.com\/","name":"Pulska Svakodnevnica","description":"Vijesti iz Pule i Istre","potentialAction":[{"@type":"SearchAction","target":{"@type":"EntryPoint","urlTemplate":"http:\/\/pulskasvakodnevnica.com\/?s={search_term_string}"},"query-input":"required name=search_term_string"}],"inLanguage":"hr"},{"@type":"Person","@id":"http:\/\/pulskasvakodnevnica.com\/#\/schema\/person\/95941daf7dfab0e8fd012b0d88608a3f","name":"Pulska Svakodnevnica"}]}},"_links":{"self":[{"href":"http:\/\/pulskasvakodnevnica.com\/index.php\/wp-json\/wp\/v2\/posts\/50875"}],"collection":[{"href":"http:\/\/pulskasvakodnevnica.com\/index.php\/wp-json\/wp\/v2\/posts"}],"about":[{"href":"http:\/\/pulskasvakodnevnica.com\/index.php\/wp-json\/wp\/v2\/types\/post"}],"author":[{"embeddable":true,"href":"http:\/\/pulskasvakodnevnica.com\/index.php\/wp-json\/wp\/v2\/users\/1"}],"replies":[{"embeddable":true,"href":"http:\/\/pulskasvakodnevnica.com\/index.php\/wp-json\/wp\/v2\/comments?post=50875"}],"version-history":[{"count":1,"href":"http:\/\/pulskasvakodnevnica.com\/index.php\/wp-json\/wp\/v2\/posts\/50875\/revisions"}],"predecessor-version":[{"id":50877,"href":"http:\/\/pulskasvakodnevnica.com\/index.php\/wp-json\/wp\/v2\/posts\/50875\/revisions\/50877"}],"wp:featuredmedia":[{"embeddable":true,"href":"http:\/\/pulskasvakodnevnica.com\/index.php\/wp-json\/wp\/v2\/media\/50876"}],"wp:attachment":[{"href":"http:\/\/pulskasvakodnevnica.com\/index.php\/wp-json\/wp\/v2\/media?parent=50875"}],"wp:term":[{"taxonomy":"category","embeddable":true,"href":"http:\/\/pulskasvakodnevnica.com\/index.php\/wp-json\/wp\/v2\/categories?post=50875"},{"taxonomy":"post_tag","embeddable":true,"href":"http:\/\/pulskasvakodnevnica.com\/index.php\/wp-json\/wp\/v2\/tags?post=50875"}],"curies":[{"name":"wp","href":"https:\/\/api.w.org\/{rel}","templated":true}]}}