{"id":50881,"date":"2026-04-29T13:15:10","date_gmt":"2026-04-29T11:15:10","guid":{"rendered":"http:\/\/pulskasvakodnevnica.com\/?p=50881"},"modified":"2026-04-29T13:15:10","modified_gmt":"2026-04-29T11:15:10","slug":"pocinje-novi-ciklus-radionica-osnova-informatike-za-umirovljenike-za-pocetnike","status":"publish","type":"post","link":"http:\/\/pulskasvakodnevnica.com\/index.php\/2026\/04\/29\/pocinje-novi-ciklus-radionica-osnova-informatike-za-umirovljenike-za-pocetnike\/","title":{"rendered":"Po\u010dinje novi ciklus radionica osnova informatike za umirovljenike za po\u010detnike"},"content":{"rendered":"\n<p><strong>Foto: Gradska knji\u017enica i \u010ditaonica Pula<\/strong><\/p>\n\n\n\n<p>Gradska knji\u017enica i \u010ditaonica Pula organizira <strong>novi ciklus radionica osnova informatike<\/strong> namijenjen <strong>umirovljenicima koji nemaju prethodno iskustvo u radu na ra\u010dunalu<\/strong>.<\/p>\n\n\n\n<p>Program je besplatan i odvija se kroz <strong>\u010detiri susreta<\/strong>, koji \u0107e se odr\u017eavati <strong>ponedjeljkom u 10 sati &#8211; 11., 18. i 25. svibnja te 1. lipnja <\/strong>2026. godine, <strong>u prostoru \u010citaonice Kluba umirovljenika<\/strong> na adresi Giardini 14.<\/p>\n\n\n\n<p>Polaznici \u0107e tijekom te\u010daja ste\u0107i osnovna znanja o kori\u0161tenju ra\u010dunala i interneta, uklju\u010duju\u0107i rad u programu Word, izradu i pohranu dokumenata, slanje i primanje elektroni\u010dke po\u0161te, postavljanje sigurnih lozinki te druge temeljne digitalne vje\u0161tine potrebne za svakodnevnu upotrebu ra\u010dunala.<\/p>\n\n\n\n<p>Program \u0107e voditi Dinko Zeli\u0107, a uvjet za poha\u0111anje radionica je \u010dlanstvo u \u010citaonici, odnosno Knji\u017enici.<\/p>\n\n\n\n<p>Zbog ograni\u010denog broja polaznika, <strong>prijave su obavezne<\/strong>:<\/p>\n\n\n\n<ul>\n<li>osobno u \u010citaonici<\/li>\n\n\n\n<li>052 219 000.<\/li>\n<\/ul>\n\n\n\n<p>(PS)<\/p>\n","protected":false},"excerpt":{"rendered":"<p>Foto: Gradska knji\u017enica i \u010ditaonica Pula Gradska knji\u017enica i \u010ditaonica Pula organizira novi ciklus radionica osnova informatike namijenjen umirovljenicima koji<\/p>\n","protected":false},"author":1,"featured_media":50882,"comment_status":"open","ping_status":"closed","sticky":false,"template":"","format":"standard","meta":{"_mi_skip_tracking":false,"footnotes":""},"categories":[1,99],"tags":[110,355],"yoast_head":"<!-- This site is optimized with the Yoast SEO plugin v20.4 - https:\/\/yoast.com\/wordpress\/plugins\/seo\/ -->\n<title>Po\u010dinje novi ciklus radionica osnova informatike za umirovljenike za po\u010detnike - Pulska Svakodnevnica<\/title>\n<meta name=\"robots\" content=\"index, follow, max-snippet:-1, max-image-preview:large, max-video-preview:-1\" \/>\n<link rel=\"canonical\" href=\"http:\/\/pulskasvakodnevnica.com\/index.php\/2026\/04\/29\/pocinje-novi-ciklus-radionica-osnova-informatike-za-umirovljenike-za-pocetnike\/\" \/>\n<meta property=\"og:locale\" content=\"hr_HR\" \/>\n<meta property=\"og:type\" content=\"article\" \/>\n<meta property=\"og:title\" content=\"Po\u010dinje novi ciklus radionica osnova informatike za umirovljenike za po\u010detnike - Pulska Svakodnevnica\" \/>\n<meta property=\"og:description\" content=\"Foto: Gradska knji\u017enica i \u010ditaonica Pula Gradska knji\u017enica i \u010ditaonica Pula organizira novi ciklus radionica osnova informatike namijenjen umirovljenicima koji\" \/>\n<meta property=\"og:url\" content=\"http:\/\/pulskasvakodnevnica.com\/index.php\/2026\/04\/29\/pocinje-novi-ciklus-radionica-osnova-informatike-za-umirovljenike-za-pocetnike\/\" \/>\n<meta property=\"og:site_name\" content=\"Pulska Svakodnevnica\" \/>\n<meta property=\"article:publisher\" content=\"https:\/\/www.facebook.com\/PulskaSvakodnevnicaNews\" \/>\n<meta property=\"article:published_time\" content=\"2026-04-29T11:15:10+00:00\" \/>\n<meta property=\"og:image\" content=\"http:\/\/pulskasvakodnevnica.com\/wp-content\/uploads\/2026\/04\/informatika-gkc_pula_kup.jpg\" \/>\n\t<meta property=\"og:image:width\" content=\"1000\" \/>\n\t<meta property=\"og:image:height\" content=\"750\" \/>\n\t<meta property=\"og:image:type\" content=\"image\/jpeg\" \/>\n<meta name=\"author\" content=\"Pulska Svakodnevnica\" \/>\n<meta name=\"twitter:card\" content=\"summary_large_image\" \/>\n<meta name=\"twitter:label1\" content=\"Napisao\/la\" \/>\n\t<meta name=\"twitter:data1\" content=\"Pulska Svakodnevnica\" \/>\n\t<meta name=\"twitter:label2\" content=\"Procijenjeno vrijeme \u010ditanja\" \/>\n\t<meta name=\"twitter:data2\" content=\"1 minuta\" \/>\n<script type=\"application\/ld+json\" class=\"yoast-schema-graph\">{\"@context\":\"https:\/\/schema.org\",\"@graph\":[{\"@type\":\"WebPage\",\"@id\":\"http:\/\/pulskasvakodnevnica.com\/index.php\/2026\/04\/29\/pocinje-novi-ciklus-radionica-osnova-informatike-za-umirovljenike-za-pocetnike\/\",\"url\":\"http:\/\/pulskasvakodnevnica.com\/index.php\/2026\/04\/29\/pocinje-novi-ciklus-radionica-osnova-informatike-za-umirovljenike-za-pocetnike\/\",\"name\":\"Po\u010dinje novi ciklus radionica osnova informatike za umirovljenike za po\u010detnike - Pulska Svakodnevnica\",\"isPartOf\":{\"@id\":\"http:\/\/pulskasvakodnevnica.com\/#website\"},\"datePublished\":\"2026-04-29T11:15:10+00:00\",\"dateModified\":\"2026-04-29T11:15:10+00:00\",\"author\":{\"@id\":\"http:\/\/pulskasvakodnevnica.com\/#\/schema\/person\/95941daf7dfab0e8fd012b0d88608a3f\"},\"breadcrumb\":{\"@id\":\"http:\/\/pulskasvakodnevnica.com\/index.php\/2026\/04\/29\/pocinje-novi-ciklus-radionica-osnova-informatike-za-umirovljenike-za-pocetnike\/#breadcrumb\"},\"inLanguage\":\"hr\",\"potentialAction\":[{\"@type\":\"ReadAction\",\"target\":[\"http:\/\/pulskasvakodnevnica.com\/index.php\/2026\/04\/29\/pocinje-novi-ciklus-radionica-osnova-informatike-za-umirovljenike-za-pocetnike\/\"]}]},{\"@type\":\"BreadcrumbList\",\"@id\":\"http:\/\/pulskasvakodnevnica.com\/index.php\/2026\/04\/29\/pocinje-novi-ciklus-radionica-osnova-informatike-za-umirovljenike-za-pocetnike\/#breadcrumb\",\"itemListElement\":[{\"@type\":\"ListItem\",\"position\":1,\"name\":\"Po\u010detna stranica\",\"item\":\"http:\/\/pulskasvakodnevnica.com\/\"},{\"@type\":\"ListItem\",\"position\":2,\"name\":\"Po\u010dinje novi ciklus radionica osnova informatike za umirovljenike za po\u010detnike\"}]},{\"@type\":\"WebSite\",\"@id\":\"http:\/\/pulskasvakodnevnica.com\/#website\",\"url\":\"http:\/\/pulskasvakodnevnica.com\/\",\"name\":\"Pulska Svakodnevnica\",\"description\":\"Vijesti iz Pule i Istre\",\"potentialAction\":[{\"@type\":\"SearchAction\",\"target\":{\"@type\":\"EntryPoint\",\"urlTemplate\":\"http:\/\/pulskasvakodnevnica.com\/?s={search_term_string}\"},\"query-input\":\"required name=search_term_string\"}],\"inLanguage\":\"hr\"},{\"@type\":\"Person\",\"@id\":\"http:\/\/pulskasvakodnevnica.com\/#\/schema\/person\/95941daf7dfab0e8fd012b0d88608a3f\",\"name\":\"Pulska Svakodnevnica\"}]}<\/script>\n<!-- \/ Yoast SEO plugin. -->","yoast_head_json":{"title":"Po\u010dinje novi ciklus radionica osnova informatike za umirovljenike za po\u010detnike - Pulska Svakodnevnica","robots":{"index":"index","follow":"follow","max-snippet":"max-snippet:-1","max-image-preview":"max-image-preview:large","max-video-preview":"max-video-preview:-1"},"canonical":"http:\/\/pulskasvakodnevnica.com\/index.php\/2026\/04\/29\/pocinje-novi-ciklus-radionica-osnova-informatike-za-umirovljenike-za-pocetnike\/","og_locale":"hr_HR","og_type":"article","og_title":"Po\u010dinje novi ciklus radionica osnova informatike za umirovljenike za po\u010detnike - Pulska Svakodnevnica","og_description":"Foto: Gradska knji\u017enica i \u010ditaonica Pula Gradska knji\u017enica i \u010ditaonica Pula organizira novi ciklus radionica osnova informatike namijenjen umirovljenicima koji","og_url":"http:\/\/pulskasvakodnevnica.com\/index.php\/2026\/04\/29\/pocinje-novi-ciklus-radionica-osnova-informatike-za-umirovljenike-za-pocetnike\/","og_site_name":"Pulska Svakodnevnica","article_publisher":"https:\/\/www.facebook.com\/PulskaSvakodnevnicaNews","article_published_time":"2026-04-29T11:15:10+00:00","og_image":[{"width":1000,"height":750,"url":"http:\/\/pulskasvakodnevnica.com\/wp-content\/uploads\/2026\/04\/informatika-gkc_pula_kup.jpg","type":"image\/jpeg"}],"author":"Pulska Svakodnevnica","twitter_card":"summary_large_image","twitter_misc":{"Napisao\/la":"Pulska Svakodnevnica","Procijenjeno vrijeme \u010ditanja":"1 minuta"},"schema":{"@context":"https:\/\/schema.org","@graph":[{"@type":"WebPage","@id":"http:\/\/pulskasvakodnevnica.com\/index.php\/2026\/04\/29\/pocinje-novi-ciklus-radionica-osnova-informatike-za-umirovljenike-za-pocetnike\/","url":"http:\/\/pulskasvakodnevnica.com\/index.php\/2026\/04\/29\/pocinje-novi-ciklus-radionica-osnova-informatike-za-umirovljenike-za-pocetnike\/","name":"Po\u010dinje novi ciklus radionica osnova informatike za umirovljenike za po\u010detnike - Pulska Svakodnevnica","isPartOf":{"@id":"http:\/\/pulskasvakodnevnica.com\/#website"},"datePublished":"2026-04-29T11:15:10+00:00","dateModified":"2026-04-29T11:15:10+00:00","author":{"@id":"http:\/\/pulskasvakodnevnica.com\/#\/schema\/person\/95941daf7dfab0e8fd012b0d88608a3f"},"breadcrumb":{"@id":"http:\/\/pulskasvakodnevnica.com\/index.php\/2026\/04\/29\/pocinje-novi-ciklus-radionica-osnova-informatike-za-umirovljenike-za-pocetnike\/#breadcrumb"},"inLanguage":"hr","potentialAction":[{"@type":"ReadAction","target":["http:\/\/pulskasvakodnevnica.com\/index.php\/2026\/04\/29\/pocinje-novi-ciklus-radionica-osnova-informatike-za-umirovljenike-za-pocetnike\/"]}]},{"@type":"BreadcrumbList","@id":"http:\/\/pulskasvakodnevnica.com\/index.php\/2026\/04\/29\/pocinje-novi-ciklus-radionica-osnova-informatike-za-umirovljenike-za-pocetnike\/#breadcrumb","itemListElement":[{"@type":"ListItem","position":1,"name":"Po\u010detna stranica","item":"http:\/\/pulskasvakodnevnica.com\/"},{"@type":"ListItem","position":2,"name":"Po\u010dinje novi ciklus radionica osnova informatike za umirovljenike za po\u010detnike"}]},{"@type":"WebSite","@id":"http:\/\/pulskasvakodnevnica.com\/#website","url":"http:\/\/pulskasvakodnevnica.com\/","name":"Pulska Svakodnevnica","description":"Vijesti iz Pule i Istre","potentialAction":[{"@type":"SearchAction","target":{"@type":"EntryPoint","urlTemplate":"http:\/\/pulskasvakodnevnica.com\/?s={search_term_string}"},"query-input":"required name=search_term_string"}],"inLanguage":"hr"},{"@type":"Person","@id":"http:\/\/pulskasvakodnevnica.com\/#\/schema\/person\/95941daf7dfab0e8fd012b0d88608a3f","name":"Pulska Svakodnevnica"}]}},"_links":{"self":[{"href":"http:\/\/pulskasvakodnevnica.com\/index.php\/wp-json\/wp\/v2\/posts\/50881"}],"collection":[{"href":"http:\/\/pulskasvakodnevnica.com\/index.php\/wp-json\/wp\/v2\/posts"}],"about":[{"href":"http:\/\/pulskasvakodnevnica.com\/index.php\/wp-json\/wp\/v2\/types\/post"}],"author":[{"embeddable":true,"href":"http:\/\/pulskasvakodnevnica.com\/index.php\/wp-json\/wp\/v2\/users\/1"}],"replies":[{"embeddable":true,"href":"http:\/\/pulskasvakodnevnica.com\/index.php\/wp-json\/wp\/v2\/comments?post=50881"}],"version-history":[{"count":1,"href":"http:\/\/pulskasvakodnevnica.com\/index.php\/wp-json\/wp\/v2\/posts\/50881\/revisions"}],"predecessor-version":[{"id":50883,"href":"http:\/\/pulskasvakodnevnica.com\/index.php\/wp-json\/wp\/v2\/posts\/50881\/revisions\/50883"}],"wp:featuredmedia":[{"embeddable":true,"href":"http:\/\/pulskasvakodnevnica.com\/index.php\/wp-json\/wp\/v2\/media\/50882"}],"wp:attachment":[{"href":"http:\/\/pulskasvakodnevnica.com\/index.php\/wp-json\/wp\/v2\/media?parent=50881"}],"wp:term":[{"taxonomy":"category","embeddable":true,"href":"http:\/\/pulskasvakodnevnica.com\/index.php\/wp-json\/wp\/v2\/categories?post=50881"},{"taxonomy":"post_tag","embeddable":true,"href":"http:\/\/pulskasvakodnevnica.com\/index.php\/wp-json\/wp\/v2\/tags?post=50881"}],"curies":[{"name":"wp","href":"https:\/\/api.w.org\/{rel}","templated":true}]}}