{"id":50884,"date":"2026-04-29T13:20:18","date_gmt":"2026-04-29T11:20:18","guid":{"rendered":"http:\/\/pulskasvakodnevnica.com\/?p=50884"},"modified":"2026-04-29T13:20:19","modified_gmt":"2026-04-29T11:20:19","slug":"veliki-interes-vraca-glasnu-tisinu-moga-grada-u-kino-valli","status":"publish","type":"post","link":"http:\/\/pulskasvakodnevnica.com\/index.php\/2026\/04\/29\/veliki-interes-vraca-glasnu-tisinu-moga-grada-u-kino-valli\/","title":{"rendered":"Veliki interes vra\u0107a \u201cGlasnu ti\u0161inu moga grada\u201d u Kino Valli"},"content":{"rendered":"\n<p>Foto: Glasna ti\u0161ina moga grada isje\u010dak<\/p>\n\n\n\n<p class=\"has-text-align-center\"><strong>Povodom Dana grada Pule i film Roberta Paulette o prekomjernom istarskom turizmu &nbsp;<\/strong><\/p>\n\n\n\n<p><strong>Program od 30. travnja do 6. svibnja<\/strong><\/p>\n\n\n\n<p>Srijeda, 29. travnja \u2013 Program narednog kino tjedna od 30. travnja do 6. svibnja donosi nekoliko tematskih doga\u0111anja, dok se iz redovnog kino programa svakako isti\u010de nastavak kultnog klasika \u2013 <em>Vrag nosi Pradu 2.<\/em> Na repertoar se vra\u0107a i animirani hit <em>Super Mario Galaxy Film<\/em> \u2013 galakti\u010dka avantura popularne Nintendove fran\u0161ize. Povodom Dana grada Pule, Kino Valli priprema pulske projekcije: eksperimentalni film Roberta Paulette te dokumentarni film pulskih maturanata o alternativnoj sceni grada. U ovom se tjednu otvaraju jubilarni <em>Dani slovenskog filma<\/em> uz gostovanja autora, kao i manifestacija <em>Mjesec na\u0161eg filma<\/em>, koja donosi izbor najgledanijih hrvatskih naslova posljednjih desetlje\u0107a. Kino ne\u0107e raditi 1. svibnja, na Me\u0111unarodni praznik rada.<\/p>\n\n\n\n<p><strong>DAN GRADA PULE U KINU VALLI<\/strong><\/p>\n\n\n\n<p>U ovogodi\u0161njoj manifestaciji Dan grada Pule, Kino Valli se pridru\u017euje posebnim pulskim projekcijama. Prva na repertoaru je ve\u0107 sutra, <strong>u \u010detvrtak 30. travnja u 20:10 sati<\/strong> kada \u0107e se prikazati eksperimentalni film pulskog slikara <strong>Roberta Paulette \u201eMr. denny &amp; Istro-Cid\u201c.<\/strong>&nbsp; Film je premijerno u Kinu Valli prikazan sredinom o\u017eujka, kada je izuzetno dobro prihva\u0107en od brojne publike, a ovo \u0107e biti njegova druga projekcija. \u017danrovski opisan kao mra\u010dna, gregorijanska kaubojska opera, film izravno i o\u0161tro kritizira prekomjerni turizam i nebulozni urbanizam. Drugi naslov je projekcija dokumentarnog filma <strong>\u201eGlasna ti\u0161ina moga grada\u201c<\/strong> pulskih maturanata <strong>Marte Vede i Matije \u0160ajatovi\u0107a<\/strong> koji je ranije ovaj mjesec izazvao ogroman interes javnosti \u0161to se i pokazalo na (pre)krcatoj premijeri. Redatelji donose pri\u010du o alternativnoj sceni Pule nekada i danas. Razgovaraju s poznatim punkerom i komi\u010darem Zoranom Todorovi\u0107em-Todorom, legendarnim DJ Red\u017eom i nagra\u0111ivanim glazbenim producentom Edijem Cukeri\u0107em. Na rasporedu je u dva navrata: <strong>4. i 9. svibnja u 19:00 sati.<\/strong>&nbsp;<\/p>\n\n\n\n<p><strong>DANI SLOVENSKOG FILMA \u2013 5. svibnja u 19:00 sati<\/strong><\/p>\n\n\n\n<p>Kino Valli nastavlja dugogodi\u0161nju suradnju sa Slovenskim kulturnim dru\u0161tvom Istra iz Pule i Slovenskim filmskim centrom iz Ljubljane te od 5. do 8. svibnja organizira <strong>10. Dane slovenskog filma<\/strong> (Dnevi slovenskega filma). Program otvara film <strong><a href=\"https:\/\/www.kinovalli.net\/filmski-program\/657\/ovo-je-pljacka\/#gallery-5\">Ovo je plja\u010dka!<\/a><\/strong> (To je rop!) napeta krimi pri\u010da u kojoj pratimo skupinu likova uvu\u010denih u niz kriminalnih i moralno upitnih situacija, gdje se granica izme\u0111u \u017ertve i po\u010dinitelja postupno bri\u0161e. Likovi se suo\u010davaju s vlastitim izborima, posljedicama i poku\u0161ajem bijega iz za\u010daranog kruga nepravde, a gluma\u010dku postavu predvodi sjajni slovenski glumac Stane Tomazin. <strong>Film \u0107e se u Kinu Valli prikazati 5. svibnja u 19:00 sati uz prisustvo redatelja Gregora Andol\u0161eka i glumicu Tijanu Zinai\u0107 te predsjednicu Slovenskog kulturnog dru\u0161tva Istre Danicu Avbelj.<\/strong><\/p>\n\n\n\n<p><strong>VRAG NOSI PRADU 2<\/strong><\/p>\n\n\n\n<p>Nakon gotovo dva desetlje\u0107a od kultnog filmskog hita, modni svijet ponovno dolazi u fokus uz dugo o\u010dekivani nastavak \u2013 <strong><a href=\"https:\/\/www.kinovalli.net\/filmski-program\/656\/vrag-nosi-pradu-2\/#gallery-8\">Vrag nosi Pradu 2<\/a><\/strong> (The Devil Wears Prada). Gledatelje o\u010dekuje nova doza glamura, intriga i nemilosrdnog ritma modne industrije, ali i svje\u017ea perspektiva u vremenu digitalne revolucije i promijenjenih pravila igre. Miranda Priestly (Meryl Streep) suo\u010dava se s izazovima modernog izdava\u0161tva, dok Andy Sachs &nbsp;(Anne Hathaway) gradi vlastitu karijeru, sve do trenutka kada se njihovi putevi ponovno neo\u010dekivano ukrste. Uz prepoznatljiv spoj glamura, humora i napetih odnosa, nastavak donosi aktualnu pri\u010du o mo\u0107i, ambiciji i cijeni uspjeha \u2013 kao nezaobilazan filmski doga\u0111aj sezone.<\/p>\n\n\n\n<p><strong>DJE\u010cJI FILM &#8211; SUPER MARIO GALAXY FILM<\/strong><\/p>\n\n\n\n<p>Animirani hit <strong><a href=\"https:\/\/www.kinovalli.net\/filmski-program\/630\/super-mario-galaxy-film-sink\/#gallery-6\">Super Mario Galaxy Film<\/a><\/strong> (The Super Mario Galaxy Movie) ponovno je na repertoaru pulskog Kina Valli, vra\u0107aju\u0107i na veliko platno omiljenu pustolovinu iz Nintendove fran\u0161ize. Film, koji potpisuju redatelji Aaron Horvath i Michael Jelenic Uz dinami\u010dnu kombinaciju akcije i humora film prati Maria i njegova brata Luigija u galakti\u010dkoj avanturi koja vodi gledatelje izvan granica Kraljevstva gljiva i potvr\u0111uje status jednog od najzabavnijih animiranih kino-hitova.<\/p>\n\n\n\n<p><strong>MJESEC NA\u0160EG FILMA<\/strong><\/p>\n\n\n\n<p>Svibanj i ove godine postaje <strong><em>Mjesec na\u0161eg filma<\/em><\/strong>! Hrvatski audiovizualni centar od 1. do 31. svibnja u vi\u0161e od 70 kina i pedesetak gradova diljem Hrvatske prikazat \u0107e se \u010dak 25 dugometra\u017enih hrvatskih filmova. Povodom ovogodi\u0161njeg izvanrednog rezultata gledanosti hrvatskog filma u doma\u0107im kinima, novo, \u010detvrto izdanje manifestacije <em>Mjesec na\u0161eg filma<\/em> posve\u0107eno je naslovima koji su posljednja tri desetlje\u0107a punili kinodvorane i odu\u0161evljavali publiku. U rasporedu Kina Valli ovog kino tjedna mo\u0107i \u0107e se pogledati Bre\u0161anova uspje\u0161nica iz 1999. godine \u2013 <strong>Mar\u0161al<\/strong> i to <strong>3. svibnja u 19:15 sati<\/strong> te &nbsp;film za djecu \u010cejena \u010cerni\u0107a <strong><a href=\"https:\/\/www.kinovalli.net\/filmski-program\/660\/uzbuna-na-zelenom-vrhu\/#gallery-7\">Uzbuna na zelenom vrhu<\/a><\/strong> \u2013 <strong>5. svibnja u 17:15.<\/strong> &nbsp;&nbsp;<\/p>\n\n\n\n<p>Kino Valli ne\u0107e raditi u petak, 1. svibnja na Me\u0111unarodni praznik rada.<\/p>\n\n\n\n<p>(PS)<\/p>\n","protected":false},"excerpt":{"rendered":"<p>Foto: Glasna ti\u0161ina moga grada isje\u010dak Povodom Dana grada Pule i film Roberta Paulette o prekomjernom istarskom turizmu &nbsp; Program<\/p>\n","protected":false},"author":1,"featured_media":50885,"comment_status":"open","ping_status":"closed","sticky":false,"template":"","format":"standard","meta":{"_mi_skip_tracking":false,"footnotes":""},"categories":[1,99],"tags":[110,355],"yoast_head":"<!-- This site is optimized with the Yoast SEO plugin v20.4 - https:\/\/yoast.com\/wordpress\/plugins\/seo\/ -->\n<title>Veliki interes vra\u0107a \u201cGlasnu ti\u0161inu moga grada\u201d u Kino Valli - Pulska Svakodnevnica<\/title>\n<meta name=\"robots\" content=\"index, follow, max-snippet:-1, max-image-preview:large, max-video-preview:-1\" \/>\n<link rel=\"canonical\" href=\"http:\/\/pulskasvakodnevnica.com\/index.php\/2026\/04\/29\/veliki-interes-vraca-glasnu-tisinu-moga-grada-u-kino-valli\/\" \/>\n<meta property=\"og:locale\" content=\"hr_HR\" \/>\n<meta property=\"og:type\" content=\"article\" \/>\n<meta property=\"og:title\" content=\"Veliki interes vra\u0107a \u201cGlasnu ti\u0161inu moga grada\u201d u Kino Valli - Pulska Svakodnevnica\" \/>\n<meta property=\"og:description\" content=\"Foto: Glasna ti\u0161ina moga grada isje\u010dak Povodom Dana grada Pule i film Roberta Paulette o prekomjernom istarskom turizmu &nbsp; Program\" \/>\n<meta property=\"og:url\" content=\"http:\/\/pulskasvakodnevnica.com\/index.php\/2026\/04\/29\/veliki-interes-vraca-glasnu-tisinu-moga-grada-u-kino-valli\/\" \/>\n<meta property=\"og:site_name\" content=\"Pulska Svakodnevnica\" \/>\n<meta property=\"article:publisher\" content=\"https:\/\/www.facebook.com\/PulskaSvakodnevnicaNews\" \/>\n<meta property=\"article:published_time\" content=\"2026-04-29T11:20:18+00:00\" \/>\n<meta property=\"article:modified_time\" content=\"2026-04-29T11:20:19+00:00\" \/>\n<meta property=\"og:image\" content=\"http:\/\/pulskasvakodnevnica.com\/wp-content\/uploads\/2026\/04\/Glasna-tisina-moga-grada.png\" \/>\n\t<meta property=\"og:image:width\" content=\"494\" \/>\n\t<meta property=\"og:image:height\" content=\"358\" \/>\n\t<meta property=\"og:image:type\" content=\"image\/png\" \/>\n<meta name=\"author\" content=\"Pulska Svakodnevnica\" \/>\n<meta name=\"twitter:card\" content=\"summary_large_image\" \/>\n<meta name=\"twitter:label1\" content=\"Napisao\/la\" \/>\n\t<meta name=\"twitter:data1\" content=\"Pulska Svakodnevnica\" \/>\n\t<meta name=\"twitter:label2\" content=\"Procijenjeno vrijeme \u010ditanja\" \/>\n\t<meta name=\"twitter:data2\" content=\"4 minute\" \/>\n<script type=\"application\/ld+json\" class=\"yoast-schema-graph\">{\"@context\":\"https:\/\/schema.org\",\"@graph\":[{\"@type\":\"WebPage\",\"@id\":\"http:\/\/pulskasvakodnevnica.com\/index.php\/2026\/04\/29\/veliki-interes-vraca-glasnu-tisinu-moga-grada-u-kino-valli\/\",\"url\":\"http:\/\/pulskasvakodnevnica.com\/index.php\/2026\/04\/29\/veliki-interes-vraca-glasnu-tisinu-moga-grada-u-kino-valli\/\",\"name\":\"Veliki interes vra\u0107a \u201cGlasnu ti\u0161inu moga grada\u201d u Kino Valli - Pulska Svakodnevnica\",\"isPartOf\":{\"@id\":\"http:\/\/pulskasvakodnevnica.com\/#website\"},\"datePublished\":\"2026-04-29T11:20:18+00:00\",\"dateModified\":\"2026-04-29T11:20:19+00:00\",\"author\":{\"@id\":\"http:\/\/pulskasvakodnevnica.com\/#\/schema\/person\/95941daf7dfab0e8fd012b0d88608a3f\"},\"breadcrumb\":{\"@id\":\"http:\/\/pulskasvakodnevnica.com\/index.php\/2026\/04\/29\/veliki-interes-vraca-glasnu-tisinu-moga-grada-u-kino-valli\/#breadcrumb\"},\"inLanguage\":\"hr\",\"potentialAction\":[{\"@type\":\"ReadAction\",\"target\":[\"http:\/\/pulskasvakodnevnica.com\/index.php\/2026\/04\/29\/veliki-interes-vraca-glasnu-tisinu-moga-grada-u-kino-valli\/\"]}]},{\"@type\":\"BreadcrumbList\",\"@id\":\"http:\/\/pulskasvakodnevnica.com\/index.php\/2026\/04\/29\/veliki-interes-vraca-glasnu-tisinu-moga-grada-u-kino-valli\/#breadcrumb\",\"itemListElement\":[{\"@type\":\"ListItem\",\"position\":1,\"name\":\"Po\u010detna stranica\",\"item\":\"http:\/\/pulskasvakodnevnica.com\/\"},{\"@type\":\"ListItem\",\"position\":2,\"name\":\"Veliki interes vra\u0107a \u201cGlasnu ti\u0161inu moga grada\u201d u Kino Valli\"}]},{\"@type\":\"WebSite\",\"@id\":\"http:\/\/pulskasvakodnevnica.com\/#website\",\"url\":\"http:\/\/pulskasvakodnevnica.com\/\",\"name\":\"Pulska Svakodnevnica\",\"description\":\"Vijesti iz Pule i Istre\",\"potentialAction\":[{\"@type\":\"SearchAction\",\"target\":{\"@type\":\"EntryPoint\",\"urlTemplate\":\"http:\/\/pulskasvakodnevnica.com\/?s={search_term_string}\"},\"query-input\":\"required name=search_term_string\"}],\"inLanguage\":\"hr\"},{\"@type\":\"Person\",\"@id\":\"http:\/\/pulskasvakodnevnica.com\/#\/schema\/person\/95941daf7dfab0e8fd012b0d88608a3f\",\"name\":\"Pulska Svakodnevnica\"}]}<\/script>\n<!-- \/ Yoast SEO plugin. -->","yoast_head_json":{"title":"Veliki interes vra\u0107a \u201cGlasnu ti\u0161inu moga grada\u201d u Kino Valli - Pulska Svakodnevnica","robots":{"index":"index","follow":"follow","max-snippet":"max-snippet:-1","max-image-preview":"max-image-preview:large","max-video-preview":"max-video-preview:-1"},"canonical":"http:\/\/pulskasvakodnevnica.com\/index.php\/2026\/04\/29\/veliki-interes-vraca-glasnu-tisinu-moga-grada-u-kino-valli\/","og_locale":"hr_HR","og_type":"article","og_title":"Veliki interes vra\u0107a \u201cGlasnu ti\u0161inu moga grada\u201d u Kino Valli - Pulska Svakodnevnica","og_description":"Foto: Glasna ti\u0161ina moga grada isje\u010dak Povodom Dana grada Pule i film Roberta Paulette o prekomjernom istarskom turizmu &nbsp; Program","og_url":"http:\/\/pulskasvakodnevnica.com\/index.php\/2026\/04\/29\/veliki-interes-vraca-glasnu-tisinu-moga-grada-u-kino-valli\/","og_site_name":"Pulska Svakodnevnica","article_publisher":"https:\/\/www.facebook.com\/PulskaSvakodnevnicaNews","article_published_time":"2026-04-29T11:20:18+00:00","article_modified_time":"2026-04-29T11:20:19+00:00","og_image":[{"width":494,"height":358,"url":"http:\/\/pulskasvakodnevnica.com\/wp-content\/uploads\/2026\/04\/Glasna-tisina-moga-grada.png","type":"image\/png"}],"author":"Pulska Svakodnevnica","twitter_card":"summary_large_image","twitter_misc":{"Napisao\/la":"Pulska Svakodnevnica","Procijenjeno vrijeme \u010ditanja":"4 minute"},"schema":{"@context":"https:\/\/schema.org","@graph":[{"@type":"WebPage","@id":"http:\/\/pulskasvakodnevnica.com\/index.php\/2026\/04\/29\/veliki-interes-vraca-glasnu-tisinu-moga-grada-u-kino-valli\/","url":"http:\/\/pulskasvakodnevnica.com\/index.php\/2026\/04\/29\/veliki-interes-vraca-glasnu-tisinu-moga-grada-u-kino-valli\/","name":"Veliki interes vra\u0107a \u201cGlasnu ti\u0161inu moga grada\u201d u Kino Valli - Pulska Svakodnevnica","isPartOf":{"@id":"http:\/\/pulskasvakodnevnica.com\/#website"},"datePublished":"2026-04-29T11:20:18+00:00","dateModified":"2026-04-29T11:20:19+00:00","author":{"@id":"http:\/\/pulskasvakodnevnica.com\/#\/schema\/person\/95941daf7dfab0e8fd012b0d88608a3f"},"breadcrumb":{"@id":"http:\/\/pulskasvakodnevnica.com\/index.php\/2026\/04\/29\/veliki-interes-vraca-glasnu-tisinu-moga-grada-u-kino-valli\/#breadcrumb"},"inLanguage":"hr","potentialAction":[{"@type":"ReadAction","target":["http:\/\/pulskasvakodnevnica.com\/index.php\/2026\/04\/29\/veliki-interes-vraca-glasnu-tisinu-moga-grada-u-kino-valli\/"]}]},{"@type":"BreadcrumbList","@id":"http:\/\/pulskasvakodnevnica.com\/index.php\/2026\/04\/29\/veliki-interes-vraca-glasnu-tisinu-moga-grada-u-kino-valli\/#breadcrumb","itemListElement":[{"@type":"ListItem","position":1,"name":"Po\u010detna stranica","item":"http:\/\/pulskasvakodnevnica.com\/"},{"@type":"ListItem","position":2,"name":"Veliki interes vra\u0107a \u201cGlasnu ti\u0161inu moga grada\u201d u Kino Valli"}]},{"@type":"WebSite","@id":"http:\/\/pulskasvakodnevnica.com\/#website","url":"http:\/\/pulskasvakodnevnica.com\/","name":"Pulska Svakodnevnica","description":"Vijesti iz Pule i Istre","potentialAction":[{"@type":"SearchAction","target":{"@type":"EntryPoint","urlTemplate":"http:\/\/pulskasvakodnevnica.com\/?s={search_term_string}"},"query-input":"required name=search_term_string"}],"inLanguage":"hr"},{"@type":"Person","@id":"http:\/\/pulskasvakodnevnica.com\/#\/schema\/person\/95941daf7dfab0e8fd012b0d88608a3f","name":"Pulska Svakodnevnica"}]}},"_links":{"self":[{"href":"http:\/\/pulskasvakodnevnica.com\/index.php\/wp-json\/wp\/v2\/posts\/50884"}],"collection":[{"href":"http:\/\/pulskasvakodnevnica.com\/index.php\/wp-json\/wp\/v2\/posts"}],"about":[{"href":"http:\/\/pulskasvakodnevnica.com\/index.php\/wp-json\/wp\/v2\/types\/post"}],"author":[{"embeddable":true,"href":"http:\/\/pulskasvakodnevnica.com\/index.php\/wp-json\/wp\/v2\/users\/1"}],"replies":[{"embeddable":true,"href":"http:\/\/pulskasvakodnevnica.com\/index.php\/wp-json\/wp\/v2\/comments?post=50884"}],"version-history":[{"count":1,"href":"http:\/\/pulskasvakodnevnica.com\/index.php\/wp-json\/wp\/v2\/posts\/50884\/revisions"}],"predecessor-version":[{"id":50886,"href":"http:\/\/pulskasvakodnevnica.com\/index.php\/wp-json\/wp\/v2\/posts\/50884\/revisions\/50886"}],"wp:featuredmedia":[{"embeddable":true,"href":"http:\/\/pulskasvakodnevnica.com\/index.php\/wp-json\/wp\/v2\/media\/50885"}],"wp:attachment":[{"href":"http:\/\/pulskasvakodnevnica.com\/index.php\/wp-json\/wp\/v2\/media?parent=50884"}],"wp:term":[{"taxonomy":"category","embeddable":true,"href":"http:\/\/pulskasvakodnevnica.com\/index.php\/wp-json\/wp\/v2\/categories?post=50884"},{"taxonomy":"post_tag","embeddable":true,"href":"http:\/\/pulskasvakodnevnica.com\/index.php\/wp-json\/wp\/v2\/tags?post=50884"}],"curies":[{"name":"wp","href":"https:\/\/api.w.org\/{rel}","templated":true}]}}