{"id":50888,"date":"2026-04-29T13:52:23","date_gmt":"2026-04-29T11:52:23","guid":{"rendered":"http:\/\/pulskasvakodnevnica.com\/?p=50888"},"modified":"2026-04-29T14:16:38","modified_gmt":"2026-04-29T12:16:38","slug":"grad-pula-pripremio-bogat-i-raznovrstan-program-povodom-dana-grada","status":"publish","type":"post","link":"http:\/\/pulskasvakodnevnica.com\/index.php\/2026\/04\/29\/grad-pula-pripremio-bogat-i-raznovrstan-program-povodom-dana-grada\/","title":{"rendered":"Grad Pula pripremio bogat i raznovrstan program povodom Dana Grada"},"content":{"rendered":"\n<p><strong>Foto: Grad Pula-Pola<\/strong><\/p>\n\n\n\n<p>U srijedu, 29. travnja 2026. godine, u Park-\u0161umi \u0160ijana odr\u017eana je konferencija za medije na kojoj je gradona\u010delnik Pule Pe\u0111a Grbin, zajedno sa zamjenikom gradona\u010delnika Sini\u0161om Gordi\u0107em, pro\u010delnikom Slu\u017ebe Gradona\u010delnika i Gradskog vije\u0107a Igorom Jovinom te zamjenicom pro\u010delnice Upravnog odjela za kulturu i civilno dru\u0161tvo Eminom Popovi\u0107 Sterpin, predstavio program obilje\u017eavanja Dana grada Pule.<\/p>\n\n\n\n<p>\u201eHvala vam svima \u0161to ste do\u0161li. Za danas smo isplanirali lijepo vrijeme, ali je o\u010dito ne\u0161to s prognozama po\u0161lo krivo. Me\u0111utim, va\u017eno je da sve prognoze za petak najavljuju lijep i sun\u010dan dan. Programi kojima \u0107emo obilje\u017eiti Prvi maj, Dan Grada i Dan Europe krenuli su ve\u0107 danas, i to na Giardinima gdje je zapo\u010dela Florija, te ko\u0161arka\u0161kim turnirom koji kre\u0107e danas poslijepodne na Verudi. Iskoristit \u0107u priliku da pozovem sve na\u0161e Pule\u017eane i Pule\u017eanke, kao i stanovnike susjednih op\u0107ina, da nam se pridru\u017ee u petak ovdje u \u0160ijanskoj \u0161umi, gdje \u0107e biti svega onoga \u0161to nas tradicionalno i o\u010dekuje \u2013 od fa\u017eola do glazbenog programa i napuhanaca, a najve\u0107a zvijezda na\u0161e prvomajske fe\u0161te u \u0160ijanskoj \u0161umi bit \u0107e Lima Len. Jo\u0161 jednom pozivam sve sugra\u0111ane da do\u0111u i u\u017eivaju u programu koji smo pripremili. Tako\u0111er mi je vrlo drago istaknuti da se od ovog petka vra\u0107a Rock n\u2019Grill na Hidrobazi, \u0161to je sadr\u017eaj koji je ve\u0107 prirastao srcu na\u0161im sugra\u0111anima, pa mi je posebno drago da se taj program ponovno odr\u017eava. U utorak, 5. svibnja, nastavljamo sa Sve\u010danom sjednicom Gradskog vije\u0107a u INK-u u 11 sati, a nave\u010der nas o\u010dekuje izvedba predstave Tijesna zemlja, za koju su ulaznice simboli\u010dnih 1 euro, kao svojevrsni dar Grada Pule na\u0161im sugra\u0111anima. Ulaznice su u prodaji od danas. Sljede\u0107e subote, povodom Dana Europe i Dana pobjede nad fa\u0161izmom, imat \u0107emo fe\u0161tu na Tr\u017enici, jednu lijepu manjadu, a poslijepodne nas o\u010dekuje drive-in kino na parkingu Rojca, te pozivamo sve zainteresirane da nam se pridru\u017ee\u201c, kazao je gradona\u010delnik Grbin.<\/p>\n\n\n\n<p>Od 29. travnja do 9. svibnja Pula \u0107e obilje\u017eiti Dan grada bogatim i raznovrsnim programom koji \u0107e se odr\u017eavati na brojnim gradskim lokacijama, uklju\u010duju\u0107i kulturna doga\u0111anja, sportske aktivnosti i zabavne sadr\u017eaje za sve generacije. Program uklju\u010duje koncerte, izlo\u017ebe, filmske projekcije, knji\u017eevna doga\u0111anja i sportske manifestacije poput Pulske regate, kao i brojne aktivnosti za djecu i mlade, me\u0111u kojima se isti\u010de Dje\u010dji dan Grada.<\/p>\n\n\n\n<p>U sklopu programa obilje\u017eavanja Me\u0111unarodnog praznika rada i Dana Grada Pula \u2013 Pola, gra\u0111anima i posjetiteljima bit \u0107e omogu\u0107en besplatan javni prijevoz.<\/p>\n\n\n\n<p>Na Me\u0111unarodni praznik rada, 1. svibnja 2026., besplatan javni prijevoz bit \u0107e organiziran u smjeru Park-\u0161ume \u0160ijana, i to na liniji 2, koja vozi prema \u0160ijanskoj \u0161umi te liniji 3, koja vozi iz smjera \u0160ijanske \u0161ume. Povodom Dana Grada Pula \u2013 Pola, 5. svibnja 2026., komunalni linijski prijevoz bit \u0107e besplatan na podru\u010dju Grada Pule \u2013 Pola.<\/p>\n\n\n\n<p>Ovom se mjerom \u017eeli omogu\u0107iti lak\u0161i dolazak na prigodne programe, potaknuti kori\u0161tenje javnog prijevoza te smanjiti prometne gu\u017eve u gradskom sredi\u0161tu tijekom odr\u017eavanja doga\u0111anja.<\/p>\n\n\n\n<p>Cijelu manifestaciju tradicionalno otvara Sajam cvije\u0107a \u2013 17. Florija koja \u0107e se na pulskim Giardinima odr\u017eati sve do 2. svibnja, dok \u0107e sredi\u0161nji doga\u0111aji biti obilje\u017eavanje Me\u0111unarodnog praznika rada i Sve\u010dana sjednica Gradskog vije\u0107a. Poseban naglasak stavljen je na inkluzivne i edukativne sadr\u017eaje te sudjelovanje lokalne zajednice. Zavr\u0161nica obilje\u017eavanja odr\u017eat \u0107e se 9. svibnja u sklopu manifestacije No\u0107 tvr\u0111ava, kada \u0107e posjetiteljima svoja vrata otvoriti \u010detiri pulske utvrde \u2013 Fort Bourguignon, pulski Ka\u0161tel, Casoni Vecchi i Fort San Giorgio.<\/p>\n\n\n\n<p>Centralni doga\u0111aj Dana grada svakako se odnosi na obilje\u017eavanje Me\u0111unarodnog praznika rada. Prvomajski program zapo\u010dinje u 08:00 sati budnicama Puha\u010dkog orkestra Grada Pule po mjesnim odborima dok \u0107e se na Trgu Portarata u 10:00 sati i ovoga puta povijest radni\u010dke Pule obilje\u017eiti polaganjem vijenaca na spomen-plo\u010du palim radnicima 1920. godine. Program u \u0160ijanskoj \u0161umi predvi\u0111en je od 10:30 do 17:00 sati, a predvodi ga nastup poznatog Gali\u017eanca Lima Lene. Uz 2.500 besplatnih porcija graha koje \u0107e se dijeliti od 13 sati program \u0107e dodatno obogatiti pulske ma\u017eoretkinje, turnir u nogometu i \u201epljo\u010dkanju\u201c te dje\u010dji program s napuhancima i animacijom kao i besplatni vlaki\u0107 koji do \u0160ijanske \u0161ume vodi od \u201e\u0160umarije Pula\u201c.<\/p>\n\n\n\n<p>Na pulskoj Hidrobazi u sklopu Rock &#8216;n&#8217; Grill Festa za Prvi maj \u0107e nastupati Daleka obala Jak\u0161e i Hrepe i Funbox Band dok \u0107e se idu\u0107i dan, 2. svibnja na pozornicu uz more popeti omiljeni Spli\u0107ani \u2013 TBF i LevelOne band. Rock &#8216;n&#8217; Grill Fest zavr\u0161ava u nedjelju, 3. svibnja uz nastup \u010carobne frule i talentirane polaznike ove glazbene \u0161kole.&nbsp;<\/p>\n\n\n\n<p>Nedjelja je i dan za 62. Pulsku regatu u organizaciji Jedrili\u010darskog kluba Uljanik koja ujutro starta s Rije\u010dkog gata gdje \u0107e se i u 17:00 sati odr\u017eati i progla\u0161enje dobitnika. Uvertira u tradicionalnu pulsku regatu odr\u017eat \u0107e se dan ranije, u subotu 2. svibnja, tako\u0111er, na Rije\u010dkom gatu i u organizaciji JK Uljanik kada \u0107e se odr\u017eati \u201eRegata optimist\u201c, odnosno promotivno jedrenje s instruktorom te ve\u010dernji \u201eSkippers Party\u201c u Zajednici Talijana Pula &#8211; Circolu.<\/p>\n\n\n\n<p>Sve\u010dana sjednica Gradskog vije\u0107a Grada Pule odr\u017eat \u0107e se 5. svibnja s po\u010detkom u 11:00 sati u Istarskom narodnom kazali\u0161tu Gradskom kazali\u0161tu Pula uz program obilje\u017eavanja 81. obljetnice oslobo\u0111enja Pule i uru\u010divanje godi\u0161njih nagrada Grada. Kazali\u0161te \u0107e istog dana u ve\u010dernjim terminima otvoriti Galeriju Antun Motika (18:00 h, drugi kat) uz stru\u010dno vodstvo Zbirkom umjetnina Grada Pule i susret \u201eZbirka narodu!\u201c te prikazati predstavu (20:00 h) u Dvorani Ciscutti \u201eMate Balota Tijesna zemlja\u201c koja \u0107e gra\u0111anima biti dostupna po simboli\u010dnoj ulaznici od 1 euro.&nbsp;&nbsp;&nbsp;&nbsp;&nbsp;&nbsp;&nbsp;&nbsp;&nbsp;&nbsp;&nbsp;&nbsp;&nbsp;<\/p>\n\n\n\n<p>Uz navedeni, kulturni program ovogodi\u0161njeg Dana grada isti\u010de se i izlo\u017ebom pulskog umjetnika Boruta Skoka koja \u0107e se 4. svibnja otvoriti u Gradskoj galeriji Pula te izlo\u017ebom Konzularna predstavni\u0161tva Crne Gore 1880-1914 u Domu hrvatskih branitelja. Filmski program realizirat \u0107e se u Kinu Valli uz slobodan ulaz na: senzornu projekciju kola\u017ea animiranih filmova \u201ePekar Boris &amp; prijatelji\u201c za djecu koja imaju pote\u0161ko\u0107e senzorne integracije; inkluzivnu projekciju poznatog doma\u0107eg filma \u201eMurina\u201c za gluhe i nagluhe osobe; projekciju eksperimentalnog filma pulskog umjetnika Roberta Paulette \u201eMr. Denny &amp; Istro-Cid\u201c te dvjema projekcijama uspje\u0161nog dokumentarnog filma \u201eGlasna ti\u0161ina moga grada\u201c pulskih maturanata Marte Vede i Matije \u0160ajatovi\u0107a. Na Forumu \u0107e se obilje\u017eiti i 172. obljetnica ro\u0111enja skladatelja Antonija Smareglie u organizaciji Kulturno-umjetni\u010dkog dru\u0161tva Lino Mariani, kao i edukativno-koncertni program \u201eSrijede sa Smaregliom \/ I mercoled\u00ec con Smareglia\u201c uz Nu\u0161u Hauser te glazbenike Georgija Goldinija i Sandra Ve\u0161ligaja. Glazbeni program obogatit \u0107e i koncert \u201eVi\u0161eglasni zagrljaj\u201c u Arheolo\u0161kom muzeju Istre u izvedbi Cantus PoPuli i gostiju.<\/p>\n\n\n\n<p>Knji\u0161ke aktivnosti donosi Gradska knji\u017enica i \u010ditaonica Pula gdje \u0107e se 30. travnja odr\u017eati predstavljanje projekta i aktivnosti Europskog socijalnog fonda plus &#8211; \u201e\u010citaj, stvaraj, dijeli\u201c usmjerenog na ja\u010danje socijalne uklju\u010denosti kroz kulturno-umjetni\u010dke aktivnosti. U \u010citaonici kluba umirovljenika 29. travnja, povjesni\u010dar Vedran Dukovski odr\u017eat \u0107e predavanje Anglo-ameri\u010dka vojna uprava u Puli, a manifestacija Pula \u010dita svoje \u0107e \u010detvrto izdanje provesti od 7. do 9. svibnja uz raznovrstan knji\u017eevni program na vi\u0161e gradskih lokacija. Naglasak \u0107e biti na promociju suvremene hrvatske knji\u017eevnosti i tijekom tri dana posjetitelje o\u010dekuju susreti s autorima, \u010ditanja, pripovijedanja i razgovori o knjigama, uz sudjelovanje brojnih doma\u0107ih autora i partnera. Pula uskoro dobiva i novu web platformu Pulaevents, koja \u0107e na jednom mjestu objediniti sva kulturna i klupska doga\u0111anja te olak\u0161ati gra\u0111anima i posjetiteljima pregled bogate kulturne ponude grada. Prezentacija ove web platforme odr\u017eat \u0107e se 4. svibnja u prostoru Cooworkinga.&nbsp;<\/p>\n\n\n\n<p>Povodom Dje\u010djeg dana Grada koji \u0107e se odr\u017eati 4. svibnja Pula \u0107e postati velika pozornica dje\u010dje kreativnosti, igre i zajedni\u0161tva. Pod ovogodi\u0161njom temom \u201ePula, moj grad\u201c, nagla\u0161avaju\u0107i dje\u010dju perspektivu grada kao prostora ma\u0161te, pripadnosti i veselja na pulskim Giardinima bit \u0107e postavljena izlo\u017eba dje\u010djih radova pulskih vrti\u0107a. Sredi\u0161nji dio programa na Forumu obilje\u017eit \u0107e susret najmla\u0111ih s gradona\u010delnikom, kojem \u0107e vrti\u0107ka djeca uru\u010diti posebno oslikanu \u010destitku.&nbsp; Na Trgu kralja Tomislava posjetitelje o\u010dekuju edukativno-zabavni sadr\u017eaji \u2013 Matemati\u010dki uli\u010dni festival i Roboti\u010dka igraonica. Tog dana \u0107e se u na Karolini odr\u017eati i cjelodnevni program povodom obilje\u017eavanja dana sv. Florijana \u2013 za\u0161titnika vatrogasaca, a u organizaciji Javne vatrogasne postrojbe Pula i uz pomo\u0107 mali\u0161ana pulskih Dje\u010djih vrti\u0107a.&nbsp;&nbsp;<\/p>\n\n\n\n<p>Upravni odjel za dru\u0161tvene djelatnosti i mlade u suradnji sa Sportskom zajednicom Grada Pule i Zajednicom tehni\u010dke kulture na Trgu kralja Tomislava organizira (29. travnja) Pula Street Basketball turnir uz popratni glazbeni program. Aktivnosti \u0107e se odr\u017eavati i u Centru za mlade Pula koji \u0107e u \u010detvrtak, 7. svibnja proslaviti svoji prvi ro\u0111endan te odr\u017eati program: \u201eSmotra Pula +\u201c uz Dru\u0161tvo informati\u010dara Pula i Matemati\u010dko dru\u0161tvo Istra.&nbsp;<\/p>\n\n\n\n<p>Osim toga i u suradnji s Volonterskim centrom Istra,&nbsp; 9. svibnja \u0107e se na parkirali\u0161tu Dru\u0161tvenog centra Karlo Rojc odr\u017eati Car Cinema \u2013 drive in kino, projekt koji je pobijedio na \u201eAkciji za 5!\u201c kada je pobjedu me\u0111u srednjo\u0161kolcima odnijela grupa Se7en s projektom \u201eCar Cinema\u201c. Zabavni programi Pule\u017eane ovih dana o\u010dekuju i na Tr\u017enici subotama ujutro: 2. svibnja uz nastup energi\u010dnog sastava Le Gruv i 9. svibnja uz gastro doga\u0111aj \u201eSvibanjska padela\u201c, a 6. svibnja u Zajednici Talijana Pula predstoji Plesna ve\u010der za umirovljenike.<\/p>\n\n\n\n<p>Manifestacija Dana Grada zavr\u0161ava 9. svibnja koncertom sastava Nipplepeople na pulskom Ka\u0161telu. Dio je to i zavr\u0161nica dvodnevne gradske manifestacije No\u0107 tvr\u0111ava koja \u0107e svoje drugo izdanje odr\u017eati 8. i 9. svibnja na \u010detiri pulske utvrde \u2013 Fort Bourguignon, pulski Ka\u0161tel, Casoni Vecchi i Fort San Giorgo. Pod motom &#8220;Night of Fortresses Goes Green&#8221;, doga\u0111aj nagla\u0161ava va\u017enost odr\u017eivosti i o\u010duvanja okoli\u0161a &#8211; sav sadr\u017eaj osmi\u0161ljen je kako bi posjetitelje potaknuo na promi\u0161ljanje i djelovanje uz dozu zabave, znanja i umjetnosti.<\/p>\n\n\n\n<p>Svi programi u sklopu manifestacije Dan grada Pule besplatni su za posjetitelje.<\/p>\n\n\n\n<p>Cjelokupni program dostupan je na slu\u017ebenoj web stranici Grada Pule \u2013 Pola na poveznici:<a href=\"https:\/\/www.pula.hr\/hr\/novosti\/detail\/30376\/grad-pula-pripremio-bogat-i-raznovrstan-program-povodom-dana-grada\/\">https:\/\/www.pula.hr\/hr\/novosti\/detail\/30376\/grad-pula-pripremio-bogat-i-raznovrstan-program-povodom-dana-grada\/<\/a><\/p>\n\n\n\n<p class=\"has-text-align-center\"><img loading=\"lazy\" decoding=\"async\" width=\"900\" height=\"1287\" class=\"wp-image-50893\" style=\"width: 900px;\" src=\"http:\/\/pulskasvakodnevnica.com\/wp-content\/uploads\/2026\/04\/Program-Dan-Grada-Pule-Pola_page-00011.jpg\" alt=\"\" srcset=\"http:\/\/pulskasvakodnevnica.com\/wp-content\/uploads\/2026\/04\/Program-Dan-Grada-Pule-Pola_page-00011.jpg 1343w, http:\/\/pulskasvakodnevnica.com\/wp-content\/uploads\/2026\/04\/Program-Dan-Grada-Pule-Pola_page-00011-210x300.jpg 210w, http:\/\/pulskasvakodnevnica.com\/wp-content\/uploads\/2026\/04\/Program-Dan-Grada-Pule-Pola_page-00011-105x150.jpg 105w, http:\/\/pulskasvakodnevnica.com\/wp-content\/uploads\/2026\/04\/Program-Dan-Grada-Pule-Pola_page-00011-768x1098.jpg 768w, http:\/\/pulskasvakodnevnica.com\/wp-content\/uploads\/2026\/04\/Program-Dan-Grada-Pule-Pola_page-00011-1074x1536.jpg 1074w\" sizes=\"(max-width: 900px) 100vw, 900px\" \/> <\/p>\n\n\n\n<p>(PS)<\/p>\n","protected":false},"excerpt":{"rendered":"<p>Foto: Grad Pula-Pola U srijedu, 29. travnja 2026. godine, u Park-\u0161umi \u0160ijana odr\u017eana je konferencija za medije na kojoj je<\/p>\n","protected":false},"author":1,"featured_media":50889,"comment_status":"open","ping_status":"closed","sticky":false,"template":"","format":"standard","meta":{"_mi_skip_tracking":false,"footnotes":""},"categories":[1,99],"tags":[110,355],"yoast_head":"<!-- This site is optimized with the Yoast SEO plugin v20.4 - https:\/\/yoast.com\/wordpress\/plugins\/seo\/ -->\n<title>Grad Pula pripremio bogat i raznovrstan program povodom Dana Grada - Pulska Svakodnevnica<\/title>\n<meta name=\"robots\" content=\"index, follow, max-snippet:-1, max-image-preview:large, max-video-preview:-1\" \/>\n<link rel=\"canonical\" href=\"http:\/\/pulskasvakodnevnica.com\/index.php\/2026\/04\/29\/grad-pula-pripremio-bogat-i-raznovrstan-program-povodom-dana-grada\/\" \/>\n<meta property=\"og:locale\" content=\"hr_HR\" \/>\n<meta property=\"og:type\" content=\"article\" \/>\n<meta property=\"og:title\" content=\"Grad Pula pripremio bogat i raznovrstan program povodom Dana Grada - Pulska Svakodnevnica\" \/>\n<meta property=\"og:description\" content=\"Foto: Grad Pula-Pola U srijedu, 29. travnja 2026. godine, u Park-\u0161umi \u0160ijana odr\u017eana je konferencija za medije na kojoj je\" \/>\n<meta property=\"og:url\" content=\"http:\/\/pulskasvakodnevnica.com\/index.php\/2026\/04\/29\/grad-pula-pripremio-bogat-i-raznovrstan-program-povodom-dana-grada\/\" \/>\n<meta property=\"og:site_name\" content=\"Pulska Svakodnevnica\" \/>\n<meta property=\"article:publisher\" content=\"https:\/\/www.facebook.com\/PulskaSvakodnevnicaNews\" \/>\n<meta property=\"article:published_time\" content=\"2026-04-29T11:52:23+00:00\" \/>\n<meta property=\"article:modified_time\" content=\"2026-04-29T12:16:38+00:00\" \/>\n<meta property=\"og:image\" content=\"http:\/\/pulskasvakodnevnica.com\/wp-content\/uploads\/2026\/04\/Grad-Pula-pripremio-bogat-i-raznovrstan-program-povodom-Dana-Grada.jpg\" \/>\n\t<meta property=\"og:image:width\" content=\"750\" \/>\n\t<meta property=\"og:image:height\" content=\"500\" \/>\n\t<meta property=\"og:image:type\" content=\"image\/jpeg\" \/>\n<meta name=\"author\" content=\"Pulska Svakodnevnica\" \/>\n<meta name=\"twitter:card\" content=\"summary_large_image\" \/>\n<meta name=\"twitter:label1\" content=\"Napisao\/la\" \/>\n\t<meta name=\"twitter:data1\" content=\"Pulska Svakodnevnica\" \/>\n\t<meta name=\"twitter:label2\" content=\"Procijenjeno vrijeme \u010ditanja\" \/>\n\t<meta name=\"twitter:data2\" content=\"9 minuta\" \/>\n<script type=\"application\/ld+json\" class=\"yoast-schema-graph\">{\"@context\":\"https:\/\/schema.org\",\"@graph\":[{\"@type\":\"WebPage\",\"@id\":\"http:\/\/pulskasvakodnevnica.com\/index.php\/2026\/04\/29\/grad-pula-pripremio-bogat-i-raznovrstan-program-povodom-dana-grada\/\",\"url\":\"http:\/\/pulskasvakodnevnica.com\/index.php\/2026\/04\/29\/grad-pula-pripremio-bogat-i-raznovrstan-program-povodom-dana-grada\/\",\"name\":\"Grad Pula pripremio bogat i raznovrstan program povodom Dana Grada - Pulska Svakodnevnica\",\"isPartOf\":{\"@id\":\"http:\/\/pulskasvakodnevnica.com\/#website\"},\"datePublished\":\"2026-04-29T11:52:23+00:00\",\"dateModified\":\"2026-04-29T12:16:38+00:00\",\"author\":{\"@id\":\"http:\/\/pulskasvakodnevnica.com\/#\/schema\/person\/95941daf7dfab0e8fd012b0d88608a3f\"},\"breadcrumb\":{\"@id\":\"http:\/\/pulskasvakodnevnica.com\/index.php\/2026\/04\/29\/grad-pula-pripremio-bogat-i-raznovrstan-program-povodom-dana-grada\/#breadcrumb\"},\"inLanguage\":\"hr\",\"potentialAction\":[{\"@type\":\"ReadAction\",\"target\":[\"http:\/\/pulskasvakodnevnica.com\/index.php\/2026\/04\/29\/grad-pula-pripremio-bogat-i-raznovrstan-program-povodom-dana-grada\/\"]}]},{\"@type\":\"BreadcrumbList\",\"@id\":\"http:\/\/pulskasvakodnevnica.com\/index.php\/2026\/04\/29\/grad-pula-pripremio-bogat-i-raznovrstan-program-povodom-dana-grada\/#breadcrumb\",\"itemListElement\":[{\"@type\":\"ListItem\",\"position\":1,\"name\":\"Po\u010detna stranica\",\"item\":\"http:\/\/pulskasvakodnevnica.com\/\"},{\"@type\":\"ListItem\",\"position\":2,\"name\":\"Grad Pula pripremio bogat i raznovrstan program povodom Dana Grada\"}]},{\"@type\":\"WebSite\",\"@id\":\"http:\/\/pulskasvakodnevnica.com\/#website\",\"url\":\"http:\/\/pulskasvakodnevnica.com\/\",\"name\":\"Pulska Svakodnevnica\",\"description\":\"Vijesti iz Pule i Istre\",\"potentialAction\":[{\"@type\":\"SearchAction\",\"target\":{\"@type\":\"EntryPoint\",\"urlTemplate\":\"http:\/\/pulskasvakodnevnica.com\/?s={search_term_string}\"},\"query-input\":\"required name=search_term_string\"}],\"inLanguage\":\"hr\"},{\"@type\":\"Person\",\"@id\":\"http:\/\/pulskasvakodnevnica.com\/#\/schema\/person\/95941daf7dfab0e8fd012b0d88608a3f\",\"name\":\"Pulska Svakodnevnica\"}]}<\/script>\n<!-- \/ Yoast SEO plugin. -->","yoast_head_json":{"title":"Grad Pula pripremio bogat i raznovrstan program povodom Dana Grada - Pulska Svakodnevnica","robots":{"index":"index","follow":"follow","max-snippet":"max-snippet:-1","max-image-preview":"max-image-preview:large","max-video-preview":"max-video-preview:-1"},"canonical":"http:\/\/pulskasvakodnevnica.com\/index.php\/2026\/04\/29\/grad-pula-pripremio-bogat-i-raznovrstan-program-povodom-dana-grada\/","og_locale":"hr_HR","og_type":"article","og_title":"Grad Pula pripremio bogat i raznovrstan program povodom Dana Grada - Pulska Svakodnevnica","og_description":"Foto: Grad Pula-Pola U srijedu, 29. travnja 2026. godine, u Park-\u0161umi \u0160ijana odr\u017eana je konferencija za medije na kojoj je","og_url":"http:\/\/pulskasvakodnevnica.com\/index.php\/2026\/04\/29\/grad-pula-pripremio-bogat-i-raznovrstan-program-povodom-dana-grada\/","og_site_name":"Pulska Svakodnevnica","article_publisher":"https:\/\/www.facebook.com\/PulskaSvakodnevnicaNews","article_published_time":"2026-04-29T11:52:23+00:00","article_modified_time":"2026-04-29T12:16:38+00:00","og_image":[{"width":750,"height":500,"url":"http:\/\/pulskasvakodnevnica.com\/wp-content\/uploads\/2026\/04\/Grad-Pula-pripremio-bogat-i-raznovrstan-program-povodom-Dana-Grada.jpg","type":"image\/jpeg"}],"author":"Pulska Svakodnevnica","twitter_card":"summary_large_image","twitter_misc":{"Napisao\/la":"Pulska Svakodnevnica","Procijenjeno vrijeme \u010ditanja":"9 minuta"},"schema":{"@context":"https:\/\/schema.org","@graph":[{"@type":"WebPage","@id":"http:\/\/pulskasvakodnevnica.com\/index.php\/2026\/04\/29\/grad-pula-pripremio-bogat-i-raznovrstan-program-povodom-dana-grada\/","url":"http:\/\/pulskasvakodnevnica.com\/index.php\/2026\/04\/29\/grad-pula-pripremio-bogat-i-raznovrstan-program-povodom-dana-grada\/","name":"Grad Pula pripremio bogat i raznovrstan program povodom Dana Grada - Pulska Svakodnevnica","isPartOf":{"@id":"http:\/\/pulskasvakodnevnica.com\/#website"},"datePublished":"2026-04-29T11:52:23+00:00","dateModified":"2026-04-29T12:16:38+00:00","author":{"@id":"http:\/\/pulskasvakodnevnica.com\/#\/schema\/person\/95941daf7dfab0e8fd012b0d88608a3f"},"breadcrumb":{"@id":"http:\/\/pulskasvakodnevnica.com\/index.php\/2026\/04\/29\/grad-pula-pripremio-bogat-i-raznovrstan-program-povodom-dana-grada\/#breadcrumb"},"inLanguage":"hr","potentialAction":[{"@type":"ReadAction","target":["http:\/\/pulskasvakodnevnica.com\/index.php\/2026\/04\/29\/grad-pula-pripremio-bogat-i-raznovrstan-program-povodom-dana-grada\/"]}]},{"@type":"BreadcrumbList","@id":"http:\/\/pulskasvakodnevnica.com\/index.php\/2026\/04\/29\/grad-pula-pripremio-bogat-i-raznovrstan-program-povodom-dana-grada\/#breadcrumb","itemListElement":[{"@type":"ListItem","position":1,"name":"Po\u010detna stranica","item":"http:\/\/pulskasvakodnevnica.com\/"},{"@type":"ListItem","position":2,"name":"Grad Pula pripremio bogat i raznovrstan program povodom Dana Grada"}]},{"@type":"WebSite","@id":"http:\/\/pulskasvakodnevnica.com\/#website","url":"http:\/\/pulskasvakodnevnica.com\/","name":"Pulska Svakodnevnica","description":"Vijesti iz Pule i Istre","potentialAction":[{"@type":"SearchAction","target":{"@type":"EntryPoint","urlTemplate":"http:\/\/pulskasvakodnevnica.com\/?s={search_term_string}"},"query-input":"required name=search_term_string"}],"inLanguage":"hr"},{"@type":"Person","@id":"http:\/\/pulskasvakodnevnica.com\/#\/schema\/person\/95941daf7dfab0e8fd012b0d88608a3f","name":"Pulska Svakodnevnica"}]}},"_links":{"self":[{"href":"http:\/\/pulskasvakodnevnica.com\/index.php\/wp-json\/wp\/v2\/posts\/50888"}],"collection":[{"href":"http:\/\/pulskasvakodnevnica.com\/index.php\/wp-json\/wp\/v2\/posts"}],"about":[{"href":"http:\/\/pulskasvakodnevnica.com\/index.php\/wp-json\/wp\/v2\/types\/post"}],"author":[{"embeddable":true,"href":"http:\/\/pulskasvakodnevnica.com\/index.php\/wp-json\/wp\/v2\/users\/1"}],"replies":[{"embeddable":true,"href":"http:\/\/pulskasvakodnevnica.com\/index.php\/wp-json\/wp\/v2\/comments?post=50888"}],"version-history":[{"count":2,"href":"http:\/\/pulskasvakodnevnica.com\/index.php\/wp-json\/wp\/v2\/posts\/50888\/revisions"}],"predecessor-version":[{"id":50894,"href":"http:\/\/pulskasvakodnevnica.com\/index.php\/wp-json\/wp\/v2\/posts\/50888\/revisions\/50894"}],"wp:featuredmedia":[{"embeddable":true,"href":"http:\/\/pulskasvakodnevnica.com\/index.php\/wp-json\/wp\/v2\/media\/50889"}],"wp:attachment":[{"href":"http:\/\/pulskasvakodnevnica.com\/index.php\/wp-json\/wp\/v2\/media?parent=50888"}],"wp:term":[{"taxonomy":"category","embeddable":true,"href":"http:\/\/pulskasvakodnevnica.com\/index.php\/wp-json\/wp\/v2\/categories?post=50888"},{"taxonomy":"post_tag","embeddable":true,"href":"http:\/\/pulskasvakodnevnica.com\/index.php\/wp-json\/wp\/v2\/tags?post=50888"}],"curies":[{"name":"wp","href":"https:\/\/api.w.org\/{rel}","templated":true}]}}