{"id":50895,"date":"2026-04-29T14:49:56","date_gmt":"2026-04-29T12:49:56","guid":{"rendered":"http:\/\/pulskasvakodnevnica.com\/?p=50895"},"modified":"2026-04-29T14:49:57","modified_gmt":"2026-04-29T12:49:57","slug":"zlatne-godine-zivjeti-s-kronicnim-nezaraznim-bolestima-predavanje-olge-dabovic-rac","status":"publish","type":"post","link":"http:\/\/pulskasvakodnevnica.com\/index.php\/2026\/04\/29\/zlatne-godine-zivjeti-s-kronicnim-nezaraznim-bolestima-predavanje-olge-dabovic-rac\/","title":{"rendered":"Zlatne godine: \u017eivjeti s kroni\u010dnim nezaraznim bolestima &#8211; predavanje Olge Dabovi\u0107 Rac"},"content":{"rendered":"\n<p>Foto: Gradska knji\u017enica i \u010ditaonica Pula<\/p>\n\n\n\n<p>U ponedjeljak, <strong>4. svibnja 2026. u 10 sati <\/strong>u \u010citaonici Kluba umirovljenika (Giardini 14) <strong>dr. med. spec. epidemiologije Olga Dabovi\u0107 Rac<\/strong> odr\u017eat \u0107e <strong>predavanje&nbsp;<\/strong>\u017divjeti s kroni\u010dnim nezaraznim bolestima, koje je dio <strong>programa <em>Zlatne godine<\/em><\/strong>&nbsp;<strong>Gradske knji\u017enice i \u010ditaonice Pula<\/strong> i <strong>Nastavnog zavoda za javno zdravstvo I\u017d<\/strong>.&nbsp;<\/p>\n\n\n\n<p><em>Mnoge osobe u starijoj dobi \u017eive s bolestima poput visokog tlaka, dijabetesa ili bolesti srca. Uz pravilnu terapiju, redovite kontrole i zdrave navike mogu\u0107e je \u017eivjeti kvalitetno i aktivno. Va\u017eno je znati kako kontrolirati bolest i kako male promjene u svakodnevnom \u017eivotu mogu pomo\u0107i zdravlju. \u017divjeti s kroni\u010dnim nezaraznim bolestima u starijoj dobi podrazumijeva prilagodbu novim okolnostima, aktivno upravljanje zdravljem i odr\u017eavanje \u0161to ve\u0107e funkcionalne sposobnosti.<\/em><\/p>\n\n\n\n<p>Nakon predavanja gra\u0111anima \u0107e se ponuditi <strong>mjerenja krvnog-arterijskog tlaka, glukoze u krvi.<\/strong><\/p>\n\n\n\n<p>Aktivnosti u okviru projekta <strong><em>Zlatne godine<\/em><\/strong> odr\u017eavaju se,\u00a0drugu godinu zaredom, u prostoru \u010citaonice\u00a0 <strong>prvog ponedjeljka u mjesecu<\/strong> (izuzev ljetnih mjeseci) <strong>u 10 sati <\/strong>s ciljem edukacije i informiranja osoba tre\u0107e \u017eivotne dobi na temu fizi\u010dkog i psihi\u010dkog zdravlja, odnosno va\u017enosti prevencije i usvajanja zdravih \u017eivotnih navika. Na predavanja su dobrodo\u0161li svi zainteresirani, a prethodna najava nije potrebna.<\/p>\n\n\n\n<p>(PS)<\/p>\n","protected":false},"excerpt":{"rendered":"<p>Foto: Gradska knji\u017enica i \u010ditaonica Pula U ponedjeljak, 4. svibnja 2026. u 10 sati u \u010citaonici Kluba umirovljenika (Giardini 14)<\/p>\n","protected":false},"author":1,"featured_media":50896,"comment_status":"open","ping_status":"closed","sticky":false,"template":"","format":"standard","meta":{"_mi_skip_tracking":false,"footnotes":""},"categories":[1,99],"tags":[110,355],"yoast_head":"<!-- This site is optimized with the Yoast SEO plugin v20.4 - https:\/\/yoast.com\/wordpress\/plugins\/seo\/ -->\n<title>Zlatne godine: \u017eivjeti s kroni\u010dnim nezaraznim bolestima - predavanje Olge Dabovi\u0107 Rac - Pulska Svakodnevnica<\/title>\n<meta name=\"robots\" content=\"index, follow, max-snippet:-1, max-image-preview:large, max-video-preview:-1\" \/>\n<link rel=\"canonical\" href=\"http:\/\/pulskasvakodnevnica.com\/index.php\/2026\/04\/29\/zlatne-godine-zivjeti-s-kronicnim-nezaraznim-bolestima-predavanje-olge-dabovic-rac\/\" \/>\n<meta property=\"og:locale\" content=\"hr_HR\" \/>\n<meta property=\"og:type\" content=\"article\" \/>\n<meta property=\"og:title\" content=\"Zlatne godine: \u017eivjeti s kroni\u010dnim nezaraznim bolestima - predavanje Olge Dabovi\u0107 Rac - Pulska Svakodnevnica\" \/>\n<meta property=\"og:description\" content=\"Foto: Gradska knji\u017enica i \u010ditaonica Pula U ponedjeljak, 4. svibnja 2026. u 10 sati u \u010citaonici Kluba umirovljenika (Giardini 14)\" \/>\n<meta property=\"og:url\" content=\"http:\/\/pulskasvakodnevnica.com\/index.php\/2026\/04\/29\/zlatne-godine-zivjeti-s-kronicnim-nezaraznim-bolestima-predavanje-olge-dabovic-rac\/\" \/>\n<meta property=\"og:site_name\" content=\"Pulska Svakodnevnica\" \/>\n<meta property=\"article:publisher\" content=\"https:\/\/www.facebook.com\/PulskaSvakodnevnicaNews\" \/>\n<meta property=\"article:published_time\" content=\"2026-04-29T12:49:56+00:00\" \/>\n<meta property=\"article:modified_time\" content=\"2026-04-29T12:49:57+00:00\" \/>\n<meta property=\"og:image\" content=\"http:\/\/pulskasvakodnevnica.com\/wp-content\/uploads\/2026\/04\/tds03256.jpg\" \/>\n\t<meta property=\"og:image:width\" content=\"2048\" \/>\n\t<meta property=\"og:image:height\" content=\"1152\" \/>\n\t<meta property=\"og:image:type\" content=\"image\/jpeg\" \/>\n<meta name=\"author\" content=\"Pulska Svakodnevnica\" \/>\n<meta name=\"twitter:card\" content=\"summary_large_image\" \/>\n<meta name=\"twitter:label1\" content=\"Napisao\/la\" \/>\n\t<meta name=\"twitter:data1\" content=\"Pulska Svakodnevnica\" \/>\n\t<meta name=\"twitter:label2\" content=\"Procijenjeno vrijeme \u010ditanja\" \/>\n\t<meta name=\"twitter:data2\" content=\"2 minute\" \/>\n<script type=\"application\/ld+json\" class=\"yoast-schema-graph\">{\"@context\":\"https:\/\/schema.org\",\"@graph\":[{\"@type\":\"WebPage\",\"@id\":\"http:\/\/pulskasvakodnevnica.com\/index.php\/2026\/04\/29\/zlatne-godine-zivjeti-s-kronicnim-nezaraznim-bolestima-predavanje-olge-dabovic-rac\/\",\"url\":\"http:\/\/pulskasvakodnevnica.com\/index.php\/2026\/04\/29\/zlatne-godine-zivjeti-s-kronicnim-nezaraznim-bolestima-predavanje-olge-dabovic-rac\/\",\"name\":\"Zlatne godine: \u017eivjeti s kroni\u010dnim nezaraznim bolestima - predavanje Olge Dabovi\u0107 Rac - Pulska Svakodnevnica\",\"isPartOf\":{\"@id\":\"http:\/\/pulskasvakodnevnica.com\/#website\"},\"datePublished\":\"2026-04-29T12:49:56+00:00\",\"dateModified\":\"2026-04-29T12:49:57+00:00\",\"author\":{\"@id\":\"http:\/\/pulskasvakodnevnica.com\/#\/schema\/person\/95941daf7dfab0e8fd012b0d88608a3f\"},\"breadcrumb\":{\"@id\":\"http:\/\/pulskasvakodnevnica.com\/index.php\/2026\/04\/29\/zlatne-godine-zivjeti-s-kronicnim-nezaraznim-bolestima-predavanje-olge-dabovic-rac\/#breadcrumb\"},\"inLanguage\":\"hr\",\"potentialAction\":[{\"@type\":\"ReadAction\",\"target\":[\"http:\/\/pulskasvakodnevnica.com\/index.php\/2026\/04\/29\/zlatne-godine-zivjeti-s-kronicnim-nezaraznim-bolestima-predavanje-olge-dabovic-rac\/\"]}]},{\"@type\":\"BreadcrumbList\",\"@id\":\"http:\/\/pulskasvakodnevnica.com\/index.php\/2026\/04\/29\/zlatne-godine-zivjeti-s-kronicnim-nezaraznim-bolestima-predavanje-olge-dabovic-rac\/#breadcrumb\",\"itemListElement\":[{\"@type\":\"ListItem\",\"position\":1,\"name\":\"Po\u010detna stranica\",\"item\":\"http:\/\/pulskasvakodnevnica.com\/\"},{\"@type\":\"ListItem\",\"position\":2,\"name\":\"Zlatne godine: \u017eivjeti s kroni\u010dnim nezaraznim bolestima &#8211; predavanje Olge Dabovi\u0107 Rac\"}]},{\"@type\":\"WebSite\",\"@id\":\"http:\/\/pulskasvakodnevnica.com\/#website\",\"url\":\"http:\/\/pulskasvakodnevnica.com\/\",\"name\":\"Pulska Svakodnevnica\",\"description\":\"Vijesti iz Pule i Istre\",\"potentialAction\":[{\"@type\":\"SearchAction\",\"target\":{\"@type\":\"EntryPoint\",\"urlTemplate\":\"http:\/\/pulskasvakodnevnica.com\/?s={search_term_string}\"},\"query-input\":\"required name=search_term_string\"}],\"inLanguage\":\"hr\"},{\"@type\":\"Person\",\"@id\":\"http:\/\/pulskasvakodnevnica.com\/#\/schema\/person\/95941daf7dfab0e8fd012b0d88608a3f\",\"name\":\"Pulska Svakodnevnica\"}]}<\/script>\n<!-- \/ Yoast SEO plugin. -->","yoast_head_json":{"title":"Zlatne godine: \u017eivjeti s kroni\u010dnim nezaraznim bolestima - predavanje Olge Dabovi\u0107 Rac - Pulska Svakodnevnica","robots":{"index":"index","follow":"follow","max-snippet":"max-snippet:-1","max-image-preview":"max-image-preview:large","max-video-preview":"max-video-preview:-1"},"canonical":"http:\/\/pulskasvakodnevnica.com\/index.php\/2026\/04\/29\/zlatne-godine-zivjeti-s-kronicnim-nezaraznim-bolestima-predavanje-olge-dabovic-rac\/","og_locale":"hr_HR","og_type":"article","og_title":"Zlatne godine: \u017eivjeti s kroni\u010dnim nezaraznim bolestima - predavanje Olge Dabovi\u0107 Rac - Pulska Svakodnevnica","og_description":"Foto: Gradska knji\u017enica i \u010ditaonica Pula U ponedjeljak, 4. svibnja 2026. u 10 sati u \u010citaonici Kluba umirovljenika (Giardini 14)","og_url":"http:\/\/pulskasvakodnevnica.com\/index.php\/2026\/04\/29\/zlatne-godine-zivjeti-s-kronicnim-nezaraznim-bolestima-predavanje-olge-dabovic-rac\/","og_site_name":"Pulska Svakodnevnica","article_publisher":"https:\/\/www.facebook.com\/PulskaSvakodnevnicaNews","article_published_time":"2026-04-29T12:49:56+00:00","article_modified_time":"2026-04-29T12:49:57+00:00","og_image":[{"width":2048,"height":1152,"url":"http:\/\/pulskasvakodnevnica.com\/wp-content\/uploads\/2026\/04\/tds03256.jpg","type":"image\/jpeg"}],"author":"Pulska Svakodnevnica","twitter_card":"summary_large_image","twitter_misc":{"Napisao\/la":"Pulska Svakodnevnica","Procijenjeno vrijeme \u010ditanja":"2 minute"},"schema":{"@context":"https:\/\/schema.org","@graph":[{"@type":"WebPage","@id":"http:\/\/pulskasvakodnevnica.com\/index.php\/2026\/04\/29\/zlatne-godine-zivjeti-s-kronicnim-nezaraznim-bolestima-predavanje-olge-dabovic-rac\/","url":"http:\/\/pulskasvakodnevnica.com\/index.php\/2026\/04\/29\/zlatne-godine-zivjeti-s-kronicnim-nezaraznim-bolestima-predavanje-olge-dabovic-rac\/","name":"Zlatne godine: \u017eivjeti s kroni\u010dnim nezaraznim bolestima - predavanje Olge Dabovi\u0107 Rac - Pulska Svakodnevnica","isPartOf":{"@id":"http:\/\/pulskasvakodnevnica.com\/#website"},"datePublished":"2026-04-29T12:49:56+00:00","dateModified":"2026-04-29T12:49:57+00:00","author":{"@id":"http:\/\/pulskasvakodnevnica.com\/#\/schema\/person\/95941daf7dfab0e8fd012b0d88608a3f"},"breadcrumb":{"@id":"http:\/\/pulskasvakodnevnica.com\/index.php\/2026\/04\/29\/zlatne-godine-zivjeti-s-kronicnim-nezaraznim-bolestima-predavanje-olge-dabovic-rac\/#breadcrumb"},"inLanguage":"hr","potentialAction":[{"@type":"ReadAction","target":["http:\/\/pulskasvakodnevnica.com\/index.php\/2026\/04\/29\/zlatne-godine-zivjeti-s-kronicnim-nezaraznim-bolestima-predavanje-olge-dabovic-rac\/"]}]},{"@type":"BreadcrumbList","@id":"http:\/\/pulskasvakodnevnica.com\/index.php\/2026\/04\/29\/zlatne-godine-zivjeti-s-kronicnim-nezaraznim-bolestima-predavanje-olge-dabovic-rac\/#breadcrumb","itemListElement":[{"@type":"ListItem","position":1,"name":"Po\u010detna stranica","item":"http:\/\/pulskasvakodnevnica.com\/"},{"@type":"ListItem","position":2,"name":"Zlatne godine: \u017eivjeti s kroni\u010dnim nezaraznim bolestima &#8211; predavanje Olge Dabovi\u0107 Rac"}]},{"@type":"WebSite","@id":"http:\/\/pulskasvakodnevnica.com\/#website","url":"http:\/\/pulskasvakodnevnica.com\/","name":"Pulska Svakodnevnica","description":"Vijesti iz Pule i Istre","potentialAction":[{"@type":"SearchAction","target":{"@type":"EntryPoint","urlTemplate":"http:\/\/pulskasvakodnevnica.com\/?s={search_term_string}"},"query-input":"required name=search_term_string"}],"inLanguage":"hr"},{"@type":"Person","@id":"http:\/\/pulskasvakodnevnica.com\/#\/schema\/person\/95941daf7dfab0e8fd012b0d88608a3f","name":"Pulska Svakodnevnica"}]}},"_links":{"self":[{"href":"http:\/\/pulskasvakodnevnica.com\/index.php\/wp-json\/wp\/v2\/posts\/50895"}],"collection":[{"href":"http:\/\/pulskasvakodnevnica.com\/index.php\/wp-json\/wp\/v2\/posts"}],"about":[{"href":"http:\/\/pulskasvakodnevnica.com\/index.php\/wp-json\/wp\/v2\/types\/post"}],"author":[{"embeddable":true,"href":"http:\/\/pulskasvakodnevnica.com\/index.php\/wp-json\/wp\/v2\/users\/1"}],"replies":[{"embeddable":true,"href":"http:\/\/pulskasvakodnevnica.com\/index.php\/wp-json\/wp\/v2\/comments?post=50895"}],"version-history":[{"count":1,"href":"http:\/\/pulskasvakodnevnica.com\/index.php\/wp-json\/wp\/v2\/posts\/50895\/revisions"}],"predecessor-version":[{"id":50897,"href":"http:\/\/pulskasvakodnevnica.com\/index.php\/wp-json\/wp\/v2\/posts\/50895\/revisions\/50897"}],"wp:featuredmedia":[{"embeddable":true,"href":"http:\/\/pulskasvakodnevnica.com\/index.php\/wp-json\/wp\/v2\/media\/50896"}],"wp:attachment":[{"href":"http:\/\/pulskasvakodnevnica.com\/index.php\/wp-json\/wp\/v2\/media?parent=50895"}],"wp:term":[{"taxonomy":"category","embeddable":true,"href":"http:\/\/pulskasvakodnevnica.com\/index.php\/wp-json\/wp\/v2\/categories?post=50895"},{"taxonomy":"post_tag","embeddable":true,"href":"http:\/\/pulskasvakodnevnica.com\/index.php\/wp-json\/wp\/v2\/tags?post=50895"}],"curies":[{"name":"wp","href":"https:\/\/api.w.org\/{rel}","templated":true}]}}