{"id":50898,"date":"2026-04-29T14:55:38","date_gmt":"2026-04-29T12:55:38","guid":{"rendered":"http:\/\/pulskasvakodnevnica.com\/?p=50898"},"modified":"2026-04-29T14:55:38","modified_gmt":"2026-04-29T12:55:38","slug":"u-prepunoj-kuci-prirode-u-premanturi-odrzana-promocija-knjige-crkva-u-premanturi-2-dopunjeno-i-prosireno-izdanje","status":"publish","type":"post","link":"http:\/\/pulskasvakodnevnica.com\/index.php\/2026\/04\/29\/u-prepunoj-kuci-prirode-u-premanturi-odrzana-promocija-knjige-crkva-u-premanturi-2-dopunjeno-i-prosireno-izdanje\/","title":{"rendered":"U prepunoj Ku\u0107i prirode u Premanturi odr\u017eana promocija knjige \u201eCrkva u Premanturi, 2 dopunjeno i pro\u0161ireno izdanje\u201c"},"content":{"rendered":"\n<p>Foto: Op\u0107ina Medulin <\/p>\n\n\n\n<p>Pro\u0161log petka, 24. travnja 2026. odr\u017eana je promocija knjige <strong>\u201eCrkva u Premanturi, 2 dopunjeno i pro\u0161ireno izdanje\u201c<\/strong>, autora fra Ljudevita Antona Mara\u010di\u0107a i Andreja Badera, u izdanju Op\u0107ine Medulin. Sve\u010dana prilika odr\u017eana je na istom mjestu, 14 godina nakon predstavljanja prvog izdanja, gotovo na isti dan (28.04.2012.). Prostor Ku\u0107e prirode (prizemlje upravne zgrade JU Kamenjak \u2013 stare \u0161kole u Premanturi), ugostio je mnogobrojne posjetitelje, op\u0107inske vije\u0107nike, uva\u017eene goste akademske zajednice te mje\u0161tane i \u0161iru javnost.<\/p>\n\n\n\n<p>Predstavljanje ovog vrijednog izdanja \u010diji je nakladnik Op\u0107ina Medulin otvorio je vele\u010dasni Antun Ni\u017eeti\u0107, \u017eupnik Premanture i Pomera u ulozi doma\u0107ina, a pozdravnim se govorom potom svima prisutnima obratio na\u010delnik Op\u0107ine Medulin Ivan Kirac, u ulozi izdava\u010da.<\/p>\n\n\n\n<p>Program se uz vodstvo i moderiranje Jelene Vitasovi\u0107 nastavio obra\u0107anjima autora, dok je Neven Ive\u0161a \u010ditanjem pjesama Miroslava Mi\u0161kovi\u0107a koje su i objavljene u knjizi, zaslu\u017ean za kulturno-umjetni\u010dke predahe tijekom ve\u010deri.<\/p>\n\n\n\n<p>\u201eCrkva u Premanturi\u201c knjiga je koja govori o mjestu, njegovoj povijesti, crkvenom i kulturnom \u017eivotu, ona nije samo svjedo\u010danstvo o crkvenim gra\u0111evinama, nego i o ljudima, duhovnosti i identitetu koji su oblikovali Premanturu i podru\u010dje op\u0107ine Medulin, stoga od velikog zna\u010daja za cijelu lokalnu zajednicu.<\/p>\n\n\n\n<p>Fra Ljudevit Anton Mara\u010di\u0107, sin Premanture, ugledni crkveni povjesni\u010dar i franjevac konventualac, utkao je u ovo djelo svoja \u0161iroka iskustva i znanja, o kojima svjedo\u010de njegova temeljita naobrazba te niz odgovornih slu\u017ebi koje je obna\u0161ao u Redu. &nbsp;<\/p>\n\n\n\n<p>Koautor, povjesni\u010dar Andrej Bader, novim je istra\u017eivanjima osvjetlio dosad nepoznate \u010dinjenice te istima dao doprinos kojim je ovo drugo, pro\u0161ireno izdanje dobilo novu dokumentarnu i interpretativnu dimenziju. Njegovim rije\u010dima opisujemo sadr\u017eaj i teme ovog izdanja:<\/p>\n\n\n\n<p>\u201eFrancuski povjesni\u010dar Marc Bloch nagla\u0161avao je kako se pro\u0161lost nikada ne mo\u017ee potpuno rekonstruirati, jer su izvori uvijek fragmentarni, selektivni i podlo\u017eni interpretaciji. Drugim rije\u010dima, pro\u0161lost se ne mo\u017ee \u201eo\u017eivjeti\u201d u cjelini \u2014 \u201ekakva je uistinu bila\u201d. Na\u0161e spoznaje o njoj su nepotpune i nepovratne, povjesni\u010dari uvijek rade s tragovima, a ne s potpunom stvarno\u0161\u0107u. To je sukus rada na svakoj knjizi koja svojim istra\u017eivanjima i analizama krhkim nitima svjetla daje nove spoznaje o minulom vremenu. Upravo takav izazov \u010dekao je autora knjige Crkva u Premanturi fra Ljudevita Antona Mara\u010di\u0107a koji se \u010detrnaest godina od prvog izdanja istoimene knjige vratio ishodi\u0161tu daju\u0107i s koautorom nove podatke o najju\u017enijem istarskom mjestu. Arhitektura je uvijek postojani odgovor na povijesnu amneziju (kada nema pisanih izvora). Pa ipak, paradoksalno, do objavljivanja ove knjige nisu postojali nikakvi podaci o premanturskom crkvenom zvoniku &#8211; poznatom Turnju, kao i o nizu crkvenih odnosa, povijesnih lokaliteta, uzro\u010dno posljedi\u010dnih veza te znamenitih osoba. Knjiga je i oboga\u0107ena recentnim povijesnim zbivanjima (koja imaju neminovnu tendenciju postati davna pro\u0161lost).\u201c<\/p>\n\n\n\n<p>Knjigu \u201eCrkva u Premanturi, 2 dopunjeno i pro\u0161ireno izdanje\u201c u izdanju Op\u0107ine Medulin, grafi\u010dki je oblikovao Mario Rosanda, GRAFiART \u2013 Vinkuran, a tiskana je u nakladi od 500 primjeraka u tiskari Denona, Zagreb. Za sve zainteresirane dostupna je u \u017eupnoj crkvi u Premanturi, od \u010dijih se \u017eupljana i tijekom promocije moglo nabaviti knjigu uz donaciju za potrebite.\u00a0\u00a0<\/p>\n\n\n\n<p>(PS)<\/p>\n","protected":false},"excerpt":{"rendered":"<p>Foto: Op\u0107ina Medulin Pro\u0161log petka, 24. travnja 2026. odr\u017eana je promocija knjige \u201eCrkva u Premanturi, 2 dopunjeno i pro\u0161ireno izdanje\u201c,<\/p>\n","protected":false},"author":1,"featured_media":50899,"comment_status":"open","ping_status":"closed","sticky":false,"template":"","format":"standard","meta":{"_mi_skip_tracking":false,"footnotes":""},"categories":[84,1],"tags":[293,355],"yoast_head":"<!-- This site is optimized with the Yoast SEO plugin v20.4 - https:\/\/yoast.com\/wordpress\/plugins\/seo\/ -->\n<title>U prepunoj Ku\u0107i prirode u Premanturi odr\u017eana promocija knjige \u201eCrkva u Premanturi, 2 dopunjeno i pro\u0161ireno izdanje\u201c - Pulska Svakodnevnica<\/title>\n<meta name=\"robots\" content=\"index, follow, max-snippet:-1, max-image-preview:large, max-video-preview:-1\" \/>\n<link rel=\"canonical\" href=\"http:\/\/pulskasvakodnevnica.com\/index.php\/2026\/04\/29\/u-prepunoj-kuci-prirode-u-premanturi-odrzana-promocija-knjige-crkva-u-premanturi-2-dopunjeno-i-prosireno-izdanje\/\" \/>\n<meta property=\"og:locale\" content=\"hr_HR\" \/>\n<meta property=\"og:type\" content=\"article\" \/>\n<meta property=\"og:title\" content=\"U prepunoj Ku\u0107i prirode u Premanturi odr\u017eana promocija knjige \u201eCrkva u Premanturi, 2 dopunjeno i pro\u0161ireno izdanje\u201c - Pulska Svakodnevnica\" \/>\n<meta property=\"og:description\" content=\"Foto: Op\u0107ina Medulin Pro\u0161log petka, 24. travnja 2026. odr\u017eana je promocija knjige \u201eCrkva u Premanturi, 2 dopunjeno i pro\u0161ireno izdanje\u201c,\" \/>\n<meta property=\"og:url\" content=\"http:\/\/pulskasvakodnevnica.com\/index.php\/2026\/04\/29\/u-prepunoj-kuci-prirode-u-premanturi-odrzana-promocija-knjige-crkva-u-premanturi-2-dopunjeno-i-prosireno-izdanje\/\" \/>\n<meta property=\"og:site_name\" content=\"Pulska Svakodnevnica\" \/>\n<meta property=\"article:publisher\" content=\"https:\/\/www.facebook.com\/PulskaSvakodnevnicaNews\" \/>\n<meta property=\"article:published_time\" content=\"2026-04-29T12:55:38+00:00\" \/>\n<meta property=\"og:image\" content=\"http:\/\/pulskasvakodnevnica.com\/wp-content\/uploads\/2026\/04\/PLAKAT-scaled.jpg\" \/>\n\t<meta property=\"og:image:width\" content=\"1808\" \/>\n\t<meta property=\"og:image:height\" content=\"2560\" \/>\n\t<meta property=\"og:image:type\" content=\"image\/jpeg\" \/>\n<meta name=\"author\" content=\"Pulska Svakodnevnica\" \/>\n<meta name=\"twitter:card\" content=\"summary_large_image\" \/>\n<meta name=\"twitter:label1\" content=\"Napisao\/la\" \/>\n\t<meta name=\"twitter:data1\" content=\"Pulska Svakodnevnica\" \/>\n\t<meta name=\"twitter:label2\" content=\"Procijenjeno vrijeme \u010ditanja\" \/>\n\t<meta name=\"twitter:data2\" content=\"3 minute\" \/>\n<script type=\"application\/ld+json\" class=\"yoast-schema-graph\">{\"@context\":\"https:\/\/schema.org\",\"@graph\":[{\"@type\":\"WebPage\",\"@id\":\"http:\/\/pulskasvakodnevnica.com\/index.php\/2026\/04\/29\/u-prepunoj-kuci-prirode-u-premanturi-odrzana-promocija-knjige-crkva-u-premanturi-2-dopunjeno-i-prosireno-izdanje\/\",\"url\":\"http:\/\/pulskasvakodnevnica.com\/index.php\/2026\/04\/29\/u-prepunoj-kuci-prirode-u-premanturi-odrzana-promocija-knjige-crkva-u-premanturi-2-dopunjeno-i-prosireno-izdanje\/\",\"name\":\"U prepunoj Ku\u0107i prirode u Premanturi odr\u017eana promocija knjige \u201eCrkva u Premanturi, 2 dopunjeno i pro\u0161ireno izdanje\u201c - Pulska Svakodnevnica\",\"isPartOf\":{\"@id\":\"http:\/\/pulskasvakodnevnica.com\/#website\"},\"datePublished\":\"2026-04-29T12:55:38+00:00\",\"dateModified\":\"2026-04-29T12:55:38+00:00\",\"author\":{\"@id\":\"http:\/\/pulskasvakodnevnica.com\/#\/schema\/person\/95941daf7dfab0e8fd012b0d88608a3f\"},\"breadcrumb\":{\"@id\":\"http:\/\/pulskasvakodnevnica.com\/index.php\/2026\/04\/29\/u-prepunoj-kuci-prirode-u-premanturi-odrzana-promocija-knjige-crkva-u-premanturi-2-dopunjeno-i-prosireno-izdanje\/#breadcrumb\"},\"inLanguage\":\"hr\",\"potentialAction\":[{\"@type\":\"ReadAction\",\"target\":[\"http:\/\/pulskasvakodnevnica.com\/index.php\/2026\/04\/29\/u-prepunoj-kuci-prirode-u-premanturi-odrzana-promocija-knjige-crkva-u-premanturi-2-dopunjeno-i-prosireno-izdanje\/\"]}]},{\"@type\":\"BreadcrumbList\",\"@id\":\"http:\/\/pulskasvakodnevnica.com\/index.php\/2026\/04\/29\/u-prepunoj-kuci-prirode-u-premanturi-odrzana-promocija-knjige-crkva-u-premanturi-2-dopunjeno-i-prosireno-izdanje\/#breadcrumb\",\"itemListElement\":[{\"@type\":\"ListItem\",\"position\":1,\"name\":\"Po\u010detna stranica\",\"item\":\"http:\/\/pulskasvakodnevnica.com\/\"},{\"@type\":\"ListItem\",\"position\":2,\"name\":\"U prepunoj Ku\u0107i prirode u Premanturi odr\u017eana promocija knjige \u201eCrkva u Premanturi, 2 dopunjeno i pro\u0161ireno izdanje\u201c\"}]},{\"@type\":\"WebSite\",\"@id\":\"http:\/\/pulskasvakodnevnica.com\/#website\",\"url\":\"http:\/\/pulskasvakodnevnica.com\/\",\"name\":\"Pulska Svakodnevnica\",\"description\":\"Vijesti iz Pule i Istre\",\"potentialAction\":[{\"@type\":\"SearchAction\",\"target\":{\"@type\":\"EntryPoint\",\"urlTemplate\":\"http:\/\/pulskasvakodnevnica.com\/?s={search_term_string}\"},\"query-input\":\"required name=search_term_string\"}],\"inLanguage\":\"hr\"},{\"@type\":\"Person\",\"@id\":\"http:\/\/pulskasvakodnevnica.com\/#\/schema\/person\/95941daf7dfab0e8fd012b0d88608a3f\",\"name\":\"Pulska Svakodnevnica\"}]}<\/script>\n<!-- \/ Yoast SEO plugin. -->","yoast_head_json":{"title":"U prepunoj Ku\u0107i prirode u Premanturi odr\u017eana promocija knjige \u201eCrkva u Premanturi, 2 dopunjeno i pro\u0161ireno izdanje\u201c - Pulska Svakodnevnica","robots":{"index":"index","follow":"follow","max-snippet":"max-snippet:-1","max-image-preview":"max-image-preview:large","max-video-preview":"max-video-preview:-1"},"canonical":"http:\/\/pulskasvakodnevnica.com\/index.php\/2026\/04\/29\/u-prepunoj-kuci-prirode-u-premanturi-odrzana-promocija-knjige-crkva-u-premanturi-2-dopunjeno-i-prosireno-izdanje\/","og_locale":"hr_HR","og_type":"article","og_title":"U prepunoj Ku\u0107i prirode u Premanturi odr\u017eana promocija knjige \u201eCrkva u Premanturi, 2 dopunjeno i pro\u0161ireno izdanje\u201c - Pulska Svakodnevnica","og_description":"Foto: Op\u0107ina Medulin Pro\u0161log petka, 24. travnja 2026. odr\u017eana je promocija knjige \u201eCrkva u Premanturi, 2 dopunjeno i pro\u0161ireno izdanje\u201c,","og_url":"http:\/\/pulskasvakodnevnica.com\/index.php\/2026\/04\/29\/u-prepunoj-kuci-prirode-u-premanturi-odrzana-promocija-knjige-crkva-u-premanturi-2-dopunjeno-i-prosireno-izdanje\/","og_site_name":"Pulska Svakodnevnica","article_publisher":"https:\/\/www.facebook.com\/PulskaSvakodnevnicaNews","article_published_time":"2026-04-29T12:55:38+00:00","og_image":[{"width":1808,"height":2560,"url":"http:\/\/pulskasvakodnevnica.com\/wp-content\/uploads\/2026\/04\/PLAKAT-scaled.jpg","type":"image\/jpeg"}],"author":"Pulska Svakodnevnica","twitter_card":"summary_large_image","twitter_misc":{"Napisao\/la":"Pulska Svakodnevnica","Procijenjeno vrijeme \u010ditanja":"3 minute"},"schema":{"@context":"https:\/\/schema.org","@graph":[{"@type":"WebPage","@id":"http:\/\/pulskasvakodnevnica.com\/index.php\/2026\/04\/29\/u-prepunoj-kuci-prirode-u-premanturi-odrzana-promocija-knjige-crkva-u-premanturi-2-dopunjeno-i-prosireno-izdanje\/","url":"http:\/\/pulskasvakodnevnica.com\/index.php\/2026\/04\/29\/u-prepunoj-kuci-prirode-u-premanturi-odrzana-promocija-knjige-crkva-u-premanturi-2-dopunjeno-i-prosireno-izdanje\/","name":"U prepunoj Ku\u0107i prirode u Premanturi odr\u017eana promocija knjige \u201eCrkva u Premanturi, 2 dopunjeno i pro\u0161ireno izdanje\u201c - Pulska Svakodnevnica","isPartOf":{"@id":"http:\/\/pulskasvakodnevnica.com\/#website"},"datePublished":"2026-04-29T12:55:38+00:00","dateModified":"2026-04-29T12:55:38+00:00","author":{"@id":"http:\/\/pulskasvakodnevnica.com\/#\/schema\/person\/95941daf7dfab0e8fd012b0d88608a3f"},"breadcrumb":{"@id":"http:\/\/pulskasvakodnevnica.com\/index.php\/2026\/04\/29\/u-prepunoj-kuci-prirode-u-premanturi-odrzana-promocija-knjige-crkva-u-premanturi-2-dopunjeno-i-prosireno-izdanje\/#breadcrumb"},"inLanguage":"hr","potentialAction":[{"@type":"ReadAction","target":["http:\/\/pulskasvakodnevnica.com\/index.php\/2026\/04\/29\/u-prepunoj-kuci-prirode-u-premanturi-odrzana-promocija-knjige-crkva-u-premanturi-2-dopunjeno-i-prosireno-izdanje\/"]}]},{"@type":"BreadcrumbList","@id":"http:\/\/pulskasvakodnevnica.com\/index.php\/2026\/04\/29\/u-prepunoj-kuci-prirode-u-premanturi-odrzana-promocija-knjige-crkva-u-premanturi-2-dopunjeno-i-prosireno-izdanje\/#breadcrumb","itemListElement":[{"@type":"ListItem","position":1,"name":"Po\u010detna stranica","item":"http:\/\/pulskasvakodnevnica.com\/"},{"@type":"ListItem","position":2,"name":"U prepunoj Ku\u0107i prirode u Premanturi odr\u017eana promocija knjige \u201eCrkva u Premanturi, 2 dopunjeno i pro\u0161ireno izdanje\u201c"}]},{"@type":"WebSite","@id":"http:\/\/pulskasvakodnevnica.com\/#website","url":"http:\/\/pulskasvakodnevnica.com\/","name":"Pulska Svakodnevnica","description":"Vijesti iz Pule i Istre","potentialAction":[{"@type":"SearchAction","target":{"@type":"EntryPoint","urlTemplate":"http:\/\/pulskasvakodnevnica.com\/?s={search_term_string}"},"query-input":"required name=search_term_string"}],"inLanguage":"hr"},{"@type":"Person","@id":"http:\/\/pulskasvakodnevnica.com\/#\/schema\/person\/95941daf7dfab0e8fd012b0d88608a3f","name":"Pulska Svakodnevnica"}]}},"_links":{"self":[{"href":"http:\/\/pulskasvakodnevnica.com\/index.php\/wp-json\/wp\/v2\/posts\/50898"}],"collection":[{"href":"http:\/\/pulskasvakodnevnica.com\/index.php\/wp-json\/wp\/v2\/posts"}],"about":[{"href":"http:\/\/pulskasvakodnevnica.com\/index.php\/wp-json\/wp\/v2\/types\/post"}],"author":[{"embeddable":true,"href":"http:\/\/pulskasvakodnevnica.com\/index.php\/wp-json\/wp\/v2\/users\/1"}],"replies":[{"embeddable":true,"href":"http:\/\/pulskasvakodnevnica.com\/index.php\/wp-json\/wp\/v2\/comments?post=50898"}],"version-history":[{"count":1,"href":"http:\/\/pulskasvakodnevnica.com\/index.php\/wp-json\/wp\/v2\/posts\/50898\/revisions"}],"predecessor-version":[{"id":50900,"href":"http:\/\/pulskasvakodnevnica.com\/index.php\/wp-json\/wp\/v2\/posts\/50898\/revisions\/50900"}],"wp:featuredmedia":[{"embeddable":true,"href":"http:\/\/pulskasvakodnevnica.com\/index.php\/wp-json\/wp\/v2\/media\/50899"}],"wp:attachment":[{"href":"http:\/\/pulskasvakodnevnica.com\/index.php\/wp-json\/wp\/v2\/media?parent=50898"}],"wp:term":[{"taxonomy":"category","embeddable":true,"href":"http:\/\/pulskasvakodnevnica.com\/index.php\/wp-json\/wp\/v2\/categories?post=50898"},{"taxonomy":"post_tag","embeddable":true,"href":"http:\/\/pulskasvakodnevnica.com\/index.php\/wp-json\/wp\/v2\/tags?post=50898"}],"curies":[{"name":"wp","href":"https:\/\/api.w.org\/{rel}","templated":true}]}}