{"id":50912,"date":"2026-04-30T12:19:21","date_gmt":"2026-04-30T10:19:21","guid":{"rendered":"http:\/\/pulskasvakodnevnica.com\/?p=50912"},"modified":"2026-04-30T12:19:22","modified_gmt":"2026-04-30T10:19:22","slug":"obiljezen-9-svjetski-dan-plesa-na-medulinskoj-rivi","status":"publish","type":"post","link":"http:\/\/pulskasvakodnevnica.com\/index.php\/2026\/04\/30\/obiljezen-9-svjetski-dan-plesa-na-medulinskoj-rivi\/","title":{"rendered":"Obilje\u017een 9. Svjetski dan plesa na Medulinskoj rivi"},"content":{"rendered":"\n<p><strong>Foto: Op\u0107ina Medulin<\/strong><\/p>\n\n\n\n<p>U srijedu, 29.04.2026. s po\u010detkom u 18 sati Medulinska riva ponovno je postala pozornica plesa, glazbe i pozitivne energije. U organizaciji Plesnog studija Pirueta i Op\u0107ine Medulin, odr\u017eano je deveto po redu obilje\u017eavanje Svjetskog dana plesa, a doga\u0111aj je i ove godine okupio brojne izvo\u0111a\u010de i publiku.<\/p>\n\n\n\n<p>Nakon uvodne dodjele zahvalnica zapo\u010deo je plesni program kojeg su svi okupljeni \u017eeljno i\u0161\u010dekivali. U bogatom programu uz Malin na vitar, sudjelovale su male plesne nade iz Dje\u010djeg vrti\u0107a Sun\u010dica iz Banjola te plesa\u010di Plesnog studija Pirueta iz Medulina i Pule. Program je osmislila Paola \u0160imunovi\u0107, voditeljica plesnog studija Pirueta, ujedno i inicijatorica ove manifestacije.<\/p>\n\n\n\n<p>Nakon nastupa plesnih skupina, publika se uklju\u010dila u interaktivni dio programa kroz energi\u010dni Zumba\u00ae fitness trening koji je predvodila instruktorica Marina Lorencin (ZES\u2122). Ve\u010der je zaklju\u010dena programom svjesnog plesanja \u2013 meditacijom u pokretu u organizaciji Svjetlane Indire Vulin iz Mohanji Hrvatska.<\/p>\n\n\n\n<p>Cilj ove tradicionalne manifestacije, koja se u Medulinu odr\u017eava od 2016. godine, jest promicanje plesa kao umjetnosti dostupne svima, poticanje zajedni\u0161tva i slavlje kreativnog izra\u017eavanja kroz pokret.<\/p>\n\n\n\n<p>Organizatori zahvaljuju svim izvo\u0111a\u010dima, sudionicima i posjetiteljima koji su pridonijeli jo\u0161 jednom uspje\u0161nom i veselom izdanju Svjetskog dana plesa u Medulinu.<\/p>\n\n\n\n<p>(PS)<\/p>\n","protected":false},"excerpt":{"rendered":"<p>Foto: Op\u0107ina Medulin U srijedu, 29.04.2026. s po\u010detkom u 18 sati Medulinska riva ponovno je postala pozornica plesa, glazbe i<\/p>\n","protected":false},"author":1,"featured_media":50913,"comment_status":"open","ping_status":"closed","sticky":false,"template":"","format":"standard","meta":{"_mi_skip_tracking":false,"footnotes":""},"categories":[84,1],"tags":[293,355],"yoast_head":"<!-- This site is optimized with the Yoast SEO plugin v20.4 - https:\/\/yoast.com\/wordpress\/plugins\/seo\/ -->\n<title>Obilje\u017een 9. Svjetski dan plesa na Medulinskoj rivi - Pulska Svakodnevnica<\/title>\n<meta name=\"robots\" content=\"index, follow, max-snippet:-1, max-image-preview:large, max-video-preview:-1\" \/>\n<link rel=\"canonical\" href=\"http:\/\/pulskasvakodnevnica.com\/index.php\/2026\/04\/30\/obiljezen-9-svjetski-dan-plesa-na-medulinskoj-rivi\/\" \/>\n<meta property=\"og:locale\" content=\"hr_HR\" \/>\n<meta property=\"og:type\" content=\"article\" \/>\n<meta property=\"og:title\" content=\"Obilje\u017een 9. Svjetski dan plesa na Medulinskoj rivi - Pulska Svakodnevnica\" \/>\n<meta property=\"og:description\" content=\"Foto: Op\u0107ina Medulin U srijedu, 29.04.2026. s po\u010detkom u 18 sati Medulinska riva ponovno je postala pozornica plesa, glazbe i\" \/>\n<meta property=\"og:url\" content=\"http:\/\/pulskasvakodnevnica.com\/index.php\/2026\/04\/30\/obiljezen-9-svjetski-dan-plesa-na-medulinskoj-rivi\/\" \/>\n<meta property=\"og:site_name\" content=\"Pulska Svakodnevnica\" \/>\n<meta property=\"article:publisher\" content=\"https:\/\/www.facebook.com\/PulskaSvakodnevnicaNews\" \/>\n<meta property=\"article:published_time\" content=\"2026-04-30T10:19:21+00:00\" \/>\n<meta property=\"article:modified_time\" content=\"2026-04-30T10:19:22+00:00\" \/>\n<meta property=\"og:image\" content=\"http:\/\/pulskasvakodnevnica.com\/wp-content\/uploads\/2026\/04\/IMG_7357.jpeg\" \/>\n\t<meta property=\"og:image:width\" content=\"750\" \/>\n\t<meta property=\"og:image:height\" content=\"562\" \/>\n\t<meta property=\"og:image:type\" content=\"image\/jpeg\" \/>\n<meta name=\"author\" content=\"Pulska Svakodnevnica\" \/>\n<meta name=\"twitter:card\" content=\"summary_large_image\" \/>\n<meta name=\"twitter:label1\" content=\"Napisao\/la\" \/>\n\t<meta name=\"twitter:data1\" content=\"Pulska Svakodnevnica\" \/>\n\t<meta name=\"twitter:label2\" content=\"Procijenjeno vrijeme \u010ditanja\" \/>\n\t<meta name=\"twitter:data2\" content=\"2 minute\" \/>\n<script type=\"application\/ld+json\" class=\"yoast-schema-graph\">{\"@context\":\"https:\/\/schema.org\",\"@graph\":[{\"@type\":\"WebPage\",\"@id\":\"http:\/\/pulskasvakodnevnica.com\/index.php\/2026\/04\/30\/obiljezen-9-svjetski-dan-plesa-na-medulinskoj-rivi\/\",\"url\":\"http:\/\/pulskasvakodnevnica.com\/index.php\/2026\/04\/30\/obiljezen-9-svjetski-dan-plesa-na-medulinskoj-rivi\/\",\"name\":\"Obilje\u017een 9. Svjetski dan plesa na Medulinskoj rivi - Pulska Svakodnevnica\",\"isPartOf\":{\"@id\":\"http:\/\/pulskasvakodnevnica.com\/#website\"},\"datePublished\":\"2026-04-30T10:19:21+00:00\",\"dateModified\":\"2026-04-30T10:19:22+00:00\",\"author\":{\"@id\":\"http:\/\/pulskasvakodnevnica.com\/#\/schema\/person\/95941daf7dfab0e8fd012b0d88608a3f\"},\"breadcrumb\":{\"@id\":\"http:\/\/pulskasvakodnevnica.com\/index.php\/2026\/04\/30\/obiljezen-9-svjetski-dan-plesa-na-medulinskoj-rivi\/#breadcrumb\"},\"inLanguage\":\"hr\",\"potentialAction\":[{\"@type\":\"ReadAction\",\"target\":[\"http:\/\/pulskasvakodnevnica.com\/index.php\/2026\/04\/30\/obiljezen-9-svjetski-dan-plesa-na-medulinskoj-rivi\/\"]}]},{\"@type\":\"BreadcrumbList\",\"@id\":\"http:\/\/pulskasvakodnevnica.com\/index.php\/2026\/04\/30\/obiljezen-9-svjetski-dan-plesa-na-medulinskoj-rivi\/#breadcrumb\",\"itemListElement\":[{\"@type\":\"ListItem\",\"position\":1,\"name\":\"Po\u010detna stranica\",\"item\":\"http:\/\/pulskasvakodnevnica.com\/\"},{\"@type\":\"ListItem\",\"position\":2,\"name\":\"Obilje\u017een 9. Svjetski dan plesa na Medulinskoj rivi\"}]},{\"@type\":\"WebSite\",\"@id\":\"http:\/\/pulskasvakodnevnica.com\/#website\",\"url\":\"http:\/\/pulskasvakodnevnica.com\/\",\"name\":\"Pulska Svakodnevnica\",\"description\":\"Vijesti iz Pule i Istre\",\"potentialAction\":[{\"@type\":\"SearchAction\",\"target\":{\"@type\":\"EntryPoint\",\"urlTemplate\":\"http:\/\/pulskasvakodnevnica.com\/?s={search_term_string}\"},\"query-input\":\"required name=search_term_string\"}],\"inLanguage\":\"hr\"},{\"@type\":\"Person\",\"@id\":\"http:\/\/pulskasvakodnevnica.com\/#\/schema\/person\/95941daf7dfab0e8fd012b0d88608a3f\",\"name\":\"Pulska Svakodnevnica\"}]}<\/script>\n<!-- \/ Yoast SEO plugin. -->","yoast_head_json":{"title":"Obilje\u017een 9. Svjetski dan plesa na Medulinskoj rivi - Pulska Svakodnevnica","robots":{"index":"index","follow":"follow","max-snippet":"max-snippet:-1","max-image-preview":"max-image-preview:large","max-video-preview":"max-video-preview:-1"},"canonical":"http:\/\/pulskasvakodnevnica.com\/index.php\/2026\/04\/30\/obiljezen-9-svjetski-dan-plesa-na-medulinskoj-rivi\/","og_locale":"hr_HR","og_type":"article","og_title":"Obilje\u017een 9. Svjetski dan plesa na Medulinskoj rivi - Pulska Svakodnevnica","og_description":"Foto: Op\u0107ina Medulin U srijedu, 29.04.2026. s po\u010detkom u 18 sati Medulinska riva ponovno je postala pozornica plesa, glazbe i","og_url":"http:\/\/pulskasvakodnevnica.com\/index.php\/2026\/04\/30\/obiljezen-9-svjetski-dan-plesa-na-medulinskoj-rivi\/","og_site_name":"Pulska Svakodnevnica","article_publisher":"https:\/\/www.facebook.com\/PulskaSvakodnevnicaNews","article_published_time":"2026-04-30T10:19:21+00:00","article_modified_time":"2026-04-30T10:19:22+00:00","og_image":[{"width":750,"height":562,"url":"http:\/\/pulskasvakodnevnica.com\/wp-content\/uploads\/2026\/04\/IMG_7357.jpeg","type":"image\/jpeg"}],"author":"Pulska Svakodnevnica","twitter_card":"summary_large_image","twitter_misc":{"Napisao\/la":"Pulska Svakodnevnica","Procijenjeno vrijeme \u010ditanja":"2 minute"},"schema":{"@context":"https:\/\/schema.org","@graph":[{"@type":"WebPage","@id":"http:\/\/pulskasvakodnevnica.com\/index.php\/2026\/04\/30\/obiljezen-9-svjetski-dan-plesa-na-medulinskoj-rivi\/","url":"http:\/\/pulskasvakodnevnica.com\/index.php\/2026\/04\/30\/obiljezen-9-svjetski-dan-plesa-na-medulinskoj-rivi\/","name":"Obilje\u017een 9. Svjetski dan plesa na Medulinskoj rivi - Pulska Svakodnevnica","isPartOf":{"@id":"http:\/\/pulskasvakodnevnica.com\/#website"},"datePublished":"2026-04-30T10:19:21+00:00","dateModified":"2026-04-30T10:19:22+00:00","author":{"@id":"http:\/\/pulskasvakodnevnica.com\/#\/schema\/person\/95941daf7dfab0e8fd012b0d88608a3f"},"breadcrumb":{"@id":"http:\/\/pulskasvakodnevnica.com\/index.php\/2026\/04\/30\/obiljezen-9-svjetski-dan-plesa-na-medulinskoj-rivi\/#breadcrumb"},"inLanguage":"hr","potentialAction":[{"@type":"ReadAction","target":["http:\/\/pulskasvakodnevnica.com\/index.php\/2026\/04\/30\/obiljezen-9-svjetski-dan-plesa-na-medulinskoj-rivi\/"]}]},{"@type":"BreadcrumbList","@id":"http:\/\/pulskasvakodnevnica.com\/index.php\/2026\/04\/30\/obiljezen-9-svjetski-dan-plesa-na-medulinskoj-rivi\/#breadcrumb","itemListElement":[{"@type":"ListItem","position":1,"name":"Po\u010detna stranica","item":"http:\/\/pulskasvakodnevnica.com\/"},{"@type":"ListItem","position":2,"name":"Obilje\u017een 9. Svjetski dan plesa na Medulinskoj rivi"}]},{"@type":"WebSite","@id":"http:\/\/pulskasvakodnevnica.com\/#website","url":"http:\/\/pulskasvakodnevnica.com\/","name":"Pulska Svakodnevnica","description":"Vijesti iz Pule i Istre","potentialAction":[{"@type":"SearchAction","target":{"@type":"EntryPoint","urlTemplate":"http:\/\/pulskasvakodnevnica.com\/?s={search_term_string}"},"query-input":"required name=search_term_string"}],"inLanguage":"hr"},{"@type":"Person","@id":"http:\/\/pulskasvakodnevnica.com\/#\/schema\/person\/95941daf7dfab0e8fd012b0d88608a3f","name":"Pulska Svakodnevnica"}]}},"_links":{"self":[{"href":"http:\/\/pulskasvakodnevnica.com\/index.php\/wp-json\/wp\/v2\/posts\/50912"}],"collection":[{"href":"http:\/\/pulskasvakodnevnica.com\/index.php\/wp-json\/wp\/v2\/posts"}],"about":[{"href":"http:\/\/pulskasvakodnevnica.com\/index.php\/wp-json\/wp\/v2\/types\/post"}],"author":[{"embeddable":true,"href":"http:\/\/pulskasvakodnevnica.com\/index.php\/wp-json\/wp\/v2\/users\/1"}],"replies":[{"embeddable":true,"href":"http:\/\/pulskasvakodnevnica.com\/index.php\/wp-json\/wp\/v2\/comments?post=50912"}],"version-history":[{"count":1,"href":"http:\/\/pulskasvakodnevnica.com\/index.php\/wp-json\/wp\/v2\/posts\/50912\/revisions"}],"predecessor-version":[{"id":50914,"href":"http:\/\/pulskasvakodnevnica.com\/index.php\/wp-json\/wp\/v2\/posts\/50912\/revisions\/50914"}],"wp:featuredmedia":[{"embeddable":true,"href":"http:\/\/pulskasvakodnevnica.com\/index.php\/wp-json\/wp\/v2\/media\/50913"}],"wp:attachment":[{"href":"http:\/\/pulskasvakodnevnica.com\/index.php\/wp-json\/wp\/v2\/media?parent=50912"}],"wp:term":[{"taxonomy":"category","embeddable":true,"href":"http:\/\/pulskasvakodnevnica.com\/index.php\/wp-json\/wp\/v2\/categories?post=50912"},{"taxonomy":"post_tag","embeddable":true,"href":"http:\/\/pulskasvakodnevnica.com\/index.php\/wp-json\/wp\/v2\/tags?post=50912"}],"curies":[{"name":"wp","href":"https:\/\/api.w.org\/{rel}","templated":true}]}}