{"id":50915,"date":"2026-04-30T12:30:26","date_gmt":"2026-04-30T10:30:26","guid":{"rendered":"http:\/\/pulskasvakodnevnica.com\/?p=50915"},"modified":"2026-04-30T12:30:27","modified_gmt":"2026-04-30T10:30:27","slug":"pula-cita-od-7-do-9-svibnja","status":"publish","type":"post","link":"http:\/\/pulskasvakodnevnica.com\/index.php\/2026\/04\/30\/pula-cita-od-7-do-9-svibnja\/","title":{"rendered":"Pula \u010dita! od 7. do 9. svibnja"},"content":{"rendered":"\n<p>\u010cetvrtu godinu zaredom Gradska knji\u017enica i \u010ditaonica Pula organizira trodnevnu manifestaciju posve\u0107enu knjizi i \u010ditanju &#8211; <em><strong>Pula \u010dita!<\/strong><\/em><\/p>\n\n\n\n<p>Ovogodi\u0161nje izdanje odr\u017eat \u0107e se <strong>od 7. do 9. svibnja<\/strong>, a \u010ditat \u0107emo i razgovarati o knjigama u Sredi\u0161njoj knji\u017enici, Knji\u017enici Veruda i Dje\u010djoj knji\u017enici. Kao i prethodnih godina <em>Pula \u010dita! <\/em>knjige i razgovore o njima dovodi u nove ambijente: na Filozofskom fakultetu Sveu\u010dili\u0161ta Jurja Dobrile u Puli \u0107emo \u010ditati sa studentima Odjela za kroatistiku, \u0161etat \u0107emo centrom Pule u potrazi za autorima koji su vezani uz na\u0161 grad, a na\u0161a se manifestacija ovom prigodom spaja i nadopunjuje s <strong>No\u0107i tvr\u0111ava <\/strong>pa \u0107emo gostovati na fortovima Bourguignon, Ka\u0161tel i San Giorgio. &nbsp;<\/p>\n\n\n\n<p>U centru manifestacije je knjiga pa je program osmi\u0161ljen na na\u010din da publici razli\u010ditih interesnih i dobnih skupina u kratkom vremenskom razdoblju ponudi razli\u010dite aktivnosti poticanja \u010ditanja razvrstanih u podprograme: Susret s autorom, \u010citajmo (s) najmla\u0111ima, Pula \u010dita klasike, Knji\u017eevna \u0161etnja Pulom, Pula \u010dita na Fortu, Pula pi\u0161e, Izlo\u017eba\u2026<\/p>\n\n\n\n<p>U 20 programskih aktivnosti ovogodi\u0161njeg Pula \u010dita! sudjeluje 16 gostiju i suradnika: Boris Beck, \u0110ur\u0111ica Orepi\u0107, Bartul Vlahovi\u0107, Nives Maduni\u0107 Bari\u0161i\u0107, Morea Bani\u0107evi\u0107, duo Artefakt, odnosno Matko Abrami\u0107 i Jura Geci, Aleksandar Ban\u010di\u0107, \u0110anino Bubola, Vladimir Papi\u0107, Katarina Radeti\u0107, Ana Pand\u017ea iz Centra za sigurniji internet te predstavnici Op\u0107e bolnice Pula, Javne vatrogasne postrojbe Pula i HGSS-a koji \u0107e \u010ditati najmla\u0111ima o hitnim slu\u017ebama. U izlo\u017ebenom prostoru Likovno-kreativna radionica Arti\u0107 predstavit \u0107e se godi\u0161njom izlo\u017ebom radova na temu knjiga i knji\u017enica.<\/p>\n\n\n\n<p>Od lani se u okviru manifestacije u posebnom programu dodjeljujemo Godi\u0161nju Nagradu \u201ePula \u010dita!\u201c, priznanje namijenjeno \u010dlanu godine \u2013 ambasadoru knji\u017enice, osobi koja svojim \u010ditanjem, entuzijazmom i aktivnim sudjelovanjem doprinosi knji\u017eni\u010dnoj zajednici. Nagradu koju \u0107emo uru\u010diti \u010dlanu godine osmislio je i izradio Igor Fabris iz udruge Art studio.<\/p>\n\n\n\n<p>Manifestacija se odr\u017eava <strong>pod pokroviteljstvom<\/strong> <strong>Ministarstva kulture i medija RH<\/strong>.<\/p>\n\n\n\n<p><strong>PROGRAM<\/strong><\/p>\n\n\n\n<p><br \/><strong>\u010detvrtak, 7. 5.<\/strong>&nbsp;<\/p>\n\n\n\n<p>9.00 \/ Sredi\u0161nja knji\u017enica \/ Pula \u010dita (s) najmla\u0111ima: Hitne slu\u017ebe \/ OB Pula&nbsp;<br \/>10.00 \/ Knji\u017enica Veruda \/ Pula \u010dita (s) najmla\u0111ima: Hitne slu\u017ebe \/ HGSS&nbsp;<br \/>10.30 \/ Dje\u010dja knji\u017enica \/ Pula \u010dita (s) najmla\u0111ima: Hitne slu\u017ebe \/ JVP Pula<br \/>11.30 \/ centar grada \/ Knji\u017eevna \u0161etnja Pulom za u\u010denike \/ vodi: \u0110anino Bubola<br \/>12.00 \/ Sredi\u0161nja knji\u017enica \/ Susret s autoricom: Katarina Radeti\u0107<br \/>17.00 \/ Sredi\u0161nja knji\u017enica \/ Knji\u017enica u knji\u017enici \/ godi\u0161nja izlo\u017eba Arti\u0107a<br \/>18.00 \/ Sredi\u0161nja knji\u017enica \/ Susret s autoricom: \u0110ur\u0111ica Orepi\u0107 \/ moderatorica: Petra Neuner&nbsp;<\/p>\n\n\n\n<p><strong>petak, 8. 5.&nbsp;<\/strong><br \/>9.00 \/ Sredi\u0161nja knji\u017enica \/ Pula \u010dita (s) najmla\u0111ima: Nives Maduni\u0107 Bari\u0161i\u0107<br \/>9.00 \/ Tvr\u0111ava Burgignon \/ Pula \u010dita na Fortu: Posudi. \u010citaj. U\u017eivaj! &#8211; klupa s knjigama<br \/>10.00 \/ Tvr\u0111ava Ka\u0161tel \/ Pula \u010dita klasike na Fortu: Vladimir Nazor \/ gost: Aleksandar Ban\u010di\u0107<br \/>12.00 \/ Filozofski fakultet u Puli \/ Susret s autorom: Bartul Vlahovi\u0107<br \/>12.30 \/ centar grada \/ Knji\u017eevna \u0161etnja Pulom za u\u010denike \/ vodi: \u0110anino Bubola<br \/>13.00 \/ Dje\u010dja knji\u017enica \/ Pula \u010dita (s) najmla\u0111ima: Bajke u digitalnom svijetu \/ go\u0161\u0107a: Ana Pand\u017ea, Centar za sigurniji internet<br \/>13.00 \/ Sredi\u0161nja knji\u017enica \/ Pula \u010dita (s) najmla\u0111ima: Nives Maduni\u0107 Bari\u0161i\u0107<br \/>17.00 \/ Knji\u017enica Veruda \/ Susret s autorom: glazbeno-poetski performans duo Artefakt<br \/>18.00 \/ Sredi\u0161nja knji\u017enica \/ Godi\u0161nja nagrada za \u010ditatelja godine \u201ePula \u010dita!\u201c<br \/>18.00 \/ Sredi\u0161nja knji\u017enica \/ Susret s autorom: Boris Beck&nbsp;<\/p>\n\n\n\n<p>subota, 9. 5.\u00a0<br \/>10.00 \/ Tvr\u0111ava San Giorgio \/ Pula \u010dita na Fortu (s) najmla\u0111ima: Morea Bani\u010devi\u0107<br \/>10.00 \/ \u010citaonica Kluba umirovljenika \/ Pula pi\u0161e: Pri\u010de za unuke &#8211; Most me\u0111u generacijama \/ voditelj: Vladimir Papi\u0107<br \/>10.00 \/ centar grada \/ Knji\u017eevna \u0161etnja Pulom \/ vodi: \u0110anino Bubola<\/p>\n\n\n\n<p>(PS)<\/p>\n","protected":false},"excerpt":{"rendered":"<p>\u010cetvrtu godinu zaredom Gradska knji\u017enica i \u010ditaonica Pula organizira trodnevnu manifestaciju posve\u0107enu knjizi i \u010ditanju &#8211; Pula \u010dita! Ovogodi\u0161nje izdanje<\/p>\n","protected":false},"author":1,"featured_media":50916,"comment_status":"open","ping_status":"closed","sticky":false,"template":"","format":"standard","meta":{"_mi_skip_tracking":false,"footnotes":""},"categories":[1,99],"tags":[110,355],"yoast_head":"<!-- This site is optimized with the Yoast SEO plugin v20.4 - https:\/\/yoast.com\/wordpress\/plugins\/seo\/ -->\n<title>Pula \u010dita! od 7. do 9. svibnja - Pulska Svakodnevnica<\/title>\n<meta name=\"robots\" content=\"index, follow, max-snippet:-1, max-image-preview:large, max-video-preview:-1\" \/>\n<link rel=\"canonical\" href=\"http:\/\/pulskasvakodnevnica.com\/index.php\/2026\/04\/30\/pula-cita-od-7-do-9-svibnja\/\" \/>\n<meta property=\"og:locale\" content=\"hr_HR\" \/>\n<meta property=\"og:type\" content=\"article\" \/>\n<meta property=\"og:title\" content=\"Pula \u010dita! od 7. do 9. svibnja - Pulska Svakodnevnica\" \/>\n<meta property=\"og:description\" content=\"\u010cetvrtu godinu zaredom Gradska knji\u017enica i \u010ditaonica Pula organizira trodnevnu manifestaciju posve\u0107enu knjizi i \u010ditanju &#8211; Pula \u010dita! Ovogodi\u0161nje izdanje\" \/>\n<meta property=\"og:url\" content=\"http:\/\/pulskasvakodnevnica.com\/index.php\/2026\/04\/30\/pula-cita-od-7-do-9-svibnja\/\" \/>\n<meta property=\"og:site_name\" content=\"Pulska Svakodnevnica\" \/>\n<meta property=\"article:publisher\" content=\"https:\/\/www.facebook.com\/PulskaSvakodnevnicaNews\" \/>\n<meta property=\"article:published_time\" content=\"2026-04-30T10:30:26+00:00\" \/>\n<meta property=\"article:modified_time\" content=\"2026-04-30T10:30:27+00:00\" \/>\n<meta property=\"og:image\" content=\"http:\/\/pulskasvakodnevnica.com\/wp-content\/uploads\/2026\/04\/2026-05-07-PULA-CITA-plakat-osnovni-scaled.jpg\" \/>\n\t<meta property=\"og:image:width\" content=\"1810\" \/>\n\t<meta property=\"og:image:height\" content=\"2560\" \/>\n\t<meta property=\"og:image:type\" content=\"image\/jpeg\" \/>\n<meta name=\"author\" content=\"Pulska Svakodnevnica\" \/>\n<meta name=\"twitter:card\" content=\"summary_large_image\" \/>\n<meta name=\"twitter:label1\" content=\"Napisao\/la\" \/>\n\t<meta name=\"twitter:data1\" content=\"Pulska Svakodnevnica\" \/>\n\t<meta name=\"twitter:label2\" content=\"Procijenjeno vrijeme \u010ditanja\" \/>\n\t<meta name=\"twitter:data2\" content=\"4 minute\" \/>\n<script type=\"application\/ld+json\" class=\"yoast-schema-graph\">{\"@context\":\"https:\/\/schema.org\",\"@graph\":[{\"@type\":\"WebPage\",\"@id\":\"http:\/\/pulskasvakodnevnica.com\/index.php\/2026\/04\/30\/pula-cita-od-7-do-9-svibnja\/\",\"url\":\"http:\/\/pulskasvakodnevnica.com\/index.php\/2026\/04\/30\/pula-cita-od-7-do-9-svibnja\/\",\"name\":\"Pula \u010dita! od 7. do 9. svibnja - Pulska Svakodnevnica\",\"isPartOf\":{\"@id\":\"http:\/\/pulskasvakodnevnica.com\/#website\"},\"datePublished\":\"2026-04-30T10:30:26+00:00\",\"dateModified\":\"2026-04-30T10:30:27+00:00\",\"author\":{\"@id\":\"http:\/\/pulskasvakodnevnica.com\/#\/schema\/person\/95941daf7dfab0e8fd012b0d88608a3f\"},\"breadcrumb\":{\"@id\":\"http:\/\/pulskasvakodnevnica.com\/index.php\/2026\/04\/30\/pula-cita-od-7-do-9-svibnja\/#breadcrumb\"},\"inLanguage\":\"hr\",\"potentialAction\":[{\"@type\":\"ReadAction\",\"target\":[\"http:\/\/pulskasvakodnevnica.com\/index.php\/2026\/04\/30\/pula-cita-od-7-do-9-svibnja\/\"]}]},{\"@type\":\"BreadcrumbList\",\"@id\":\"http:\/\/pulskasvakodnevnica.com\/index.php\/2026\/04\/30\/pula-cita-od-7-do-9-svibnja\/#breadcrumb\",\"itemListElement\":[{\"@type\":\"ListItem\",\"position\":1,\"name\":\"Po\u010detna stranica\",\"item\":\"http:\/\/pulskasvakodnevnica.com\/\"},{\"@type\":\"ListItem\",\"position\":2,\"name\":\"Pula \u010dita! od 7. do 9. svibnja\"}]},{\"@type\":\"WebSite\",\"@id\":\"http:\/\/pulskasvakodnevnica.com\/#website\",\"url\":\"http:\/\/pulskasvakodnevnica.com\/\",\"name\":\"Pulska Svakodnevnica\",\"description\":\"Vijesti iz Pule i Istre\",\"potentialAction\":[{\"@type\":\"SearchAction\",\"target\":{\"@type\":\"EntryPoint\",\"urlTemplate\":\"http:\/\/pulskasvakodnevnica.com\/?s={search_term_string}\"},\"query-input\":\"required name=search_term_string\"}],\"inLanguage\":\"hr\"},{\"@type\":\"Person\",\"@id\":\"http:\/\/pulskasvakodnevnica.com\/#\/schema\/person\/95941daf7dfab0e8fd012b0d88608a3f\",\"name\":\"Pulska Svakodnevnica\"}]}<\/script>\n<!-- \/ Yoast SEO plugin. -->","yoast_head_json":{"title":"Pula \u010dita! od 7. do 9. svibnja - Pulska Svakodnevnica","robots":{"index":"index","follow":"follow","max-snippet":"max-snippet:-1","max-image-preview":"max-image-preview:large","max-video-preview":"max-video-preview:-1"},"canonical":"http:\/\/pulskasvakodnevnica.com\/index.php\/2026\/04\/30\/pula-cita-od-7-do-9-svibnja\/","og_locale":"hr_HR","og_type":"article","og_title":"Pula \u010dita! od 7. do 9. svibnja - Pulska Svakodnevnica","og_description":"\u010cetvrtu godinu zaredom Gradska knji\u017enica i \u010ditaonica Pula organizira trodnevnu manifestaciju posve\u0107enu knjizi i \u010ditanju &#8211; Pula \u010dita! Ovogodi\u0161nje izdanje","og_url":"http:\/\/pulskasvakodnevnica.com\/index.php\/2026\/04\/30\/pula-cita-od-7-do-9-svibnja\/","og_site_name":"Pulska Svakodnevnica","article_publisher":"https:\/\/www.facebook.com\/PulskaSvakodnevnicaNews","article_published_time":"2026-04-30T10:30:26+00:00","article_modified_time":"2026-04-30T10:30:27+00:00","og_image":[{"width":1810,"height":2560,"url":"http:\/\/pulskasvakodnevnica.com\/wp-content\/uploads\/2026\/04\/2026-05-07-PULA-CITA-plakat-osnovni-scaled.jpg","type":"image\/jpeg"}],"author":"Pulska Svakodnevnica","twitter_card":"summary_large_image","twitter_misc":{"Napisao\/la":"Pulska Svakodnevnica","Procijenjeno vrijeme \u010ditanja":"4 minute"},"schema":{"@context":"https:\/\/schema.org","@graph":[{"@type":"WebPage","@id":"http:\/\/pulskasvakodnevnica.com\/index.php\/2026\/04\/30\/pula-cita-od-7-do-9-svibnja\/","url":"http:\/\/pulskasvakodnevnica.com\/index.php\/2026\/04\/30\/pula-cita-od-7-do-9-svibnja\/","name":"Pula \u010dita! od 7. do 9. svibnja - Pulska Svakodnevnica","isPartOf":{"@id":"http:\/\/pulskasvakodnevnica.com\/#website"},"datePublished":"2026-04-30T10:30:26+00:00","dateModified":"2026-04-30T10:30:27+00:00","author":{"@id":"http:\/\/pulskasvakodnevnica.com\/#\/schema\/person\/95941daf7dfab0e8fd012b0d88608a3f"},"breadcrumb":{"@id":"http:\/\/pulskasvakodnevnica.com\/index.php\/2026\/04\/30\/pula-cita-od-7-do-9-svibnja\/#breadcrumb"},"inLanguage":"hr","potentialAction":[{"@type":"ReadAction","target":["http:\/\/pulskasvakodnevnica.com\/index.php\/2026\/04\/30\/pula-cita-od-7-do-9-svibnja\/"]}]},{"@type":"BreadcrumbList","@id":"http:\/\/pulskasvakodnevnica.com\/index.php\/2026\/04\/30\/pula-cita-od-7-do-9-svibnja\/#breadcrumb","itemListElement":[{"@type":"ListItem","position":1,"name":"Po\u010detna stranica","item":"http:\/\/pulskasvakodnevnica.com\/"},{"@type":"ListItem","position":2,"name":"Pula \u010dita! od 7. do 9. svibnja"}]},{"@type":"WebSite","@id":"http:\/\/pulskasvakodnevnica.com\/#website","url":"http:\/\/pulskasvakodnevnica.com\/","name":"Pulska Svakodnevnica","description":"Vijesti iz Pule i Istre","potentialAction":[{"@type":"SearchAction","target":{"@type":"EntryPoint","urlTemplate":"http:\/\/pulskasvakodnevnica.com\/?s={search_term_string}"},"query-input":"required name=search_term_string"}],"inLanguage":"hr"},{"@type":"Person","@id":"http:\/\/pulskasvakodnevnica.com\/#\/schema\/person\/95941daf7dfab0e8fd012b0d88608a3f","name":"Pulska Svakodnevnica"}]}},"_links":{"self":[{"href":"http:\/\/pulskasvakodnevnica.com\/index.php\/wp-json\/wp\/v2\/posts\/50915"}],"collection":[{"href":"http:\/\/pulskasvakodnevnica.com\/index.php\/wp-json\/wp\/v2\/posts"}],"about":[{"href":"http:\/\/pulskasvakodnevnica.com\/index.php\/wp-json\/wp\/v2\/types\/post"}],"author":[{"embeddable":true,"href":"http:\/\/pulskasvakodnevnica.com\/index.php\/wp-json\/wp\/v2\/users\/1"}],"replies":[{"embeddable":true,"href":"http:\/\/pulskasvakodnevnica.com\/index.php\/wp-json\/wp\/v2\/comments?post=50915"}],"version-history":[{"count":1,"href":"http:\/\/pulskasvakodnevnica.com\/index.php\/wp-json\/wp\/v2\/posts\/50915\/revisions"}],"predecessor-version":[{"id":50917,"href":"http:\/\/pulskasvakodnevnica.com\/index.php\/wp-json\/wp\/v2\/posts\/50915\/revisions\/50917"}],"wp:featuredmedia":[{"embeddable":true,"href":"http:\/\/pulskasvakodnevnica.com\/index.php\/wp-json\/wp\/v2\/media\/50916"}],"wp:attachment":[{"href":"http:\/\/pulskasvakodnevnica.com\/index.php\/wp-json\/wp\/v2\/media?parent=50915"}],"wp:term":[{"taxonomy":"category","embeddable":true,"href":"http:\/\/pulskasvakodnevnica.com\/index.php\/wp-json\/wp\/v2\/categories?post=50915"},{"taxonomy":"post_tag","embeddable":true,"href":"http:\/\/pulskasvakodnevnica.com\/index.php\/wp-json\/wp\/v2\/tags?post=50915"}],"curies":[{"name":"wp","href":"https:\/\/api.w.org\/{rel}","templated":true}]}}