{"id":50918,"date":"2026-04-30T14:10:03","date_gmt":"2026-04-30T12:10:03","guid":{"rendered":"http:\/\/pulskasvakodnevnica.com\/?p=50918"},"modified":"2026-04-30T14:10:04","modified_gmt":"2026-04-30T12:10:04","slug":"pula-u-ponedjeljak-slavi-djecji-dan-uz-bogat-program-za-najmlade","status":"publish","type":"post","link":"http:\/\/pulskasvakodnevnica.com\/index.php\/2026\/04\/30\/pula-u-ponedjeljak-slavi-djecji-dan-uz-bogat-program-za-najmlade\/","title":{"rendered":"Pula u ponedjeljak slavi Dje\u010dji dan uz bogat program za najmla\u0111e"},"content":{"rendered":"\n<p><strong>Foto: Grad Pula-Pola<\/strong><\/p>\n\n\n\n<p>Grad Pula i ove godine obilje\u017eava Dan Grada posebnim programom posve\u0107enim najmla\u0111ima &#8211; Dje\u010djim danom, koji \u0107e se odr\u017eati u ponedjeljak, 4. svibnja 2026. godine, na vi\u0161e lokacija u samom centru grada, na Giardinima, Trgu Portarata i Forumu.<\/p>\n\n\n\n<p>Program zapo\u010dinje u 9:30 sati na Giardinima, gdje \u0107e djeca iz dje\u010djih vrti\u0107a DV Pula, DV Mali svijet i DV Rin Tin Tin postaviti izlo\u017ebu likovnih radova na temu \u201ePula, moj grad\u201c. Izlo\u017eba \u0107e biti dostupna za razgledavanje do 13 sati.<\/p>\n\n\n\n<p>U 10 sati na Trgu Portarata slijedi prigodni program u\u010denika osnovnih \u0161kola Monte Zaro, Tone Peru\u0161ko i Centar, koji \u0107e se predstaviti recitacijama, glazbenim i plesnim to\u010dkama, dok \u0107e se istovremeno mo\u0107i razgledati i dje\u010dji radovi.<\/p>\n\n\n\n<p>U isto vrijeme, na Forumu zapo\u010dinje zabavno-animacijski program za djecu uz Zemlju zabave, a u 10:30 sati predstavnici vrti\u0107a uru\u010dit \u0107e predstavniku Grada prigodnu \u010destitku i poklon povodom Dana Grada.<\/p>\n\n\n\n<p>Poseban dio programa o\u010dekuje najmla\u0111e oko 11 sati, kada \u0107e na Forumu nastupiti ma\u0111ioni\u010dar Stefano sa svojom interaktivnom predstavom.<\/p>\n\n\n\n<p>Program zavr\u0161ava u 12:00 sati.<\/p>\n\n\n\n<p>(PS)<\/p>\n","protected":false},"excerpt":{"rendered":"<p>Foto: Grad Pula-Pola Grad Pula i ove godine obilje\u017eava Dan Grada posebnim programom posve\u0107enim najmla\u0111ima &#8211; Dje\u010djim danom, koji \u0107e<\/p>\n","protected":false},"author":1,"featured_media":50919,"comment_status":"open","ping_status":"closed","sticky":false,"template":"","format":"standard","meta":{"_mi_skip_tracking":false,"footnotes":""},"categories":[1,99],"tags":[110,355],"yoast_head":"<!-- This site is optimized with the Yoast SEO plugin v20.4 - https:\/\/yoast.com\/wordpress\/plugins\/seo\/ -->\n<title>Pula u ponedjeljak slavi Dje\u010dji dan uz bogat program za najmla\u0111e - Pulska Svakodnevnica<\/title>\n<meta name=\"robots\" content=\"index, follow, max-snippet:-1, max-image-preview:large, max-video-preview:-1\" \/>\n<link rel=\"canonical\" href=\"http:\/\/pulskasvakodnevnica.com\/index.php\/2026\/04\/30\/pula-u-ponedjeljak-slavi-djecji-dan-uz-bogat-program-za-najmlade\/\" \/>\n<meta property=\"og:locale\" content=\"hr_HR\" \/>\n<meta property=\"og:type\" content=\"article\" \/>\n<meta property=\"og:title\" content=\"Pula u ponedjeljak slavi Dje\u010dji dan uz bogat program za najmla\u0111e - Pulska Svakodnevnica\" \/>\n<meta property=\"og:description\" content=\"Foto: Grad Pula-Pola Grad Pula i ove godine obilje\u017eava Dan Grada posebnim programom posve\u0107enim najmla\u0111ima &#8211; Dje\u010djim danom, koji \u0107e\" \/>\n<meta property=\"og:url\" content=\"http:\/\/pulskasvakodnevnica.com\/index.php\/2026\/04\/30\/pula-u-ponedjeljak-slavi-djecji-dan-uz-bogat-program-za-najmlade\/\" \/>\n<meta property=\"og:site_name\" content=\"Pulska Svakodnevnica\" \/>\n<meta property=\"article:publisher\" content=\"https:\/\/www.facebook.com\/PulskaSvakodnevnicaNews\" \/>\n<meta property=\"article:published_time\" content=\"2026-04-30T12:10:03+00:00\" \/>\n<meta property=\"article:modified_time\" content=\"2026-04-30T12:10:04+00:00\" \/>\n<meta property=\"og:image\" content=\"http:\/\/pulskasvakodnevnica.com\/wp-content\/uploads\/2026\/04\/Grad-Pula_Ilustracija_Djecji-dan.jpg\" \/>\n\t<meta property=\"og:image:width\" content=\"1024\" \/>\n\t<meta property=\"og:image:height\" content=\"683\" \/>\n\t<meta property=\"og:image:type\" content=\"image\/jpeg\" \/>\n<meta name=\"author\" content=\"Pulska Svakodnevnica\" \/>\n<meta name=\"twitter:card\" content=\"summary_large_image\" \/>\n<meta name=\"twitter:label1\" content=\"Napisao\/la\" \/>\n\t<meta name=\"twitter:data1\" content=\"Pulska Svakodnevnica\" \/>\n\t<meta name=\"twitter:label2\" content=\"Procijenjeno vrijeme \u010ditanja\" \/>\n\t<meta name=\"twitter:data2\" content=\"1 minuta\" \/>\n<script type=\"application\/ld+json\" class=\"yoast-schema-graph\">{\"@context\":\"https:\/\/schema.org\",\"@graph\":[{\"@type\":\"WebPage\",\"@id\":\"http:\/\/pulskasvakodnevnica.com\/index.php\/2026\/04\/30\/pula-u-ponedjeljak-slavi-djecji-dan-uz-bogat-program-za-najmlade\/\",\"url\":\"http:\/\/pulskasvakodnevnica.com\/index.php\/2026\/04\/30\/pula-u-ponedjeljak-slavi-djecji-dan-uz-bogat-program-za-najmlade\/\",\"name\":\"Pula u ponedjeljak slavi Dje\u010dji dan uz bogat program za najmla\u0111e - Pulska Svakodnevnica\",\"isPartOf\":{\"@id\":\"http:\/\/pulskasvakodnevnica.com\/#website\"},\"datePublished\":\"2026-04-30T12:10:03+00:00\",\"dateModified\":\"2026-04-30T12:10:04+00:00\",\"author\":{\"@id\":\"http:\/\/pulskasvakodnevnica.com\/#\/schema\/person\/95941daf7dfab0e8fd012b0d88608a3f\"},\"breadcrumb\":{\"@id\":\"http:\/\/pulskasvakodnevnica.com\/index.php\/2026\/04\/30\/pula-u-ponedjeljak-slavi-djecji-dan-uz-bogat-program-za-najmlade\/#breadcrumb\"},\"inLanguage\":\"hr\",\"potentialAction\":[{\"@type\":\"ReadAction\",\"target\":[\"http:\/\/pulskasvakodnevnica.com\/index.php\/2026\/04\/30\/pula-u-ponedjeljak-slavi-djecji-dan-uz-bogat-program-za-najmlade\/\"]}]},{\"@type\":\"BreadcrumbList\",\"@id\":\"http:\/\/pulskasvakodnevnica.com\/index.php\/2026\/04\/30\/pula-u-ponedjeljak-slavi-djecji-dan-uz-bogat-program-za-najmlade\/#breadcrumb\",\"itemListElement\":[{\"@type\":\"ListItem\",\"position\":1,\"name\":\"Po\u010detna stranica\",\"item\":\"http:\/\/pulskasvakodnevnica.com\/\"},{\"@type\":\"ListItem\",\"position\":2,\"name\":\"Pula u ponedjeljak slavi Dje\u010dji dan uz bogat program za najmla\u0111e\"}]},{\"@type\":\"WebSite\",\"@id\":\"http:\/\/pulskasvakodnevnica.com\/#website\",\"url\":\"http:\/\/pulskasvakodnevnica.com\/\",\"name\":\"Pulska Svakodnevnica\",\"description\":\"Vijesti iz Pule i Istre\",\"potentialAction\":[{\"@type\":\"SearchAction\",\"target\":{\"@type\":\"EntryPoint\",\"urlTemplate\":\"http:\/\/pulskasvakodnevnica.com\/?s={search_term_string}\"},\"query-input\":\"required name=search_term_string\"}],\"inLanguage\":\"hr\"},{\"@type\":\"Person\",\"@id\":\"http:\/\/pulskasvakodnevnica.com\/#\/schema\/person\/95941daf7dfab0e8fd012b0d88608a3f\",\"name\":\"Pulska Svakodnevnica\"}]}<\/script>\n<!-- \/ Yoast SEO plugin. -->","yoast_head_json":{"title":"Pula u ponedjeljak slavi Dje\u010dji dan uz bogat program za najmla\u0111e - Pulska Svakodnevnica","robots":{"index":"index","follow":"follow","max-snippet":"max-snippet:-1","max-image-preview":"max-image-preview:large","max-video-preview":"max-video-preview:-1"},"canonical":"http:\/\/pulskasvakodnevnica.com\/index.php\/2026\/04\/30\/pula-u-ponedjeljak-slavi-djecji-dan-uz-bogat-program-za-najmlade\/","og_locale":"hr_HR","og_type":"article","og_title":"Pula u ponedjeljak slavi Dje\u010dji dan uz bogat program za najmla\u0111e - Pulska Svakodnevnica","og_description":"Foto: Grad Pula-Pola Grad Pula i ove godine obilje\u017eava Dan Grada posebnim programom posve\u0107enim najmla\u0111ima &#8211; Dje\u010djim danom, koji \u0107e","og_url":"http:\/\/pulskasvakodnevnica.com\/index.php\/2026\/04\/30\/pula-u-ponedjeljak-slavi-djecji-dan-uz-bogat-program-za-najmlade\/","og_site_name":"Pulska Svakodnevnica","article_publisher":"https:\/\/www.facebook.com\/PulskaSvakodnevnicaNews","article_published_time":"2026-04-30T12:10:03+00:00","article_modified_time":"2026-04-30T12:10:04+00:00","og_image":[{"width":1024,"height":683,"url":"http:\/\/pulskasvakodnevnica.com\/wp-content\/uploads\/2026\/04\/Grad-Pula_Ilustracija_Djecji-dan.jpg","type":"image\/jpeg"}],"author":"Pulska Svakodnevnica","twitter_card":"summary_large_image","twitter_misc":{"Napisao\/la":"Pulska Svakodnevnica","Procijenjeno vrijeme \u010ditanja":"1 minuta"},"schema":{"@context":"https:\/\/schema.org","@graph":[{"@type":"WebPage","@id":"http:\/\/pulskasvakodnevnica.com\/index.php\/2026\/04\/30\/pula-u-ponedjeljak-slavi-djecji-dan-uz-bogat-program-za-najmlade\/","url":"http:\/\/pulskasvakodnevnica.com\/index.php\/2026\/04\/30\/pula-u-ponedjeljak-slavi-djecji-dan-uz-bogat-program-za-najmlade\/","name":"Pula u ponedjeljak slavi Dje\u010dji dan uz bogat program za najmla\u0111e - Pulska Svakodnevnica","isPartOf":{"@id":"http:\/\/pulskasvakodnevnica.com\/#website"},"datePublished":"2026-04-30T12:10:03+00:00","dateModified":"2026-04-30T12:10:04+00:00","author":{"@id":"http:\/\/pulskasvakodnevnica.com\/#\/schema\/person\/95941daf7dfab0e8fd012b0d88608a3f"},"breadcrumb":{"@id":"http:\/\/pulskasvakodnevnica.com\/index.php\/2026\/04\/30\/pula-u-ponedjeljak-slavi-djecji-dan-uz-bogat-program-za-najmlade\/#breadcrumb"},"inLanguage":"hr","potentialAction":[{"@type":"ReadAction","target":["http:\/\/pulskasvakodnevnica.com\/index.php\/2026\/04\/30\/pula-u-ponedjeljak-slavi-djecji-dan-uz-bogat-program-za-najmlade\/"]}]},{"@type":"BreadcrumbList","@id":"http:\/\/pulskasvakodnevnica.com\/index.php\/2026\/04\/30\/pula-u-ponedjeljak-slavi-djecji-dan-uz-bogat-program-za-najmlade\/#breadcrumb","itemListElement":[{"@type":"ListItem","position":1,"name":"Po\u010detna stranica","item":"http:\/\/pulskasvakodnevnica.com\/"},{"@type":"ListItem","position":2,"name":"Pula u ponedjeljak slavi Dje\u010dji dan uz bogat program za najmla\u0111e"}]},{"@type":"WebSite","@id":"http:\/\/pulskasvakodnevnica.com\/#website","url":"http:\/\/pulskasvakodnevnica.com\/","name":"Pulska Svakodnevnica","description":"Vijesti iz Pule i Istre","potentialAction":[{"@type":"SearchAction","target":{"@type":"EntryPoint","urlTemplate":"http:\/\/pulskasvakodnevnica.com\/?s={search_term_string}"},"query-input":"required name=search_term_string"}],"inLanguage":"hr"},{"@type":"Person","@id":"http:\/\/pulskasvakodnevnica.com\/#\/schema\/person\/95941daf7dfab0e8fd012b0d88608a3f","name":"Pulska Svakodnevnica"}]}},"_links":{"self":[{"href":"http:\/\/pulskasvakodnevnica.com\/index.php\/wp-json\/wp\/v2\/posts\/50918"}],"collection":[{"href":"http:\/\/pulskasvakodnevnica.com\/index.php\/wp-json\/wp\/v2\/posts"}],"about":[{"href":"http:\/\/pulskasvakodnevnica.com\/index.php\/wp-json\/wp\/v2\/types\/post"}],"author":[{"embeddable":true,"href":"http:\/\/pulskasvakodnevnica.com\/index.php\/wp-json\/wp\/v2\/users\/1"}],"replies":[{"embeddable":true,"href":"http:\/\/pulskasvakodnevnica.com\/index.php\/wp-json\/wp\/v2\/comments?post=50918"}],"version-history":[{"count":1,"href":"http:\/\/pulskasvakodnevnica.com\/index.php\/wp-json\/wp\/v2\/posts\/50918\/revisions"}],"predecessor-version":[{"id":50920,"href":"http:\/\/pulskasvakodnevnica.com\/index.php\/wp-json\/wp\/v2\/posts\/50918\/revisions\/50920"}],"wp:featuredmedia":[{"embeddable":true,"href":"http:\/\/pulskasvakodnevnica.com\/index.php\/wp-json\/wp\/v2\/media\/50919"}],"wp:attachment":[{"href":"http:\/\/pulskasvakodnevnica.com\/index.php\/wp-json\/wp\/v2\/media?parent=50918"}],"wp:term":[{"taxonomy":"category","embeddable":true,"href":"http:\/\/pulskasvakodnevnica.com\/index.php\/wp-json\/wp\/v2\/categories?post=50918"},{"taxonomy":"post_tag","embeddable":true,"href":"http:\/\/pulskasvakodnevnica.com\/index.php\/wp-json\/wp\/v2\/tags?post=50918"}],"curies":[{"name":"wp","href":"https:\/\/api.w.org\/{rel}","templated":true}]}}