{"id":50921,"date":"2026-04-30T17:12:59","date_gmt":"2026-04-30T15:12:59","guid":{"rendered":"http:\/\/pulskasvakodnevnica.com\/?p=50921"},"modified":"2026-04-30T17:13:00","modified_gmt":"2026-04-30T15:13:00","slug":"predstavljen-projekt-citaj-stvaraj-dijeli","status":"publish","type":"post","link":"http:\/\/pulskasvakodnevnica.com\/index.php\/2026\/04\/30\/predstavljen-projekt-citaj-stvaraj-dijeli\/","title":{"rendered":"Predstavljen projekt \u201e\u010citaj, stvaraj, dijeli\u201c"},"content":{"rendered":"\n<p>Foto: Gradska knji\u017enica i \u010ditaonica Pula<\/p>\n\n\n\n<p>U dvorani Gradske knji\u017enice i \u010ditaonice Pula 30. travnja 2026. 10 sati odr\u017eana je konferencija za medije na kojoj je predstavljen projekt \u201e\u010citaj, stvaraj, dijeli\u201c \u010dije je financiranje odobreno u okviru poziva \u201cInkluzivne usluge ustanova u kulturi\u201d Europskog socijalnog fonda+ U\u010dinkoviti ljudski potencijali. Nositelj projekta je Gradska knji\u017enica i \u010ditaonica Pula, a partneri Grad Pula-Pola, Sveu\u010dili\u0161te Jurja Dobrile u Puli, IKA &#8211; Istarska kulturna agencija &#8211; Agenzia culturale Istriana.<\/p>\n\n\n\n<p>Na konferenciji su govorili Andrea Pavlovi\u0107, v. d. ravnateljice Gradske knji\u017enice i \u010ditaonice Pula, Paola Orli\u0107, pro\u010delnica Upravnog odjela za kulturu i civilno dru\u0161tvo Grada Pule-Pola,&nbsp; dr. sc. Marina Dikovi\u0107, prodekanica Fakulteta za odgojne i obrazovne znanosti Sveu\u010dili\u0161ta Jurja Dobrile u Puli, i Tina \u0160irec D\u017eodan iz IKA-e &#8211; Istarske kulturne agencije &#8211; Agenzie culturale Istriana.<\/p>\n\n\n\n<p>U uvodnom dijelu Pavlovi\u0107 je ukratko predstavila projekt i njegove osnovne elemente. Kako je kazala, razdoblje provedbe projekta je od 24. o\u017eujka 2026., kada je u Zagrebu potpisan ugovor o financiranju, do 23. o\u017eujka 2028. godine. Projekt je vrijedan 197.689,67 eura bespovratnih sredstava koji su financirani u stopostotnom iznosu.<\/p>\n\n\n\n<p>Projekt &#8220;\u010citaj, stvaraj, dijeli&#8221; usmjeren je na socijalno uklju\u010divanje ranjivih skupina kroz kulturno-umjetni\u010dke radionice. Radionice koje \u0107e biti odr\u017eane tijekom provedbe obuhvatit \u0107e snimanje podcasta, audiopri\u010da, prikupljanje i zapise sje\u0107anja, muzikoterapiju,kreativno stvarala\u0161tvo i STEAM te kreiranje book trailera, \u010dime \u0107e se poticati \u010ditala\u010dke i digitalne vje\u0161tine, kriti\u010dko razmi\u0161ljanje, prevencija demencije. Projekt \u0107e omogu\u0107iti sudionicima stjecanje novih vje\u0161tina i aktivno sudjelovanje u kulturno-umjetni\u010dkim aktivnostima. Partneri projekta, IKA-Istarska kulturna agencija-Agenzia culturale Istriana i Sveu\u010dili\u0161te Jurja Dobrile u Puli, doprinijet \u0107e edukacijom i stru\u010dnom podr\u0161kom, a Grad Pula \u0107e organizirati informativna doga\u0111anja i izlo\u017ebe radova sudionika.<\/p>\n\n\n\n<p>Element <em>\u010ditaj<\/em> predstavlja radionice \u201e\u010citaj i snimi\u201c i \u201e\u010citateljski klub \u010cita\u0161? \u010citam!\u201c namijenjene djeci s pote\u0161ko\u0107ama u \u010ditanju i disleksijom, a zahvaljuju\u0107i kojima \u0107e im se omogu\u0107iti lak\u0161i i pristupa\u010dniji ulazak u svijet knjige. Koristit \u0107e se prilago\u0111ene knjige, digitalni alati, inovativne aplikacije i e-\u010dita\u010di koji \u0107e pomo\u0107i djeci da razviju \u010ditala\u010dke navike, razumijevanje i samopouzdanje. Za starije sugra\u0111ane organizirat \u0107e se \u201e\u010citateljski klub 55+\u201c, u kojem \u0107e kroz zajedni\u010dko \u010ditanje, razgovor te kori\u0161tenje audioknjiga i e-\u010dita\u010da poticati aktivnost, dru\u017eenje i o\u010duvanje mentalnog zdravlja. Cilj je da se kultura i \u010ditanje u\u010dine dostupnima svima, bez obzira na dob ili pote\u0161ko\u0107e.<\/p>\n\n\n\n<p>Element <em>stvaraj<\/em> okuplja aktivnosti tijekom kojih \u0107e kroz STEAM radionice djeca i mladi razvijati kreativnost, logi\u010dko razmi\u0161ljanje i prakti\u010dne vje\u0161tine, spajaju\u0107i znanost, tehnologiju i umjetnost. Program \u201eKontra zaborava\u201c uklju\u010divat \u0107e edukacije i radionice pletenja, \u010dime \u0107e se poticati aktivno sudjelovanje starijih osoba, dok \u0107e tijekom aktivnosti \u201eZapamtimo pro\u0161lost\u201c sudionici dijeliti i oblikovati svoja sje\u0107anja. Teme radionica i nau\u010dena znanja \u0107e se dodatno pretvarati u podcaste, audiopri\u010de i audiokatalog. Kroz \u201eKruG radionice\u201c stvarat \u0107e se likovni radovi i keramika, a studenti \u0107e izra\u0111ivati <em>book trailere<\/em> &#8211;&nbsp; video formate temeljene na knjigama, povezuju\u0107i knji\u017eevnost i suvremene medije.<\/p>\n\n\n\n<p>Tre\u0107i element projekta je <em>dijeli<\/em> koji okuplja aktivnosti zahvaljuju\u0107i kojima \u0107e sadr\u017eaji nastali tijekom projekta, posebno podcasti, audiopri\u010de i zapisi sje\u0107anja, bit dostupni javnosti, \u010dime \u0107e se osigurati \u0161irenje kulturnih sadr\u017eaja i vidljivost rada sudionika. Uz to, organizirat \u0107e se i izlo\u017eba radova nastalih na radionicama, kroz koju \u0107e sudionici predstaviti svoj rad \u0161iroj zajednici, projekt uklju\u010duje i me\u0111ugeneracijski kviz koji \u0107e povezivati djecu, mlade i starije kroz znanje, kulturu i zajedni\u010dko sudjelovanje. Na taj na\u010din projekt \u0107e razvijati zajednicu u kojoj \u0107e svi imati priliku sudjelovati ne samo kao publika, ve\u0107 kao aktivni stvaratelji kulturnog sadr\u017eaja.<\/p>\n\n\n\n<p>U sljede\u0107em razdoblju projekta odr\u017eat \u0107e se po\u010detna konferencija projekta na kojoj \u0107e biti predstavljeni detaljni programi radionica. Ciklusi radionica bit \u0107e zasebno najavljeni u prostorima Knji\u017enice i mre\u017enoj stranici te dru\u0161tvenim mre\u017eama.<\/p>\n\n\n\n<p>Pro\u010delnica gradskog Upravnog odjela za kulturu i civilno dru\u0161tvo Paola Orli\u0107 naglasila je da se radi o jako bitnom iskoraku u inkluzivnim politikama koje \u0107e se provesti u gradu Puli. Istaknula je i vrijednost \u010dinjenice da je ovaj projekt prepoznat na nacionalnoj razini i da to doslovno zna\u010di da \u0107e kultura biti dostupna svima.<\/p>\n\n\n\n<p>Prodekanica Dikovi\u0107 slo\u017eila se s pro\u010delnicom i kazala da su iznimno ponosni \u0161to su dio ovoga projekta jer njihov fakultet obrazuje budu\u0107e u\u010ditelje i odgojitelje. Naime, na fakultetu studira vi\u0161e od 50 posto studenata koji nisu iz Istre, pa se radi o puno \u0161iroj pri\u010di. Studenti \u0107e biti uklju\u010deni, vele, na razne na\u010dine u taj projekt \u0161to \u0107e biti i vrlo zanimljivo i poticajno iskustvo.<\/p>\n\n\n\n<p>\u0160irec D\u017eodan osvrnula se na aktivnosti IKA-e: izradu book trailera, suradnju s fakultetom i knji\u017enicom te uklju\u010divanje razli\u010ditih dobnih skupina u izradu sadr\u017eaja. Posebno ih veseli \u0161to su u projekt uklju\u010dene i edukacije izrade videosadr\u017eaja i snimanja podcasta, kojima je cilj pokazati kako je uz pomo\u0107 digitalnih alata i osnovnog znanja rada s njima mogu\u0107e knji\u017ene naslove prezentirati \u0161irokoj publici i popularizirati ih.<\/p>\n\n\n\n<p>Ukupna vrijednost projekta \u201c\u010citaj, stvaraj, dijeli\u201d iznosi 197.689,67 EUR sufinancirano sredstvima Europske unije iz Europskog socijalnog fonda plus.<\/p>\n\n\n\n<p>(PS)<\/p>\n","protected":false},"excerpt":{"rendered":"<p>Foto: Gradska knji\u017enica i \u010ditaonica Pula U dvorani Gradske knji\u017enice i \u010ditaonice Pula 30. travnja 2026. 10 sati odr\u017eana je<\/p>\n","protected":false},"author":1,"featured_media":50922,"comment_status":"open","ping_status":"closed","sticky":false,"template":"","format":"standard","meta":{"_mi_skip_tracking":false,"footnotes":""},"categories":[1,99],"tags":[110,355],"yoast_head":"<!-- This site is optimized with the Yoast SEO plugin v20.4 - https:\/\/yoast.com\/wordpress\/plugins\/seo\/ -->\n<title>Predstavljen projekt \u201e\u010citaj, stvaraj, dijeli\u201c - Pulska Svakodnevnica<\/title>\n<meta name=\"robots\" content=\"index, follow, max-snippet:-1, max-image-preview:large, max-video-preview:-1\" \/>\n<link rel=\"canonical\" href=\"http:\/\/pulskasvakodnevnica.com\/index.php\/2026\/04\/30\/predstavljen-projekt-citaj-stvaraj-dijeli\/\" \/>\n<meta property=\"og:locale\" content=\"hr_HR\" \/>\n<meta property=\"og:type\" content=\"article\" \/>\n<meta property=\"og:title\" content=\"Predstavljen projekt \u201e\u010citaj, stvaraj, dijeli\u201c - Pulska Svakodnevnica\" \/>\n<meta property=\"og:description\" content=\"Foto: Gradska knji\u017enica i \u010ditaonica Pula U dvorani Gradske knji\u017enice i \u010ditaonice Pula 30. travnja 2026. 10 sati odr\u017eana je\" \/>\n<meta property=\"og:url\" content=\"http:\/\/pulskasvakodnevnica.com\/index.php\/2026\/04\/30\/predstavljen-projekt-citaj-stvaraj-dijeli\/\" \/>\n<meta property=\"og:site_name\" content=\"Pulska Svakodnevnica\" \/>\n<meta property=\"article:publisher\" content=\"https:\/\/www.facebook.com\/PulskaSvakodnevnicaNews\" \/>\n<meta property=\"article:published_time\" content=\"2026-04-30T15:12:59+00:00\" \/>\n<meta property=\"article:modified_time\" content=\"2026-04-30T15:13:00+00:00\" \/>\n<meta property=\"og:image\" content=\"http:\/\/pulskasvakodnevnica.com\/wp-content\/uploads\/2026\/04\/Konferencija-za-medije-Citaj-stvaraj-dijeli.jpg\" \/>\n\t<meta property=\"og:image:width\" content=\"2048\" \/>\n\t<meta property=\"og:image:height\" content=\"1536\" \/>\n\t<meta property=\"og:image:type\" content=\"image\/jpeg\" \/>\n<meta name=\"author\" content=\"Pulska Svakodnevnica\" \/>\n<meta name=\"twitter:card\" content=\"summary_large_image\" \/>\n<meta name=\"twitter:label1\" content=\"Napisao\/la\" \/>\n\t<meta name=\"twitter:data1\" content=\"Pulska Svakodnevnica\" \/>\n\t<meta name=\"twitter:label2\" content=\"Procijenjeno vrijeme \u010ditanja\" \/>\n\t<meta name=\"twitter:data2\" content=\"5 minuta\" \/>\n<script type=\"application\/ld+json\" class=\"yoast-schema-graph\">{\"@context\":\"https:\/\/schema.org\",\"@graph\":[{\"@type\":\"WebPage\",\"@id\":\"http:\/\/pulskasvakodnevnica.com\/index.php\/2026\/04\/30\/predstavljen-projekt-citaj-stvaraj-dijeli\/\",\"url\":\"http:\/\/pulskasvakodnevnica.com\/index.php\/2026\/04\/30\/predstavljen-projekt-citaj-stvaraj-dijeli\/\",\"name\":\"Predstavljen projekt \u201e\u010citaj, stvaraj, dijeli\u201c - Pulska Svakodnevnica\",\"isPartOf\":{\"@id\":\"http:\/\/pulskasvakodnevnica.com\/#website\"},\"datePublished\":\"2026-04-30T15:12:59+00:00\",\"dateModified\":\"2026-04-30T15:13:00+00:00\",\"author\":{\"@id\":\"http:\/\/pulskasvakodnevnica.com\/#\/schema\/person\/95941daf7dfab0e8fd012b0d88608a3f\"},\"breadcrumb\":{\"@id\":\"http:\/\/pulskasvakodnevnica.com\/index.php\/2026\/04\/30\/predstavljen-projekt-citaj-stvaraj-dijeli\/#breadcrumb\"},\"inLanguage\":\"hr\",\"potentialAction\":[{\"@type\":\"ReadAction\",\"target\":[\"http:\/\/pulskasvakodnevnica.com\/index.php\/2026\/04\/30\/predstavljen-projekt-citaj-stvaraj-dijeli\/\"]}]},{\"@type\":\"BreadcrumbList\",\"@id\":\"http:\/\/pulskasvakodnevnica.com\/index.php\/2026\/04\/30\/predstavljen-projekt-citaj-stvaraj-dijeli\/#breadcrumb\",\"itemListElement\":[{\"@type\":\"ListItem\",\"position\":1,\"name\":\"Po\u010detna stranica\",\"item\":\"http:\/\/pulskasvakodnevnica.com\/\"},{\"@type\":\"ListItem\",\"position\":2,\"name\":\"Predstavljen projekt \u201e\u010citaj, stvaraj, dijeli\u201c\"}]},{\"@type\":\"WebSite\",\"@id\":\"http:\/\/pulskasvakodnevnica.com\/#website\",\"url\":\"http:\/\/pulskasvakodnevnica.com\/\",\"name\":\"Pulska Svakodnevnica\",\"description\":\"Vijesti iz Pule i Istre\",\"potentialAction\":[{\"@type\":\"SearchAction\",\"target\":{\"@type\":\"EntryPoint\",\"urlTemplate\":\"http:\/\/pulskasvakodnevnica.com\/?s={search_term_string}\"},\"query-input\":\"required name=search_term_string\"}],\"inLanguage\":\"hr\"},{\"@type\":\"Person\",\"@id\":\"http:\/\/pulskasvakodnevnica.com\/#\/schema\/person\/95941daf7dfab0e8fd012b0d88608a3f\",\"name\":\"Pulska Svakodnevnica\"}]}<\/script>\n<!-- \/ Yoast SEO plugin. -->","yoast_head_json":{"title":"Predstavljen projekt \u201e\u010citaj, stvaraj, dijeli\u201c - Pulska Svakodnevnica","robots":{"index":"index","follow":"follow","max-snippet":"max-snippet:-1","max-image-preview":"max-image-preview:large","max-video-preview":"max-video-preview:-1"},"canonical":"http:\/\/pulskasvakodnevnica.com\/index.php\/2026\/04\/30\/predstavljen-projekt-citaj-stvaraj-dijeli\/","og_locale":"hr_HR","og_type":"article","og_title":"Predstavljen projekt \u201e\u010citaj, stvaraj, dijeli\u201c - Pulska Svakodnevnica","og_description":"Foto: Gradska knji\u017enica i \u010ditaonica Pula U dvorani Gradske knji\u017enice i \u010ditaonice Pula 30. travnja 2026. 10 sati odr\u017eana je","og_url":"http:\/\/pulskasvakodnevnica.com\/index.php\/2026\/04\/30\/predstavljen-projekt-citaj-stvaraj-dijeli\/","og_site_name":"Pulska Svakodnevnica","article_publisher":"https:\/\/www.facebook.com\/PulskaSvakodnevnicaNews","article_published_time":"2026-04-30T15:12:59+00:00","article_modified_time":"2026-04-30T15:13:00+00:00","og_image":[{"width":2048,"height":1536,"url":"http:\/\/pulskasvakodnevnica.com\/wp-content\/uploads\/2026\/04\/Konferencija-za-medije-Citaj-stvaraj-dijeli.jpg","type":"image\/jpeg"}],"author":"Pulska Svakodnevnica","twitter_card":"summary_large_image","twitter_misc":{"Napisao\/la":"Pulska Svakodnevnica","Procijenjeno vrijeme \u010ditanja":"5 minuta"},"schema":{"@context":"https:\/\/schema.org","@graph":[{"@type":"WebPage","@id":"http:\/\/pulskasvakodnevnica.com\/index.php\/2026\/04\/30\/predstavljen-projekt-citaj-stvaraj-dijeli\/","url":"http:\/\/pulskasvakodnevnica.com\/index.php\/2026\/04\/30\/predstavljen-projekt-citaj-stvaraj-dijeli\/","name":"Predstavljen projekt \u201e\u010citaj, stvaraj, dijeli\u201c - Pulska Svakodnevnica","isPartOf":{"@id":"http:\/\/pulskasvakodnevnica.com\/#website"},"datePublished":"2026-04-30T15:12:59+00:00","dateModified":"2026-04-30T15:13:00+00:00","author":{"@id":"http:\/\/pulskasvakodnevnica.com\/#\/schema\/person\/95941daf7dfab0e8fd012b0d88608a3f"},"breadcrumb":{"@id":"http:\/\/pulskasvakodnevnica.com\/index.php\/2026\/04\/30\/predstavljen-projekt-citaj-stvaraj-dijeli\/#breadcrumb"},"inLanguage":"hr","potentialAction":[{"@type":"ReadAction","target":["http:\/\/pulskasvakodnevnica.com\/index.php\/2026\/04\/30\/predstavljen-projekt-citaj-stvaraj-dijeli\/"]}]},{"@type":"BreadcrumbList","@id":"http:\/\/pulskasvakodnevnica.com\/index.php\/2026\/04\/30\/predstavljen-projekt-citaj-stvaraj-dijeli\/#breadcrumb","itemListElement":[{"@type":"ListItem","position":1,"name":"Po\u010detna stranica","item":"http:\/\/pulskasvakodnevnica.com\/"},{"@type":"ListItem","position":2,"name":"Predstavljen projekt \u201e\u010citaj, stvaraj, dijeli\u201c"}]},{"@type":"WebSite","@id":"http:\/\/pulskasvakodnevnica.com\/#website","url":"http:\/\/pulskasvakodnevnica.com\/","name":"Pulska Svakodnevnica","description":"Vijesti iz Pule i Istre","potentialAction":[{"@type":"SearchAction","target":{"@type":"EntryPoint","urlTemplate":"http:\/\/pulskasvakodnevnica.com\/?s={search_term_string}"},"query-input":"required name=search_term_string"}],"inLanguage":"hr"},{"@type":"Person","@id":"http:\/\/pulskasvakodnevnica.com\/#\/schema\/person\/95941daf7dfab0e8fd012b0d88608a3f","name":"Pulska Svakodnevnica"}]}},"_links":{"self":[{"href":"http:\/\/pulskasvakodnevnica.com\/index.php\/wp-json\/wp\/v2\/posts\/50921"}],"collection":[{"href":"http:\/\/pulskasvakodnevnica.com\/index.php\/wp-json\/wp\/v2\/posts"}],"about":[{"href":"http:\/\/pulskasvakodnevnica.com\/index.php\/wp-json\/wp\/v2\/types\/post"}],"author":[{"embeddable":true,"href":"http:\/\/pulskasvakodnevnica.com\/index.php\/wp-json\/wp\/v2\/users\/1"}],"replies":[{"embeddable":true,"href":"http:\/\/pulskasvakodnevnica.com\/index.php\/wp-json\/wp\/v2\/comments?post=50921"}],"version-history":[{"count":1,"href":"http:\/\/pulskasvakodnevnica.com\/index.php\/wp-json\/wp\/v2\/posts\/50921\/revisions"}],"predecessor-version":[{"id":50923,"href":"http:\/\/pulskasvakodnevnica.com\/index.php\/wp-json\/wp\/v2\/posts\/50921\/revisions\/50923"}],"wp:featuredmedia":[{"embeddable":true,"href":"http:\/\/pulskasvakodnevnica.com\/index.php\/wp-json\/wp\/v2\/media\/50922"}],"wp:attachment":[{"href":"http:\/\/pulskasvakodnevnica.com\/index.php\/wp-json\/wp\/v2\/media?parent=50921"}],"wp:term":[{"taxonomy":"category","embeddable":true,"href":"http:\/\/pulskasvakodnevnica.com\/index.php\/wp-json\/wp\/v2\/categories?post=50921"},{"taxonomy":"post_tag","embeddable":true,"href":"http:\/\/pulskasvakodnevnica.com\/index.php\/wp-json\/wp\/v2\/tags?post=50921"}],"curies":[{"name":"wp","href":"https:\/\/api.w.org\/{rel}","templated":true}]}}