{"id":50924,"date":"2026-05-01T12:21:39","date_gmt":"2026-05-01T10:21:39","guid":{"rendered":"http:\/\/pulskasvakodnevnica.com\/?p=50924"},"modified":"2026-05-01T12:21:40","modified_gmt":"2026-05-01T10:21:40","slug":"u-puli-polaganjem-vijenaca-obiljezen-medunarodni-praznik-rada","status":"publish","type":"post","link":"http:\/\/pulskasvakodnevnica.com\/index.php\/2026\/05\/01\/u-puli-polaganjem-vijenaca-obiljezen-medunarodni-praznik-rada\/","title":{"rendered":"U Puli polaganjem vijenaca obilje\u017een Me\u0111unarodni praznik rada"},"content":{"rendered":"\n<p><strong>Foto: Grad Pula-Pola<\/strong><\/p>\n\n\n\n<p>Povodom obilje\u017eavanja Me\u0111unarodnog praznika rada, danas je u Puli na Trgu Portarata odr\u017eano tradicionalno polaganje vijenaca u znak sje\u0107anja na \u017ertve radni\u010dkih demonstracija iz 1920. godine.<\/p>\n\n\n\n<p>Obilje\u017eavanju su prisustvovali gradona\u010delnik Pe\u0111a Grbin, predsjednik Gradskog Vije\u0107a Valter Boljun\u010di\u0107, zamjenik gradona\u010delnika Sini\u0161a Gordi\u0107, zamjenica \u017eupana Istarske \u017eupanije Gordana Anti\u0107, predstavnici sindikata Denis Bur\u0161i\u0107 i Vedran Sabljak, predstavnik Zajednice Talijana Pula Ardemio Zimolo, predsjednica Saveza udruga antifa\u0161ista Istarske \u017eupanije Ada Damjanac, predsjednik Udruge antifa\u0161isti\u010dkih boraca i antifa\u0161ista Grada Pule Boris Siljan, \u010dlanovi udruga proiza\u0161lih iz Domovinskog rata, predstavnici Hrvatske vojske te brojni drugi uzvanici.<\/p>\n\n\n\n<p>\u201eZa mene osobno, kao i za na\u0161 grad Pulu, obilje\u017eavanje Me\u0111unarodnog praznika rada ima posebno zna\u010denje. Za nas to nije samo proslava Praznika rada, ve\u0107 i prisje\u0107anje na povijest ovoga grada, kada su radnici Pule prije 106 godina pokazali kako se bore i kako se treba boriti za svoja prava. Na\u017ealost, tada je njihova borba dovela do \u017ertve. Danas su, sre\u0107om, u na\u0161em gradu okolnosti druga\u010dije. Predstavnici na\u0161ih oru\u017eanih snaga danas su ovdje uz gra\u0111ane i uz radnike ovoga grada \u2013 u krajnjoj liniji, i oni su radnici. Danas smo ovdje svi zajedno, no to ne zna\u010di da je borba za radni\u010dka prava zavr\u0161ena. Mo\u017eda se moja uloga donekle promijenila, mo\u017eda se promijenio i na\u010din borbe, mo\u017eda se ponekad sa sindikatima nalazimo na suprotnim stranama pregovara\u010dkog stola, ali cilj je isti \u2013 osigurati dostojanstven \u017eivot od rada za sve. Samo to i ni\u0161ta vi\u0161e. Je li to puno ili malo, zaklju\u010dit \u0107e svatko za sebe. A ja \u0107u sada zavr\u0161iti i re\u0107i: \u017divio Prvi maj!\u201c, poru\u010dio je gradona\u010delnik Pe\u0111a Grbin.<\/p>\n\n\n\n<p>Zamjenica \u017eupana Istarske \u017eupanije Gordana Anti\u0107 \u010destitala je Me\u0111unarodni praznik rada poru\u010div\u0161i:<\/p>\n\n\n\n<p>\u201eDanas smo ovdje zajedno kako bismo odali po\u010dast onima koji su se borili za prava radnika i za temeljna ljudska prava. Pred nama su veliki izazovi \u2013 deficit radne snage zahvatio je i Istarsku \u017eupaniju. Svjesni smo toga te \u017eelimo o\u010duvati javni sustav, kako obrazovni, tako i zdravstveni i socijalni. Stoga provodimo program za zadr\u017eavanje i privla\u010denje deficitarnog kadra, uz svijest da ga moramo dodatno razvijati kako bi svi imali pravo na dostojanstven \u017eivot, a to je u prvom redu pravo na stanovanje. \u010covjek i njegovo dostojanstvo trebaju biti u sredi\u0161tu svega, a ja svima jo\u0161 jednom \u017eelim sretan Me\u0111unarodni praznik rada.\u201c<\/p>\n\n\n\n<p>U ime Sindikata dr\u017eavnih i lokalnih slu\u017ebenika i namje\u0161tenika Republike Hrvatske, okupljenima se obratio Denis Bur\u0161i\u0107, \u017eupanijski povjerenik za Istarsku \u017eupaniju.<\/p>\n\n\n\n<p>\u201eNe\u0107emo puno govoriti na dana\u0161nji Praznik rada, jer je sve re\u010deno 18. travnja 2026. na velikom prosvjedu sindikalnih sredi\u0161njica u Zagrebu, gdje je bilo prema podacima sindikata prisutno 70.000 ljudi. Govorili smo protiv korupcije, inflacije, malih pla\u0107a i mirovina, nemogu\u0107nosti da se mladi ljudi stambeno zbrinu. Prema tome, danas o tome ne\u0107emo govoriti, jer je ve\u0107 sve to re\u010deno. U ime Sindikata dr\u017eavnih i lokalnih slu\u017ebenika i ovog \u017dupanijskog povjereni\u0161tva za Istarsku \u017eupaniju, \u017eelimo vam sretan Me\u0111unarodni praznik rada\u201c, zaklju\u010dio je Bur\u0161i\u0107.<\/p>\n\n\n\n<p>Predsjednik Sindikata Istre, Kvarnera i Dalmacije Vedran Sabljak \u010destitao je svim radnicama i radnicima Me\u0111unarodni praznik rada te naglasio \u0161to ovaj praznik predstavlja, ali i potrebu da, obzirom na stanje u Hrvatskoj, radnici aktivnije participiraju u borbi za svoja prava.<\/p>\n\n\n\n<p>\u201eNa dana\u0161nji dan obilje\u017eava se ustanak radnika u Chicagu koji su se odlu\u010dili demonstracijama boriti za svoja radni\u010dka i ljudska prava. Ta borba ostavila nam je u naslje\u0111e prava za koja se i dan danas moramo zalagati i ostaviti ih sljede\u0107im generacijama. Iako danas vi\u0161e ne pri\u010damo o 16 satnom radnom vremenu, ne pri\u010damo o dje\u010djem radu, o potpunom izostanku bilo kakve za\u0161tite zdravlja i sigurnosti, moramo pri\u010dati o danas iznimno va\u017enoj temi, a to je dostojanstvu rada i mogu\u0107nosti da radnici \u017eive od svoje pla\u0107e. Nadam se da \u0107e se u bli\u017eoj budu\u0107nosti kod na\u0161ih mladih probuditi svijest va\u017enosti borbe za svoja prava i da \u0107e u duhu 1. maja pokazati hrabrost s ciljem da se njihov glas \u010duje\u201c, kazao je Sabljak.<\/p>\n\n\n\n<p>U sklopu programa okupljenima su se obratili i predsjednica Saveza udruga antifa\u0161ista Istarske \u017eupanije Ada Damjanac te predstavnik Zajednice Talijana Pula Ardemio Zimolo.<\/p>\n\n\n\n<p>Program je bio upotpunjen prigodnim glazbenim izvedbama Puha\u010dkog orkestra Grada Pule i zborova kulturno-umjetni\u010dkih dru\u0161tva \u201eLino Mariani\u201c i \u201eMatko Braj\u0161a Ra\u0161an\u201c, a zavr\u0161io je polaganjem vijenca i minutom \u0161utnje u \u010dast poginulim radnicima.<\/p>\n\n\n\n<p>Podsjetimo, Me\u0111unarodni praznik rada obilje\u017eava se u spomen na radni\u010dke prosvjede u Chicagu 1886. godine, dok se u Puli tradicionalno odaje po\u010dast radnicima koji su 1920. godine izgubili \u017eivot bore\u0107i se za svoja prava.<\/p>\n\n\n\n<p>(PS)<\/p>\n","protected":false},"excerpt":{"rendered":"<p>Foto: Grad Pula-Pola Povodom obilje\u017eavanja Me\u0111unarodnog praznika rada, danas je u Puli na Trgu Portarata odr\u017eano tradicionalno polaganje vijenaca u<\/p>\n","protected":false},"author":1,"featured_media":50925,"comment_status":"open","ping_status":"closed","sticky":false,"template":"","format":"standard","meta":{"_mi_skip_tracking":false,"footnotes":""},"categories":[1,99],"tags":[110,355],"yoast_head":"<!-- This site is optimized with the Yoast SEO plugin v20.4 - https:\/\/yoast.com\/wordpress\/plugins\/seo\/ -->\n<title>U Puli polaganjem vijenaca obilje\u017een Me\u0111unarodni praznik rada - Pulska Svakodnevnica<\/title>\n<meta name=\"robots\" content=\"index, follow, max-snippet:-1, max-image-preview:large, max-video-preview:-1\" \/>\n<link rel=\"canonical\" href=\"http:\/\/pulskasvakodnevnica.com\/index.php\/2026\/05\/01\/u-puli-polaganjem-vijenaca-obiljezen-medunarodni-praznik-rada\/\" \/>\n<meta property=\"og:locale\" content=\"hr_HR\" \/>\n<meta property=\"og:type\" content=\"article\" \/>\n<meta property=\"og:title\" content=\"U Puli polaganjem vijenaca obilje\u017een Me\u0111unarodni praznik rada - Pulska Svakodnevnica\" \/>\n<meta property=\"og:description\" content=\"Foto: Grad Pula-Pola Povodom obilje\u017eavanja Me\u0111unarodnog praznika rada, danas je u Puli na Trgu Portarata odr\u017eano tradicionalno polaganje vijenaca u\" \/>\n<meta property=\"og:url\" content=\"http:\/\/pulskasvakodnevnica.com\/index.php\/2026\/05\/01\/u-puli-polaganjem-vijenaca-obiljezen-medunarodni-praznik-rada\/\" \/>\n<meta property=\"og:site_name\" content=\"Pulska Svakodnevnica\" \/>\n<meta property=\"article:publisher\" content=\"https:\/\/www.facebook.com\/PulskaSvakodnevnicaNews\" \/>\n<meta property=\"article:published_time\" content=\"2026-05-01T10:21:39+00:00\" \/>\n<meta property=\"article:modified_time\" content=\"2026-05-01T10:21:40+00:00\" \/>\n<meta property=\"og:image\" content=\"http:\/\/pulskasvakodnevnica.com\/wp-content\/uploads\/2026\/05\/Obiljezavanje-Medunarodnog-praznika-rada_2.jpg\" \/>\n\t<meta property=\"og:image:width\" content=\"1600\" \/>\n\t<meta property=\"og:image:height\" content=\"1066\" \/>\n\t<meta property=\"og:image:type\" content=\"image\/jpeg\" \/>\n<meta name=\"author\" content=\"Pulska Svakodnevnica\" \/>\n<meta name=\"twitter:card\" content=\"summary_large_image\" \/>\n<meta name=\"twitter:label1\" content=\"Napisao\/la\" \/>\n\t<meta name=\"twitter:data1\" content=\"Pulska Svakodnevnica\" \/>\n\t<meta name=\"twitter:label2\" content=\"Procijenjeno vrijeme \u010ditanja\" \/>\n\t<meta name=\"twitter:data2\" content=\"4 minute\" \/>\n<script type=\"application\/ld+json\" class=\"yoast-schema-graph\">{\"@context\":\"https:\/\/schema.org\",\"@graph\":[{\"@type\":\"WebPage\",\"@id\":\"http:\/\/pulskasvakodnevnica.com\/index.php\/2026\/05\/01\/u-puli-polaganjem-vijenaca-obiljezen-medunarodni-praznik-rada\/\",\"url\":\"http:\/\/pulskasvakodnevnica.com\/index.php\/2026\/05\/01\/u-puli-polaganjem-vijenaca-obiljezen-medunarodni-praznik-rada\/\",\"name\":\"U Puli polaganjem vijenaca obilje\u017een Me\u0111unarodni praznik rada - Pulska Svakodnevnica\",\"isPartOf\":{\"@id\":\"http:\/\/pulskasvakodnevnica.com\/#website\"},\"datePublished\":\"2026-05-01T10:21:39+00:00\",\"dateModified\":\"2026-05-01T10:21:40+00:00\",\"author\":{\"@id\":\"http:\/\/pulskasvakodnevnica.com\/#\/schema\/person\/95941daf7dfab0e8fd012b0d88608a3f\"},\"breadcrumb\":{\"@id\":\"http:\/\/pulskasvakodnevnica.com\/index.php\/2026\/05\/01\/u-puli-polaganjem-vijenaca-obiljezen-medunarodni-praznik-rada\/#breadcrumb\"},\"inLanguage\":\"hr\",\"potentialAction\":[{\"@type\":\"ReadAction\",\"target\":[\"http:\/\/pulskasvakodnevnica.com\/index.php\/2026\/05\/01\/u-puli-polaganjem-vijenaca-obiljezen-medunarodni-praznik-rada\/\"]}]},{\"@type\":\"BreadcrumbList\",\"@id\":\"http:\/\/pulskasvakodnevnica.com\/index.php\/2026\/05\/01\/u-puli-polaganjem-vijenaca-obiljezen-medunarodni-praznik-rada\/#breadcrumb\",\"itemListElement\":[{\"@type\":\"ListItem\",\"position\":1,\"name\":\"Po\u010detna stranica\",\"item\":\"http:\/\/pulskasvakodnevnica.com\/\"},{\"@type\":\"ListItem\",\"position\":2,\"name\":\"U Puli polaganjem vijenaca obilje\u017een Me\u0111unarodni praznik rada\"}]},{\"@type\":\"WebSite\",\"@id\":\"http:\/\/pulskasvakodnevnica.com\/#website\",\"url\":\"http:\/\/pulskasvakodnevnica.com\/\",\"name\":\"Pulska Svakodnevnica\",\"description\":\"Vijesti iz Pule i Istre\",\"potentialAction\":[{\"@type\":\"SearchAction\",\"target\":{\"@type\":\"EntryPoint\",\"urlTemplate\":\"http:\/\/pulskasvakodnevnica.com\/?s={search_term_string}\"},\"query-input\":\"required name=search_term_string\"}],\"inLanguage\":\"hr\"},{\"@type\":\"Person\",\"@id\":\"http:\/\/pulskasvakodnevnica.com\/#\/schema\/person\/95941daf7dfab0e8fd012b0d88608a3f\",\"name\":\"Pulska Svakodnevnica\"}]}<\/script>\n<!-- \/ Yoast SEO plugin. -->","yoast_head_json":{"title":"U Puli polaganjem vijenaca obilje\u017een Me\u0111unarodni praznik rada - Pulska Svakodnevnica","robots":{"index":"index","follow":"follow","max-snippet":"max-snippet:-1","max-image-preview":"max-image-preview:large","max-video-preview":"max-video-preview:-1"},"canonical":"http:\/\/pulskasvakodnevnica.com\/index.php\/2026\/05\/01\/u-puli-polaganjem-vijenaca-obiljezen-medunarodni-praznik-rada\/","og_locale":"hr_HR","og_type":"article","og_title":"U Puli polaganjem vijenaca obilje\u017een Me\u0111unarodni praznik rada - Pulska Svakodnevnica","og_description":"Foto: Grad Pula-Pola Povodom obilje\u017eavanja Me\u0111unarodnog praznika rada, danas je u Puli na Trgu Portarata odr\u017eano tradicionalno polaganje vijenaca u","og_url":"http:\/\/pulskasvakodnevnica.com\/index.php\/2026\/05\/01\/u-puli-polaganjem-vijenaca-obiljezen-medunarodni-praznik-rada\/","og_site_name":"Pulska Svakodnevnica","article_publisher":"https:\/\/www.facebook.com\/PulskaSvakodnevnicaNews","article_published_time":"2026-05-01T10:21:39+00:00","article_modified_time":"2026-05-01T10:21:40+00:00","og_image":[{"width":1600,"height":1066,"url":"http:\/\/pulskasvakodnevnica.com\/wp-content\/uploads\/2026\/05\/Obiljezavanje-Medunarodnog-praznika-rada_2.jpg","type":"image\/jpeg"}],"author":"Pulska Svakodnevnica","twitter_card":"summary_large_image","twitter_misc":{"Napisao\/la":"Pulska Svakodnevnica","Procijenjeno vrijeme \u010ditanja":"4 minute"},"schema":{"@context":"https:\/\/schema.org","@graph":[{"@type":"WebPage","@id":"http:\/\/pulskasvakodnevnica.com\/index.php\/2026\/05\/01\/u-puli-polaganjem-vijenaca-obiljezen-medunarodni-praznik-rada\/","url":"http:\/\/pulskasvakodnevnica.com\/index.php\/2026\/05\/01\/u-puli-polaganjem-vijenaca-obiljezen-medunarodni-praznik-rada\/","name":"U Puli polaganjem vijenaca obilje\u017een Me\u0111unarodni praznik rada - Pulska Svakodnevnica","isPartOf":{"@id":"http:\/\/pulskasvakodnevnica.com\/#website"},"datePublished":"2026-05-01T10:21:39+00:00","dateModified":"2026-05-01T10:21:40+00:00","author":{"@id":"http:\/\/pulskasvakodnevnica.com\/#\/schema\/person\/95941daf7dfab0e8fd012b0d88608a3f"},"breadcrumb":{"@id":"http:\/\/pulskasvakodnevnica.com\/index.php\/2026\/05\/01\/u-puli-polaganjem-vijenaca-obiljezen-medunarodni-praznik-rada\/#breadcrumb"},"inLanguage":"hr","potentialAction":[{"@type":"ReadAction","target":["http:\/\/pulskasvakodnevnica.com\/index.php\/2026\/05\/01\/u-puli-polaganjem-vijenaca-obiljezen-medunarodni-praznik-rada\/"]}]},{"@type":"BreadcrumbList","@id":"http:\/\/pulskasvakodnevnica.com\/index.php\/2026\/05\/01\/u-puli-polaganjem-vijenaca-obiljezen-medunarodni-praznik-rada\/#breadcrumb","itemListElement":[{"@type":"ListItem","position":1,"name":"Po\u010detna stranica","item":"http:\/\/pulskasvakodnevnica.com\/"},{"@type":"ListItem","position":2,"name":"U Puli polaganjem vijenaca obilje\u017een Me\u0111unarodni praznik rada"}]},{"@type":"WebSite","@id":"http:\/\/pulskasvakodnevnica.com\/#website","url":"http:\/\/pulskasvakodnevnica.com\/","name":"Pulska Svakodnevnica","description":"Vijesti iz Pule i Istre","potentialAction":[{"@type":"SearchAction","target":{"@type":"EntryPoint","urlTemplate":"http:\/\/pulskasvakodnevnica.com\/?s={search_term_string}"},"query-input":"required name=search_term_string"}],"inLanguage":"hr"},{"@type":"Person","@id":"http:\/\/pulskasvakodnevnica.com\/#\/schema\/person\/95941daf7dfab0e8fd012b0d88608a3f","name":"Pulska Svakodnevnica"}]}},"_links":{"self":[{"href":"http:\/\/pulskasvakodnevnica.com\/index.php\/wp-json\/wp\/v2\/posts\/50924"}],"collection":[{"href":"http:\/\/pulskasvakodnevnica.com\/index.php\/wp-json\/wp\/v2\/posts"}],"about":[{"href":"http:\/\/pulskasvakodnevnica.com\/index.php\/wp-json\/wp\/v2\/types\/post"}],"author":[{"embeddable":true,"href":"http:\/\/pulskasvakodnevnica.com\/index.php\/wp-json\/wp\/v2\/users\/1"}],"replies":[{"embeddable":true,"href":"http:\/\/pulskasvakodnevnica.com\/index.php\/wp-json\/wp\/v2\/comments?post=50924"}],"version-history":[{"count":1,"href":"http:\/\/pulskasvakodnevnica.com\/index.php\/wp-json\/wp\/v2\/posts\/50924\/revisions"}],"predecessor-version":[{"id":50926,"href":"http:\/\/pulskasvakodnevnica.com\/index.php\/wp-json\/wp\/v2\/posts\/50924\/revisions\/50926"}],"wp:featuredmedia":[{"embeddable":true,"href":"http:\/\/pulskasvakodnevnica.com\/index.php\/wp-json\/wp\/v2\/media\/50925"}],"wp:attachment":[{"href":"http:\/\/pulskasvakodnevnica.com\/index.php\/wp-json\/wp\/v2\/media?parent=50924"}],"wp:term":[{"taxonomy":"category","embeddable":true,"href":"http:\/\/pulskasvakodnevnica.com\/index.php\/wp-json\/wp\/v2\/categories?post=50924"},{"taxonomy":"post_tag","embeddable":true,"href":"http:\/\/pulskasvakodnevnica.com\/index.php\/wp-json\/wp\/v2\/tags?post=50924"}],"curies":[{"name":"wp","href":"https:\/\/api.w.org\/{rel}","templated":true}]}}