{"id":5101,"date":"2017-03-20T13:09:13","date_gmt":"2017-03-20T12:09:13","guid":{"rendered":"http:\/\/pulskasvakodnevnica.com\/?p=5101"},"modified":"2017-03-20T13:09:13","modified_gmt":"2017-03-20T12:09:13","slug":"zupan-flego-istra-je-danas-uspjesna-i-jaka-regija","status":"publish","type":"post","link":"http:\/\/pulskasvakodnevnica.com\/index.php\/2017\/03\/20\/zupan-flego-istra-je-danas-uspjesna-i-jaka-regija\/","title":{"rendered":"\u017dupan Flego: Istra je danas uspje\u0161na i jaka regija!"},"content":{"rendered":"<p>&nbsp;<\/p>\n<p>\u201e<em>Unato\u010d politi\u010dko turbulentnoj 2016. godini u kojoj smo imali tri Vlade i tri premijera, zadovoljan sam u\u010dinjenim. Istra je nastavila putem rasta i razvoja<\/em>\u201c, naglasio je istarski \u017eupan Valter Flego na dana\u0161njoj konferenciji za novinare, odr\u017eanoj u sjedi\u0161tu Istarske \u017eupanije, u Puli. Naime, \u017eupan Flego se osvrnuo na tri glavne to\u010dke dnevnog reda 38. po redu sjednice Skup\u0161tine Istarske \u017eupanije, ujedno posljednje u ovome sazivu: Izvje\u0161\u0107e o radu \u017eupana za 2016. godinu, Prve Izmjene i dopune Prora\u010duna Istarske \u017eupanije za 2017. godinu te Informaciju o stanju gospodarstva.<\/p>\n<p>Govore\u0107i o Izvje\u0161\u0107u o radu, \u017eupan Flego istaknuo je kako su lani doneseni brojni strate\u0161ki dokumenti, klju\u010dni za budu\u0107i razvoj Istre, poput \u017eupanijskog Prostornog plana, Master plana razvoja turizma, Strategije razvoja ljudskih potencijala i Strategije obrazovanja. Kao najzna\u010dajnije projekte je, pak, izdvojio nastavak izgradnje nove Op\u0107e bolnice u Puli, rekonstrukciju i dogradnju domova za starije osobe, navodnjavanje poljoprivrednih povr\u0161ina, nadogradnju Sveu\u010dili\u0161nog kampusa, projekt Istarske pla\u017ee te institucionalizaciju Zavi\u010dajne nastave u osnovnim i srednjim \u0161kolama.<\/p>\n<p>\u201e<em>Projekte koje smo zacrtali, odvijali su se \u017eeljenom dinamikom te je Istra danas uspje\u0161na i jaka regija koja je u mnogo\u010demu primjer ostalima u Hrvatskoj. Svi navedeni projekti razvojni su i strate\u0161ki, s ciljem omogu\u0107avanja ve\u0107eg standarda istarskih gra\u0111ana, bolje kvalitete \u017eivota i rada te kvalitetnijih usluga na podru\u010dju Istarske \u017eupanije<\/em>\u201c, poru\u010dio je \u017eupan Flego.<\/p>\n<p>Prora\u010dun Istarske \u017eupanije za 2017. godinu je planiran bez Smjernica Vlade RH koje nisu donesene radi prijevremenih parlamentarnih izbora. Naknadne porezne reforme, kazao je \u017eupan, utjecale su na smanjenje, a i pove\u0107anje odre\u0111enih prihoda, te je bilo neophodno pristupiti izradi Izmjena i dopuna prora\u010duna radi njegovog nesmetanog izvr\u0161avanja.<\/p>\n<p>Glavna obilje\u017eja predlo\u017eenih izmjena i dopuna prora\u010duna odnose se na: smanjenje prihoda od poreza na dohodak za 3,2 milijuna kuna; pove\u0107anje kratkoro\u010dnog zadu\u017eenja za financiranje europskih projekata u visini od 1.124.200,00 kn te prijenos namjenskog vi\u0161ka Istarske \u017eupanije iz prethodne godine u visini od 16.385.105,46 kn.<\/p>\n<p>\u201e<em>Prve izmjene i dopune prora\u010duna su tehni\u010dke prirode i ujedno dokaz financijske stabilnosti Istarske \u017eupanije.\u00a0 Rebalansom omogu\u0107ujemo nove projekte poput nove kreditne linije za na\u0161e poduzetnike, ure\u0111enje medicinsko-terapeutske pla\u017ee u Rovinju, kao i <\/em><em>izgradnju i opremanje novih ordinacija Istarskih domova zdravlja u Vodnjanu<\/em>\u201c, istaknuo je \u017eupan Flego.<\/p>\n<p>\u201e<em>Ekonomski indikatori koji se odnose na Istarsku \u017eupaniju pokazuju zaustavljanje negativnih trendova na tr\u017ei\u0161tu rada, kao i brojne pozitivne pokazatelje. Unato\u010d ranije spomenutim slo\u017eenim i ote\u017eanim uvjetima na podru\u010dju gospodarstva, potaknuti i promjenama u Vladi RH, Istra je danas druga najrazvijenija regija u Hrvatskoj prema indeksu ekonomske snage<\/em>\u201c, naglasio je \u017eupan govore\u0107i o stanju gospodarstva u Istri, o \u010demu \u0107e, tako\u0111er, biti govora na sjednici \u017eupanijske Skup\u0161tine, koja \u0107e se odr\u017eati u ponedjeljak, 27. o\u017eujka.<\/p>\n<p>\u017dupan Flego se osvrnuo i na ostale statisti\u010dke podatke poput onog o BDP-u, koji iznosi 12.724 eura po glavi stanovnika, te time Istarsku \u017eupaniju svrstava kao drugu \u017eupaniju u Hrvatskoj i \u010dak 25,3 posto iznad prosjeka dr\u017eave.<\/p>\n<p>\u201e<em>Istarska \u017eupanija imala je rekordnu turisti\u010dku sezonu, a posebno me raduju podaci o 2.762 vi\u0161e zaposlenih osoba u 2016. godini, u odnosu na 2013., kao i zaposlenost mladih koja je u protekle tri godine porasla za \u010dak 50 posto<\/em>\u201c, zaklju\u010dio je \u017eupan Flego.<\/p>\n","protected":false},"excerpt":{"rendered":"<p>&nbsp; \u201eUnato\u010d politi\u010dko turbulentnoj 2016. godini u kojoj smo imali tri Vlade i tri premijera, zadovoljan sam u\u010dinjenim. Istra je<\/p>\n","protected":false},"author":1,"featured_media":5102,"comment_status":"closed","ping_status":"closed","sticky":false,"template":"","format":"standard","meta":{"_mi_skip_tracking":false,"footnotes":""},"categories":[84,1],"tags":[],"yoast_head":"<!-- This site is optimized with the Yoast SEO plugin v20.4 - https:\/\/yoast.com\/wordpress\/plugins\/seo\/ -->\n<title>\u017dupan Flego: Istra je danas uspje\u0161na i jaka regija! - Pulska Svakodnevnica<\/title>\n<meta name=\"robots\" content=\"index, follow, max-snippet:-1, max-image-preview:large, max-video-preview:-1\" \/>\n<link rel=\"canonical\" href=\"http:\/\/pulskasvakodnevnica.com\/index.php\/2017\/03\/20\/zupan-flego-istra-je-danas-uspjesna-i-jaka-regija\/\" \/>\n<meta property=\"og:locale\" content=\"hr_HR\" \/>\n<meta property=\"og:type\" content=\"article\" \/>\n<meta property=\"og:title\" content=\"\u017dupan Flego: Istra je danas uspje\u0161na i jaka regija! - Pulska Svakodnevnica\" \/>\n<meta property=\"og:description\" content=\"&nbsp; \u201eUnato\u010d politi\u010dko turbulentnoj 2016. godini u kojoj smo imali tri Vlade i tri premijera, zadovoljan sam u\u010dinjenim. Istra je\" \/>\n<meta property=\"og:url\" content=\"http:\/\/pulskasvakodnevnica.com\/index.php\/2017\/03\/20\/zupan-flego-istra-je-danas-uspjesna-i-jaka-regija\/\" \/>\n<meta property=\"og:site_name\" content=\"Pulska Svakodnevnica\" \/>\n<meta property=\"article:publisher\" content=\"https:\/\/www.facebook.com\/PulskaSvakodnevnicaNews\" \/>\n<meta property=\"article:published_time\" content=\"2017-03-20T12:09:13+00:00\" \/>\n<meta property=\"og:image\" content=\"http:\/\/pulskasvakodnevnica.com\/wp-content\/uploads\/2017\/03\/ffl.jpg\" \/>\n\t<meta property=\"og:image:width\" content=\"750\" \/>\n\t<meta property=\"og:image:height\" content=\"420\" \/>\n\t<meta property=\"og:image:type\" content=\"image\/jpeg\" \/>\n<meta name=\"author\" content=\"Pulska Svakodnevnica\" \/>\n<meta name=\"twitter:card\" content=\"summary_large_image\" \/>\n<meta name=\"twitter:label1\" content=\"Napisao\/la\" \/>\n\t<meta name=\"twitter:data1\" content=\"Pulska Svakodnevnica\" \/>\n\t<meta name=\"twitter:label2\" content=\"Procijenjeno vrijeme \u010ditanja\" \/>\n\t<meta name=\"twitter:data2\" content=\"3 minute\" \/>\n<script type=\"application\/ld+json\" class=\"yoast-schema-graph\">{\"@context\":\"https:\/\/schema.org\",\"@graph\":[{\"@type\":\"WebPage\",\"@id\":\"http:\/\/pulskasvakodnevnica.com\/index.php\/2017\/03\/20\/zupan-flego-istra-je-danas-uspjesna-i-jaka-regija\/\",\"url\":\"http:\/\/pulskasvakodnevnica.com\/index.php\/2017\/03\/20\/zupan-flego-istra-je-danas-uspjesna-i-jaka-regija\/\",\"name\":\"\u017dupan Flego: Istra je danas uspje\u0161na i jaka regija! - Pulska Svakodnevnica\",\"isPartOf\":{\"@id\":\"http:\/\/pulskasvakodnevnica.com\/#website\"},\"datePublished\":\"2017-03-20T12:09:13+00:00\",\"dateModified\":\"2017-03-20T12:09:13+00:00\",\"author\":{\"@id\":\"http:\/\/pulskasvakodnevnica.com\/#\/schema\/person\/95941daf7dfab0e8fd012b0d88608a3f\"},\"breadcrumb\":{\"@id\":\"http:\/\/pulskasvakodnevnica.com\/index.php\/2017\/03\/20\/zupan-flego-istra-je-danas-uspjesna-i-jaka-regija\/#breadcrumb\"},\"inLanguage\":\"hr\",\"potentialAction\":[{\"@type\":\"ReadAction\",\"target\":[\"http:\/\/pulskasvakodnevnica.com\/index.php\/2017\/03\/20\/zupan-flego-istra-je-danas-uspjesna-i-jaka-regija\/\"]}]},{\"@type\":\"BreadcrumbList\",\"@id\":\"http:\/\/pulskasvakodnevnica.com\/index.php\/2017\/03\/20\/zupan-flego-istra-je-danas-uspjesna-i-jaka-regija\/#breadcrumb\",\"itemListElement\":[{\"@type\":\"ListItem\",\"position\":1,\"name\":\"Po\u010detna stranica\",\"item\":\"http:\/\/pulskasvakodnevnica.com\/\"},{\"@type\":\"ListItem\",\"position\":2,\"name\":\"\u017dupan Flego: Istra je danas uspje\u0161na i jaka regija!\"}]},{\"@type\":\"WebSite\",\"@id\":\"http:\/\/pulskasvakodnevnica.com\/#website\",\"url\":\"http:\/\/pulskasvakodnevnica.com\/\",\"name\":\"Pulska Svakodnevnica\",\"description\":\"Vijesti iz Pule i Istre\",\"potentialAction\":[{\"@type\":\"SearchAction\",\"target\":{\"@type\":\"EntryPoint\",\"urlTemplate\":\"http:\/\/pulskasvakodnevnica.com\/?s={search_term_string}\"},\"query-input\":\"required name=search_term_string\"}],\"inLanguage\":\"hr\"},{\"@type\":\"Person\",\"@id\":\"http:\/\/pulskasvakodnevnica.com\/#\/schema\/person\/95941daf7dfab0e8fd012b0d88608a3f\",\"name\":\"Pulska Svakodnevnica\"}]}<\/script>\n<!-- \/ Yoast SEO plugin. -->","yoast_head_json":{"title":"\u017dupan Flego: Istra je danas uspje\u0161na i jaka regija! - Pulska Svakodnevnica","robots":{"index":"index","follow":"follow","max-snippet":"max-snippet:-1","max-image-preview":"max-image-preview:large","max-video-preview":"max-video-preview:-1"},"canonical":"http:\/\/pulskasvakodnevnica.com\/index.php\/2017\/03\/20\/zupan-flego-istra-je-danas-uspjesna-i-jaka-regija\/","og_locale":"hr_HR","og_type":"article","og_title":"\u017dupan Flego: Istra je danas uspje\u0161na i jaka regija! - Pulska Svakodnevnica","og_description":"&nbsp; \u201eUnato\u010d politi\u010dko turbulentnoj 2016. godini u kojoj smo imali tri Vlade i tri premijera, zadovoljan sam u\u010dinjenim. Istra je","og_url":"http:\/\/pulskasvakodnevnica.com\/index.php\/2017\/03\/20\/zupan-flego-istra-je-danas-uspjesna-i-jaka-regija\/","og_site_name":"Pulska Svakodnevnica","article_publisher":"https:\/\/www.facebook.com\/PulskaSvakodnevnicaNews","article_published_time":"2017-03-20T12:09:13+00:00","og_image":[{"width":750,"height":420,"url":"http:\/\/pulskasvakodnevnica.com\/wp-content\/uploads\/2017\/03\/ffl.jpg","type":"image\/jpeg"}],"author":"Pulska Svakodnevnica","twitter_card":"summary_large_image","twitter_misc":{"Napisao\/la":"Pulska Svakodnevnica","Procijenjeno vrijeme \u010ditanja":"3 minute"},"schema":{"@context":"https:\/\/schema.org","@graph":[{"@type":"WebPage","@id":"http:\/\/pulskasvakodnevnica.com\/index.php\/2017\/03\/20\/zupan-flego-istra-je-danas-uspjesna-i-jaka-regija\/","url":"http:\/\/pulskasvakodnevnica.com\/index.php\/2017\/03\/20\/zupan-flego-istra-je-danas-uspjesna-i-jaka-regija\/","name":"\u017dupan Flego: Istra je danas uspje\u0161na i jaka regija! - Pulska Svakodnevnica","isPartOf":{"@id":"http:\/\/pulskasvakodnevnica.com\/#website"},"datePublished":"2017-03-20T12:09:13+00:00","dateModified":"2017-03-20T12:09:13+00:00","author":{"@id":"http:\/\/pulskasvakodnevnica.com\/#\/schema\/person\/95941daf7dfab0e8fd012b0d88608a3f"},"breadcrumb":{"@id":"http:\/\/pulskasvakodnevnica.com\/index.php\/2017\/03\/20\/zupan-flego-istra-je-danas-uspjesna-i-jaka-regija\/#breadcrumb"},"inLanguage":"hr","potentialAction":[{"@type":"ReadAction","target":["http:\/\/pulskasvakodnevnica.com\/index.php\/2017\/03\/20\/zupan-flego-istra-je-danas-uspjesna-i-jaka-regija\/"]}]},{"@type":"BreadcrumbList","@id":"http:\/\/pulskasvakodnevnica.com\/index.php\/2017\/03\/20\/zupan-flego-istra-je-danas-uspjesna-i-jaka-regija\/#breadcrumb","itemListElement":[{"@type":"ListItem","position":1,"name":"Po\u010detna stranica","item":"http:\/\/pulskasvakodnevnica.com\/"},{"@type":"ListItem","position":2,"name":"\u017dupan Flego: Istra je danas uspje\u0161na i jaka regija!"}]},{"@type":"WebSite","@id":"http:\/\/pulskasvakodnevnica.com\/#website","url":"http:\/\/pulskasvakodnevnica.com\/","name":"Pulska Svakodnevnica","description":"Vijesti iz Pule i Istre","potentialAction":[{"@type":"SearchAction","target":{"@type":"EntryPoint","urlTemplate":"http:\/\/pulskasvakodnevnica.com\/?s={search_term_string}"},"query-input":"required name=search_term_string"}],"inLanguage":"hr"},{"@type":"Person","@id":"http:\/\/pulskasvakodnevnica.com\/#\/schema\/person\/95941daf7dfab0e8fd012b0d88608a3f","name":"Pulska Svakodnevnica"}]}},"_links":{"self":[{"href":"http:\/\/pulskasvakodnevnica.com\/index.php\/wp-json\/wp\/v2\/posts\/5101"}],"collection":[{"href":"http:\/\/pulskasvakodnevnica.com\/index.php\/wp-json\/wp\/v2\/posts"}],"about":[{"href":"http:\/\/pulskasvakodnevnica.com\/index.php\/wp-json\/wp\/v2\/types\/post"}],"author":[{"embeddable":true,"href":"http:\/\/pulskasvakodnevnica.com\/index.php\/wp-json\/wp\/v2\/users\/1"}],"replies":[{"embeddable":true,"href":"http:\/\/pulskasvakodnevnica.com\/index.php\/wp-json\/wp\/v2\/comments?post=5101"}],"version-history":[{"count":1,"href":"http:\/\/pulskasvakodnevnica.com\/index.php\/wp-json\/wp\/v2\/posts\/5101\/revisions"}],"predecessor-version":[{"id":5103,"href":"http:\/\/pulskasvakodnevnica.com\/index.php\/wp-json\/wp\/v2\/posts\/5101\/revisions\/5103"}],"wp:featuredmedia":[{"embeddable":true,"href":"http:\/\/pulskasvakodnevnica.com\/index.php\/wp-json\/wp\/v2\/media\/5102"}],"wp:attachment":[{"href":"http:\/\/pulskasvakodnevnica.com\/index.php\/wp-json\/wp\/v2\/media?parent=5101"}],"wp:term":[{"taxonomy":"category","embeddable":true,"href":"http:\/\/pulskasvakodnevnica.com\/index.php\/wp-json\/wp\/v2\/categories?post=5101"},{"taxonomy":"post_tag","embeddable":true,"href":"http:\/\/pulskasvakodnevnica.com\/index.php\/wp-json\/wp\/v2\/tags?post=5101"}],"curies":[{"name":"wp","href":"https:\/\/api.w.org\/{rel}","templated":true}]}}