{"id":5263,"date":"2017-03-27T14:58:32","date_gmt":"2017-03-27T12:58:32","guid":{"rendered":"http:\/\/pulskasvakodnevnica.com\/?p=5263"},"modified":"2017-03-27T14:58:32","modified_gmt":"2017-03-27T12:58:32","slug":"i-ovaj-vikend-teske-prometne-nesrece-na-istarskim-cestama","status":"publish","type":"post","link":"http:\/\/pulskasvakodnevnica.com\/index.php\/2017\/03\/27\/i-ovaj-vikend-teske-prometne-nesrece-na-istarskim-cestama\/","title":{"rendered":"I ovaj vikend te\u0161ke prometne nesre\u0107e na istarskim cestama"},"content":{"rendered":"<p>&nbsp;<\/p>\n<p><strong>Te\u0161ka prometna nesre\u0107a na Vodnjanskoj cesti<\/strong><\/p>\n<p>U subotu, 25. o\u017eujka oko 22.15 sati, na Vodnjanskoj cesti u Puli se dogodila prometna nesre\u0107a u kojoj je jedna osoba smrtno stradala, tri osobe su te\u0161ko ozlije\u0111en, a jedna lak\u0161e.<\/p>\n<p>Nesre\u0107a se dogodila kada je 20-godi\u0161njak upravljao automobilom Opel, pulske registarske oznake, kolnikom Puljske ceste. Dolaskom na raskri\u017eje s dr\u017eavnom cestom DC-75 (Pula-Vodnjan), voza\u010d je u\u0161ao u raskri\u017eje, bez da je prethodno propustio sva vozila koja su se kretala cestom s predno\u0161\u0107u prolaska te se sudario s automobilom Mercedes, pulske registarske oznake,\u00a0 kojim je iz smjera Pule u smjeru Vodnjana upravljao 53-godi\u0161njak. Od siline udarca Mercedes se zarotirao, a Opel je sletio s kolnika. U prometnoj nesre\u0107i je 20-godi\u0161njak preminuo na mjestu doga\u0111aja, dvije 18-godi\u0161nje putnice iz Opela i 20-godi\u0161nja putnica iz Mercedesa te\u0161ko su ozlije\u0111ene, a 20-godi\u0161nja putnica iz Mercedesa je zadobila lak\u0161e ozljede. Tijelo preminulog je po nalogu nadle\u017enog odvjetnika prevezeno na Odjel patologije OB Pula radi obavljanja obdukcije.<\/p>\n<p>Za vrijeme trajanja o\u010devida, od 22.30 do 1.25 sati, promet je bio zatvoren na dijelu Vodnjanske ceste te se odbijao zaobilazno.<\/p>\n<p><strong>\u00a0<\/strong><\/p>\n<p><strong>Te\u0161ko ozlije\u0111en u prometnoj nesre\u0107i<\/strong><\/p>\n<p>U prometnoj nesre\u0107i, koja se dogodila 25. o\u017eujka oko 00.45 sati, u Ulici Komunal u Puli, te\u0161ko je ozlije\u0111en 21-godi\u0161njak. Nesre\u0107a se dogodila kada je 21-godi\u0161njak upravljao automobilom VW, vinkova\u010dke registarske oznake te je zbog neprilago\u0111ene brzine, u zavoju izgubio nadzor na vozilom, sletio s ceste i udario prvo u \u017ei\u010danu oradu, a potom i u stablo. Utvr\u0111eno je da 21-godi\u0161njak nije koristio sigurnosni pojas te da je kao mladi voza\u010d upravljao automobilom pod utjecajem alkohola od 0.87 promila.<\/p>\n<p>Mladi\u0107 je zbog zadobivenih ozljeda prevezen u OB Pula, gdje je utvr\u0111eno da je te\u0161ko ozlije\u0111en. Radi po\u010dinjenja prekr\u0161aja iz Zakona o sigurnosti prometa na cestama, izdat \u0107e mu se prekr\u0161ajni nalog.<\/p>\n<p><strong>\u00a0<\/strong><\/p>\n<p><strong>Pobjegao nakon prometne nesre\u0107e<\/strong><\/p>\n<p>U prometnoj nesre\u0107i, koja se dogodila 25. o\u017eujka oko 20 sati, na Fa\u017eanskoj cesti u Valbandonu, dvije osobe su lak\u0161e ozlije\u0111ene. Nesre\u0107a se dogodila kada je zasad nepoznati voza\u010d upravljao automobilom Audi, pulske registarske oznake, iz smjera Fa\u017eane prema Puli, brzinom dvostruko ve\u0107om od dopu\u0161tene te je zapo\u010deo pretjecati vozilo ispred sebe. U tom je trenutku, uslijed kretanja nepropisne brzinom i nemogu\u0107nosti zaustavljanja, udario u automobil Toyota, pulske registarske oznake, kojim je u istom smjeru upravljala 28-godi\u0161njakinja, a koja je zapo\u010dela skretati u lijevo.<\/p>\n<p>U nesre\u0107i su lak\u0161e ozlije\u0111ene 28-godi\u0161nja voza\u010dica i njena 44-godi\u0161nja suputnica, dok je nepoznati voza\u010d koji je izazvao nesre\u0107u, napustio bolnicu prije nego \u0161to mu je pru\u017eena lije\u010dni\u010dka pomo\u0107 i prije dolaska policijskih slu\u017ebenika.<\/p>\n<p>Policijski slu\u017ebenici poduzimaju radnje na pronalasku nepoznatog voza\u010da.<\/p>\n","protected":false},"excerpt":{"rendered":"<p>&nbsp; Te\u0161ka prometna nesre\u0107a na Vodnjanskoj cesti U subotu, 25. o\u017eujka oko 22.15 sati, na Vodnjanskoj cesti u Puli se<\/p>\n","protected":false},"author":1,"featured_media":4976,"comment_status":"closed","ping_status":"closed","sticky":false,"template":"","format":"standard","meta":{"_mi_skip_tracking":false,"footnotes":""},"categories":[105,1],"tags":[],"yoast_head":"<!-- This site is optimized with the Yoast SEO plugin v20.4 - https:\/\/yoast.com\/wordpress\/plugins\/seo\/ -->\n<title>I ovaj vikend te\u0161ke prometne nesre\u0107e na istarskim cestama - Pulska Svakodnevnica<\/title>\n<meta name=\"robots\" content=\"index, follow, max-snippet:-1, max-image-preview:large, max-video-preview:-1\" \/>\n<link rel=\"canonical\" href=\"http:\/\/pulskasvakodnevnica.com\/index.php\/2017\/03\/27\/i-ovaj-vikend-teske-prometne-nesrece-na-istarskim-cestama\/\" \/>\n<meta property=\"og:locale\" content=\"hr_HR\" \/>\n<meta property=\"og:type\" content=\"article\" \/>\n<meta property=\"og:title\" content=\"I ovaj vikend te\u0161ke prometne nesre\u0107e na istarskim cestama - Pulska Svakodnevnica\" \/>\n<meta property=\"og:description\" content=\"&nbsp; Te\u0161ka prometna nesre\u0107a na Vodnjanskoj cesti U subotu, 25. o\u017eujka oko 22.15 sati, na Vodnjanskoj cesti u Puli se\" \/>\n<meta property=\"og:url\" content=\"http:\/\/pulskasvakodnevnica.com\/index.php\/2017\/03\/27\/i-ovaj-vikend-teske-prometne-nesrece-na-istarskim-cestama\/\" \/>\n<meta property=\"og:site_name\" content=\"Pulska Svakodnevnica\" \/>\n<meta property=\"article:publisher\" content=\"https:\/\/www.facebook.com\/PulskaSvakodnevnicaNews\" \/>\n<meta property=\"article:published_time\" content=\"2017-03-27T12:58:32+00:00\" \/>\n<meta property=\"og:image\" content=\"http:\/\/pulskasvakodnevnica.com\/wp-content\/uploads\/2017\/03\/policija.jpg\" \/>\n\t<meta property=\"og:image:width\" content=\"750\" \/>\n\t<meta property=\"og:image:height\" content=\"419\" \/>\n\t<meta property=\"og:image:type\" content=\"image\/jpeg\" \/>\n<meta name=\"author\" content=\"Pulska Svakodnevnica\" \/>\n<meta name=\"twitter:card\" content=\"summary_large_image\" \/>\n<meta name=\"twitter:label1\" content=\"Napisao\/la\" \/>\n\t<meta name=\"twitter:data1\" content=\"Pulska Svakodnevnica\" \/>\n\t<meta name=\"twitter:label2\" content=\"Procijenjeno vrijeme \u010ditanja\" \/>\n\t<meta name=\"twitter:data2\" content=\"2 minute\" \/>\n<script type=\"application\/ld+json\" class=\"yoast-schema-graph\">{\"@context\":\"https:\/\/schema.org\",\"@graph\":[{\"@type\":\"WebPage\",\"@id\":\"http:\/\/pulskasvakodnevnica.com\/index.php\/2017\/03\/27\/i-ovaj-vikend-teske-prometne-nesrece-na-istarskim-cestama\/\",\"url\":\"http:\/\/pulskasvakodnevnica.com\/index.php\/2017\/03\/27\/i-ovaj-vikend-teske-prometne-nesrece-na-istarskim-cestama\/\",\"name\":\"I ovaj vikend te\u0161ke prometne nesre\u0107e na istarskim cestama - Pulska Svakodnevnica\",\"isPartOf\":{\"@id\":\"http:\/\/pulskasvakodnevnica.com\/#website\"},\"datePublished\":\"2017-03-27T12:58:32+00:00\",\"dateModified\":\"2017-03-27T12:58:32+00:00\",\"author\":{\"@id\":\"http:\/\/pulskasvakodnevnica.com\/#\/schema\/person\/95941daf7dfab0e8fd012b0d88608a3f\"},\"breadcrumb\":{\"@id\":\"http:\/\/pulskasvakodnevnica.com\/index.php\/2017\/03\/27\/i-ovaj-vikend-teske-prometne-nesrece-na-istarskim-cestama\/#breadcrumb\"},\"inLanguage\":\"hr\",\"potentialAction\":[{\"@type\":\"ReadAction\",\"target\":[\"http:\/\/pulskasvakodnevnica.com\/index.php\/2017\/03\/27\/i-ovaj-vikend-teske-prometne-nesrece-na-istarskim-cestama\/\"]}]},{\"@type\":\"BreadcrumbList\",\"@id\":\"http:\/\/pulskasvakodnevnica.com\/index.php\/2017\/03\/27\/i-ovaj-vikend-teske-prometne-nesrece-na-istarskim-cestama\/#breadcrumb\",\"itemListElement\":[{\"@type\":\"ListItem\",\"position\":1,\"name\":\"Po\u010detna stranica\",\"item\":\"http:\/\/pulskasvakodnevnica.com\/\"},{\"@type\":\"ListItem\",\"position\":2,\"name\":\"I ovaj vikend te\u0161ke prometne nesre\u0107e na istarskim cestama\"}]},{\"@type\":\"WebSite\",\"@id\":\"http:\/\/pulskasvakodnevnica.com\/#website\",\"url\":\"http:\/\/pulskasvakodnevnica.com\/\",\"name\":\"Pulska Svakodnevnica\",\"description\":\"Vijesti iz Pule i Istre\",\"potentialAction\":[{\"@type\":\"SearchAction\",\"target\":{\"@type\":\"EntryPoint\",\"urlTemplate\":\"http:\/\/pulskasvakodnevnica.com\/?s={search_term_string}\"},\"query-input\":\"required name=search_term_string\"}],\"inLanguage\":\"hr\"},{\"@type\":\"Person\",\"@id\":\"http:\/\/pulskasvakodnevnica.com\/#\/schema\/person\/95941daf7dfab0e8fd012b0d88608a3f\",\"name\":\"Pulska Svakodnevnica\"}]}<\/script>\n<!-- \/ Yoast SEO plugin. -->","yoast_head_json":{"title":"I ovaj vikend te\u0161ke prometne nesre\u0107e na istarskim cestama - Pulska Svakodnevnica","robots":{"index":"index","follow":"follow","max-snippet":"max-snippet:-1","max-image-preview":"max-image-preview:large","max-video-preview":"max-video-preview:-1"},"canonical":"http:\/\/pulskasvakodnevnica.com\/index.php\/2017\/03\/27\/i-ovaj-vikend-teske-prometne-nesrece-na-istarskim-cestama\/","og_locale":"hr_HR","og_type":"article","og_title":"I ovaj vikend te\u0161ke prometne nesre\u0107e na istarskim cestama - Pulska Svakodnevnica","og_description":"&nbsp; Te\u0161ka prometna nesre\u0107a na Vodnjanskoj cesti U subotu, 25. o\u017eujka oko 22.15 sati, na Vodnjanskoj cesti u Puli se","og_url":"http:\/\/pulskasvakodnevnica.com\/index.php\/2017\/03\/27\/i-ovaj-vikend-teske-prometne-nesrece-na-istarskim-cestama\/","og_site_name":"Pulska Svakodnevnica","article_publisher":"https:\/\/www.facebook.com\/PulskaSvakodnevnicaNews","article_published_time":"2017-03-27T12:58:32+00:00","og_image":[{"width":750,"height":419,"url":"http:\/\/pulskasvakodnevnica.com\/wp-content\/uploads\/2017\/03\/policija.jpg","type":"image\/jpeg"}],"author":"Pulska Svakodnevnica","twitter_card":"summary_large_image","twitter_misc":{"Napisao\/la":"Pulska Svakodnevnica","Procijenjeno vrijeme \u010ditanja":"2 minute"},"schema":{"@context":"https:\/\/schema.org","@graph":[{"@type":"WebPage","@id":"http:\/\/pulskasvakodnevnica.com\/index.php\/2017\/03\/27\/i-ovaj-vikend-teske-prometne-nesrece-na-istarskim-cestama\/","url":"http:\/\/pulskasvakodnevnica.com\/index.php\/2017\/03\/27\/i-ovaj-vikend-teske-prometne-nesrece-na-istarskim-cestama\/","name":"I ovaj vikend te\u0161ke prometne nesre\u0107e na istarskim cestama - Pulska Svakodnevnica","isPartOf":{"@id":"http:\/\/pulskasvakodnevnica.com\/#website"},"datePublished":"2017-03-27T12:58:32+00:00","dateModified":"2017-03-27T12:58:32+00:00","author":{"@id":"http:\/\/pulskasvakodnevnica.com\/#\/schema\/person\/95941daf7dfab0e8fd012b0d88608a3f"},"breadcrumb":{"@id":"http:\/\/pulskasvakodnevnica.com\/index.php\/2017\/03\/27\/i-ovaj-vikend-teske-prometne-nesrece-na-istarskim-cestama\/#breadcrumb"},"inLanguage":"hr","potentialAction":[{"@type":"ReadAction","target":["http:\/\/pulskasvakodnevnica.com\/index.php\/2017\/03\/27\/i-ovaj-vikend-teske-prometne-nesrece-na-istarskim-cestama\/"]}]},{"@type":"BreadcrumbList","@id":"http:\/\/pulskasvakodnevnica.com\/index.php\/2017\/03\/27\/i-ovaj-vikend-teske-prometne-nesrece-na-istarskim-cestama\/#breadcrumb","itemListElement":[{"@type":"ListItem","position":1,"name":"Po\u010detna stranica","item":"http:\/\/pulskasvakodnevnica.com\/"},{"@type":"ListItem","position":2,"name":"I ovaj vikend te\u0161ke prometne nesre\u0107e na istarskim cestama"}]},{"@type":"WebSite","@id":"http:\/\/pulskasvakodnevnica.com\/#website","url":"http:\/\/pulskasvakodnevnica.com\/","name":"Pulska Svakodnevnica","description":"Vijesti iz Pule i Istre","potentialAction":[{"@type":"SearchAction","target":{"@type":"EntryPoint","urlTemplate":"http:\/\/pulskasvakodnevnica.com\/?s={search_term_string}"},"query-input":"required name=search_term_string"}],"inLanguage":"hr"},{"@type":"Person","@id":"http:\/\/pulskasvakodnevnica.com\/#\/schema\/person\/95941daf7dfab0e8fd012b0d88608a3f","name":"Pulska Svakodnevnica"}]}},"_links":{"self":[{"href":"http:\/\/pulskasvakodnevnica.com\/index.php\/wp-json\/wp\/v2\/posts\/5263"}],"collection":[{"href":"http:\/\/pulskasvakodnevnica.com\/index.php\/wp-json\/wp\/v2\/posts"}],"about":[{"href":"http:\/\/pulskasvakodnevnica.com\/index.php\/wp-json\/wp\/v2\/types\/post"}],"author":[{"embeddable":true,"href":"http:\/\/pulskasvakodnevnica.com\/index.php\/wp-json\/wp\/v2\/users\/1"}],"replies":[{"embeddable":true,"href":"http:\/\/pulskasvakodnevnica.com\/index.php\/wp-json\/wp\/v2\/comments?post=5263"}],"version-history":[{"count":1,"href":"http:\/\/pulskasvakodnevnica.com\/index.php\/wp-json\/wp\/v2\/posts\/5263\/revisions"}],"predecessor-version":[{"id":5264,"href":"http:\/\/pulskasvakodnevnica.com\/index.php\/wp-json\/wp\/v2\/posts\/5263\/revisions\/5264"}],"wp:featuredmedia":[{"embeddable":true,"href":"http:\/\/pulskasvakodnevnica.com\/index.php\/wp-json\/wp\/v2\/media\/4976"}],"wp:attachment":[{"href":"http:\/\/pulskasvakodnevnica.com\/index.php\/wp-json\/wp\/v2\/media?parent=5263"}],"wp:term":[{"taxonomy":"category","embeddable":true,"href":"http:\/\/pulskasvakodnevnica.com\/index.php\/wp-json\/wp\/v2\/categories?post=5263"},{"taxonomy":"post_tag","embeddable":true,"href":"http:\/\/pulskasvakodnevnica.com\/index.php\/wp-json\/wp\/v2\/tags?post=5263"}],"curies":[{"name":"wp","href":"https:\/\/api.w.org\/{rel}","templated":true}]}}