{"id":9988,"date":"2017-12-11T11:04:38","date_gmt":"2017-12-11T10:04:38","guid":{"rendered":"http:\/\/pulskasvakodnevnica.com\/?p=9988"},"modified":"2017-12-11T11:04:38","modified_gmt":"2017-12-11T10:04:38","slug":"predavanje-na-temu-buducnost-europe-i-izazovi-europske-unije","status":"publish","type":"post","link":"http:\/\/pulskasvakodnevnica.com\/index.php\/2017\/12\/11\/predavanje-na-temu-buducnost-europe-i-izazovi-europske-unije\/","title":{"rendered":"Predavanje na temu &#8220;Budu\u0107nost Europe i izazovi Europske unije&#8221;"},"content":{"rendered":"<p>&nbsp;<\/p>\n<p>Predstavni\u0161tvo Europske komisije u\u00a0<a href=\"https:\/\/ec.europa.eu\/croatia\/home_hr\">Hrvatskoj<\/a>\u00a0u suradnji s Sveu\u010dili\u0161tem Jurja Dobrile, FET &#8220;Dr. Mijo Mirkovi\u0107&#8221;, Gradom Pula \u00a0i Europe Direct Informacijskim centrom Pula-Pola organizirali su danas predavanje na temu &#8220;Budu\u0107nost Europe i izazovi Europske unije&#8221; namijenjeno u\u010denicima srednjih \u0161kola.<\/p>\n<p>Predavanje je odr\u017eala Mirella Ra\u0161i\u0107, zamjenica voditelja Predstavni\u0161tva Europske komisije u Hrvatskoj na pulskom Sveu\u010dili\u0161tu Jurja Dobrile.<\/p>\n<p>U ime Grada Pule prisutne je pozdravila zamjenica gradona\u010delnika Elena Puh Belci\u00a0zahvaliv\u0161i gospo\u0111i Mirelli Ra\u0161i\u0107 na dolasku u Pulu.<\/p>\n<p>\u201e\u010cast mi je i zadovoljstvo pozdraviti zamjenicu voditelja Predstavni\u0161tva Europske komisije u Hrvatskoj, g\u0111u.Ra\u0161i\u0107, u ime gradona\u010delnika Borisa Mileti\u0107a i svoje osobno.<\/p>\n<p>Svima vama koji ste se odazvali na ovo predavanje \u017eelim aktivan anga\u017eman, da iskorisitite priliku saznat \u0161to vi\u0161e o Uniji.<\/p>\n<p>Zajedno budimo optimisti za Europu ispunjenu nadom i vjerom \u00a0u bolje sutra.\u201c Kazala je Puh Belci.<\/p>\n","protected":false},"excerpt":{"rendered":"<p>&nbsp; Predstavni\u0161tvo Europske komisije u\u00a0Hrvatskoj\u00a0u suradnji s Sveu\u010dili\u0161tem Jurja Dobrile, FET &#8220;Dr. Mijo Mirkovi\u0107&#8221;, Gradom Pula \u00a0i Europe Direct Informacijskim<\/p>\n","protected":false},"author":1,"featured_media":9989,"comment_status":"closed","ping_status":"closed","sticky":false,"template":"","format":"standard","meta":{"_mi_skip_tracking":false,"footnotes":""},"categories":[1,99],"tags":[],"yoast_head":"<!-- This site is optimized with the Yoast SEO plugin v20.4 - https:\/\/yoast.com\/wordpress\/plugins\/seo\/ -->\n<title>Predavanje na temu &quot;Budu\u0107nost Europe i izazovi Europske unije&quot; - Pulska Svakodnevnica<\/title>\n<meta name=\"robots\" content=\"index, follow, max-snippet:-1, max-image-preview:large, max-video-preview:-1\" \/>\n<link rel=\"canonical\" href=\"http:\/\/pulskasvakodnevnica.com\/index.php\/2017\/12\/11\/predavanje-na-temu-buducnost-europe-i-izazovi-europske-unije\/\" \/>\n<meta property=\"og:locale\" content=\"hr_HR\" \/>\n<meta property=\"og:type\" content=\"article\" \/>\n<meta property=\"og:title\" content=\"Predavanje na temu &quot;Budu\u0107nost Europe i izazovi Europske unije&quot; - Pulska Svakodnevnica\" \/>\n<meta property=\"og:description\" content=\"&nbsp; Predstavni\u0161tvo Europske komisije u\u00a0Hrvatskoj\u00a0u suradnji s Sveu\u010dili\u0161tem Jurja Dobrile, FET &#8220;Dr. Mijo Mirkovi\u0107&#8221;, Gradom Pula \u00a0i Europe Direct Informacijskim\" \/>\n<meta property=\"og:url\" content=\"http:\/\/pulskasvakodnevnica.com\/index.php\/2017\/12\/11\/predavanje-na-temu-buducnost-europe-i-izazovi-europske-unije\/\" \/>\n<meta property=\"og:site_name\" content=\"Pulska Svakodnevnica\" \/>\n<meta property=\"article:publisher\" content=\"https:\/\/www.facebook.com\/PulskaSvakodnevnicaNews\" \/>\n<meta property=\"article:published_time\" content=\"2017-12-11T10:04:38+00:00\" \/>\n<meta property=\"og:image\" content=\"http:\/\/pulskasvakodnevnica.com\/wp-content\/uploads\/2017\/12\/DSC_0161.jpg\" \/>\n\t<meta property=\"og:image:width\" content=\"750\" \/>\n\t<meta property=\"og:image:height\" content=\"418\" \/>\n\t<meta property=\"og:image:type\" content=\"image\/jpeg\" \/>\n<meta name=\"author\" content=\"Pulska Svakodnevnica\" \/>\n<meta name=\"twitter:card\" content=\"summary_large_image\" \/>\n<meta name=\"twitter:label1\" content=\"Napisao\/la\" \/>\n\t<meta name=\"twitter:data1\" content=\"Pulska Svakodnevnica\" \/>\n\t<meta name=\"twitter:label2\" content=\"Procijenjeno vrijeme \u010ditanja\" \/>\n\t<meta name=\"twitter:data2\" content=\"1 minuta\" \/>\n<script type=\"application\/ld+json\" class=\"yoast-schema-graph\">{\"@context\":\"https:\/\/schema.org\",\"@graph\":[{\"@type\":\"WebPage\",\"@id\":\"http:\/\/pulskasvakodnevnica.com\/index.php\/2017\/12\/11\/predavanje-na-temu-buducnost-europe-i-izazovi-europske-unije\/\",\"url\":\"http:\/\/pulskasvakodnevnica.com\/index.php\/2017\/12\/11\/predavanje-na-temu-buducnost-europe-i-izazovi-europske-unije\/\",\"name\":\"Predavanje na temu \\\"Budu\u0107nost Europe i izazovi Europske unije\\\" - Pulska Svakodnevnica\",\"isPartOf\":{\"@id\":\"http:\/\/pulskasvakodnevnica.com\/#website\"},\"datePublished\":\"2017-12-11T10:04:38+00:00\",\"dateModified\":\"2017-12-11T10:04:38+00:00\",\"author\":{\"@id\":\"http:\/\/pulskasvakodnevnica.com\/#\/schema\/person\/95941daf7dfab0e8fd012b0d88608a3f\"},\"breadcrumb\":{\"@id\":\"http:\/\/pulskasvakodnevnica.com\/index.php\/2017\/12\/11\/predavanje-na-temu-buducnost-europe-i-izazovi-europske-unije\/#breadcrumb\"},\"inLanguage\":\"hr\",\"potentialAction\":[{\"@type\":\"ReadAction\",\"target\":[\"http:\/\/pulskasvakodnevnica.com\/index.php\/2017\/12\/11\/predavanje-na-temu-buducnost-europe-i-izazovi-europske-unije\/\"]}]},{\"@type\":\"BreadcrumbList\",\"@id\":\"http:\/\/pulskasvakodnevnica.com\/index.php\/2017\/12\/11\/predavanje-na-temu-buducnost-europe-i-izazovi-europske-unije\/#breadcrumb\",\"itemListElement\":[{\"@type\":\"ListItem\",\"position\":1,\"name\":\"Po\u010detna stranica\",\"item\":\"http:\/\/pulskasvakodnevnica.com\/\"},{\"@type\":\"ListItem\",\"position\":2,\"name\":\"Predavanje na temu &#8220;Budu\u0107nost Europe i izazovi Europske unije&#8221;\"}]},{\"@type\":\"WebSite\",\"@id\":\"http:\/\/pulskasvakodnevnica.com\/#website\",\"url\":\"http:\/\/pulskasvakodnevnica.com\/\",\"name\":\"Pulska Svakodnevnica\",\"description\":\"Vijesti iz Pule i Istre\",\"potentialAction\":[{\"@type\":\"SearchAction\",\"target\":{\"@type\":\"EntryPoint\",\"urlTemplate\":\"http:\/\/pulskasvakodnevnica.com\/?s={search_term_string}\"},\"query-input\":\"required name=search_term_string\"}],\"inLanguage\":\"hr\"},{\"@type\":\"Person\",\"@id\":\"http:\/\/pulskasvakodnevnica.com\/#\/schema\/person\/95941daf7dfab0e8fd012b0d88608a3f\",\"name\":\"Pulska Svakodnevnica\"}]}<\/script>\n<!-- \/ Yoast SEO plugin. -->","yoast_head_json":{"title":"Predavanje na temu \"Budu\u0107nost Europe i izazovi Europske unije\" - Pulska Svakodnevnica","robots":{"index":"index","follow":"follow","max-snippet":"max-snippet:-1","max-image-preview":"max-image-preview:large","max-video-preview":"max-video-preview:-1"},"canonical":"http:\/\/pulskasvakodnevnica.com\/index.php\/2017\/12\/11\/predavanje-na-temu-buducnost-europe-i-izazovi-europske-unije\/","og_locale":"hr_HR","og_type":"article","og_title":"Predavanje na temu \"Budu\u0107nost Europe i izazovi Europske unije\" - Pulska Svakodnevnica","og_description":"&nbsp; Predstavni\u0161tvo Europske komisije u\u00a0Hrvatskoj\u00a0u suradnji s Sveu\u010dili\u0161tem Jurja Dobrile, FET &#8220;Dr. Mijo Mirkovi\u0107&#8221;, Gradom Pula \u00a0i Europe Direct Informacijskim","og_url":"http:\/\/pulskasvakodnevnica.com\/index.php\/2017\/12\/11\/predavanje-na-temu-buducnost-europe-i-izazovi-europske-unije\/","og_site_name":"Pulska Svakodnevnica","article_publisher":"https:\/\/www.facebook.com\/PulskaSvakodnevnicaNews","article_published_time":"2017-12-11T10:04:38+00:00","og_image":[{"width":750,"height":418,"url":"http:\/\/pulskasvakodnevnica.com\/wp-content\/uploads\/2017\/12\/DSC_0161.jpg","type":"image\/jpeg"}],"author":"Pulska Svakodnevnica","twitter_card":"summary_large_image","twitter_misc":{"Napisao\/la":"Pulska Svakodnevnica","Procijenjeno vrijeme \u010ditanja":"1 minuta"},"schema":{"@context":"https:\/\/schema.org","@graph":[{"@type":"WebPage","@id":"http:\/\/pulskasvakodnevnica.com\/index.php\/2017\/12\/11\/predavanje-na-temu-buducnost-europe-i-izazovi-europske-unije\/","url":"http:\/\/pulskasvakodnevnica.com\/index.php\/2017\/12\/11\/predavanje-na-temu-buducnost-europe-i-izazovi-europske-unije\/","name":"Predavanje na temu \"Budu\u0107nost Europe i izazovi Europske unije\" - Pulska Svakodnevnica","isPartOf":{"@id":"http:\/\/pulskasvakodnevnica.com\/#website"},"datePublished":"2017-12-11T10:04:38+00:00","dateModified":"2017-12-11T10:04:38+00:00","author":{"@id":"http:\/\/pulskasvakodnevnica.com\/#\/schema\/person\/95941daf7dfab0e8fd012b0d88608a3f"},"breadcrumb":{"@id":"http:\/\/pulskasvakodnevnica.com\/index.php\/2017\/12\/11\/predavanje-na-temu-buducnost-europe-i-izazovi-europske-unije\/#breadcrumb"},"inLanguage":"hr","potentialAction":[{"@type":"ReadAction","target":["http:\/\/pulskasvakodnevnica.com\/index.php\/2017\/12\/11\/predavanje-na-temu-buducnost-europe-i-izazovi-europske-unije\/"]}]},{"@type":"BreadcrumbList","@id":"http:\/\/pulskasvakodnevnica.com\/index.php\/2017\/12\/11\/predavanje-na-temu-buducnost-europe-i-izazovi-europske-unije\/#breadcrumb","itemListElement":[{"@type":"ListItem","position":1,"name":"Po\u010detna stranica","item":"http:\/\/pulskasvakodnevnica.com\/"},{"@type":"ListItem","position":2,"name":"Predavanje na temu &#8220;Budu\u0107nost Europe i izazovi Europske unije&#8221;"}]},{"@type":"WebSite","@id":"http:\/\/pulskasvakodnevnica.com\/#website","url":"http:\/\/pulskasvakodnevnica.com\/","name":"Pulska Svakodnevnica","description":"Vijesti iz Pule i Istre","potentialAction":[{"@type":"SearchAction","target":{"@type":"EntryPoint","urlTemplate":"http:\/\/pulskasvakodnevnica.com\/?s={search_term_string}"},"query-input":"required name=search_term_string"}],"inLanguage":"hr"},{"@type":"Person","@id":"http:\/\/pulskasvakodnevnica.com\/#\/schema\/person\/95941daf7dfab0e8fd012b0d88608a3f","name":"Pulska Svakodnevnica"}]}},"_links":{"self":[{"href":"http:\/\/pulskasvakodnevnica.com\/index.php\/wp-json\/wp\/v2\/posts\/9988"}],"collection":[{"href":"http:\/\/pulskasvakodnevnica.com\/index.php\/wp-json\/wp\/v2\/posts"}],"about":[{"href":"http:\/\/pulskasvakodnevnica.com\/index.php\/wp-json\/wp\/v2\/types\/post"}],"author":[{"embeddable":true,"href":"http:\/\/pulskasvakodnevnica.com\/index.php\/wp-json\/wp\/v2\/users\/1"}],"replies":[{"embeddable":true,"href":"http:\/\/pulskasvakodnevnica.com\/index.php\/wp-json\/wp\/v2\/comments?post=9988"}],"version-history":[{"count":1,"href":"http:\/\/pulskasvakodnevnica.com\/index.php\/wp-json\/wp\/v2\/posts\/9988\/revisions"}],"predecessor-version":[{"id":9990,"href":"http:\/\/pulskasvakodnevnica.com\/index.php\/wp-json\/wp\/v2\/posts\/9988\/revisions\/9990"}],"wp:featuredmedia":[{"embeddable":true,"href":"http:\/\/pulskasvakodnevnica.com\/index.php\/wp-json\/wp\/v2\/media\/9989"}],"wp:attachment":[{"href":"http:\/\/pulskasvakodnevnica.com\/index.php\/wp-json\/wp\/v2\/media?parent=9988"}],"wp:term":[{"taxonomy":"category","embeddable":true,"href":"http:\/\/pulskasvakodnevnica.com\/index.php\/wp-json\/wp\/v2\/categories?post=9988"},{"taxonomy":"post_tag","embeddable":true,"href":"http:\/\/pulskasvakodnevnica.com\/index.php\/wp-json\/wp\/v2\/tags?post=9988"}],"curies":[{"name":"wp","href":"https:\/\/api.w.org\/{rel}","templated":true}]}}