{"id":9991,"date":"2017-12-11T19:03:22","date_gmt":"2017-12-11T18:03:22","guid":{"rendered":"http:\/\/pulskasvakodnevnica.com\/?p=9991"},"modified":"2017-12-11T19:06:44","modified_gmt":"2017-12-11T18:06:44","slug":"nacelnik-opcine-medulin-primio-bornu-zohila-povodom-osvajanja-medalja-na-svjetskim-igrama-u-portugalu","status":"publish","type":"post","link":"http:\/\/pulskasvakodnevnica.com\/index.php\/2017\/12\/11\/nacelnik-opcine-medulin-primio-bornu-zohila-povodom-osvajanja-medalja-na-svjetskim-igrama-u-portugalu\/","title":{"rendered":"Na\u010delnik Op\u0107ine Medulin primio Bornu Zohila povodom osvajanja medalja na Svjetskim igrama u Portugalu"},"content":{"rendered":"<p>&nbsp;<\/p>\n<p>Na\u010delnik Op\u0107ine Medulin Goran Bui\u0107 primio je stolnotenisa\u010da Bornu Zohila povodom osvajanja \u010dak dvije medalje\u00a0 na Svjetskim igrama osoba s invaliditetom u Portugalu.<\/p>\n<p>IWAS World Games 2017 Faro, odr\u017eane su u Portugalu od 30. 11. do 6.12., a Borna Zohil osvojio je 3. mjesto pojedina\u010dno te 2. mjesto ekipno. Borna Zohil do\u0161ao je u pratnji roditelja te predsjednika kluba Darka \u0160plajta, a u ime Op\u0107ine<br \/>\nMedulin Bornu je primio na\u010delnik Goran Bui\u0107 te pro\u010delnica Suzana Racan Stern koja je ujedno i predsjednica \u017eenskog stolnoteniskog kluba Pula. Na\u010delnik Goran Bui\u0107 \u010destitao je Borni na izvrsnom rezultatu, a naglasio je da su \u010destitke i u<br \/>\nime svih mje\u0161tana Pomera, ali i op\u0107ine Medulin. Kao iznena\u0111enje za Bornu Op\u0107ina Medulin pripremila mu je tortu u obliku reketa, a na\u010delnik mu je uru\u010dio i majicu sa natpisom Op\u0107ine Medulin i Borninim inicijalima.<\/p>\n<p>Predsjednik kluba Darko \u0160plajt naglasio je da je Bornin uspjeh tim ve\u0107i obzirom da se natjecao u kategoriji sa seniorima koji su bili mnogo stariji od njega, a Borna ima samo 11 godina.<br \/>\n\u201eU kategoriji seniora nau\u010deni smo gledati starije igra\u010de, a ne ovako mlade kao Borna, mogu re\u0107i da je jo\u0161 dugi put pred njim, a njegovi rezultati govore sami u ime kluba\u201c rekao je predsjednik kluba te zahvalio svim donatorima, a osobito Op\u0107ini Medulin koja podr\u017eava njihov rad. Borna je na Svjetskim igrama predstavljao reprezentaciju Hrvatske, a osvojiv\u0161i 2. i 3. mjesto u\u010dinio je ponosnim ne samo roditelje ve\u0107 i klub te cijelu op\u0107inu Medulin. Borna Zohil jedanaestogodi\u0161njak iz Pomera \u010dlan je Stolnoteniskog kluba Pula, a u 2017. godini postigao je niz vrhunskih rezultata. Tako je na prvenstvu Hrvatske za seniore u Splitu osvojio 2. mjesto, u Genovi na europskim igrama mladih 3. mjesto ekipno za reperezentaciju Hrvatske. Borna trenira tek 3 godine, a zapo\u010deo je trenirati u Banjolama kada je klub odr\u017eavao treninge u Op\u0107ini Medulin, a obzirom na zainteresiranost nadaju se ponovo otvoriti podru\u017enicu kluba u Medulinu i Banjolama \u010dim stvore uvjete unutar kluba.<\/p>\n<p>Borna trenira svaki dan minimalno 2 sata, a polazi i 5 razred Osnovne \u0161kole \u201eDr. Mate Demarina\u201c u Medulinu gdje ostvaruje odli\u010dan uspjeh. Najdra\u017ei predmet u \u0161koli mu je geografija, a najvi\u0161e se veseli treninzima i turnirima koje ima gotovo svaki vikend, a \u010desto zbog obveza izostaje iz \u0161kole. Bornin otac pozvao je sve profesore i u\u010ditelje da svojim razumijevanjem podr\u017ee mlade sporta\u0161e na njihovom sportskom putu.<\/p>\n","protected":false},"excerpt":{"rendered":"<p>&nbsp; Na\u010delnik Op\u0107ine Medulin Goran Bui\u0107 primio je stolnotenisa\u010da Bornu Zohila povodom osvajanja \u010dak dvije medalje\u00a0 na Svjetskim igrama osoba<\/p>\n","protected":false},"author":1,"featured_media":9992,"comment_status":"closed","ping_status":"closed","sticky":false,"template":"","format":"standard","meta":{"_mi_skip_tracking":false,"footnotes":""},"categories":[84,1,87],"tags":[],"yoast_head":"<!-- This site is optimized with the Yoast SEO plugin v20.4 - https:\/\/yoast.com\/wordpress\/plugins\/seo\/ -->\n<title>Na\u010delnik Op\u0107ine Medulin primio Bornu Zohila povodom osvajanja medalja na Svjetskim igrama u Portugalu - Pulska Svakodnevnica<\/title>\n<meta name=\"robots\" content=\"index, follow, max-snippet:-1, max-image-preview:large, max-video-preview:-1\" \/>\n<link rel=\"canonical\" href=\"http:\/\/pulskasvakodnevnica.com\/index.php\/2017\/12\/11\/nacelnik-opcine-medulin-primio-bornu-zohila-povodom-osvajanja-medalja-na-svjetskim-igrama-u-portugalu\/\" \/>\n<meta property=\"og:locale\" content=\"hr_HR\" \/>\n<meta property=\"og:type\" content=\"article\" \/>\n<meta property=\"og:title\" content=\"Na\u010delnik Op\u0107ine Medulin primio Bornu Zohila povodom osvajanja medalja na Svjetskim igrama u Portugalu - Pulska Svakodnevnica\" \/>\n<meta property=\"og:description\" content=\"&nbsp; Na\u010delnik Op\u0107ine Medulin Goran Bui\u0107 primio je stolnotenisa\u010da Bornu Zohila povodom osvajanja \u010dak dvije medalje\u00a0 na Svjetskim igrama osoba\" \/>\n<meta property=\"og:url\" content=\"http:\/\/pulskasvakodnevnica.com\/index.php\/2017\/12\/11\/nacelnik-opcine-medulin-primio-bornu-zohila-povodom-osvajanja-medalja-na-svjetskim-igrama-u-portugalu\/\" \/>\n<meta property=\"og:site_name\" content=\"Pulska Svakodnevnica\" \/>\n<meta property=\"article:publisher\" content=\"https:\/\/www.facebook.com\/PulskaSvakodnevnicaNews\" \/>\n<meta property=\"article:published_time\" content=\"2017-12-11T18:03:22+00:00\" \/>\n<meta property=\"article:modified_time\" content=\"2017-12-11T18:06:44+00:00\" \/>\n<meta property=\"og:image\" content=\"http:\/\/pulskasvakodnevnica.com\/wp-content\/uploads\/2017\/12\/05-4-prijem-Borna-Zohil-1024x644.jpg\" \/>\n\t<meta property=\"og:image:width\" content=\"750\" \/>\n\t<meta property=\"og:image:height\" content=\"419\" \/>\n\t<meta property=\"og:image:type\" content=\"image\/jpeg\" \/>\n<meta name=\"author\" content=\"Pulska Svakodnevnica\" \/>\n<meta name=\"twitter:card\" content=\"summary_large_image\" \/>\n<meta name=\"twitter:label1\" content=\"Napisao\/la\" \/>\n\t<meta name=\"twitter:data1\" content=\"Pulska Svakodnevnica\" \/>\n\t<meta name=\"twitter:label2\" content=\"Procijenjeno vrijeme \u010ditanja\" \/>\n\t<meta name=\"twitter:data2\" content=\"2 minute\" \/>\n<script type=\"application\/ld+json\" class=\"yoast-schema-graph\">{\"@context\":\"https:\/\/schema.org\",\"@graph\":[{\"@type\":\"WebPage\",\"@id\":\"http:\/\/pulskasvakodnevnica.com\/index.php\/2017\/12\/11\/nacelnik-opcine-medulin-primio-bornu-zohila-povodom-osvajanja-medalja-na-svjetskim-igrama-u-portugalu\/\",\"url\":\"http:\/\/pulskasvakodnevnica.com\/index.php\/2017\/12\/11\/nacelnik-opcine-medulin-primio-bornu-zohila-povodom-osvajanja-medalja-na-svjetskim-igrama-u-portugalu\/\",\"name\":\"Na\u010delnik Op\u0107ine Medulin primio Bornu Zohila povodom osvajanja medalja na Svjetskim igrama u Portugalu - Pulska Svakodnevnica\",\"isPartOf\":{\"@id\":\"http:\/\/pulskasvakodnevnica.com\/#website\"},\"datePublished\":\"2017-12-11T18:03:22+00:00\",\"dateModified\":\"2017-12-11T18:06:44+00:00\",\"author\":{\"@id\":\"http:\/\/pulskasvakodnevnica.com\/#\/schema\/person\/95941daf7dfab0e8fd012b0d88608a3f\"},\"breadcrumb\":{\"@id\":\"http:\/\/pulskasvakodnevnica.com\/index.php\/2017\/12\/11\/nacelnik-opcine-medulin-primio-bornu-zohila-povodom-osvajanja-medalja-na-svjetskim-igrama-u-portugalu\/#breadcrumb\"},\"inLanguage\":\"hr\",\"potentialAction\":[{\"@type\":\"ReadAction\",\"target\":[\"http:\/\/pulskasvakodnevnica.com\/index.php\/2017\/12\/11\/nacelnik-opcine-medulin-primio-bornu-zohila-povodom-osvajanja-medalja-na-svjetskim-igrama-u-portugalu\/\"]}]},{\"@type\":\"BreadcrumbList\",\"@id\":\"http:\/\/pulskasvakodnevnica.com\/index.php\/2017\/12\/11\/nacelnik-opcine-medulin-primio-bornu-zohila-povodom-osvajanja-medalja-na-svjetskim-igrama-u-portugalu\/#breadcrumb\",\"itemListElement\":[{\"@type\":\"ListItem\",\"position\":1,\"name\":\"Po\u010detna stranica\",\"item\":\"http:\/\/pulskasvakodnevnica.com\/\"},{\"@type\":\"ListItem\",\"position\":2,\"name\":\"Na\u010delnik Op\u0107ine Medulin primio Bornu Zohila povodom osvajanja medalja na Svjetskim igrama u Portugalu\"}]},{\"@type\":\"WebSite\",\"@id\":\"http:\/\/pulskasvakodnevnica.com\/#website\",\"url\":\"http:\/\/pulskasvakodnevnica.com\/\",\"name\":\"Pulska Svakodnevnica\",\"description\":\"Vijesti iz Pule i Istre\",\"potentialAction\":[{\"@type\":\"SearchAction\",\"target\":{\"@type\":\"EntryPoint\",\"urlTemplate\":\"http:\/\/pulskasvakodnevnica.com\/?s={search_term_string}\"},\"query-input\":\"required name=search_term_string\"}],\"inLanguage\":\"hr\"},{\"@type\":\"Person\",\"@id\":\"http:\/\/pulskasvakodnevnica.com\/#\/schema\/person\/95941daf7dfab0e8fd012b0d88608a3f\",\"name\":\"Pulska Svakodnevnica\"}]}<\/script>\n<!-- \/ Yoast SEO plugin. -->","yoast_head_json":{"title":"Na\u010delnik Op\u0107ine Medulin primio Bornu Zohila povodom osvajanja medalja na Svjetskim igrama u Portugalu - Pulska Svakodnevnica","robots":{"index":"index","follow":"follow","max-snippet":"max-snippet:-1","max-image-preview":"max-image-preview:large","max-video-preview":"max-video-preview:-1"},"canonical":"http:\/\/pulskasvakodnevnica.com\/index.php\/2017\/12\/11\/nacelnik-opcine-medulin-primio-bornu-zohila-povodom-osvajanja-medalja-na-svjetskim-igrama-u-portugalu\/","og_locale":"hr_HR","og_type":"article","og_title":"Na\u010delnik Op\u0107ine Medulin primio Bornu Zohila povodom osvajanja medalja na Svjetskim igrama u Portugalu - Pulska Svakodnevnica","og_description":"&nbsp; Na\u010delnik Op\u0107ine Medulin Goran Bui\u0107 primio je stolnotenisa\u010da Bornu Zohila povodom osvajanja \u010dak dvije medalje\u00a0 na Svjetskim igrama osoba","og_url":"http:\/\/pulskasvakodnevnica.com\/index.php\/2017\/12\/11\/nacelnik-opcine-medulin-primio-bornu-zohila-povodom-osvajanja-medalja-na-svjetskim-igrama-u-portugalu\/","og_site_name":"Pulska Svakodnevnica","article_publisher":"https:\/\/www.facebook.com\/PulskaSvakodnevnicaNews","article_published_time":"2017-12-11T18:03:22+00:00","article_modified_time":"2017-12-11T18:06:44+00:00","og_image":[{"width":750,"height":419,"url":"http:\/\/pulskasvakodnevnica.com\/wp-content\/uploads\/2017\/12\/05-4-prijem-Borna-Zohil-1024x644.jpg","type":"image\/jpeg"}],"author":"Pulska Svakodnevnica","twitter_card":"summary_large_image","twitter_misc":{"Napisao\/la":"Pulska Svakodnevnica","Procijenjeno vrijeme \u010ditanja":"2 minute"},"schema":{"@context":"https:\/\/schema.org","@graph":[{"@type":"WebPage","@id":"http:\/\/pulskasvakodnevnica.com\/index.php\/2017\/12\/11\/nacelnik-opcine-medulin-primio-bornu-zohila-povodom-osvajanja-medalja-na-svjetskim-igrama-u-portugalu\/","url":"http:\/\/pulskasvakodnevnica.com\/index.php\/2017\/12\/11\/nacelnik-opcine-medulin-primio-bornu-zohila-povodom-osvajanja-medalja-na-svjetskim-igrama-u-portugalu\/","name":"Na\u010delnik Op\u0107ine Medulin primio Bornu Zohila povodom osvajanja medalja na Svjetskim igrama u Portugalu - Pulska Svakodnevnica","isPartOf":{"@id":"http:\/\/pulskasvakodnevnica.com\/#website"},"datePublished":"2017-12-11T18:03:22+00:00","dateModified":"2017-12-11T18:06:44+00:00","author":{"@id":"http:\/\/pulskasvakodnevnica.com\/#\/schema\/person\/95941daf7dfab0e8fd012b0d88608a3f"},"breadcrumb":{"@id":"http:\/\/pulskasvakodnevnica.com\/index.php\/2017\/12\/11\/nacelnik-opcine-medulin-primio-bornu-zohila-povodom-osvajanja-medalja-na-svjetskim-igrama-u-portugalu\/#breadcrumb"},"inLanguage":"hr","potentialAction":[{"@type":"ReadAction","target":["http:\/\/pulskasvakodnevnica.com\/index.php\/2017\/12\/11\/nacelnik-opcine-medulin-primio-bornu-zohila-povodom-osvajanja-medalja-na-svjetskim-igrama-u-portugalu\/"]}]},{"@type":"BreadcrumbList","@id":"http:\/\/pulskasvakodnevnica.com\/index.php\/2017\/12\/11\/nacelnik-opcine-medulin-primio-bornu-zohila-povodom-osvajanja-medalja-na-svjetskim-igrama-u-portugalu\/#breadcrumb","itemListElement":[{"@type":"ListItem","position":1,"name":"Po\u010detna stranica","item":"http:\/\/pulskasvakodnevnica.com\/"},{"@type":"ListItem","position":2,"name":"Na\u010delnik Op\u0107ine Medulin primio Bornu Zohila povodom osvajanja medalja na Svjetskim igrama u Portugalu"}]},{"@type":"WebSite","@id":"http:\/\/pulskasvakodnevnica.com\/#website","url":"http:\/\/pulskasvakodnevnica.com\/","name":"Pulska Svakodnevnica","description":"Vijesti iz Pule i Istre","potentialAction":[{"@type":"SearchAction","target":{"@type":"EntryPoint","urlTemplate":"http:\/\/pulskasvakodnevnica.com\/?s={search_term_string}"},"query-input":"required name=search_term_string"}],"inLanguage":"hr"},{"@type":"Person","@id":"http:\/\/pulskasvakodnevnica.com\/#\/schema\/person\/95941daf7dfab0e8fd012b0d88608a3f","name":"Pulska Svakodnevnica"}]}},"_links":{"self":[{"href":"http:\/\/pulskasvakodnevnica.com\/index.php\/wp-json\/wp\/v2\/posts\/9991"}],"collection":[{"href":"http:\/\/pulskasvakodnevnica.com\/index.php\/wp-json\/wp\/v2\/posts"}],"about":[{"href":"http:\/\/pulskasvakodnevnica.com\/index.php\/wp-json\/wp\/v2\/types\/post"}],"author":[{"embeddable":true,"href":"http:\/\/pulskasvakodnevnica.com\/index.php\/wp-json\/wp\/v2\/users\/1"}],"replies":[{"embeddable":true,"href":"http:\/\/pulskasvakodnevnica.com\/index.php\/wp-json\/wp\/v2\/comments?post=9991"}],"version-history":[{"count":2,"href":"http:\/\/pulskasvakodnevnica.com\/index.php\/wp-json\/wp\/v2\/posts\/9991\/revisions"}],"predecessor-version":[{"id":9994,"href":"http:\/\/pulskasvakodnevnica.com\/index.php\/wp-json\/wp\/v2\/posts\/9991\/revisions\/9994"}],"wp:featuredmedia":[{"embeddable":true,"href":"http:\/\/pulskasvakodnevnica.com\/index.php\/wp-json\/wp\/v2\/media\/9992"}],"wp:attachment":[{"href":"http:\/\/pulskasvakodnevnica.com\/index.php\/wp-json\/wp\/v2\/media?parent=9991"}],"wp:term":[{"taxonomy":"category","embeddable":true,"href":"http:\/\/pulskasvakodnevnica.com\/index.php\/wp-json\/wp\/v2\/categories?post=9991"},{"taxonomy":"post_tag","embeddable":true,"href":"http:\/\/pulskasvakodnevnica.com\/index.php\/wp-json\/wp\/v2\/tags?post=9991"}],"curies":[{"name":"wp","href":"https:\/\/api.w.org\/{rel}","templated":true}]}}